{"id":9946,"date":"2026-02-10T10:49:09","date_gmt":"2026-02-10T16:49:09","guid":{"rendered":"https:\/\/arjenoticias.com\/?p=9946"},"modified":"2026-02-10T10:49:09","modified_gmt":"2026-02-10T16:49:09","slug":"la-victoria-de-lo-chafa","status":"publish","type":"post","link":"https:\/\/arjenoticias.com.mx\/?p=9946","title":{"rendered":"La victoria de lo chafa"},"content":{"rendered":"\n<p class=\"wp-block-paragraph\">Vivimos en una \u00e9poca psic\u00f3tica. Mientras nuestros discursos pol\u00edticos se saturan de t\u00e9rminos como &#8220;bienestar&#8221;, &#8220;salud mental&#8221; e &#8220;inclusi\u00f3n&#8221;, nuestras ciudades se vuelven cada vez m\u00e1s inh\u00f3spitas. Habitamos en \u201cdepas\u201d como cajas de hormig\u00f3n; consumimos objetos desechables y normalizamos un lenguaje dise\u00f1ado para la agresi\u00f3n, el vicio o el vac\u00edo. Va de la arquitectura a la m\u00fasica. Para el fil\u00f3sofo brit\u00e1nico Roger Scruton, esta fealdad no es un accidente est\u00e9tico ni un ahorro econ\u00f3mico: es una patolog\u00eda de la \u00e9poca, una degradaci\u00f3n del esp\u00edritu.<\/p>\n\n\n\n<p class=\"wp-block-paragraph\">El fil\u00f3sofo Roger Scruton sol\u00eda decir que la belleza es <em>&#8220;La sonrisa de Dios&#8221;.<\/em> Con esta met\u00e1fora, no pretend\u00eda imponer un dogma religioso, sino se\u00f1alar una realidad trascendente: la belleza es la forma en que el orden del universo se vuelve perceptible para nuestros sentidos. Cuando contemplamos una catedral g\u00f3tica o un paisaje armonioso, experimentamos una &#8220;atenci\u00f3n desinteresada&#8221;. Por un momento, dejamos de querer poseer o usar el mundo para simplemente agradecer que existe.<\/p>\n\n\n\n<p class=\"wp-block-paragraph\">Sin embargo, la modernidad ha decidido cerrar esa ventana. Al tratar la belleza como un lujo opcional y no como una necesidad primaria, hemos reducido la existencia humana a un funcionalismo animal de correr por comer, producir y dormir.<\/p>\n\n\n\n<p class=\"wp-block-paragraph\">\u00bfPor qu\u00e9 una sociedad tan avanzada como la nuestra elige deliberadamente lo feo? El pensamiento de Scruton identifica tres fuerzas que convergen en este &#8220;culto a la fealdad&#8221;.<\/p>\n\n\n\n<p class=\"wp-block-paragraph\">El materialismo econ\u00f3mico: Bajo esta l\u00f3gica, si un edificio es eficiente y barato, su apariencia es irrelevante. Se olvida que un entorno feo genera alienaci\u00f3n y tristeza.<\/p>\n\n\n\n<p class=\"wp-block-paragraph\">El relativismo est\u00e9tico: La frase &#8220;la belleza est\u00e1 en el ojo del observador&#8221; se ha convertido en una dictadura. Al negar que existan criterios objetivos de armon\u00eda y proporci\u00f3n, cualquier transgresi\u00f3n vulgar se eleva a la categor\u00eda de arte, dejando al ciudadano com\u00fan sin herramientas para defender su entorno.<\/p>\n\n\n\n<p class=\"wp-block-paragraph\">El igualitarismo resentido: Para ciertos sectores, la belleza es sospechosa porque establece jerarqu\u00edas. Lo bello destaca sobre lo mediocre, y en una cultura que teme la excelencia, destruir la belleza es la forma m\u00e1s r\u00e1pida de nivelar hacia abajo.<\/p>\n\n\n\n<p class=\"wp-block-paragraph\">El resultado es una sociedad m\u00e1s enferma, deprimida y ansiosa. Con un aumento del consumo de ansiol\u00edticos o antidepresivos, hasta llegar al suicidio.<\/p>\n\n\n\n<p class=\"wp-block-paragraph\">Ante este desierto est\u00e9tico, Scruton no propone una nostalgia pasiva, sino una revoluci\u00f3n silenciosa a trav\u00e9s de lo que llamaba &#8220;belleza m\u00ednima&#8221;. No necesitamos grandes presupuestos para resistir al nihilismo; la resistencia empieza en la escala humana.<\/p>\n\n\n\n<p class=\"wp-block-paragraph\">Recuperar la dignidad de nuestro hogar mediante el orden y la luz natural; dignificar nuestro lenguaje huyendo de la vulgaridad gratuita y de moda; y dedicar cinco minutos al d\u00eda a la contemplaci\u00f3n de algo bello sin intenci\u00f3n de consumirlo. Estas no son tareas de decoraci\u00f3n, son actos de higiene espiritual.<\/p>\n\n\n\n<p class=\"wp-block-paragraph\">Hay enormes promociones por dejar de consumir comida chatarra, pero al mismo tiempo se se exalta algo mucho peor porque impacta los sentidos: el consumo de la moda chatarra, la m\u00fasica chatarra, que tambi\u00e9n tiene un impacto en la salud mental.<\/p>\n\n\n\n<p class=\"wp-block-paragraph\">La fealdad no es neutral. Un entorno que niega la belleza est\u00e1 diciendo, impl\u00edcitamente, que la vida no tiene un prop\u00f3sito m\u00e1s all\u00e1 de la materia. Es la forma como triunfa, por ejemplo, la narco cultura, es el triunfo de la mediocridad, el vicio y \u00a1lo chafa! Por el contrario, la b\u00fasqueda de lo bello es una afirmaci\u00f3n de que somos seres espirituales que merecen un hogar digno para vivir y disfrutar en armon\u00eda.<\/p>\n\n\n\n<p class=\"wp-block-paragraph\">Hoy asistimos al bombardeo medi\u00e1tico que sabe de su locura cuando te dice: \u201c<em>bueno no te fijes en la m\u00fasica, no te fijes en la letra\u201d<\/em>. Es decir que traguemos basura a nombre de la \u2018resistencia latina\u2019. Un absurdo.<\/p>\n\n\n\n<p class=\"wp-block-paragraph\">Como sociedad, debemos exigir lo bien hecho, el m\u00e9rito, la armon\u00eda. No es un capricho burgu\u00e9s; es la \u00fanica defensa que nos queda contra el vac\u00edo existencial y la depresi\u00f3n. Si permitimos que el mundo se vuelva un lugar puramente funcional y consumista, terminaremos convirti\u00e9ndonos nosotros mismos en simples engranajes de una m\u00e1quina que ha olvidadola simpleza de sonre\u00edr en lo m\u00e1s profundo de nuestro ser.<\/p>\n","protected":false},"excerpt":{"rendered":"<p>Vivimos en una \u00e9poca psic\u00f3tica. Mientras nuestros discursos pol\u00edticos se saturan de t\u00e9rminos como &#8220;bienestar&#8221;,&#8230;<\/p>\n","protected":false},"author":110,"featured_media":9947,"comment_status":"closed","ping_status":"closed","sticky":false,"template":"","format":"standard","meta":{"footnotes":""},"categories":[12],"tags":[2722],"class_list":["post-9946","post","type-post","status-publish","format-standard","has-post-thumbnail","hentry","category-opinion","tag-un-entorno-que-niega-la-belleza-e"],"yoast_head":"<!-- This site is optimized with the Yoast SEO plugin v28.4 - https:\/\/yoast.com\/product\/yoast-seo-wordpress\/ -->\n<title>La victoria de lo chafa -<\/title>\n<meta name=\"description\" content=\"Mientras nuestros discursos pol\u00edticos se saturan de t\u00e9rminos como &quot;bienestar&quot;, &quot;salud mental&quot; e &quot;inclusi\u00f3n&quot;, nuestras ciudades se vuelven cada vez m\u00e1s inh\u00f3spitas\" \/>\n<meta name=\"robots\" content=\"index, follow, max-snippet:-1, max-image-preview:large, max-video-preview:-1\" \/>\n<link rel=\"canonical\" href=\"https:\/\/arjenoticias.com.mx\/?p=9946\" \/>\n<meta property=\"og:locale\" content=\"es_MX\" \/>\n<meta property=\"og:type\" content=\"article\" \/>\n<meta property=\"og:title\" content=\"La victoria de lo chafa -\" \/>\n<meta property=\"og:description\" content=\"Mientras nuestros discursos pol\u00edticos se saturan de t\u00e9rminos como &quot;bienestar&quot;, &quot;salud mental&quot; e &quot;inclusi\u00f3n&quot;, nuestras ciudades se vuelven cada vez m\u00e1s inh\u00f3spitas\" \/>\n<meta property=\"og:url\" content=\"https:\/\/arjenoticias.com.mx\/?p=9946\" \/>\n<meta property=\"article:published_time\" content=\"2026-02-10T16:49:09+00:00\" \/>\n<meta name=\"author\" content=\"Dar\u00edo Mendoza\" \/>\n<meta name=\"twitter:card\" content=\"summary_large_image\" \/>\n<meta name=\"twitter:label1\" content=\"Escrito por\" \/>\n\t<meta name=\"twitter:data1\" content=\"Dar\u00edo Mendoza\" \/>\n\t<meta name=\"twitter:label2\" content=\"Tiempo de lectura\" \/>\n\t<meta name=\"twitter:data2\" content=\"4 minutos\" \/>\n<script type=\"application\/ld+json\" class=\"yoast-schema-graph\">{\"@context\":\"https:\\\/\\\/schema.org\",\"@graph\":[{\"@type\":\"Article\",\"@id\":\"https:\\\/\\\/arjenoticias.com.mx\\\/?p=9946#article\",\"isPartOf\":{\"@id\":\"https:\\\/\\\/arjenoticias.com.mx\\\/?p=9946\"},\"author\":{\"name\":\"Dar\u00edo Mendoza\",\"@id\":\"https:\\\/\\\/arjenoticias.com.mx\\\/#\\\/schema\\\/person\\\/c4476dc5fce7609a57870e766747cf71\"},\"headline\":\"La victoria de lo chafa\",\"datePublished\":\"2026-02-10T16:49:09+00:00\",\"mainEntityOfPage\":{\"@id\":\"https:\\\/\\\/arjenoticias.com.mx\\\/?p=9946\"},\"wordCount\":742,\"publisher\":{\"@id\":\"https:\\\/\\\/arjenoticias.com.mx\\\/#organization\"},\"image\":{\"@id\":\"https:\\\/\\\/arjenoticias.com.mx\\\/?p=9946#primaryimage\"},\"thumbnailUrl\":\"\",\"keywords\":[\"Un entorno que niega la belleza e\"],\"articleSection\":[\"Opini\u00f3n\"],\"inLanguage\":\"es\"},{\"@type\":\"WebPage\",\"@id\":\"https:\\\/\\\/arjenoticias.com.mx\\\/?p=9946\",\"url\":\"https:\\\/\\\/arjenoticias.com.mx\\\/?p=9946\",\"name\":\"La victoria de lo chafa -\",\"isPartOf\":{\"@id\":\"https:\\\/\\\/arjenoticias.com.mx\\\/#website\"},\"primaryImageOfPage\":{\"@id\":\"https:\\\/\\\/arjenoticias.com.mx\\\/?p=9946#primaryimage\"},\"image\":{\"@id\":\"https:\\\/\\\/arjenoticias.com.mx\\\/?p=9946#primaryimage\"},\"thumbnailUrl\":\"\",\"datePublished\":\"2026-02-10T16:49:09+00:00\",\"description\":\"Mientras nuestros discursos pol\u00edticos se saturan de t\u00e9rminos como \\\"bienestar\\\", \\\"salud mental\\\" e \\\"inclusi\u00f3n\\\", nuestras ciudades se vuelven cada vez m\u00e1s inh\u00f3spitas\",\"breadcrumb\":{\"@id\":\"https:\\\/\\\/arjenoticias.com.mx\\\/?p=9946#breadcrumb\"},\"inLanguage\":\"es\",\"potentialAction\":[{\"@type\":\"ReadAction\",\"target\":[\"https:\\\/\\\/arjenoticias.com.mx\\\/?p=9946\"]}]},{\"@type\":\"ImageObject\",\"inLanguage\":\"es\",\"@id\":\"https:\\\/\\\/arjenoticias.com.mx\\\/?p=9946#primaryimage\",\"url\":\"\",\"contentUrl\":\"\"},{\"@type\":\"BreadcrumbList\",\"@id\":\"https:\\\/\\\/arjenoticias.com.mx\\\/?p=9946#breadcrumb\",\"itemListElement\":[{\"@type\":\"ListItem\",\"position\":1,\"name\":\"Inicio\",\"item\":\"https:\\\/\\\/arjenoticias.com.mx\\\/\"},{\"@type\":\"ListItem\",\"position\":2,\"name\":\"La victoria de lo chafa\"}]},{\"@type\":\"WebSite\",\"@id\":\"https:\\\/\\\/arjenoticias.com.mx\\\/#website\",\"url\":\"https:\\\/\\\/arjenoticias.com.mx\\\/\",\"name\":\"arjenoticias.com.mx\",\"description\":\"\",\"publisher\":{\"@id\":\"https:\\\/\\\/arjenoticias.com.mx\\\/#organization\"},\"potentialAction\":[{\"@type\":\"SearchAction\",\"target\":{\"@type\":\"EntryPoint\",\"urlTemplate\":\"https:\\\/\\\/arjenoticias.com.mx\\\/?s={search_term_string}\"},\"query-input\":{\"@type\":\"PropertyValueSpecification\",\"valueRequired\":true,\"valueName\":\"search_term_string\"}}],\"inLanguage\":\"es\"},{\"@type\":\"Organization\",\"@id\":\"https:\\\/\\\/arjenoticias.com.mx\\\/#organization\",\"name\":\"Arj\u00e9 de M\u00e9xico Noticias\",\"url\":\"https:\\\/\\\/arjenoticias.com.mx\\\/\",\"logo\":{\"@type\":\"ImageObject\",\"inLanguage\":\"es\",\"@id\":\"https:\\\/\\\/arjenoticias.com.mx\\\/#\\\/schema\\\/logo\\\/image\\\/\",\"url\":\"https:\\\/\\\/arjenoticias.com.mx\\\/wp-content\\\/uploads\\\/2025\\\/07\\\/cropped-logo-scaled-1.png\",\"contentUrl\":\"https:\\\/\\\/arjenoticias.com.mx\\\/wp-content\\\/uploads\\\/2025\\\/07\\\/cropped-logo-scaled-1.png\",\"width\":2558,\"height\":558,\"caption\":\"Arj\u00e9 de M\u00e9xico Noticias\"},\"image\":{\"@id\":\"https:\\\/\\\/arjenoticias.com.mx\\\/#\\\/schema\\\/logo\\\/image\\\/\"}},{\"@type\":\"Person\",\"@id\":\"https:\\\/\\\/arjenoticias.com.mx\\\/#\\\/schema\\\/person\\\/c4476dc5fce7609a57870e766747cf71\",\"name\":\"Dar\u00edo Mendoza\",\"image\":{\"@type\":\"ImageObject\",\"inLanguage\":\"es\",\"@id\":\"https:\\\/\\\/secure.gravatar.com\\\/avatar\\\/8c5e77208236ecd5de2f7ba5d685bc38d61a0026a4021594adb1b3353fcf385b?s=96&d=mm&r=g\",\"url\":\"https:\\\/\\\/secure.gravatar.com\\\/avatar\\\/8c5e77208236ecd5de2f7ba5d685bc38d61a0026a4021594adb1b3353fcf385b?s=96&d=mm&r=g\",\"contentUrl\":\"https:\\\/\\\/secure.gravatar.com\\\/avatar\\\/8c5e77208236ecd5de2f7ba5d685bc38d61a0026a4021594adb1b3353fcf385b?s=96&d=mm&r=g\",\"caption\":\"Dar\u00edo Mendoza\"},\"url\":\"https:\\\/\\\/arjenoticias.com.mx\\\/?author=110\"}]}<\/script>\n<!-- \/ Yoast SEO plugin. -->","yoast_head_json":{"title":"La victoria de lo chafa -","description":"Mientras nuestros discursos pol\u00edticos se saturan de t\u00e9rminos como \"bienestar\", \"salud mental\" e \"inclusi\u00f3n\", nuestras ciudades se vuelven cada vez m\u00e1s inh\u00f3spitas","robots":{"index":"index","follow":"follow","max-snippet":"max-snippet:-1","max-image-preview":"max-image-preview:large","max-video-preview":"max-video-preview:-1"},"canonical":"https:\/\/arjenoticias.com.mx\/?p=9946","og_locale":"es_MX","og_type":"article","og_title":"La victoria de lo chafa -","og_description":"Mientras nuestros discursos pol\u00edticos se saturan de t\u00e9rminos como \"bienestar\", \"salud mental\" e \"inclusi\u00f3n\", nuestras ciudades se vuelven cada vez m\u00e1s inh\u00f3spitas","og_url":"https:\/\/arjenoticias.com.mx\/?p=9946","article_published_time":"2026-02-10T16:49:09+00:00","author":"Dar\u00edo Mendoza","twitter_card":"summary_large_image","twitter_misc":{"Escrito por":"Dar\u00edo Mendoza","Tiempo de lectura":"4 minutos"},"schema":{"@context":"https:\/\/schema.org","@graph":[{"@type":"Article","@id":"https:\/\/arjenoticias.com.mx\/?p=9946#article","isPartOf":{"@id":"https:\/\/arjenoticias.com.mx\/?p=9946"},"author":{"name":"Dar\u00edo Mendoza","@id":"https:\/\/arjenoticias.com.mx\/#\/schema\/person\/c4476dc5fce7609a57870e766747cf71"},"headline":"La victoria de lo chafa","datePublished":"2026-02-10T16:49:09+00:00","mainEntityOfPage":{"@id":"https:\/\/arjenoticias.com.mx\/?p=9946"},"wordCount":742,"publisher":{"@id":"https:\/\/arjenoticias.com.mx\/#organization"},"image":{"@id":"https:\/\/arjenoticias.com.mx\/?p=9946#primaryimage"},"thumbnailUrl":"","keywords":["Un entorno que niega la belleza e"],"articleSection":["Opini\u00f3n"],"inLanguage":"es"},{"@type":"WebPage","@id":"https:\/\/arjenoticias.com.mx\/?p=9946","url":"https:\/\/arjenoticias.com.mx\/?p=9946","name":"La victoria de lo chafa -","isPartOf":{"@id":"https:\/\/arjenoticias.com.mx\/#website"},"primaryImageOfPage":{"@id":"https:\/\/arjenoticias.com.mx\/?p=9946#primaryimage"},"image":{"@id":"https:\/\/arjenoticias.com.mx\/?p=9946#primaryimage"},"thumbnailUrl":"","datePublished":"2026-02-10T16:49:09+00:00","description":"Mientras nuestros discursos pol\u00edticos se saturan de t\u00e9rminos como \"bienestar\", \"salud mental\" e \"inclusi\u00f3n\", nuestras ciudades se vuelven cada vez m\u00e1s inh\u00f3spitas","breadcrumb":{"@id":"https:\/\/arjenoticias.com.mx\/?p=9946#breadcrumb"},"inLanguage":"es","potentialAction":[{"@type":"ReadAction","target":["https:\/\/arjenoticias.com.mx\/?p=9946"]}]},{"@type":"ImageObject","inLanguage":"es","@id":"https:\/\/arjenoticias.com.mx\/?p=9946#primaryimage","url":"","contentUrl":""},{"@type":"BreadcrumbList","@id":"https:\/\/arjenoticias.com.mx\/?p=9946#breadcrumb","itemListElement":[{"@type":"ListItem","position":1,"name":"Inicio","item":"https:\/\/arjenoticias.com.mx\/"},{"@type":"ListItem","position":2,"name":"La victoria de lo chafa"}]},{"@type":"WebSite","@id":"https:\/\/arjenoticias.com.mx\/#website","url":"https:\/\/arjenoticias.com.mx\/","name":"arjenoticias.com.mx","description":"","publisher":{"@id":"https:\/\/arjenoticias.com.mx\/#organization"},"potentialAction":[{"@type":"SearchAction","target":{"@type":"EntryPoint","urlTemplate":"https:\/\/arjenoticias.com.mx\/?s={search_term_string}"},"query-input":{"@type":"PropertyValueSpecification","valueRequired":true,"valueName":"search_term_string"}}],"inLanguage":"es"},{"@type":"Organization","@id":"https:\/\/arjenoticias.com.mx\/#organization","name":"Arj\u00e9 de M\u00e9xico Noticias","url":"https:\/\/arjenoticias.com.mx\/","logo":{"@type":"ImageObject","inLanguage":"es","@id":"https:\/\/arjenoticias.com.mx\/#\/schema\/logo\/image\/","url":"https:\/\/arjenoticias.com.mx\/wp-content\/uploads\/2025\/07\/cropped-logo-scaled-1.png","contentUrl":"https:\/\/arjenoticias.com.mx\/wp-content\/uploads\/2025\/07\/cropped-logo-scaled-1.png","width":2558,"height":558,"caption":"Arj\u00e9 de M\u00e9xico Noticias"},"image":{"@id":"https:\/\/arjenoticias.com.mx\/#\/schema\/logo\/image\/"}},{"@type":"Person","@id":"https:\/\/arjenoticias.com.mx\/#\/schema\/person\/c4476dc5fce7609a57870e766747cf71","name":"Dar\u00edo Mendoza","image":{"@type":"ImageObject","inLanguage":"es","@id":"https:\/\/secure.gravatar.com\/avatar\/8c5e77208236ecd5de2f7ba5d685bc38d61a0026a4021594adb1b3353fcf385b?s=96&d=mm&r=g","url":"https:\/\/secure.gravatar.com\/avatar\/8c5e77208236ecd5de2f7ba5d685bc38d61a0026a4021594adb1b3353fcf385b?s=96&d=mm&r=g","contentUrl":"https:\/\/secure.gravatar.com\/avatar\/8c5e77208236ecd5de2f7ba5d685bc38d61a0026a4021594adb1b3353fcf385b?s=96&d=mm&r=g","caption":"Dar\u00edo Mendoza"},"url":"https:\/\/arjenoticias.com.mx\/?author=110"}]}},"_links":{"self":[{"href":"https:\/\/arjenoticias.com.mx\/index.php?rest_route=\/wp\/v2\/posts\/9946","targetHints":{"allow":["GET"]}}],"collection":[{"href":"https:\/\/arjenoticias.com.mx\/index.php?rest_route=\/wp\/v2\/posts"}],"about":[{"href":"https:\/\/arjenoticias.com.mx\/index.php?rest_route=\/wp\/v2\/types\/post"}],"author":[{"embeddable":true,"href":"https:\/\/arjenoticias.com.mx\/index.php?rest_route=\/wp\/v2\/users\/110"}],"replies":[{"embeddable":true,"href":"https:\/\/arjenoticias.com.mx\/index.php?rest_route=%2Fwp%2Fv2%2Fcomments&post=9946"}],"version-history":[{"count":0,"href":"https:\/\/arjenoticias.com.mx\/index.php?rest_route=\/wp\/v2\/posts\/9946\/revisions"}],"wp:attachment":[{"href":"https:\/\/arjenoticias.com.mx\/index.php?rest_route=%2Fwp%2Fv2%2Fmedia&parent=9946"}],"wp:term":[{"taxonomy":"category","embeddable":true,"href":"https:\/\/arjenoticias.com.mx\/index.php?rest_route=%2Fwp%2Fv2%2Fcategories&post=9946"},{"taxonomy":"post_tag","embeddable":true,"href":"https:\/\/arjenoticias.com.mx\/index.php?rest_route=%2Fwp%2Fv2%2Ftags&post=9946"}],"curies":[{"name":"wp","href":"https:\/\/api.w.org\/{rel}","templated":true}]}}