{"id":9943,"date":"2026-02-10T10:38:08","date_gmt":"2026-02-10T16:38:08","guid":{"rendered":"https:\/\/arjenoticias.com\/?p=9943"},"modified":"2026-02-10T10:38:08","modified_gmt":"2026-02-10T16:38:08","slug":"el-sarampion-la-fabula-de-pedro-y-el-lobo","status":"publish","type":"post","link":"https:\/\/arjenoticias.com.mx\/?p=9943","title":{"rendered":"&#8220;El Sarampi\u00f3n, la F\u00e1bula de Pedro y el Lobo&#8221;"},"content":{"rendered":"\n<p class=\"wp-block-paragraph\">Durante a\u00f1os, advertir del riesgo del sarampi\u00f3n sonaba para muchos a exageraci\u00f3n: \u201cya no hay sarampi\u00f3n\u201d, \u201ceso es cosa del pasado\u201d, \u201cM\u00e9xico est\u00e1 certificado como libre de transmisi\u00f3n end\u00e9mica\u201d. Como en la f\u00e1bula, el pastor que gritaba \u201cah\u00ed viene el lobo\u201d fue visto con escepticismo, incluso con desd\u00e9n pol\u00edtico, a pesar de los datos duros de ca\u00edda en coberturas, brotes importados y alertas internacionales.<\/p>\n\n\n\n<p class=\"wp-block-paragraph\">Sin embargo, el lobo nunca dej\u00f3 de rondar: en 2020, con m\u00e1s de 100 casos concentrados en Ciudad de M\u00e9xico y Estado de M\u00e9xico, ya ten\u00edamos la primera se\u00f1al seria de que la inmunidad colectiva se estaba resquebrajando y que la puerta de entrada eran precisamente las zonas con mayor densidad poblacional y movilidad. Aquella proposici\u00f3n para garantizar abasto de vacuna doble y triple viral, particularmente en Ciudad de M\u00e9xico y Estado de M\u00e9xico, no fue un capricho opositor, sino un intento de cerrar el port\u00f3n antes de que el lobo se metiera al corral.<\/p>\n\n\n\n<p class=\"wp-block-paragraph\">De Chihuahua y Chiapas a Jalisco y el Valle de M\u00e9xico. El brote de 2025 tuvo su epicentro en comunidades con baja vacunaci\u00f3n en Chihuahua, pero desde entonces era evidente que, si no se recuperaban coberturas homog\u00e9neas arriba de 95% y no se actuaba con transparencia y rapidez, el virus terminar\u00eda instal\u00e1ndose en grandes ciudades. As\u00ed se plante\u00f3 en la proposici\u00f3n con punto de acuerdo presentada en julio de 2025, donde se documentaron 2,597 casos confirmados y 9 defunciones, el riesgo de perder la certificaci\u00f3n de pa\u00eds libre de sarampi\u00f3n end\u00e9mico y la ca\u00edda de la vacunaci\u00f3n infantil de 84.6% en 2020 a 71.8% en 2023, seg\u00fan INEGI.<\/p>\n\n\n\n<p class=\"wp-block-paragraph\">Cuando a finales de 2025 document\u00e9 en \u201cSarampi\u00f3n en Chiapas, \u00bfexhorto o alarma?\u201d que la medida de suspender eventos masivos en la entidad llegaba tarde, M\u00e9xico acumulaba ya miles de casos y m\u00e1s de veinte defunciones, despu\u00e9s de casi un a\u00f1o de circulaci\u00f3n activa del virus. Ese texto no s\u00f3lo advert\u00eda sobre Chiapas: pon\u00eda sobre la mesa la pregunta inc\u00f3moda de por qu\u00e9 no se implementaron restricciones preventivas y campa\u00f1as agresivas de vacunaci\u00f3n en estados de alta movilidad \u2013como Jalisco, Ciudad de M\u00e9xico y el Estado de M\u00e9xico\u2013 desde los primeros meses del brote.<\/p>\n\n\n\n<p class=\"wp-block-paragraph\">Hoy Jalisco es el epicentro nacional, con m\u00e1s de mil casos acumulados en pocas semanas de 2026, y con transmisi\u00f3n intensa en el \u00c1rea Metropolitana de Guadalajara. La Ciudad de M\u00e9xico y el Estado de M\u00e9xico, que ya hab\u00edan sido escenario de brotes en 2020, vuelven a aparecer entre las entidades con m\u00e1s contagios, confirmando la l\u00f3gica epidemiol\u00f3gica que advertimos desde los primeros avisos: donde hay m\u00e1s gente, m\u00e1s movilidad y menos vacunaci\u00f3n efectiva, el sarampi\u00f3n encontrar\u00e1 terreno f\u00e9rtil.<\/p>\n\n\n\n<p class=\"wp-block-paragraph\">Lo que sab\u00edamos y decidimos ignorar. No se puede decir que nos tom\u00f3 por sorpresa.&nbsp;Desde 2019 se\u00f1al\u00e9 tres evidencias contundentes: el impacto de brotes en pa\u00edses vecinos como Venezuela, la \u201cvacunaci\u00f3n vacilante\u201d&nbsp;a nivel mundial y la brusca ca\u00edda de coberturas reales por debajo del umbral de protecci\u00f3n comunitaria. Estudios independientes estimaban que, lejos de la cobertura oficial de 90%, en algunos grupos de menores de un a\u00f1o apenas&nbsp;alcanz\u00e1bamos 60%, una cifra peligrosa para una enfermedad que puede contagiar a 9 de cada 10 personas susceptibles en su entorno.<\/p>\n\n\n\n<p class=\"wp-block-paragraph\">En 2020 y 2025, desde la C\u00e1mara de Diputados, se presentaron puntos de acuerdo que ped\u00edan lo m\u00ednimo indispensable: garantizar el abasto de vacunas doble y triple viral, reforzar la vigilancia epidemiol\u00f3gica, activar equipos de respuesta r\u00e1pida y transparentar la informaci\u00f3n del brote y del llamado Plan Nacional de Respuesta R\u00e1pida. La respuesta fue tard\u00eda, opaca y fragmentada: se anunciaron millones de dosis adquiridas y aplicadas, pero sin metas claras, sin indicadores p\u00fablicos de impacto y sin una verdadera estrategia territorial para cerrar brechas en zonas rurales, ind\u00edgenas y cinturones urbanos de pobreza.<\/p>\n\n\n\n<p class=\"wp-block-paragraph\">Mientras tanto, el virus sigui\u00f3 su curso. El an\u00e1lisis gen\u00e9tico del brote mostr\u00f3 la circulaci\u00f3n predominante del genotipo D8 \u2013linaje MVs\/Ontario.CAN47.24\u2013 compartido con Canad\u00e1, Estados Unidos y pa\u00edses de Centro y Sudam\u00e9rica, as\u00ed como la identificaci\u00f3n del genotipo B3 ligado a un caso importado de Asia. Esa informaci\u00f3n, generada por el InDRE, confirmaba un brote multinacional y la necesidad de coordinaci\u00f3n regional, pero tambi\u00e9n subrayaba una realidad inc\u00f3moda: el sarampi\u00f3n encontr\u00f3 en nuestras coberturas incompletas el combustible perfecto para convertirse en una epidemia prolongada.<\/p>\n\n\n\n<p class=\"wp-block-paragraph\">La moraleja de la f\u00e1bula no es que no debamos alarmar, sino que la alarma pierde sentido cuando se convierte en ruido sin mecanismos de respuesta. Durante a\u00f1os, las advertencias sobre sarampi\u00f3n fueron le\u00eddas como discurso pol\u00edtico, no como lo que eran: alertas t\u00e9cnicas sustentadas en datos epidemiol\u00f3gicos, obligaciones constitucionales y compromisos internacionales en materia de salud.<\/p>\n\n\n\n<p class=\"wp-block-paragraph\">Hoy que el lobo est\u00e1 dentro del corral en Jalisco, la Ciudad de M\u00e9xico y el Estado de M\u00e9xico, conviene extraer algunas lecciones que ya no admiten postergaci\u00f3n:&nbsp;<\/p>\n\n\n\n<p class=\"wp-block-paragraph\">\u2022 Reconstruir el Programa de Vacunaci\u00f3n Universal -cartilla digital incluida- con enfoque territorial, priorizando municipios con coberturas bajas y altas densidades poblacionales, no s\u00f3lo metas nacionales promedio.&nbsp;<\/p>\n\n\n\n<p class=\"wp-block-paragraph\">\u2022 Recuperar y sostener coberturas superiores a 95% con esquemas completos de SRP y SR, incluyendo estrategias extramuros, horarios extendidos y campa\u00f1as espec\u00edficas para adolescentes y adultos j\u00f3venes que quedaron fuera de las cohortes cl\u00e1sicas de vacunaci\u00f3n.&nbsp;<\/p>\n\n\n\n<ul class=\"wp-block-list\">\n<li>\u2022 Transparentar diariamente los datos del brote \u2013casos, defunciones, municipios afectados, cobertura de vacunaci\u00f3n por grupo de edad\u2013 en formatos abiertos, para reconstruir confianza y permitir el escrutinio p\u00fablico y acad\u00e9mico.<\/li>\n\n\n\n<li>\u00a0\u2022 Blindar presupuestalmente las vacunas y la vigilancia epidemiol\u00f3gica frente a ciclos pol\u00edticos y recortes discrecionales, entendiendo que cada punto porcentual perdido en cobertura hoy se traduce en hospitalizaciones y muertes ma\u00f1ana.<\/li>\n<\/ul>\n\n\n\n<p class=\"wp-block-paragraph\">En mi columna \u201cSarampi\u00f3n en Chiapas, \u00bfexhorto o alarma?\u201d lo dije con claridad: el brote de 2025 no era una fatalidad inevitable, sino el resultado predecible de dos d\u00e9cadas de subinversi\u00f3n y descoordinaci\u00f3n. Lo que hoy ocurre en Jalisco y en el Valle de M\u00e9xico confirma que, cuando las pol\u00edticas p\u00fablicas ignoran la evidencia, la realidad termina imponi\u00e9ndose de la forma m\u00e1s dolorosa posible.<\/p>\n\n\n\n<p class=\"wp-block-paragraph\">Cerrar la puerta al pr\u00f3ximo lobo. Esta epidemia a\u00fan puede controlarse, pero el margen de maniobra se reduce cada d\u00eda que pasa. M\u00e9xico est\u00e1 bajo la lupa internacional y enfrenta la posibilidad real de perder el estatus de pa\u00eds libre de sarampi\u00f3n end\u00e9mico si no logra cortar la transmisi\u00f3n en los pr\u00f3ximos meses. El costo de fracasar no s\u00f3lo se medir\u00e1 en vidas, sino en la credibilidad de todo el andamiaje institucional de salud p\u00fablica construido en las \u00faltimas d\u00e9cadas.<\/p>\n\n\n\n<p class=\"wp-block-paragraph\">La \u00fanica forma de que esta f\u00e1bula no termine en tragedia permanente es que, una vez que el lobo se ha hecho visible en Jalisco, Ciudad de M\u00e9xico y Estado de M\u00e9xico, actuemos como pa\u00eds con la misma seriedad con la que se responde a un sismo o a un hurac\u00e1n: con datos abiertos, liderazgo t\u00e9cnico, coordinaci\u00f3n intergubernamental y una campa\u00f1a masiva de vacunaci\u00f3n que llegue, de verdad, a quienes m\u00e1s la necesitan. Si algo nos ense\u00f1a el sarampi\u00f3n es que, en salud p\u00fablica, las alarmas no son un lujo ret\u00f3rico, sino el \u00faltimo aviso antes de que el lobo cruce la puerta.<\/p>\n\n\n\n<p class=\"wp-block-paragraph\">Referencias:&nbsp;<\/p>\n\n\n\n<p class=\"wp-block-paragraph\">[1] 2019. Vacunaci\u00f3n en Peligro. En: https:\/\/bit.ly\/4ahrElb p\u00e1ginas 53-54&nbsp;<\/p>\n\n\n\n<p class=\"wp-block-paragraph\">[2] 2019. !Alerta! Sarampi\u00f3n. En: https:\/\/bit.ly\/4ahrElb p\u00e1ginas 71-72&nbsp;<\/p>\n\n\n\n<p class=\"wp-block-paragraph\">[3] 2020. Exhorto al Gobierno Federal para detener el deterioro en vacunaci\u00f3n. En: https:\/\/bit.ly\/4kp9nXP&nbsp;<\/p>\n\n\n\n<p class=\"wp-block-paragraph\">[4] 2025. Exhorto al Gobierno Federal informar y vacunar contra el Sarampi\u00f3n. En: https:\/\/bit.ly\/4a6tXZx&nbsp;<\/p>\n\n\n\n<p class=\"wp-block-paragraph\">[5] 2025. El Economista. Sarampi\u00f3n en Chiapas \u00bfExhorto o alarma?: En: https:\/\/bit.ly\/4reyaAI<\/p>\n","protected":false},"excerpt":{"rendered":"<p>Durante a\u00f1os, advertir del riesgo del sarampi\u00f3n sonaba para muchos a exageraci\u00f3n: \u201cya no hay&#8230;<\/p>\n","protected":false},"author":82,"featured_media":9944,"comment_status":"closed","ping_status":"closed","sticky":false,"template":"","format":"standard","meta":{"footnotes":""},"categories":[14],"tags":[1206],"class_list":["post-9943","post","type-post","status-publish","format-standard","has-post-thumbnail","hentry","category-salud","tag-hoy-jalisco-es-el-epicentro-nacional"],"yoast_head":"<!-- This site is optimized with the Yoast SEO plugin v28.4 - https:\/\/yoast.com\/product\/yoast-seo-wordpress\/ -->\n<title>&quot;El Sarampi\u00f3n, la F\u00e1bula de Pedro y el Lobo&quot; -<\/title>\n<meta name=\"description\" content=\"Hoy Jalisco es el epicentro nacional, con m\u00e1s de mil casos acumulados en pocas semanas\" \/>\n<meta name=\"robots\" content=\"index, follow, max-snippet:-1, max-image-preview:large, max-video-preview:-1\" \/>\n<link rel=\"canonical\" href=\"https:\/\/arjenoticias.com.mx\/?p=9943\" \/>\n<meta property=\"og:locale\" content=\"es_MX\" \/>\n<meta property=\"og:type\" content=\"article\" \/>\n<meta property=\"og:title\" content=\"&quot;El Sarampi\u00f3n, la F\u00e1bula de Pedro y el Lobo&quot; -\" \/>\n<meta property=\"og:description\" content=\"Hoy Jalisco es el epicentro nacional, con m\u00e1s de mil casos acumulados en pocas semanas\" \/>\n<meta property=\"og:url\" content=\"https:\/\/arjenoticias.com.mx\/?p=9943\" \/>\n<meta property=\"article:published_time\" content=\"2026-02-10T16:38:08+00:00\" \/>\n<meta name=\"author\" content=\"\u00c9ctor Jaime Ram\u00edrez Barba\" \/>\n<meta name=\"twitter:card\" content=\"summary_large_image\" \/>\n<meta name=\"twitter:label1\" content=\"Escrito por\" \/>\n\t<meta name=\"twitter:data1\" content=\"\u00c9ctor Jaime Ram\u00edrez Barba\" \/>\n\t<meta name=\"twitter:label2\" content=\"Tiempo de lectura\" \/>\n\t<meta name=\"twitter:data2\" content=\"6 minutos\" \/>\n<script type=\"application\/ld+json\" class=\"yoast-schema-graph\">{\"@context\":\"https:\\\/\\\/schema.org\",\"@graph\":[{\"@type\":\"Article\",\"@id\":\"https:\\\/\\\/arjenoticias.com.mx\\\/?p=9943#article\",\"isPartOf\":{\"@id\":\"https:\\\/\\\/arjenoticias.com.mx\\\/?p=9943\"},\"author\":{\"name\":\"\u00c9ctor Jaime Ram\u00edrez Barba\",\"@id\":\"https:\\\/\\\/arjenoticias.com.mx\\\/#\\\/schema\\\/person\\\/f5b5959b9ff21ef2898206bff32b3ada\"},\"headline\":\"&#8220;El Sarampi\u00f3n, la F\u00e1bula de Pedro y el Lobo&#8221;\",\"datePublished\":\"2026-02-10T16:38:08+00:00\",\"mainEntityOfPage\":{\"@id\":\"https:\\\/\\\/arjenoticias.com.mx\\\/?p=9943\"},\"wordCount\":1383,\"publisher\":{\"@id\":\"https:\\\/\\\/arjenoticias.com.mx\\\/#organization\"},\"image\":{\"@id\":\"https:\\\/\\\/arjenoticias.com.mx\\\/?p=9943#primaryimage\"},\"thumbnailUrl\":\"\",\"keywords\":[\"Hoy Jalisco es el epicentro nacional\"],\"articleSection\":[\"Salud\"],\"inLanguage\":\"es\"},{\"@type\":\"WebPage\",\"@id\":\"https:\\\/\\\/arjenoticias.com.mx\\\/?p=9943\",\"url\":\"https:\\\/\\\/arjenoticias.com.mx\\\/?p=9943\",\"name\":\"\\\"El Sarampi\u00f3n, la F\u00e1bula de Pedro y el Lobo\\\" -\",\"isPartOf\":{\"@id\":\"https:\\\/\\\/arjenoticias.com.mx\\\/#website\"},\"primaryImageOfPage\":{\"@id\":\"https:\\\/\\\/arjenoticias.com.mx\\\/?p=9943#primaryimage\"},\"image\":{\"@id\":\"https:\\\/\\\/arjenoticias.com.mx\\\/?p=9943#primaryimage\"},\"thumbnailUrl\":\"\",\"datePublished\":\"2026-02-10T16:38:08+00:00\",\"description\":\"Hoy Jalisco es el epicentro nacional, con m\u00e1s de mil casos acumulados en pocas semanas\",\"breadcrumb\":{\"@id\":\"https:\\\/\\\/arjenoticias.com.mx\\\/?p=9943#breadcrumb\"},\"inLanguage\":\"es\",\"potentialAction\":[{\"@type\":\"ReadAction\",\"target\":[\"https:\\\/\\\/arjenoticias.com.mx\\\/?p=9943\"]}]},{\"@type\":\"ImageObject\",\"inLanguage\":\"es\",\"@id\":\"https:\\\/\\\/arjenoticias.com.mx\\\/?p=9943#primaryimage\",\"url\":\"\",\"contentUrl\":\"\"},{\"@type\":\"BreadcrumbList\",\"@id\":\"https:\\\/\\\/arjenoticias.com.mx\\\/?p=9943#breadcrumb\",\"itemListElement\":[{\"@type\":\"ListItem\",\"position\":1,\"name\":\"Inicio\",\"item\":\"https:\\\/\\\/arjenoticias.com.mx\\\/\"},{\"@type\":\"ListItem\",\"position\":2,\"name\":\"&#8220;El Sarampi\u00f3n, la F\u00e1bula de Pedro y el Lobo&#8221;\"}]},{\"@type\":\"WebSite\",\"@id\":\"https:\\\/\\\/arjenoticias.com.mx\\\/#website\",\"url\":\"https:\\\/\\\/arjenoticias.com.mx\\\/\",\"name\":\"arjenoticias.com.mx\",\"description\":\"\",\"publisher\":{\"@id\":\"https:\\\/\\\/arjenoticias.com.mx\\\/#organization\"},\"potentialAction\":[{\"@type\":\"SearchAction\",\"target\":{\"@type\":\"EntryPoint\",\"urlTemplate\":\"https:\\\/\\\/arjenoticias.com.mx\\\/?s={search_term_string}\"},\"query-input\":{\"@type\":\"PropertyValueSpecification\",\"valueRequired\":true,\"valueName\":\"search_term_string\"}}],\"inLanguage\":\"es\"},{\"@type\":\"Organization\",\"@id\":\"https:\\\/\\\/arjenoticias.com.mx\\\/#organization\",\"name\":\"Arj\u00e9 de M\u00e9xico Noticias\",\"url\":\"https:\\\/\\\/arjenoticias.com.mx\\\/\",\"logo\":{\"@type\":\"ImageObject\",\"inLanguage\":\"es\",\"@id\":\"https:\\\/\\\/arjenoticias.com.mx\\\/#\\\/schema\\\/logo\\\/image\\\/\",\"url\":\"https:\\\/\\\/arjenoticias.com.mx\\\/wp-content\\\/uploads\\\/2025\\\/07\\\/cropped-logo-scaled-1.png\",\"contentUrl\":\"https:\\\/\\\/arjenoticias.com.mx\\\/wp-content\\\/uploads\\\/2025\\\/07\\\/cropped-logo-scaled-1.png\",\"width\":2558,\"height\":558,\"caption\":\"Arj\u00e9 de M\u00e9xico Noticias\"},\"image\":{\"@id\":\"https:\\\/\\\/arjenoticias.com.mx\\\/#\\\/schema\\\/logo\\\/image\\\/\"}},{\"@type\":\"Person\",\"@id\":\"https:\\\/\\\/arjenoticias.com.mx\\\/#\\\/schema\\\/person\\\/f5b5959b9ff21ef2898206bff32b3ada\",\"name\":\"\u00c9ctor Jaime Ram\u00edrez Barba\",\"image\":{\"@type\":\"ImageObject\",\"inLanguage\":\"es\",\"@id\":\"https:\\\/\\\/secure.gravatar.com\\\/avatar\\\/65b1d1a969019200bb5e053668c2c2ed6da28a39bdd212471195336215b64c5e?s=96&d=mm&r=g\",\"url\":\"https:\\\/\\\/secure.gravatar.com\\\/avatar\\\/65b1d1a969019200bb5e053668c2c2ed6da28a39bdd212471195336215b64c5e?s=96&d=mm&r=g\",\"contentUrl\":\"https:\\\/\\\/secure.gravatar.com\\\/avatar\\\/65b1d1a969019200bb5e053668c2c2ed6da28a39bdd212471195336215b64c5e?s=96&d=mm&r=g\",\"caption\":\"\u00c9ctor Jaime Ram\u00edrez Barba\"},\"url\":\"https:\\\/\\\/arjenoticias.com.mx\\\/?author=82\"}]}<\/script>\n<!-- \/ Yoast SEO plugin. -->","yoast_head_json":{"title":"\"El Sarampi\u00f3n, la F\u00e1bula de Pedro y el Lobo\" -","description":"Hoy Jalisco es el epicentro nacional, con m\u00e1s de mil casos acumulados en pocas semanas","robots":{"index":"index","follow":"follow","max-snippet":"max-snippet:-1","max-image-preview":"max-image-preview:large","max-video-preview":"max-video-preview:-1"},"canonical":"https:\/\/arjenoticias.com.mx\/?p=9943","og_locale":"es_MX","og_type":"article","og_title":"\"El Sarampi\u00f3n, la F\u00e1bula de Pedro y el Lobo\" -","og_description":"Hoy Jalisco es el epicentro nacional, con m\u00e1s de mil casos acumulados en pocas semanas","og_url":"https:\/\/arjenoticias.com.mx\/?p=9943","article_published_time":"2026-02-10T16:38:08+00:00","author":"\u00c9ctor Jaime Ram\u00edrez Barba","twitter_card":"summary_large_image","twitter_misc":{"Escrito por":"\u00c9ctor Jaime Ram\u00edrez Barba","Tiempo de lectura":"6 minutos"},"schema":{"@context":"https:\/\/schema.org","@graph":[{"@type":"Article","@id":"https:\/\/arjenoticias.com.mx\/?p=9943#article","isPartOf":{"@id":"https:\/\/arjenoticias.com.mx\/?p=9943"},"author":{"name":"\u00c9ctor Jaime Ram\u00edrez Barba","@id":"https:\/\/arjenoticias.com.mx\/#\/schema\/person\/f5b5959b9ff21ef2898206bff32b3ada"},"headline":"&#8220;El Sarampi\u00f3n, la F\u00e1bula de Pedro y el Lobo&#8221;","datePublished":"2026-02-10T16:38:08+00:00","mainEntityOfPage":{"@id":"https:\/\/arjenoticias.com.mx\/?p=9943"},"wordCount":1383,"publisher":{"@id":"https:\/\/arjenoticias.com.mx\/#organization"},"image":{"@id":"https:\/\/arjenoticias.com.mx\/?p=9943#primaryimage"},"thumbnailUrl":"","keywords":["Hoy Jalisco es el epicentro nacional"],"articleSection":["Salud"],"inLanguage":"es"},{"@type":"WebPage","@id":"https:\/\/arjenoticias.com.mx\/?p=9943","url":"https:\/\/arjenoticias.com.mx\/?p=9943","name":"\"El Sarampi\u00f3n, la F\u00e1bula de Pedro y el Lobo\" -","isPartOf":{"@id":"https:\/\/arjenoticias.com.mx\/#website"},"primaryImageOfPage":{"@id":"https:\/\/arjenoticias.com.mx\/?p=9943#primaryimage"},"image":{"@id":"https:\/\/arjenoticias.com.mx\/?p=9943#primaryimage"},"thumbnailUrl":"","datePublished":"2026-02-10T16:38:08+00:00","description":"Hoy Jalisco es el epicentro nacional, con m\u00e1s de mil casos acumulados en pocas semanas","breadcrumb":{"@id":"https:\/\/arjenoticias.com.mx\/?p=9943#breadcrumb"},"inLanguage":"es","potentialAction":[{"@type":"ReadAction","target":["https:\/\/arjenoticias.com.mx\/?p=9943"]}]},{"@type":"ImageObject","inLanguage":"es","@id":"https:\/\/arjenoticias.com.mx\/?p=9943#primaryimage","url":"","contentUrl":""},{"@type":"BreadcrumbList","@id":"https:\/\/arjenoticias.com.mx\/?p=9943#breadcrumb","itemListElement":[{"@type":"ListItem","position":1,"name":"Inicio","item":"https:\/\/arjenoticias.com.mx\/"},{"@type":"ListItem","position":2,"name":"&#8220;El Sarampi\u00f3n, la F\u00e1bula de Pedro y el Lobo&#8221;"}]},{"@type":"WebSite","@id":"https:\/\/arjenoticias.com.mx\/#website","url":"https:\/\/arjenoticias.com.mx\/","name":"arjenoticias.com.mx","description":"","publisher":{"@id":"https:\/\/arjenoticias.com.mx\/#organization"},"potentialAction":[{"@type":"SearchAction","target":{"@type":"EntryPoint","urlTemplate":"https:\/\/arjenoticias.com.mx\/?s={search_term_string}"},"query-input":{"@type":"PropertyValueSpecification","valueRequired":true,"valueName":"search_term_string"}}],"inLanguage":"es"},{"@type":"Organization","@id":"https:\/\/arjenoticias.com.mx\/#organization","name":"Arj\u00e9 de M\u00e9xico Noticias","url":"https:\/\/arjenoticias.com.mx\/","logo":{"@type":"ImageObject","inLanguage":"es","@id":"https:\/\/arjenoticias.com.mx\/#\/schema\/logo\/image\/","url":"https:\/\/arjenoticias.com.mx\/wp-content\/uploads\/2025\/07\/cropped-logo-scaled-1.png","contentUrl":"https:\/\/arjenoticias.com.mx\/wp-content\/uploads\/2025\/07\/cropped-logo-scaled-1.png","width":2558,"height":558,"caption":"Arj\u00e9 de M\u00e9xico Noticias"},"image":{"@id":"https:\/\/arjenoticias.com.mx\/#\/schema\/logo\/image\/"}},{"@type":"Person","@id":"https:\/\/arjenoticias.com.mx\/#\/schema\/person\/f5b5959b9ff21ef2898206bff32b3ada","name":"\u00c9ctor Jaime Ram\u00edrez Barba","image":{"@type":"ImageObject","inLanguage":"es","@id":"https:\/\/secure.gravatar.com\/avatar\/65b1d1a969019200bb5e053668c2c2ed6da28a39bdd212471195336215b64c5e?s=96&d=mm&r=g","url":"https:\/\/secure.gravatar.com\/avatar\/65b1d1a969019200bb5e053668c2c2ed6da28a39bdd212471195336215b64c5e?s=96&d=mm&r=g","contentUrl":"https:\/\/secure.gravatar.com\/avatar\/65b1d1a969019200bb5e053668c2c2ed6da28a39bdd212471195336215b64c5e?s=96&d=mm&r=g","caption":"\u00c9ctor Jaime Ram\u00edrez Barba"},"url":"https:\/\/arjenoticias.com.mx\/?author=82"}]}},"_links":{"self":[{"href":"https:\/\/arjenoticias.com.mx\/index.php?rest_route=\/wp\/v2\/posts\/9943","targetHints":{"allow":["GET"]}}],"collection":[{"href":"https:\/\/arjenoticias.com.mx\/index.php?rest_route=\/wp\/v2\/posts"}],"about":[{"href":"https:\/\/arjenoticias.com.mx\/index.php?rest_route=\/wp\/v2\/types\/post"}],"author":[{"embeddable":true,"href":"https:\/\/arjenoticias.com.mx\/index.php?rest_route=\/wp\/v2\/users\/82"}],"replies":[{"embeddable":true,"href":"https:\/\/arjenoticias.com.mx\/index.php?rest_route=%2Fwp%2Fv2%2Fcomments&post=9943"}],"version-history":[{"count":0,"href":"https:\/\/arjenoticias.com.mx\/index.php?rest_route=\/wp\/v2\/posts\/9943\/revisions"}],"wp:attachment":[{"href":"https:\/\/arjenoticias.com.mx\/index.php?rest_route=%2Fwp%2Fv2%2Fmedia&parent=9943"}],"wp:term":[{"taxonomy":"category","embeddable":true,"href":"https:\/\/arjenoticias.com.mx\/index.php?rest_route=%2Fwp%2Fv2%2Fcategories&post=9943"},{"taxonomy":"post_tag","embeddable":true,"href":"https:\/\/arjenoticias.com.mx\/index.php?rest_route=%2Fwp%2Fv2%2Ftags&post=9943"}],"curies":[{"name":"wp","href":"https:\/\/api.w.org\/{rel}","templated":true}]}}