{"id":9872,"date":"2026-02-09T10:12:52","date_gmt":"2026-02-09T16:12:52","guid":{"rendered":"https:\/\/arjenoticias.com\/?p=9872"},"modified":"2026-02-09T10:12:53","modified_gmt":"2026-02-09T16:12:53","slug":"frente-al-colapso-la-rebeldia-la-utopia","status":"publish","type":"post","link":"https:\/\/arjenoticias.com.mx\/lo-mas-relevante\/frente-al-colapso-la-rebeldia-la-utopia\/","title":{"rendered":"Frente al colapso, la rebeld\u00eda: la utop\u00eda"},"content":{"rendered":"\n<h2 class=\"wp-block-heading\">La polarizaci\u00f3n extrema genera tensiones sociales que amenazan la estabilidad internacional, alimentan la migraci\u00f3n forzada y, finalmente, terminan socavando al propio sistema que las produce.<\/h2>\n\n\n\n<p class=\"wp-block-paragraph\">Recientemente, Carmen Aristegui entrevist\u00f3 al prestigiado jurista italiano Luigi Ferrajoli, quien lanz\u00f3 una advertencia tan inquietante como urgente: la humanidad podr\u00eda estar acerc\u00e1ndose al l\u00edmite de su propia supervivencia.<\/p>\n\n\n\n<p class=\"wp-block-paragraph\">Hemos avanzado de manera exponencial en el terreno tecnol\u00f3gico, pero no as\u00ed en la construcci\u00f3n de un sistema jur\u00eddico, social y pol\u00edtico capaz de garantizar la continuidad de la especie humana.<\/p>\n\n\n\n<p class=\"wp-block-paragraph\">Ferrajoli no propone sustituir a las Naciones Unidas, instituci\u00f3n que hoy muestra signos decadentes apenas 80 a\u00f1os despu\u00e9s de su constituci\u00f3n, cuando se busc\u00f3 edificar un orden internacional razonable que desterrara la fuerza como mecanismo para resolver conflictos.<\/p>\n\n\n\n<p class=\"wp-block-paragraph\">Sin embargo, ese orden internacional se encuentra hoy en franca decadencia y, con \u00e9l, la estabilidad global.<\/p>\n\n\n\n<p class=\"wp-block-paragraph\">El jurista italiano reconoce que su planteamiento puede sonar ut\u00f3pico, pero advierte que la alternativa es el desastre.<\/p>\n\n\n\n<p class=\"wp-block-paragraph\">Su propuesta consiste en avanzar hacia un derecho de corte federalista, un aut\u00e9ntico Estado de derecho global en el que la mayor\u00eda de los pa\u00edses \u2014en particular aquellos con mayor influencia\u2014 acuerden reglas comunes en torno a tres ejes fundamentales para evitar la destrucci\u00f3n de la humanidad: la paz, la protecci\u00f3n del planeta y la igualdad.<\/p>\n\n\n\n<p class=\"wp-block-paragraph\">En materia de paz, el problema es evidente: la proliferaci\u00f3n de armamento de alto poder destructivo ya no es exclusiva de las grandes potencias militares como Estados Unidos, Rusia o China.<\/p>\n\n\n\n<p class=\"wp-block-paragraph\">Pa\u00edses con desarrollo medio han adquirido o est\u00e1n en condiciones de desarrollar armas nucleares capaces de alterar gravemente la estabilidad mundial.<\/p>\n\n\n\n<p class=\"wp-block-paragraph\">Ferrajoli subraya la urgencia de un acuerdo internacional efectivo que limite esta carrera armamentista. \u00bfQui\u00e9n podr\u00eda oponerse a un llamado tan elemental?<\/p>\n\n\n\n<p class=\"wp-block-paragraph\">Sin embargo, persiste la l\u00f3gica de quienes creen posible destruir al adversario y dominar el mundo por la v\u00eda de la fuerza.<\/p>\n\n\n\n<p class=\"wp-block-paragraph\">El segundo eje es el medio ambiente. Habitamos una misma nave y compartimos un destino com\u00fan. La falta de atenci\u00f3n a la crisis clim\u00e1tica en cualquier punto del planeta afecta inevitablemente al conjunto.<\/p>\n\n\n\n<p class=\"wp-block-paragraph\">La negativa de Estados Unidos, bajo el liderazgo de Donald Trump, a reconocer los Acuerdos de Par\u00eds, as\u00ed como el retiro de recursos para la investigaci\u00f3n ambiental, o el desd\u00e9n de China por est\u00e1ndares m\u00ednimos de contaminaci\u00f3n en nombre del desarrollo econ\u00f3mico, tienen consecuencias globales.<\/p>\n\n\n\n<p class=\"wp-block-paragraph\">Tarde o temprano, esa omisi\u00f3n terminar\u00e1 por asfixiar a la humanidad entera.<\/p>\n\n\n\n<p class=\"wp-block-paragraph\">El tercer tema es por dem\u00e1s delicado, la igualdad. Ferrajoli plantea la necesidad de una renta b\u00e1sica mundial frente a la obscena concentraci\u00f3n de riqueza en manos de unos pocos y la expansi\u00f3n de enormes sectores de la poblaci\u00f3n que viven por debajo de los m\u00ednimos de subsistencia en salud, educaci\u00f3n y alimentaci\u00f3n.<\/p>\n\n\n\n<p class=\"wp-block-paragraph\">Esta polarizaci\u00f3n extrema genera tensiones sociales que amenazan la estabilidad internacional, alimentan la migraci\u00f3n forzada y, finalmente, terminan socavando al propio sistema que las produce.<\/p>\n\n\n\n<p class=\"wp-block-paragraph\">No se trata de despojar a unos para beneficiar a otros, sino de comprender que el desarrollo sostenible depende de un equilibrio razonable entre capital, trabajo y recursos naturales.<\/p>\n\n\n\n<p class=\"wp-block-paragraph\">A este panorama se suma el avance de la intolerancia hacia los derechos humanos y sociales, el desprecio por la divisi\u00f3n de poderes y un creciente analfabetismo jur\u00eddico que erosiona la comprensi\u00f3n de la institucionalidad democr\u00e1tica.<\/p>\n\n\n\n<p class=\"wp-block-paragraph\">Ferrajoli insiste en la necesidad de reconstruir el Estado de derecho, el equilibrio de poderes y una sociedad m\u00e1s justa, donde no prevalezca el inter\u00e9s ego\u00edsta de la riqueza por encima del bien com\u00fan.<\/p>\n\n\n\n<p class=\"wp-block-paragraph\">Para enfrentar estos desaf\u00edos, Ferrajoli propone una alianza de las fuerzas democr\u00e1ticas a escala global.<\/p>\n\n\n\n<p class=\"wp-block-paragraph\">Puede parecer un llamado ut\u00f3pico, pero la humanidad enfrenta un punto de inflexi\u00f3n que exige rebeld\u00eda frente a un orden que nos conduce al colapso.<\/p>\n\n\n\n<p class=\"wp-block-paragraph\">En este contexto, no resulta menor la advertencia que el propio Ferrajoli ha hecho sobre la reciente reforma judicial en M\u00e9xico.<\/p>\n\n\n\n<p class=\"wp-block-paragraph\">Una reforma que, como ya se ha se\u00f1alado, atenta contra los principios b\u00e1sicos de una sociedad democr\u00e1tica al debilitar la autonom\u00eda e independencia del Poder Judicial, condici\u00f3n indispensable para evitar la concentraci\u00f3n del poder y preservar el equilibrio institucional.<\/p>\n\n\n\n<p class=\"wp-block-paragraph\">La propuesta de Ferrajoli puede parecer ut\u00f3pica, pero, frente al riesgo real de colapso global, parece cada vez m\u00e1s claro que es una aspiraci\u00f3n necesaria.<\/p>\n","protected":false},"excerpt":{"rendered":"<p>La polarizaci\u00f3n extrema genera tensiones sociales que amenazan la estabilidad internacional, alimentan la migraci\u00f3n forzada&#8230;<\/p>\n","protected":false},"author":24,"featured_media":9873,"comment_status":"closed","ping_status":"closed","sticky":false,"template":"","format":"standard","meta":{"footnotes":""},"categories":[605],"tags":[1325],"class_list":["post-9872","post","type-post","status-publish","format-standard","has-post-thumbnail","hentry","category-lo-mas-relevante","tag-ferrajoli-insiste-en-la-necesidad-de-reconstruir-el-estado-de-derecho"],"yoast_head":"<!-- This site is optimized with the Yoast SEO plugin v28.4 - https:\/\/yoast.com\/product\/yoast-seo-wordpress\/ -->\n<title>Frente al colapso, la rebeld\u00eda: la utop\u00eda -<\/title>\n<meta name=\"description\" content=\"Ferrajoli propone en avanzar hacia un derecho de corte federalista, un aut\u00e9ntico Estado de derecho global en el que la mayor\u00eda de los pa\u00edses\" \/>\n<meta name=\"robots\" content=\"index, follow, max-snippet:-1, max-image-preview:large, max-video-preview:-1\" \/>\n<link rel=\"canonical\" href=\"https:\/\/arjenoticias.com.mx\/lo-mas-relevante\/frente-al-colapso-la-rebeldia-la-utopia\/\" \/>\n<meta property=\"og:locale\" content=\"es_ES\" \/>\n<meta property=\"og:type\" content=\"article\" \/>\n<meta property=\"og:title\" content=\"Frente al colapso, la rebeld\u00eda: la utop\u00eda -\" \/>\n<meta property=\"og:description\" content=\"Ferrajoli propone en avanzar hacia un derecho de corte federalista, un aut\u00e9ntico Estado de derecho global en el que la mayor\u00eda de los pa\u00edses\" \/>\n<meta property=\"og:url\" content=\"https:\/\/arjenoticias.com.mx\/lo-mas-relevante\/frente-al-colapso-la-rebeldia-la-utopia\/\" \/>\n<meta property=\"article:publisher\" content=\"https:\/\/www.facebook.com\/ArjeNoticiasMX\" \/>\n<meta property=\"article:published_time\" content=\"2026-02-09T16:12:52+00:00\" \/>\n<meta property=\"article:modified_time\" content=\"2026-02-09T16:12:53+00:00\" \/>\n<meta property=\"og:image\" content=\"https:\/\/arjenoticias.com.mx\/wp-content\/uploads\/2026\/02\/Edmundo-Jacobo-Molina-20.png\" \/>\n\t<meta property=\"og:image:width\" content=\"600\" \/>\n\t<meta property=\"og:image:height\" content=\"400\" \/>\n\t<meta property=\"og:image:type\" content=\"image\/png\" \/>\n<meta name=\"author\" content=\"Edmundo Jacobo Molina\" \/>\n<meta name=\"twitter:card\" content=\"summary_large_image\" \/>\n<meta name=\"twitter:creator\" content=\"@ArjeNoticias\" \/>\n<meta name=\"twitter:site\" content=\"@ArjeNoticias\" \/>\n<meta name=\"twitter:label1\" content=\"Escrito por\" \/>\n\t<meta name=\"twitter:data1\" content=\"Edmundo Jacobo Molina\" \/>\n\t<meta name=\"twitter:label2\" content=\"Tiempo de lectura\" \/>\n\t<meta name=\"twitter:data2\" content=\"4 minutos\" \/>\n<script type=\"application\/ld+json\" class=\"yoast-schema-graph\">{\"@context\":\"https:\\\/\\\/schema.org\",\"@graph\":[{\"@type\":\"Article\",\"@id\":\"https:\\\/\\\/arjenoticias.com.mx\\\/lo-mas-relevante\\\/frente-al-colapso-la-rebeldia-la-utopia\\\/#article\",\"isPartOf\":{\"@id\":\"https:\\\/\\\/arjenoticias.com.mx\\\/lo-mas-relevante\\\/frente-al-colapso-la-rebeldia-la-utopia\\\/\"},\"author\":{\"name\":\"Edmundo Jacobo Molina\",\"@id\":\"https:\\\/\\\/arjenoticias.com.mx\\\/#\\\/schema\\\/person\\\/b9a1d832725e2f9c34c2a6303f9898e7\"},\"headline\":\"Frente al colapso, la rebeld\u00eda: la utop\u00eda\",\"datePublished\":\"2026-02-09T16:12:52+00:00\",\"dateModified\":\"2026-02-09T16:12:53+00:00\",\"mainEntityOfPage\":{\"@id\":\"https:\\\/\\\/arjenoticias.com.mx\\\/lo-mas-relevante\\\/frente-al-colapso-la-rebeldia-la-utopia\\\/\"},\"wordCount\":780,\"publisher\":{\"@id\":\"https:\\\/\\\/arjenoticias.com.mx\\\/#organization\"},\"image\":{\"@id\":\"https:\\\/\\\/arjenoticias.com.mx\\\/lo-mas-relevante\\\/frente-al-colapso-la-rebeldia-la-utopia\\\/#primaryimage\"},\"thumbnailUrl\":\"https:\\\/\\\/arjenoticias.com.mx\\\/wp-content\\\/uploads\\\/2026\\\/02\\\/Edmundo-Jacobo-Molina-20.png\",\"keywords\":[\"Ferrajoli insiste en la necesidad de reconstruir el Estado de derecho\"],\"articleSection\":[\"Lo m\u00e1s relevante\"],\"inLanguage\":\"es\"},{\"@type\":\"WebPage\",\"@id\":\"https:\\\/\\\/arjenoticias.com.mx\\\/lo-mas-relevante\\\/frente-al-colapso-la-rebeldia-la-utopia\\\/\",\"url\":\"https:\\\/\\\/arjenoticias.com.mx\\\/lo-mas-relevante\\\/frente-al-colapso-la-rebeldia-la-utopia\\\/\",\"name\":\"Frente al colapso, la rebeld\u00eda: la utop\u00eda -\",\"isPartOf\":{\"@id\":\"https:\\\/\\\/arjenoticias.com.mx\\\/#website\"},\"primaryImageOfPage\":{\"@id\":\"https:\\\/\\\/arjenoticias.com.mx\\\/lo-mas-relevante\\\/frente-al-colapso-la-rebeldia-la-utopia\\\/#primaryimage\"},\"image\":{\"@id\":\"https:\\\/\\\/arjenoticias.com.mx\\\/lo-mas-relevante\\\/frente-al-colapso-la-rebeldia-la-utopia\\\/#primaryimage\"},\"thumbnailUrl\":\"https:\\\/\\\/arjenoticias.com.mx\\\/wp-content\\\/uploads\\\/2026\\\/02\\\/Edmundo-Jacobo-Molina-20.png\",\"datePublished\":\"2026-02-09T16:12:52+00:00\",\"dateModified\":\"2026-02-09T16:12:53+00:00\",\"description\":\"Ferrajoli propone en avanzar hacia un derecho de corte federalista, un aut\u00e9ntico Estado de derecho global en el que la mayor\u00eda de los pa\u00edses\",\"breadcrumb\":{\"@id\":\"https:\\\/\\\/arjenoticias.com.mx\\\/lo-mas-relevante\\\/frente-al-colapso-la-rebeldia-la-utopia\\\/#breadcrumb\"},\"inLanguage\":\"es\",\"potentialAction\":[{\"@type\":\"ReadAction\",\"target\":[\"https:\\\/\\\/arjenoticias.com.mx\\\/lo-mas-relevante\\\/frente-al-colapso-la-rebeldia-la-utopia\\\/\"]}]},{\"@type\":\"ImageObject\",\"inLanguage\":\"es\",\"@id\":\"https:\\\/\\\/arjenoticias.com.mx\\\/lo-mas-relevante\\\/frente-al-colapso-la-rebeldia-la-utopia\\\/#primaryimage\",\"url\":\"https:\\\/\\\/arjenoticias.com.mx\\\/wp-content\\\/uploads\\\/2026\\\/02\\\/Edmundo-Jacobo-Molina-20.png\",\"contentUrl\":\"https:\\\/\\\/arjenoticias.com.mx\\\/wp-content\\\/uploads\\\/2026\\\/02\\\/Edmundo-Jacobo-Molina-20.png\",\"width\":600,\"height\":400,\"caption\":\"Ferrajoli subraya la urgencia de un acuerdo internacional efectivo que limite esta carrera armamentista.\"},{\"@type\":\"BreadcrumbList\",\"@id\":\"https:\\\/\\\/arjenoticias.com.mx\\\/lo-mas-relevante\\\/frente-al-colapso-la-rebeldia-la-utopia\\\/#breadcrumb\",\"itemListElement\":[{\"@type\":\"ListItem\",\"position\":1,\"name\":\"Portada\",\"item\":\"https:\\\/\\\/arjenoticias.com.mx\\\/\"},{\"@type\":\"ListItem\",\"position\":2,\"name\":\"Frente al colapso, la rebeld\u00eda: la utop\u00eda\"}]},{\"@type\":\"WebSite\",\"@id\":\"https:\\\/\\\/arjenoticias.com.mx\\\/#website\",\"url\":\"https:\\\/\\\/arjenoticias.com.mx\\\/\",\"name\":\"Arj\u00e9 M\u00e9xico\",\"description\":\"\",\"publisher\":{\"@id\":\"https:\\\/\\\/arjenoticias.com.mx\\\/#organization\"},\"potentialAction\":[{\"@type\":\"SearchAction\",\"target\":{\"@type\":\"EntryPoint\",\"urlTemplate\":\"https:\\\/\\\/arjenoticias.com.mx\\\/?s={search_term_string}\"},\"query-input\":{\"@type\":\"PropertyValueSpecification\",\"valueRequired\":true,\"valueName\":\"search_term_string\"}}],\"inLanguage\":\"es\"},{\"@type\":\"Organization\",\"@id\":\"https:\\\/\\\/arjenoticias.com.mx\\\/#organization\",\"name\":\"Arj\u00e9 M\u00e9xico\",\"url\":\"https:\\\/\\\/arjenoticias.com.mx\\\/\",\"logo\":{\"@type\":\"ImageObject\",\"inLanguage\":\"es\",\"@id\":\"https:\\\/\\\/arjenoticias.com.mx\\\/#\\\/schema\\\/logo\\\/image\\\/\",\"url\":\"https:\\\/\\\/arjenoticias.com\\\/wp-content\\\/uploads\\\/2026\\\/04\\\/cropped-cropped-logo-inverted-1-scaled-1.png\",\"contentUrl\":\"https:\\\/\\\/arjenoticias.com\\\/wp-content\\\/uploads\\\/2026\\\/04\\\/cropped-cropped-logo-inverted-1-scaled-1.png\",\"width\":2556,\"height\":549,\"caption\":\"Arj\u00e9 M\u00e9xico\"},\"image\":{\"@id\":\"https:\\\/\\\/arjenoticias.com.mx\\\/#\\\/schema\\\/logo\\\/image\\\/\"},\"sameAs\":[\"https:\\\/\\\/www.facebook.com\\\/ArjeNoticiasMX\",\"https:\\\/\\\/x.com\\\/ArjeNoticias\"]},{\"@type\":\"Person\",\"@id\":\"https:\\\/\\\/arjenoticias.com.mx\\\/#\\\/schema\\\/person\\\/b9a1d832725e2f9c34c2a6303f9898e7\",\"name\":\"Edmundo Jacobo Molina\",\"image\":{\"@type\":\"ImageObject\",\"inLanguage\":\"es\",\"@id\":\"https:\\\/\\\/arjenoticias.com\\\/wp-content\\\/uploads\\\/2026\\\/04\\\/EDMUNDO-JACOBO-96x96.png\",\"url\":\"https:\\\/\\\/arjenoticias.com\\\/wp-content\\\/uploads\\\/2026\\\/04\\\/EDMUNDO-JACOBO-96x96.png\",\"contentUrl\":\"https:\\\/\\\/arjenoticias.com\\\/wp-content\\\/uploads\\\/2026\\\/04\\\/EDMUNDO-JACOBO-96x96.png\",\"caption\":\"Edmundo Jacobo Molina\"},\"description\":\"Editorialista, de la Filosof\u00eda a la pol\u00edtica. Exsecretario Ejecutivo del INE. Coordin\u00f3 m\u00e1s de 330 elecciones en el pa\u00eds.\",\"url\":\"https:\\\/\\\/arjenoticias.com.mx\\\/author\\\/edmundo-jacobo-molina\\\/\"}]}<\/script>\n<!-- \/ Yoast SEO plugin. -->","yoast_head_json":{"title":"Frente al colapso, la rebeld\u00eda: la utop\u00eda -","description":"Ferrajoli propone en avanzar hacia un derecho de corte federalista, un aut\u00e9ntico Estado de derecho global en el que la mayor\u00eda de los pa\u00edses","robots":{"index":"index","follow":"follow","max-snippet":"max-snippet:-1","max-image-preview":"max-image-preview:large","max-video-preview":"max-video-preview:-1"},"canonical":"https:\/\/arjenoticias.com.mx\/lo-mas-relevante\/frente-al-colapso-la-rebeldia-la-utopia\/","og_locale":"es_ES","og_type":"article","og_title":"Frente al colapso, la rebeld\u00eda: la utop\u00eda -","og_description":"Ferrajoli propone en avanzar hacia un derecho de corte federalista, un aut\u00e9ntico Estado de derecho global en el que la mayor\u00eda de los pa\u00edses","og_url":"https:\/\/arjenoticias.com.mx\/lo-mas-relevante\/frente-al-colapso-la-rebeldia-la-utopia\/","article_publisher":"https:\/\/www.facebook.com\/ArjeNoticiasMX","article_published_time":"2026-02-09T16:12:52+00:00","article_modified_time":"2026-02-09T16:12:53+00:00","og_image":[{"width":600,"height":400,"url":"https:\/\/arjenoticias.com.mx\/wp-content\/uploads\/2026\/02\/Edmundo-Jacobo-Molina-20.png","type":"image\/png"}],"author":"Edmundo Jacobo Molina","twitter_card":"summary_large_image","twitter_creator":"@ArjeNoticias","twitter_site":"@ArjeNoticias","twitter_misc":{"Escrito por":"Edmundo Jacobo Molina","Tiempo de lectura":"4 minutos"},"schema":{"@context":"https:\/\/schema.org","@graph":[{"@type":"Article","@id":"https:\/\/arjenoticias.com.mx\/lo-mas-relevante\/frente-al-colapso-la-rebeldia-la-utopia\/#article","isPartOf":{"@id":"https:\/\/arjenoticias.com.mx\/lo-mas-relevante\/frente-al-colapso-la-rebeldia-la-utopia\/"},"author":{"name":"Edmundo Jacobo Molina","@id":"https:\/\/arjenoticias.com.mx\/#\/schema\/person\/b9a1d832725e2f9c34c2a6303f9898e7"},"headline":"Frente al colapso, la rebeld\u00eda: la utop\u00eda","datePublished":"2026-02-09T16:12:52+00:00","dateModified":"2026-02-09T16:12:53+00:00","mainEntityOfPage":{"@id":"https:\/\/arjenoticias.com.mx\/lo-mas-relevante\/frente-al-colapso-la-rebeldia-la-utopia\/"},"wordCount":780,"publisher":{"@id":"https:\/\/arjenoticias.com.mx\/#organization"},"image":{"@id":"https:\/\/arjenoticias.com.mx\/lo-mas-relevante\/frente-al-colapso-la-rebeldia-la-utopia\/#primaryimage"},"thumbnailUrl":"https:\/\/arjenoticias.com.mx\/wp-content\/uploads\/2026\/02\/Edmundo-Jacobo-Molina-20.png","keywords":["Ferrajoli insiste en la necesidad de reconstruir el Estado de derecho"],"articleSection":["Lo m\u00e1s relevante"],"inLanguage":"es"},{"@type":"WebPage","@id":"https:\/\/arjenoticias.com.mx\/lo-mas-relevante\/frente-al-colapso-la-rebeldia-la-utopia\/","url":"https:\/\/arjenoticias.com.mx\/lo-mas-relevante\/frente-al-colapso-la-rebeldia-la-utopia\/","name":"Frente al colapso, la rebeld\u00eda: la utop\u00eda -","isPartOf":{"@id":"https:\/\/arjenoticias.com.mx\/#website"},"primaryImageOfPage":{"@id":"https:\/\/arjenoticias.com.mx\/lo-mas-relevante\/frente-al-colapso-la-rebeldia-la-utopia\/#primaryimage"},"image":{"@id":"https:\/\/arjenoticias.com.mx\/lo-mas-relevante\/frente-al-colapso-la-rebeldia-la-utopia\/#primaryimage"},"thumbnailUrl":"https:\/\/arjenoticias.com.mx\/wp-content\/uploads\/2026\/02\/Edmundo-Jacobo-Molina-20.png","datePublished":"2026-02-09T16:12:52+00:00","dateModified":"2026-02-09T16:12:53+00:00","description":"Ferrajoli propone en avanzar hacia un derecho de corte federalista, un aut\u00e9ntico Estado de derecho global en el que la mayor\u00eda de los pa\u00edses","breadcrumb":{"@id":"https:\/\/arjenoticias.com.mx\/lo-mas-relevante\/frente-al-colapso-la-rebeldia-la-utopia\/#breadcrumb"},"inLanguage":"es","potentialAction":[{"@type":"ReadAction","target":["https:\/\/arjenoticias.com.mx\/lo-mas-relevante\/frente-al-colapso-la-rebeldia-la-utopia\/"]}]},{"@type":"ImageObject","inLanguage":"es","@id":"https:\/\/arjenoticias.com.mx\/lo-mas-relevante\/frente-al-colapso-la-rebeldia-la-utopia\/#primaryimage","url":"https:\/\/arjenoticias.com.mx\/wp-content\/uploads\/2026\/02\/Edmundo-Jacobo-Molina-20.png","contentUrl":"https:\/\/arjenoticias.com.mx\/wp-content\/uploads\/2026\/02\/Edmundo-Jacobo-Molina-20.png","width":600,"height":400,"caption":"Ferrajoli subraya la urgencia de un acuerdo internacional efectivo que limite esta carrera armamentista."},{"@type":"BreadcrumbList","@id":"https:\/\/arjenoticias.com.mx\/lo-mas-relevante\/frente-al-colapso-la-rebeldia-la-utopia\/#breadcrumb","itemListElement":[{"@type":"ListItem","position":1,"name":"Portada","item":"https:\/\/arjenoticias.com.mx\/"},{"@type":"ListItem","position":2,"name":"Frente al colapso, la rebeld\u00eda: la utop\u00eda"}]},{"@type":"WebSite","@id":"https:\/\/arjenoticias.com.mx\/#website","url":"https:\/\/arjenoticias.com.mx\/","name":"Arj\u00e9 M\u00e9xico","description":"","publisher":{"@id":"https:\/\/arjenoticias.com.mx\/#organization"},"potentialAction":[{"@type":"SearchAction","target":{"@type":"EntryPoint","urlTemplate":"https:\/\/arjenoticias.com.mx\/?s={search_term_string}"},"query-input":{"@type":"PropertyValueSpecification","valueRequired":true,"valueName":"search_term_string"}}],"inLanguage":"es"},{"@type":"Organization","@id":"https:\/\/arjenoticias.com.mx\/#organization","name":"Arj\u00e9 M\u00e9xico","url":"https:\/\/arjenoticias.com.mx\/","logo":{"@type":"ImageObject","inLanguage":"es","@id":"https:\/\/arjenoticias.com.mx\/#\/schema\/logo\/image\/","url":"https:\/\/arjenoticias.com\/wp-content\/uploads\/2026\/04\/cropped-cropped-logo-inverted-1-scaled-1.png","contentUrl":"https:\/\/arjenoticias.com\/wp-content\/uploads\/2026\/04\/cropped-cropped-logo-inverted-1-scaled-1.png","width":2556,"height":549,"caption":"Arj\u00e9 M\u00e9xico"},"image":{"@id":"https:\/\/arjenoticias.com.mx\/#\/schema\/logo\/image\/"},"sameAs":["https:\/\/www.facebook.com\/ArjeNoticiasMX","https:\/\/x.com\/ArjeNoticias"]},{"@type":"Person","@id":"https:\/\/arjenoticias.com.mx\/#\/schema\/person\/b9a1d832725e2f9c34c2a6303f9898e7","name":"Edmundo Jacobo Molina","image":{"@type":"ImageObject","inLanguage":"es","@id":"https:\/\/arjenoticias.com\/wp-content\/uploads\/2026\/04\/EDMUNDO-JACOBO-96x96.png","url":"https:\/\/arjenoticias.com\/wp-content\/uploads\/2026\/04\/EDMUNDO-JACOBO-96x96.png","contentUrl":"https:\/\/arjenoticias.com\/wp-content\/uploads\/2026\/04\/EDMUNDO-JACOBO-96x96.png","caption":"Edmundo Jacobo Molina"},"description":"Editorialista, de la Filosof\u00eda a la pol\u00edtica. Exsecretario Ejecutivo del INE. Coordin\u00f3 m\u00e1s de 330 elecciones en el pa\u00eds.","url":"https:\/\/arjenoticias.com.mx\/author\/edmundo-jacobo-molina\/"}]}},"featured_image_urls":{"full":["https:\/\/arjenoticias.com.mx\/wp-content\/uploads\/2026\/02\/Edmundo-Jacobo-Molina-20.png",600,400,false],"thumbnail":["https:\/\/arjenoticias.com.mx\/wp-content\/uploads\/2026\/02\/Edmundo-Jacobo-Molina-20-150x150.png",150,150,true],"medium":["https:\/\/arjenoticias.com.mx\/wp-content\/uploads\/2026\/02\/Edmundo-Jacobo-Molina-20-300x200.png",300,200,true],"medium_large":["https:\/\/arjenoticias.com.mx\/wp-content\/uploads\/2026\/02\/Edmundo-Jacobo-Molina-20.png",600,400,false],"large":["https:\/\/arjenoticias.com.mx\/wp-content\/uploads\/2026\/02\/Edmundo-Jacobo-Molina-20.png",600,400,false],"1536x1536":["https:\/\/arjenoticias.com.mx\/wp-content\/uploads\/2026\/02\/Edmundo-Jacobo-Molina-20.png",600,400,false],"2048x2048":["https:\/\/arjenoticias.com.mx\/wp-content\/uploads\/2026\/02\/Edmundo-Jacobo-Molina-20.png",600,400,false],"covernews-featured":["https:\/\/arjenoticias.com.mx\/wp-content\/uploads\/2026\/02\/Edmundo-Jacobo-Molina-20.png",600,400,false],"covernews-medium":["https:\/\/arjenoticias.com.mx\/wp-content\/uploads\/2026\/02\/Edmundo-Jacobo-Molina-20-540x340.png",540,340,true]},"author_info":{"info":["Edmundo Jacobo Molina"]},"category_info":"<a href=\"https:\/\/arjenoticias.com.mx\/category\/lo-mas-relevante\/\" rel=\"category tag\">Lo m\u00e1s relevante<\/a>","tag_info":"Lo m\u00e1s relevante","comment_count":"0","_links":{"self":[{"href":"https:\/\/arjenoticias.com.mx\/wp-json\/wp\/v2\/posts\/9872","targetHints":{"allow":["GET"]}}],"collection":[{"href":"https:\/\/arjenoticias.com.mx\/wp-json\/wp\/v2\/posts"}],"about":[{"href":"https:\/\/arjenoticias.com.mx\/wp-json\/wp\/v2\/types\/post"}],"author":[{"embeddable":true,"href":"https:\/\/arjenoticias.com.mx\/wp-json\/wp\/v2\/users\/24"}],"replies":[{"embeddable":true,"href":"https:\/\/arjenoticias.com.mx\/wp-json\/wp\/v2\/comments?post=9872"}],"version-history":[{"count":1,"href":"https:\/\/arjenoticias.com.mx\/wp-json\/wp\/v2\/posts\/9872\/revisions"}],"predecessor-version":[{"id":9874,"href":"https:\/\/arjenoticias.com.mx\/wp-json\/wp\/v2\/posts\/9872\/revisions\/9874"}],"wp:featuredmedia":[{"embeddable":true,"href":"https:\/\/arjenoticias.com.mx\/wp-json\/wp\/v2\/media\/9873"}],"wp:attachment":[{"href":"https:\/\/arjenoticias.com.mx\/wp-json\/wp\/v2\/media?parent=9872"}],"wp:term":[{"taxonomy":"category","embeddable":true,"href":"https:\/\/arjenoticias.com.mx\/wp-json\/wp\/v2\/categories?post=9872"},{"taxonomy":"post_tag","embeddable":true,"href":"https:\/\/arjenoticias.com.mx\/wp-json\/wp\/v2\/tags?post=9872"}],"curies":[{"name":"wp","href":"https:\/\/api.w.org\/{rel}","templated":true}]}}