{"id":9834,"date":"2026-02-06T16:02:52","date_gmt":"2026-02-06T22:02:52","guid":{"rendered":"https:\/\/arjenoticias.com\/?p=9834"},"modified":"2026-02-06T16:02:52","modified_gmt":"2026-02-06T22:02:52","slug":"fiscalia-realiza-cateo-en-monterrey-tras-hallazgo-del-cuerpo-de-una-adolescente","status":"publish","type":"post","link":"https:\/\/arjenoticias.com.mx\/?p=9834","title":{"rendered":"Fiscal\u00eda realiza cateo en Monterrey tras hallazgo del cuerpo de una adolescente"},"content":{"rendered":"\n<p class=\"wp-block-paragraph\"><strong>Monterrey, Nuevo Le\u00f3n.\u2013<\/strong> Elementos de la <strong>Agencia Estatal de Investigaciones (AEI)<\/strong>, adscritos a la <strong>Fiscal\u00eda Especializada en Personas Desaparecidas<\/strong>, llevaron a cabo un <strong>cateo en un domicilio ubicado en la colonia Barrio de la Industria<\/strong>, como parte de las investigaciones derivadas del <strong>hallazgo del cuerpo sin vida de una adolescente<\/strong>.<\/p>\n\n\n\n<p class=\"wp-block-paragraph\">El operativo tuvo como finalidad la <strong>b\u00fasqueda y aseguramiento de indicios<\/strong> que permitan fortalecer las l\u00edneas de investigaci\u00f3n en curso y esclarecer los hechos relacionados con el caso.<\/p>\n\n\n\n<p class=\"wp-block-paragraph\">Autoridades informaron que las diligencias se realizaron conforme a los protocolos establecidos y bajo orden judicial, como parte del proceso para determinar posibles responsabilidades.<\/p>\n\n\n\n<p class=\"wp-block-paragraph\">La <strong>Fiscal\u00eda General de Justicia del Estado<\/strong> reiter\u00f3 su compromiso de llevar a cabo las investigaciones <strong>con estricto apego a la ley<\/strong>, garantizando el debido proceso y el respeto a los derechos humanos.<\/p>\n","protected":false},"excerpt":{"rendered":"<p>Monterrey, Nuevo Le\u00f3n.\u2013 Elementos de la Agencia Estatal de Investigaciones (AEI), adscritos a la Fiscal\u00eda&#8230;<\/p>\n","protected":false},"author":67,"featured_media":9835,"comment_status":"closed","ping_status":"closed","sticky":false,"template":"","format":"standard","meta":{"footnotes":""},"categories":[4],"tags":[355,612,1015],"class_list":["post-9834","post","type-post","status-publish","format-standard","has-post-thumbnail","hentry","category-ciudad","tag-cateo","tag-desaparecidos","tag-fiscalia"],"yoast_head":"<!-- This site is optimized with the Yoast SEO plugin v28.4 - https:\/\/yoast.com\/product\/yoast-seo-wordpress\/ -->\n<title>Fiscal\u00eda realiza cateo en Monterrey tras hallazgo del cuerpo de una adolescente -<\/title>\n<meta name=\"description\" content=\"La Fiscal\u00eda de Nuevo Le\u00f3n realiz\u00f3 un cateo en la colonia Barrio de la Industria, en Monterrey, como parte de la investigaci\u00f3n por el hallazgo de una adolescente sin vida.\" \/>\n<meta name=\"robots\" content=\"index, follow, max-snippet:-1, max-image-preview:large, max-video-preview:-1\" \/>\n<link rel=\"canonical\" href=\"https:\/\/arjenoticias.com.mx\/?p=9834\" \/>\n<meta property=\"og:locale\" content=\"es_MX\" \/>\n<meta property=\"og:type\" content=\"article\" \/>\n<meta property=\"og:title\" content=\"Fiscal\u00eda realiza cateo en Monterrey tras hallazgo del cuerpo de una adolescente -\" \/>\n<meta property=\"og:description\" content=\"La Fiscal\u00eda de Nuevo Le\u00f3n realiz\u00f3 un cateo en la colonia Barrio de la Industria, en Monterrey, como parte de la investigaci\u00f3n por el hallazgo de una adolescente sin vida.\" \/>\n<meta property=\"og:url\" content=\"https:\/\/arjenoticias.com.mx\/?p=9834\" \/>\n<meta property=\"article:published_time\" content=\"2026-02-06T22:02:52+00:00\" \/>\n<meta property=\"og:image\" content=\"https:\/\/arjenoticias.com.mx\/wp-content\/uploads\/2026\/02\/HAfGgyPXoAAgKIf.jpg\" \/>\n\t<meta property=\"og:image:width\" content=\"1280\" \/>\n\t<meta property=\"og:image:height\" content=\"960\" \/>\n\t<meta property=\"og:image:type\" content=\"image\/jpeg\" \/>\n<meta name=\"author\" content=\"Teresa Sep\u00falveda Elizondo\" \/>\n<meta name=\"twitter:card\" content=\"summary_large_image\" \/>\n<meta name=\"twitter:label1\" content=\"Escrito por\" \/>\n\t<meta name=\"twitter:data1\" content=\"Teresa Sep\u00falveda Elizondo\" \/>\n\t<meta name=\"twitter:label2\" content=\"Tiempo de lectura\" \/>\n\t<meta name=\"twitter:data2\" content=\"1 minuto\" \/>\n<script type=\"application\/ld+json\" class=\"yoast-schema-graph\">{\"@context\":\"https:\\\/\\\/schema.org\",\"@graph\":[{\"@type\":\"Article\",\"@id\":\"https:\\\/\\\/arjenoticias.com.mx\\\/?p=9834#article\",\"isPartOf\":{\"@id\":\"https:\\\/\\\/arjenoticias.com.mx\\\/?p=9834\"},\"author\":{\"name\":\"Teresa Sep\u00falveda Elizondo\",\"@id\":\"https:\\\/\\\/arjenoticias.com.mx\\\/#\\\/schema\\\/person\\\/da5b96cdb3d0ca850682c4c74f9888d1\"},\"headline\":\"Fiscal\u00eda realiza cateo en Monterrey tras hallazgo del cuerpo de una adolescente\",\"datePublished\":\"2026-02-06T22:02:52+00:00\",\"mainEntityOfPage\":{\"@id\":\"https:\\\/\\\/arjenoticias.com.mx\\\/?p=9834\"},\"wordCount\":154,\"publisher\":{\"@id\":\"https:\\\/\\\/arjenoticias.com.mx\\\/#organization\"},\"image\":{\"@id\":\"https:\\\/\\\/arjenoticias.com.mx\\\/?p=9834#primaryimage\"},\"thumbnailUrl\":\"https:\\\/\\\/arjenoticias.com.mx\\\/wp-content\\\/uploads\\\/2026\\\/02\\\/HAfGgyPXoAAgKIf.jpg\",\"keywords\":[\"Cateo\",\"desaparecidos\",\"fiscal\u00eda\"],\"articleSection\":[\"Ciudad\"],\"inLanguage\":\"es\"},{\"@type\":\"WebPage\",\"@id\":\"https:\\\/\\\/arjenoticias.com.mx\\\/?p=9834\",\"url\":\"https:\\\/\\\/arjenoticias.com.mx\\\/?p=9834\",\"name\":\"Fiscal\u00eda realiza cateo en Monterrey tras hallazgo del cuerpo de una adolescente -\",\"isPartOf\":{\"@id\":\"https:\\\/\\\/arjenoticias.com.mx\\\/#website\"},\"primaryImageOfPage\":{\"@id\":\"https:\\\/\\\/arjenoticias.com.mx\\\/?p=9834#primaryimage\"},\"image\":{\"@id\":\"https:\\\/\\\/arjenoticias.com.mx\\\/?p=9834#primaryimage\"},\"thumbnailUrl\":\"https:\\\/\\\/arjenoticias.com.mx\\\/wp-content\\\/uploads\\\/2026\\\/02\\\/HAfGgyPXoAAgKIf.jpg\",\"datePublished\":\"2026-02-06T22:02:52+00:00\",\"description\":\"La Fiscal\u00eda de Nuevo Le\u00f3n realiz\u00f3 un cateo en la colonia Barrio de la Industria, en Monterrey, como parte de la investigaci\u00f3n por el hallazgo de una adolescente sin vida.\",\"breadcrumb\":{\"@id\":\"https:\\\/\\\/arjenoticias.com.mx\\\/?p=9834#breadcrumb\"},\"inLanguage\":\"es\",\"potentialAction\":[{\"@type\":\"ReadAction\",\"target\":[\"https:\\\/\\\/arjenoticias.com.mx\\\/?p=9834\"]}]},{\"@type\":\"ImageObject\",\"inLanguage\":\"es\",\"@id\":\"https:\\\/\\\/arjenoticias.com.mx\\\/?p=9834#primaryimage\",\"url\":\"https:\\\/\\\/arjenoticias.com.mx\\\/wp-content\\\/uploads\\\/2026\\\/02\\\/HAfGgyPXoAAgKIf.jpg\",\"contentUrl\":\"https:\\\/\\\/arjenoticias.com.mx\\\/wp-content\\\/uploads\\\/2026\\\/02\\\/HAfGgyPXoAAgKIf.jpg\",\"width\":1280,\"height\":960,\"caption\":\"Fiscal\u00eda realiza cateo en Monterrey por caso de adolescente localizada sin vida.\"},{\"@type\":\"BreadcrumbList\",\"@id\":\"https:\\\/\\\/arjenoticias.com.mx\\\/?p=9834#breadcrumb\",\"itemListElement\":[{\"@type\":\"ListItem\",\"position\":1,\"name\":\"Inicio\",\"item\":\"https:\\\/\\\/arjenoticias.com.mx\\\/\"},{\"@type\":\"ListItem\",\"position\":2,\"name\":\"Fiscal\u00eda realiza cateo en Monterrey tras hallazgo del cuerpo de una adolescente\"}]},{\"@type\":\"WebSite\",\"@id\":\"https:\\\/\\\/arjenoticias.com.mx\\\/#website\",\"url\":\"https:\\\/\\\/arjenoticias.com.mx\\\/\",\"name\":\"arjenoticias.com.mx\",\"description\":\"\",\"publisher\":{\"@id\":\"https:\\\/\\\/arjenoticias.com.mx\\\/#organization\"},\"potentialAction\":[{\"@type\":\"SearchAction\",\"target\":{\"@type\":\"EntryPoint\",\"urlTemplate\":\"https:\\\/\\\/arjenoticias.com.mx\\\/?s={search_term_string}\"},\"query-input\":{\"@type\":\"PropertyValueSpecification\",\"valueRequired\":true,\"valueName\":\"search_term_string\"}}],\"inLanguage\":\"es\"},{\"@type\":\"Organization\",\"@id\":\"https:\\\/\\\/arjenoticias.com.mx\\\/#organization\",\"name\":\"Arj\u00e9 de M\u00e9xico Noticias\",\"url\":\"https:\\\/\\\/arjenoticias.com.mx\\\/\",\"logo\":{\"@type\":\"ImageObject\",\"inLanguage\":\"es\",\"@id\":\"https:\\\/\\\/arjenoticias.com.mx\\\/#\\\/schema\\\/logo\\\/image\\\/\",\"url\":\"https:\\\/\\\/arjenoticias.com.mx\\\/wp-content\\\/uploads\\\/2025\\\/07\\\/cropped-logo-scaled-1.png\",\"contentUrl\":\"https:\\\/\\\/arjenoticias.com.mx\\\/wp-content\\\/uploads\\\/2025\\\/07\\\/cropped-logo-scaled-1.png\",\"width\":2558,\"height\":558,\"caption\":\"Arj\u00e9 de M\u00e9xico Noticias\"},\"image\":{\"@id\":\"https:\\\/\\\/arjenoticias.com.mx\\\/#\\\/schema\\\/logo\\\/image\\\/\"}},{\"@type\":\"Person\",\"@id\":\"https:\\\/\\\/arjenoticias.com.mx\\\/#\\\/schema\\\/person\\\/da5b96cdb3d0ca850682c4c74f9888d1\",\"name\":\"Teresa Sep\u00falveda Elizondo\",\"image\":{\"@type\":\"ImageObject\",\"inLanguage\":\"es\",\"@id\":\"https:\\\/\\\/secure.gravatar.com\\\/avatar\\\/d028fefd8eb201705a23e8ddfe978fbf484e56c5190e4b37aa46229a4d471d39?s=96&d=mm&r=g\",\"url\":\"https:\\\/\\\/secure.gravatar.com\\\/avatar\\\/d028fefd8eb201705a23e8ddfe978fbf484e56c5190e4b37aa46229a4d471d39?s=96&d=mm&r=g\",\"contentUrl\":\"https:\\\/\\\/secure.gravatar.com\\\/avatar\\\/d028fefd8eb201705a23e8ddfe978fbf484e56c5190e4b37aa46229a4d471d39?s=96&d=mm&r=g\",\"caption\":\"Teresa Sep\u00falveda Elizondo\"},\"url\":\"https:\\\/\\\/arjenoticias.com.mx\\\/?author=67\"}]}<\/script>\n<!-- \/ Yoast SEO plugin. -->","yoast_head_json":{"title":"Fiscal\u00eda realiza cateo en Monterrey tras hallazgo del cuerpo de una adolescente -","description":"La Fiscal\u00eda de Nuevo Le\u00f3n realiz\u00f3 un cateo en la colonia Barrio de la Industria, en Monterrey, como parte de la investigaci\u00f3n por el hallazgo de una adolescente sin vida.","robots":{"index":"index","follow":"follow","max-snippet":"max-snippet:-1","max-image-preview":"max-image-preview:large","max-video-preview":"max-video-preview:-1"},"canonical":"https:\/\/arjenoticias.com.mx\/?p=9834","og_locale":"es_MX","og_type":"article","og_title":"Fiscal\u00eda realiza cateo en Monterrey tras hallazgo del cuerpo de una adolescente -","og_description":"La Fiscal\u00eda de Nuevo Le\u00f3n realiz\u00f3 un cateo en la colonia Barrio de la Industria, en Monterrey, como parte de la investigaci\u00f3n por el hallazgo de una adolescente sin vida.","og_url":"https:\/\/arjenoticias.com.mx\/?p=9834","article_published_time":"2026-02-06T22:02:52+00:00","og_image":[{"width":1280,"height":960,"url":"https:\/\/arjenoticias.com.mx\/wp-content\/uploads\/2026\/02\/HAfGgyPXoAAgKIf.jpg","type":"image\/jpeg"}],"author":"Teresa Sep\u00falveda Elizondo","twitter_card":"summary_large_image","twitter_misc":{"Escrito por":"Teresa Sep\u00falveda Elizondo","Tiempo de lectura":"1 minuto"},"schema":{"@context":"https:\/\/schema.org","@graph":[{"@type":"Article","@id":"https:\/\/arjenoticias.com.mx\/?p=9834#article","isPartOf":{"@id":"https:\/\/arjenoticias.com.mx\/?p=9834"},"author":{"name":"Teresa Sep\u00falveda Elizondo","@id":"https:\/\/arjenoticias.com.mx\/#\/schema\/person\/da5b96cdb3d0ca850682c4c74f9888d1"},"headline":"Fiscal\u00eda realiza cateo en Monterrey tras hallazgo del cuerpo de una adolescente","datePublished":"2026-02-06T22:02:52+00:00","mainEntityOfPage":{"@id":"https:\/\/arjenoticias.com.mx\/?p=9834"},"wordCount":154,"publisher":{"@id":"https:\/\/arjenoticias.com.mx\/#organization"},"image":{"@id":"https:\/\/arjenoticias.com.mx\/?p=9834#primaryimage"},"thumbnailUrl":"https:\/\/arjenoticias.com.mx\/wp-content\/uploads\/2026\/02\/HAfGgyPXoAAgKIf.jpg","keywords":["Cateo","desaparecidos","fiscal\u00eda"],"articleSection":["Ciudad"],"inLanguage":"es"},{"@type":"WebPage","@id":"https:\/\/arjenoticias.com.mx\/?p=9834","url":"https:\/\/arjenoticias.com.mx\/?p=9834","name":"Fiscal\u00eda realiza cateo en Monterrey tras hallazgo del cuerpo de una adolescente -","isPartOf":{"@id":"https:\/\/arjenoticias.com.mx\/#website"},"primaryImageOfPage":{"@id":"https:\/\/arjenoticias.com.mx\/?p=9834#primaryimage"},"image":{"@id":"https:\/\/arjenoticias.com.mx\/?p=9834#primaryimage"},"thumbnailUrl":"https:\/\/arjenoticias.com.mx\/wp-content\/uploads\/2026\/02\/HAfGgyPXoAAgKIf.jpg","datePublished":"2026-02-06T22:02:52+00:00","description":"La Fiscal\u00eda de Nuevo Le\u00f3n realiz\u00f3 un cateo en la colonia Barrio de la Industria, en Monterrey, como parte de la investigaci\u00f3n por el hallazgo de una adolescente sin vida.","breadcrumb":{"@id":"https:\/\/arjenoticias.com.mx\/?p=9834#breadcrumb"},"inLanguage":"es","potentialAction":[{"@type":"ReadAction","target":["https:\/\/arjenoticias.com.mx\/?p=9834"]}]},{"@type":"ImageObject","inLanguage":"es","@id":"https:\/\/arjenoticias.com.mx\/?p=9834#primaryimage","url":"https:\/\/arjenoticias.com.mx\/wp-content\/uploads\/2026\/02\/HAfGgyPXoAAgKIf.jpg","contentUrl":"https:\/\/arjenoticias.com.mx\/wp-content\/uploads\/2026\/02\/HAfGgyPXoAAgKIf.jpg","width":1280,"height":960,"caption":"Fiscal\u00eda realiza cateo en Monterrey por caso de adolescente localizada sin vida."},{"@type":"BreadcrumbList","@id":"https:\/\/arjenoticias.com.mx\/?p=9834#breadcrumb","itemListElement":[{"@type":"ListItem","position":1,"name":"Inicio","item":"https:\/\/arjenoticias.com.mx\/"},{"@type":"ListItem","position":2,"name":"Fiscal\u00eda realiza cateo en Monterrey tras hallazgo del cuerpo de una adolescente"}]},{"@type":"WebSite","@id":"https:\/\/arjenoticias.com.mx\/#website","url":"https:\/\/arjenoticias.com.mx\/","name":"arjenoticias.com.mx","description":"","publisher":{"@id":"https:\/\/arjenoticias.com.mx\/#organization"},"potentialAction":[{"@type":"SearchAction","target":{"@type":"EntryPoint","urlTemplate":"https:\/\/arjenoticias.com.mx\/?s={search_term_string}"},"query-input":{"@type":"PropertyValueSpecification","valueRequired":true,"valueName":"search_term_string"}}],"inLanguage":"es"},{"@type":"Organization","@id":"https:\/\/arjenoticias.com.mx\/#organization","name":"Arj\u00e9 de M\u00e9xico Noticias","url":"https:\/\/arjenoticias.com.mx\/","logo":{"@type":"ImageObject","inLanguage":"es","@id":"https:\/\/arjenoticias.com.mx\/#\/schema\/logo\/image\/","url":"https:\/\/arjenoticias.com.mx\/wp-content\/uploads\/2025\/07\/cropped-logo-scaled-1.png","contentUrl":"https:\/\/arjenoticias.com.mx\/wp-content\/uploads\/2025\/07\/cropped-logo-scaled-1.png","width":2558,"height":558,"caption":"Arj\u00e9 de M\u00e9xico Noticias"},"image":{"@id":"https:\/\/arjenoticias.com.mx\/#\/schema\/logo\/image\/"}},{"@type":"Person","@id":"https:\/\/arjenoticias.com.mx\/#\/schema\/person\/da5b96cdb3d0ca850682c4c74f9888d1","name":"Teresa Sep\u00falveda Elizondo","image":{"@type":"ImageObject","inLanguage":"es","@id":"https:\/\/secure.gravatar.com\/avatar\/d028fefd8eb201705a23e8ddfe978fbf484e56c5190e4b37aa46229a4d471d39?s=96&d=mm&r=g","url":"https:\/\/secure.gravatar.com\/avatar\/d028fefd8eb201705a23e8ddfe978fbf484e56c5190e4b37aa46229a4d471d39?s=96&d=mm&r=g","contentUrl":"https:\/\/secure.gravatar.com\/avatar\/d028fefd8eb201705a23e8ddfe978fbf484e56c5190e4b37aa46229a4d471d39?s=96&d=mm&r=g","caption":"Teresa Sep\u00falveda Elizondo"},"url":"https:\/\/arjenoticias.com.mx\/?author=67"}]}},"_links":{"self":[{"href":"https:\/\/arjenoticias.com.mx\/index.php?rest_route=\/wp\/v2\/posts\/9834","targetHints":{"allow":["GET"]}}],"collection":[{"href":"https:\/\/arjenoticias.com.mx\/index.php?rest_route=\/wp\/v2\/posts"}],"about":[{"href":"https:\/\/arjenoticias.com.mx\/index.php?rest_route=\/wp\/v2\/types\/post"}],"author":[{"embeddable":true,"href":"https:\/\/arjenoticias.com.mx\/index.php?rest_route=\/wp\/v2\/users\/67"}],"replies":[{"embeddable":true,"href":"https:\/\/arjenoticias.com.mx\/index.php?rest_route=%2Fwp%2Fv2%2Fcomments&post=9834"}],"version-history":[{"count":0,"href":"https:\/\/arjenoticias.com.mx\/index.php?rest_route=\/wp\/v2\/posts\/9834\/revisions"}],"wp:featuredmedia":[{"embeddable":true,"href":"https:\/\/arjenoticias.com.mx\/index.php?rest_route=\/wp\/v2\/media\/9835"}],"wp:attachment":[{"href":"https:\/\/arjenoticias.com.mx\/index.php?rest_route=%2Fwp%2Fv2%2Fmedia&parent=9834"}],"wp:term":[{"taxonomy":"category","embeddable":true,"href":"https:\/\/arjenoticias.com.mx\/index.php?rest_route=%2Fwp%2Fv2%2Fcategories&post=9834"},{"taxonomy":"post_tag","embeddable":true,"href":"https:\/\/arjenoticias.com.mx\/index.php?rest_route=%2Fwp%2Fv2%2Ftags&post=9834"}],"curies":[{"name":"wp","href":"https:\/\/api.w.org\/{rel}","templated":true}]}}