{"id":9782,"date":"2026-02-05T14:55:35","date_gmt":"2026-02-05T20:55:35","guid":{"rendered":"https:\/\/arjenoticias.com\/?p=9782"},"modified":"2026-02-05T14:55:35","modified_gmt":"2026-02-05T20:55:35","slug":"arjenoticias-conocer-impulsa-certificacion-en-mazatlan","status":"publish","type":"post","link":"https:\/\/arjenoticias.com.mx\/?p=9782","title":{"rendered":"CONOCER impulsa certificaci\u00f3n del Centro de Ense\u00f1anza Continental en Mazatl\u00e1n"},"content":{"rendered":"\n<p class=\"wp-block-paragraph\"><strong>Mazatl\u00e1n, Sinaloa.\u2013<\/strong> En el marco de la Estrategia Nacional de Certificaci\u00f3n impulsada por el Consejo Nacional de Normalizaci\u00f3n y Certificaci\u00f3n de Competencias Laborales (CONOCER MX), se llev\u00f3 a cabo la acreditaci\u00f3n del <strong>Centro de Ense\u00f1anza Continental (CEC)<\/strong> como <strong>Entidad de Certificaci\u00f3n y Evaluaci\u00f3n<\/strong>, fortaleciendo as\u00ed la profesionalizaci\u00f3n del capital humano en la regi\u00f3n.<\/p>\n\n\n\n<p class=\"wp-block-paragraph\">Durante la jornada, <strong>Guillermina Alvarado<\/strong>, representante de CONOCER, destac\u00f3 la importancia de sumar instituciones comprometidas con el desarrollo de competencias laborales alineadas a est\u00e1ndares nacionales, subrayando que este tipo de acciones generan impactos reales en la empleabilidad y el bienestar social.<\/p>\n\n\n\n<p class=\"wp-block-paragraph\">\u201c<em>Me voy muy feliz de Mazatl\u00e1n. En nuestro andar por impulsar la Estrategia Nacional de Certificaci\u00f3n del CONOCER MX, acompa\u00f1amos la acreditaci\u00f3n del Centro de Ense\u00f1anza Continental como Entidad de Certificaci\u00f3n y Evaluaci\u00f3n. Orgullosa de ver el crecimiento de la colaboraci\u00f3n para profesionalizar el capital humano y abrir caminos reales de bienestar<\/em>\u201d, expres\u00f3 Alvarado.<\/p>\n\n\n\n<p class=\"wp-block-paragraph\">La acreditaci\u00f3n del CEC representa un paso significativo para ampliar la oferta de evaluaci\u00f3n y certificaci\u00f3n de competencias laborales, permitiendo que m\u00e1s personas accedan a procesos formales de reconocimiento de saberes, habilidades y experiencia, lo que se traduce en mayores oportunidades de desarrollo profesional.<\/p>\n\n\n\n<p class=\"wp-block-paragraph\">Autoridades y representantes acad\u00e9micos coincidieron en que la colaboraci\u00f3n entre CONOCER y las instituciones educativas consolida un modelo de certificaci\u00f3n con enfoque social, incluyente y orientado a las necesidades del mercado laboral actual.<\/p>\n\n\n\n<p class=\"wp-block-paragraph\">Con estas acciones, CONOCER reafirma su compromiso de fortalecer el Sistema Nacional de Competencias y de impulsar alianzas estrat\u00e9gicas que contribuyan a la transformaci\u00f3n del talento humano en M\u00e9xico.<\/p>\n\n\n\n<p class=\"wp-block-paragraph\"><\/p>\n","protected":false},"excerpt":{"rendered":"<p>Mazatl\u00e1n, Sinaloa.\u2013 En el marco de la Estrategia Nacional de Certificaci\u00f3n impulsada por el Consejo&#8230;<\/p>\n","protected":false},"author":66,"featured_media":9783,"comment_status":"closed","ping_status":"closed","sticky":false,"template":"","format":"standard","meta":{"footnotes":""},"categories":[13],"tags":[482],"class_list":["post-9782","post","type-post","status-publish","format-standard","has-post-thumbnail","hentry","category-politica","tag-conocer"],"yoast_head":"<!-- This site is optimized with the Yoast SEO plugin v28.4 - https:\/\/yoast.com\/product\/yoast-seo-wordpress\/ -->\n<title>CONOCER impulsa certificaci\u00f3n del Centro de Ense\u00f1anza Continental en Mazatl\u00e1n -<\/title>\n<meta name=\"description\" content=\"CONOCER MX acredit\u00f3 al Centro de Ense\u00f1anza Continental como Entidad de Certificaci\u00f3n y Evaluaci\u00f3n en Mazatl\u00e1n, fortaleciendo la Estrategia Nacional de Certificaci\u00f3n y la profesionalizaci\u00f3n del capital humano.\" \/>\n<meta name=\"robots\" content=\"index, follow, max-snippet:-1, max-image-preview:large, max-video-preview:-1\" \/>\n<link rel=\"canonical\" href=\"https:\/\/arjenoticias.com.mx\/?p=9782\" \/>\n<meta property=\"og:locale\" content=\"es_MX\" \/>\n<meta property=\"og:type\" content=\"article\" \/>\n<meta property=\"og:title\" content=\"CONOCER impulsa certificaci\u00f3n del Centro de Ense\u00f1anza Continental en Mazatl\u00e1n -\" \/>\n<meta property=\"og:description\" content=\"CONOCER MX acredit\u00f3 al Centro de Ense\u00f1anza Continental como Entidad de Certificaci\u00f3n y Evaluaci\u00f3n en Mazatl\u00e1n, fortaleciendo la Estrategia Nacional de Certificaci\u00f3n y la profesionalizaci\u00f3n del capital humano.\" \/>\n<meta property=\"og:url\" content=\"https:\/\/arjenoticias.com.mx\/?p=9782\" \/>\n<meta property=\"article:published_time\" content=\"2026-02-05T20:55:35+00:00\" \/>\n<meta property=\"og:image\" content=\"https:\/\/arjenoticias.com.mx\/wp-content\/uploads\/2026\/02\/CONOCER-MAzatlan.jpg\" \/>\n\t<meta property=\"og:image:width\" content=\"1440\" \/>\n\t<meta property=\"og:image:height\" content=\"960\" \/>\n\t<meta property=\"og:image:type\" content=\"image\/jpeg\" \/>\n<meta name=\"author\" content=\"Arj\u00e9 Noticias\" \/>\n<meta name=\"twitter:card\" content=\"summary_large_image\" \/>\n<meta name=\"twitter:label1\" content=\"Escrito por\" \/>\n\t<meta name=\"twitter:data1\" content=\"Arj\u00e9 Noticias\" \/>\n\t<meta name=\"twitter:label2\" content=\"Tiempo de lectura\" \/>\n\t<meta name=\"twitter:data2\" content=\"2 minutos\" \/>\n<script type=\"application\/ld+json\" class=\"yoast-schema-graph\">{\"@context\":\"https:\\\/\\\/schema.org\",\"@graph\":[{\"@type\":\"Article\",\"@id\":\"https:\\\/\\\/arjenoticias.com.mx\\\/?p=9782#article\",\"isPartOf\":{\"@id\":\"https:\\\/\\\/arjenoticias.com.mx\\\/?p=9782\"},\"author\":{\"name\":\"Arj\u00e9 Noticias\",\"@id\":\"https:\\\/\\\/arjenoticias.com.mx\\\/#\\\/schema\\\/person\\\/83f9fb68162b16794b69a8186dd31bc0\"},\"headline\":\"CONOCER impulsa certificaci\u00f3n del Centro de Ense\u00f1anza Continental en Mazatl\u00e1n\",\"datePublished\":\"2026-02-05T20:55:35+00:00\",\"mainEntityOfPage\":{\"@id\":\"https:\\\/\\\/arjenoticias.com.mx\\\/?p=9782\"},\"wordCount\":296,\"publisher\":{\"@id\":\"https:\\\/\\\/arjenoticias.com.mx\\\/#organization\"},\"image\":{\"@id\":\"https:\\\/\\\/arjenoticias.com.mx\\\/?p=9782#primaryimage\"},\"thumbnailUrl\":\"https:\\\/\\\/arjenoticias.com.mx\\\/wp-content\\\/uploads\\\/2026\\\/02\\\/CONOCER-MAzatlan.jpg\",\"keywords\":[\"CONOCER\"],\"articleSection\":[\"Pol\u00edtica\"],\"inLanguage\":\"es\"},{\"@type\":\"WebPage\",\"@id\":\"https:\\\/\\\/arjenoticias.com.mx\\\/?p=9782\",\"url\":\"https:\\\/\\\/arjenoticias.com.mx\\\/?p=9782\",\"name\":\"CONOCER impulsa certificaci\u00f3n del Centro de Ense\u00f1anza Continental en Mazatl\u00e1n -\",\"isPartOf\":{\"@id\":\"https:\\\/\\\/arjenoticias.com.mx\\\/#website\"},\"primaryImageOfPage\":{\"@id\":\"https:\\\/\\\/arjenoticias.com.mx\\\/?p=9782#primaryimage\"},\"image\":{\"@id\":\"https:\\\/\\\/arjenoticias.com.mx\\\/?p=9782#primaryimage\"},\"thumbnailUrl\":\"https:\\\/\\\/arjenoticias.com.mx\\\/wp-content\\\/uploads\\\/2026\\\/02\\\/CONOCER-MAzatlan.jpg\",\"datePublished\":\"2026-02-05T20:55:35+00:00\",\"description\":\"CONOCER MX acredit\u00f3 al Centro de Ense\u00f1anza Continental como Entidad de Certificaci\u00f3n y Evaluaci\u00f3n en Mazatl\u00e1n, fortaleciendo la Estrategia Nacional de Certificaci\u00f3n y la profesionalizaci\u00f3n del capital humano.\",\"breadcrumb\":{\"@id\":\"https:\\\/\\\/arjenoticias.com.mx\\\/?p=9782#breadcrumb\"},\"inLanguage\":\"es\",\"potentialAction\":[{\"@type\":\"ReadAction\",\"target\":[\"https:\\\/\\\/arjenoticias.com.mx\\\/?p=9782\"]}]},{\"@type\":\"ImageObject\",\"inLanguage\":\"es\",\"@id\":\"https:\\\/\\\/arjenoticias.com.mx\\\/?p=9782#primaryimage\",\"url\":\"https:\\\/\\\/arjenoticias.com.mx\\\/wp-content\\\/uploads\\\/2026\\\/02\\\/CONOCER-MAzatlan.jpg\",\"contentUrl\":\"https:\\\/\\\/arjenoticias.com.mx\\\/wp-content\\\/uploads\\\/2026\\\/02\\\/CONOCER-MAzatlan.jpg\",\"width\":1440,\"height\":960,\"caption\":\"CONOCER acredita al Centro de Ense\u00f1anza Continental como Entidad de Certificaci\u00f3n en Mazatl\u00e1n\"},{\"@type\":\"BreadcrumbList\",\"@id\":\"https:\\\/\\\/arjenoticias.com.mx\\\/?p=9782#breadcrumb\",\"itemListElement\":[{\"@type\":\"ListItem\",\"position\":1,\"name\":\"Inicio\",\"item\":\"https:\\\/\\\/arjenoticias.com.mx\\\/\"},{\"@type\":\"ListItem\",\"position\":2,\"name\":\"CONOCER impulsa certificaci\u00f3n del Centro de Ense\u00f1anza Continental en Mazatl\u00e1n\"}]},{\"@type\":\"WebSite\",\"@id\":\"https:\\\/\\\/arjenoticias.com.mx\\\/#website\",\"url\":\"https:\\\/\\\/arjenoticias.com.mx\\\/\",\"name\":\"arjenoticias.com.mx\",\"description\":\"\",\"publisher\":{\"@id\":\"https:\\\/\\\/arjenoticias.com.mx\\\/#organization\"},\"potentialAction\":[{\"@type\":\"SearchAction\",\"target\":{\"@type\":\"EntryPoint\",\"urlTemplate\":\"https:\\\/\\\/arjenoticias.com.mx\\\/?s={search_term_string}\"},\"query-input\":{\"@type\":\"PropertyValueSpecification\",\"valueRequired\":true,\"valueName\":\"search_term_string\"}}],\"inLanguage\":\"es\"},{\"@type\":\"Organization\",\"@id\":\"https:\\\/\\\/arjenoticias.com.mx\\\/#organization\",\"name\":\"Arj\u00e9 de M\u00e9xico Noticias\",\"url\":\"https:\\\/\\\/arjenoticias.com.mx\\\/\",\"logo\":{\"@type\":\"ImageObject\",\"inLanguage\":\"es\",\"@id\":\"https:\\\/\\\/arjenoticias.com.mx\\\/#\\\/schema\\\/logo\\\/image\\\/\",\"url\":\"https:\\\/\\\/arjenoticias.com.mx\\\/wp-content\\\/uploads\\\/2025\\\/07\\\/cropped-logo-scaled-1.png\",\"contentUrl\":\"https:\\\/\\\/arjenoticias.com.mx\\\/wp-content\\\/uploads\\\/2025\\\/07\\\/cropped-logo-scaled-1.png\",\"width\":2558,\"height\":558,\"caption\":\"Arj\u00e9 de M\u00e9xico Noticias\"},\"image\":{\"@id\":\"https:\\\/\\\/arjenoticias.com.mx\\\/#\\\/schema\\\/logo\\\/image\\\/\"}},{\"@type\":\"Person\",\"@id\":\"https:\\\/\\\/arjenoticias.com.mx\\\/#\\\/schema\\\/person\\\/83f9fb68162b16794b69a8186dd31bc0\",\"name\":\"Arj\u00e9 Noticias\",\"image\":{\"@type\":\"ImageObject\",\"inLanguage\":\"es\",\"@id\":\"https:\\\/\\\/secure.gravatar.com\\\/avatar\\\/f604b88a0e24c04f3f89fae6b5400bfd6093d0999292a64803d3651d9d4a35a5?s=96&d=mm&r=g\",\"url\":\"https:\\\/\\\/secure.gravatar.com\\\/avatar\\\/f604b88a0e24c04f3f89fae6b5400bfd6093d0999292a64803d3651d9d4a35a5?s=96&d=mm&r=g\",\"contentUrl\":\"https:\\\/\\\/secure.gravatar.com\\\/avatar\\\/f604b88a0e24c04f3f89fae6b5400bfd6093d0999292a64803d3651d9d4a35a5?s=96&d=mm&r=g\",\"caption\":\"Arj\u00e9 Noticias\"},\"url\":\"https:\\\/\\\/arjenoticias.com.mx\\\/?author=66\"}]}<\/script>\n<!-- \/ Yoast SEO plugin. -->","yoast_head_json":{"title":"CONOCER impulsa certificaci\u00f3n del Centro de Ense\u00f1anza Continental en Mazatl\u00e1n -","description":"CONOCER MX acredit\u00f3 al Centro de Ense\u00f1anza Continental como Entidad de Certificaci\u00f3n y Evaluaci\u00f3n en Mazatl\u00e1n, fortaleciendo la Estrategia Nacional de Certificaci\u00f3n y la profesionalizaci\u00f3n del capital humano.","robots":{"index":"index","follow":"follow","max-snippet":"max-snippet:-1","max-image-preview":"max-image-preview:large","max-video-preview":"max-video-preview:-1"},"canonical":"https:\/\/arjenoticias.com.mx\/?p=9782","og_locale":"es_MX","og_type":"article","og_title":"CONOCER impulsa certificaci\u00f3n del Centro de Ense\u00f1anza Continental en Mazatl\u00e1n -","og_description":"CONOCER MX acredit\u00f3 al Centro de Ense\u00f1anza Continental como Entidad de Certificaci\u00f3n y Evaluaci\u00f3n en Mazatl\u00e1n, fortaleciendo la Estrategia Nacional de Certificaci\u00f3n y la profesionalizaci\u00f3n del capital humano.","og_url":"https:\/\/arjenoticias.com.mx\/?p=9782","article_published_time":"2026-02-05T20:55:35+00:00","og_image":[{"width":1440,"height":960,"url":"https:\/\/arjenoticias.com.mx\/wp-content\/uploads\/2026\/02\/CONOCER-MAzatlan.jpg","type":"image\/jpeg"}],"author":"Arj\u00e9 Noticias","twitter_card":"summary_large_image","twitter_misc":{"Escrito por":"Arj\u00e9 Noticias","Tiempo de lectura":"2 minutos"},"schema":{"@context":"https:\/\/schema.org","@graph":[{"@type":"Article","@id":"https:\/\/arjenoticias.com.mx\/?p=9782#article","isPartOf":{"@id":"https:\/\/arjenoticias.com.mx\/?p=9782"},"author":{"name":"Arj\u00e9 Noticias","@id":"https:\/\/arjenoticias.com.mx\/#\/schema\/person\/83f9fb68162b16794b69a8186dd31bc0"},"headline":"CONOCER impulsa certificaci\u00f3n del Centro de Ense\u00f1anza Continental en Mazatl\u00e1n","datePublished":"2026-02-05T20:55:35+00:00","mainEntityOfPage":{"@id":"https:\/\/arjenoticias.com.mx\/?p=9782"},"wordCount":296,"publisher":{"@id":"https:\/\/arjenoticias.com.mx\/#organization"},"image":{"@id":"https:\/\/arjenoticias.com.mx\/?p=9782#primaryimage"},"thumbnailUrl":"https:\/\/arjenoticias.com.mx\/wp-content\/uploads\/2026\/02\/CONOCER-MAzatlan.jpg","keywords":["CONOCER"],"articleSection":["Pol\u00edtica"],"inLanguage":"es"},{"@type":"WebPage","@id":"https:\/\/arjenoticias.com.mx\/?p=9782","url":"https:\/\/arjenoticias.com.mx\/?p=9782","name":"CONOCER impulsa certificaci\u00f3n del Centro de Ense\u00f1anza Continental en Mazatl\u00e1n -","isPartOf":{"@id":"https:\/\/arjenoticias.com.mx\/#website"},"primaryImageOfPage":{"@id":"https:\/\/arjenoticias.com.mx\/?p=9782#primaryimage"},"image":{"@id":"https:\/\/arjenoticias.com.mx\/?p=9782#primaryimage"},"thumbnailUrl":"https:\/\/arjenoticias.com.mx\/wp-content\/uploads\/2026\/02\/CONOCER-MAzatlan.jpg","datePublished":"2026-02-05T20:55:35+00:00","description":"CONOCER MX acredit\u00f3 al Centro de Ense\u00f1anza Continental como Entidad de Certificaci\u00f3n y Evaluaci\u00f3n en Mazatl\u00e1n, fortaleciendo la Estrategia Nacional de Certificaci\u00f3n y la profesionalizaci\u00f3n del capital humano.","breadcrumb":{"@id":"https:\/\/arjenoticias.com.mx\/?p=9782#breadcrumb"},"inLanguage":"es","potentialAction":[{"@type":"ReadAction","target":["https:\/\/arjenoticias.com.mx\/?p=9782"]}]},{"@type":"ImageObject","inLanguage":"es","@id":"https:\/\/arjenoticias.com.mx\/?p=9782#primaryimage","url":"https:\/\/arjenoticias.com.mx\/wp-content\/uploads\/2026\/02\/CONOCER-MAzatlan.jpg","contentUrl":"https:\/\/arjenoticias.com.mx\/wp-content\/uploads\/2026\/02\/CONOCER-MAzatlan.jpg","width":1440,"height":960,"caption":"CONOCER acredita al Centro de Ense\u00f1anza Continental como Entidad de Certificaci\u00f3n en Mazatl\u00e1n"},{"@type":"BreadcrumbList","@id":"https:\/\/arjenoticias.com.mx\/?p=9782#breadcrumb","itemListElement":[{"@type":"ListItem","position":1,"name":"Inicio","item":"https:\/\/arjenoticias.com.mx\/"},{"@type":"ListItem","position":2,"name":"CONOCER impulsa certificaci\u00f3n del Centro de Ense\u00f1anza Continental en Mazatl\u00e1n"}]},{"@type":"WebSite","@id":"https:\/\/arjenoticias.com.mx\/#website","url":"https:\/\/arjenoticias.com.mx\/","name":"arjenoticias.com.mx","description":"","publisher":{"@id":"https:\/\/arjenoticias.com.mx\/#organization"},"potentialAction":[{"@type":"SearchAction","target":{"@type":"EntryPoint","urlTemplate":"https:\/\/arjenoticias.com.mx\/?s={search_term_string}"},"query-input":{"@type":"PropertyValueSpecification","valueRequired":true,"valueName":"search_term_string"}}],"inLanguage":"es"},{"@type":"Organization","@id":"https:\/\/arjenoticias.com.mx\/#organization","name":"Arj\u00e9 de M\u00e9xico Noticias","url":"https:\/\/arjenoticias.com.mx\/","logo":{"@type":"ImageObject","inLanguage":"es","@id":"https:\/\/arjenoticias.com.mx\/#\/schema\/logo\/image\/","url":"https:\/\/arjenoticias.com.mx\/wp-content\/uploads\/2025\/07\/cropped-logo-scaled-1.png","contentUrl":"https:\/\/arjenoticias.com.mx\/wp-content\/uploads\/2025\/07\/cropped-logo-scaled-1.png","width":2558,"height":558,"caption":"Arj\u00e9 de M\u00e9xico Noticias"},"image":{"@id":"https:\/\/arjenoticias.com.mx\/#\/schema\/logo\/image\/"}},{"@type":"Person","@id":"https:\/\/arjenoticias.com.mx\/#\/schema\/person\/83f9fb68162b16794b69a8186dd31bc0","name":"Arj\u00e9 Noticias","image":{"@type":"ImageObject","inLanguage":"es","@id":"https:\/\/secure.gravatar.com\/avatar\/f604b88a0e24c04f3f89fae6b5400bfd6093d0999292a64803d3651d9d4a35a5?s=96&d=mm&r=g","url":"https:\/\/secure.gravatar.com\/avatar\/f604b88a0e24c04f3f89fae6b5400bfd6093d0999292a64803d3651d9d4a35a5?s=96&d=mm&r=g","contentUrl":"https:\/\/secure.gravatar.com\/avatar\/f604b88a0e24c04f3f89fae6b5400bfd6093d0999292a64803d3651d9d4a35a5?s=96&d=mm&r=g","caption":"Arj\u00e9 Noticias"},"url":"https:\/\/arjenoticias.com.mx\/?author=66"}]}},"_links":{"self":[{"href":"https:\/\/arjenoticias.com.mx\/index.php?rest_route=\/wp\/v2\/posts\/9782","targetHints":{"allow":["GET"]}}],"collection":[{"href":"https:\/\/arjenoticias.com.mx\/index.php?rest_route=\/wp\/v2\/posts"}],"about":[{"href":"https:\/\/arjenoticias.com.mx\/index.php?rest_route=\/wp\/v2\/types\/post"}],"author":[{"embeddable":true,"href":"https:\/\/arjenoticias.com.mx\/index.php?rest_route=\/wp\/v2\/users\/66"}],"replies":[{"embeddable":true,"href":"https:\/\/arjenoticias.com.mx\/index.php?rest_route=%2Fwp%2Fv2%2Fcomments&post=9782"}],"version-history":[{"count":0,"href":"https:\/\/arjenoticias.com.mx\/index.php?rest_route=\/wp\/v2\/posts\/9782\/revisions"}],"wp:featuredmedia":[{"embeddable":true,"href":"https:\/\/arjenoticias.com.mx\/index.php?rest_route=\/wp\/v2\/media\/9783"}],"wp:attachment":[{"href":"https:\/\/arjenoticias.com.mx\/index.php?rest_route=%2Fwp%2Fv2%2Fmedia&parent=9782"}],"wp:term":[{"taxonomy":"category","embeddable":true,"href":"https:\/\/arjenoticias.com.mx\/index.php?rest_route=%2Fwp%2Fv2%2Fcategories&post=9782"},{"taxonomy":"post_tag","embeddable":true,"href":"https:\/\/arjenoticias.com.mx\/index.php?rest_route=%2Fwp%2Fv2%2Ftags&post=9782"}],"curies":[{"name":"wp","href":"https:\/\/api.w.org\/{rel}","templated":true}]}}