{"id":9776,"date":"2026-02-05T13:29:25","date_gmt":"2026-02-05T19:29:25","guid":{"rendered":"https:\/\/arjenoticias.com\/?p=9776"},"modified":"2026-02-05T13:29:25","modified_gmt":"2026-02-05T19:29:25","slug":"arjenoticias-sheinbaum-segundo-ano-en-el-poder-ernsto-cerda","status":"publish","type":"post","link":"https:\/\/arjenoticias.com.mx\/?p=9776","title":{"rendered":"Sheinbaum, segundo a\u00f1o en el poder: \u00bfContinuidad absoluta o evoluci\u00f3n estrat\u00e9gica?"},"content":{"rendered":"\n<p class=\"wp-block-paragraph\">Tradicionalmente, el segundo a\u00f1o es el periodo en el que la presidencia demuestra qui\u00e9n ostenta realmente el mando, a menudo mediante el relevo de figuras clave que fueron &#8220;heredadas&#8221; o impuestas por compromisos pol\u00edticos de origen. La historia mexicana nos ofrece ejemplos claros:<br>\u2022 Carlos Salinas de Gortari (1990): Tras un primer a\u00f1o de legitimaci\u00f3n mediante el &#8220;Quinazo&#8221;, en su segundo a\u00f1o consolid\u00f3 el control sobre el PRI y sent\u00f3 las bases del TLCAN, eliminando cualquier sombra del sistema anterior.<br>\u2022 Ernesto Zedillo (1996): Superada la crisis del &#8220;error de diciembre&#8221;, su segundo a\u00f1o marc\u00f3 el rompimiento definitivo con Salinas y el inicio de una &#8220;sana distancia&#8221; con el partido, asumiendo el control administrativo total del pa\u00eds.<br>\u2022 Vicente Fox (2002): Represent\u00f3 un reto de control ante un Congreso dividido. Su toma del poder fue relativa; se centr\u00f3 en la creaci\u00f3n de instituciones como el IFAI (hoy INAI), buscando un mando basado en la transparencia, aunque dej\u00f3 intactas las estructuras de poder del antiguo r\u00e9gimen.<br>Cr\u00edtica a la &#8220;Comentocracia&#8221; y el Fen\u00f3meno Actual<br>Frecuentemente, los an\u00e1lisis de analistas y &#8220;coment\u00f3cratas&#8221; se encuadran en el sensacionalismo o el ragebait (contenido dise\u00f1ado para enfurecer) y, en \u00e1mbitos econ\u00f3micos, en un catastrofismo deliberado. El Instituto Ciudadano de Estudios Estrat\u00e9gicos (INCIDE) ha realizado una cr\u00edtica dial\u00e9ctica sobre estos enfoques.<br>[la &#8220;toma del poder&#8221; de la presidenta Sheinbaum ha seguido una ruta de institucionalizaci\u00f3n y relevos estrat\u00e9gicos que acciones ha iniciado a su consolidaci\u00f3n su poder:]<br>Bajo esta lente, analizamos el segundo a\u00f1o de la presidenta Claudia Sheinbaum (2026), cuya ruta de institucionalizaci\u00f3n se basa en los siguientes pilares:<\/p>\n\n\n\n<ol class=\"wp-block-list\">\n<li>Control del Gabinete: Tras los ajustes iniciales, la presidenta ha optado por estabilizar su equipo para proyectar una imagen de mando s\u00f3lido y sin fisuras.<\/li>\n\n\n\n<li>Desplazamiento de Facciones: La salida de figuras de &#8220;l\u00ednea dura&#8221; vinculadas al sexenio anterior se interpreta como un movimiento para colocar perfiles afines a su estilo de gobernanza t\u00e9cnica y operativa.<\/li>\n\n\n\n<li>Geograf\u00eda del Poder: El eje se ha desplazado del Norte y Centro hacia el Sureste, intentando elevar el estatus pol\u00edtico de esa regi\u00f3n hist\u00f3ricamente rezagada.<br>Condiciones para la Consolidaci\u00f3n<br>Para consolidar el control pleno en el sistema pol\u00edtico mexicano, son necesarias ciertas estrategias operativas en este segundo a\u00f1o:<br>\u2022 Consolidaci\u00f3n de un gabinete propio: Se observa una transici\u00f3n de lealtades, sustituyendo perfiles heredados por funcionarios de su absoluta confianza.<br>\u2022 Centralizaci\u00f3n Pol\u00edtica: Mediante el &#8220;Plan M\u00e9xico&#8221;, se busca transitar de la &#8220;continuidad&#8221; al &#8220;sello propio&#8221;, donde la inversi\u00f3n y la seguridad sigan una visi\u00f3n program\u00e1tica propia.<br>\u2022 Mando sobre el partido: La subordinaci\u00f3n de la estructura territorial de Morena a sus planes estrat\u00e9gicos es vital para evitar la sombra de otros liderazgos.<br>\u2022 Control del Poder Legislativo y de las Facciones<br>\u2022 Para realizar la transici\u00f3n de &#8220;continuidad&#8221; a &#8220;sello propio&#8221;, donde las prioridades de inversi\u00f3n y seguridad ya no solo siguen la inercia del pasado, sino su propia visi\u00f3n program\u00e1tica.<br>\u2022<br>La Reestratificaci\u00f3n Pol\u00edtica<br>Este proceso implica una reorganizaci\u00f3n profunda de las jerarqu\u00edas. Grupos que antes eran perif\u00e9ricos o considerados &#8220;clase baja&#8221; dentro del partido ascienden a la cima, alterando el orden establecido. Hist\u00f3ricamente, el ciclo pol\u00edtico en M\u00e9xico se divide as\u00ed:<br>\u2022 1er a\u00f1o: Aprendizaje y pago de cuotas pol\u00edticas.<br>\u2022 2do a\u00f1o: Toma de control presupuestal y ejecuci\u00f3n de grandes obras propias.<br>\u2022 3er a\u00f1o: Pico del poder antes de la distracci\u00f3n por la sucesi\u00f3n intermedia.<br>[Alerta: La reestratificaci\u00f3n suele ser un proceso tenso, y a veces violento, ya que las capas de poder desplazadas, rara vez ceden su lugar sin resistencia.]<\/li>\n\n\n\n<li>Los Vicios del An\u00e1lisis Sensacionalista<\/li>\n\n\n\n<li>INCIDE identifica que en la comunicaci\u00f3n pol\u00edtica prevalecen:<\/li>\n\n\n\n<li>[La emoci\u00f3n sobre el dato: Lenguaje cargado para generar clics en lugar de interpretaciones objetivas.][Selecci\u00f3n sesgada (Cherry-picking): Destacar solo datos que confirman el peor escenario.][Simplificaci\u00f3n y Distorsi\u00f3n: Reducci\u00f3n de problemas complejos a explicaciones falsas.][Fabricaci\u00f3n del miedo: Uso del p\u00e1nico como herramienta de captura de audiencia para obtener rentabilidad.][Polarizaci\u00f3n: Al basarse en la emoci\u00f3n y la culpabilizaci\u00f3n, estos an\u00e1lisis suelen dividir a la sociedad en bandos, impidiendo el debate racional][Pesquisa y captura de audiencia, fans que les reportan rentabilidad: Muchas veces, el objetivo no es informar, sino ganar notoriedad r\u00e1pida (ratings, visitas, seguidores) ][Finalmente, la llamada \u201cizquierda mexicana\u201d no ha querido escapar a esta atm\u00f3sfera de divisionismo, sectarismo y culto al personaje. Estos s\u00edntomas, de no corregirse, podr\u00edan representar el rasgo m\u00e1s grave del r\u00e9gimen actual. El segundo a\u00f1o es la oportunidad para que el sello propio de la mandataria sea visible por el bien de M\u00e9xico                             Incide ernesto cerda serna 5 de febrero 2026\u2026<\/li>\n<\/ol>\n","protected":false},"excerpt":{"rendered":"<p>Tradicionalmente, el segundo a\u00f1o es el periodo en el que la presidencia demuestra qui\u00e9n ostenta&#8230;<\/p>\n","protected":false},"author":116,"featured_media":9777,"comment_status":"closed","ping_status":"closed","sticky":false,"template":"","format":"standard","meta":{"footnotes":""},"categories":[13],"tags":[799],"class_list":["post-9776","post","type-post","status-publish","format-standard","has-post-thumbnail","hentry","category-politica","tag-el-segundo-ano-es-el-periodo-en-el-que-la-presidencia-demuestra-quien-ostenta-realmente-el-mando"],"yoast_head":"<!-- This site is optimized with the Yoast SEO plugin v28.4 - https:\/\/yoast.com\/product\/yoast-seo-wordpress\/ -->\n<title>Sheinbaum, segundo a\u00f1o en el poder: \u00bfContinuidad absoluta o evoluci\u00f3n estrat\u00e9gica? -<\/title>\n<meta name=\"description\" content=\"el segundo a\u00f1o es el periodo en el que la presidencia demuestra qui\u00e9n ostenta realmente el mando\" \/>\n<meta name=\"robots\" content=\"index, follow, max-snippet:-1, max-image-preview:large, max-video-preview:-1\" \/>\n<link rel=\"canonical\" href=\"https:\/\/arjenoticias.com.mx\/?p=9776\" \/>\n<meta property=\"og:locale\" content=\"es_MX\" \/>\n<meta property=\"og:type\" content=\"article\" \/>\n<meta property=\"og:title\" content=\"Sheinbaum, segundo a\u00f1o en el poder: \u00bfContinuidad absoluta o evoluci\u00f3n estrat\u00e9gica? -\" \/>\n<meta property=\"og:description\" content=\"el segundo a\u00f1o es el periodo en el que la presidencia demuestra qui\u00e9n ostenta realmente el mando\" \/>\n<meta property=\"og:url\" content=\"https:\/\/arjenoticias.com.mx\/?p=9776\" \/>\n<meta property=\"article:published_time\" content=\"2026-02-05T19:29:25+00:00\" \/>\n<meta name=\"author\" content=\"Ernesto Cerda Serna\" \/>\n<meta name=\"twitter:card\" content=\"summary_large_image\" \/>\n<meta name=\"twitter:label1\" content=\"Escrito por\" \/>\n\t<meta name=\"twitter:data1\" content=\"Ernesto Cerda Serna\" \/>\n\t<meta name=\"twitter:label2\" content=\"Tiempo de lectura\" \/>\n\t<meta name=\"twitter:data2\" content=\"4 minutos\" \/>\n<script type=\"application\/ld+json\" class=\"yoast-schema-graph\">{\"@context\":\"https:\\\/\\\/schema.org\",\"@graph\":[{\"@type\":\"Article\",\"@id\":\"https:\\\/\\\/arjenoticias.com.mx\\\/?p=9776#article\",\"isPartOf\":{\"@id\":\"https:\\\/\\\/arjenoticias.com.mx\\\/?p=9776\"},\"author\":{\"name\":\"Ernesto Cerda Serna\",\"@id\":\"https:\\\/\\\/arjenoticias.com.mx\\\/#\\\/schema\\\/person\\\/2ad7e535a55947e759ff45b302a363f2\"},\"headline\":\"Sheinbaum, segundo a\u00f1o en el poder: \u00bfContinuidad absoluta o evoluci\u00f3n estrat\u00e9gica?\",\"datePublished\":\"2026-02-05T19:29:25+00:00\",\"mainEntityOfPage\":{\"@id\":\"https:\\\/\\\/arjenoticias.com.mx\\\/?p=9776\"},\"wordCount\":836,\"publisher\":{\"@id\":\"https:\\\/\\\/arjenoticias.com.mx\\\/#organization\"},\"image\":{\"@id\":\"https:\\\/\\\/arjenoticias.com.mx\\\/?p=9776#primaryimage\"},\"thumbnailUrl\":\"\",\"keywords\":[\"el segundo a\u00f1o es el periodo en el que la presidencia demuestra qui\u00e9n ostenta realmente el mando\"],\"articleSection\":[\"Pol\u00edtica\"],\"inLanguage\":\"es\"},{\"@type\":\"WebPage\",\"@id\":\"https:\\\/\\\/arjenoticias.com.mx\\\/?p=9776\",\"url\":\"https:\\\/\\\/arjenoticias.com.mx\\\/?p=9776\",\"name\":\"Sheinbaum, segundo a\u00f1o en el poder: \u00bfContinuidad absoluta o evoluci\u00f3n estrat\u00e9gica? -\",\"isPartOf\":{\"@id\":\"https:\\\/\\\/arjenoticias.com.mx\\\/#website\"},\"primaryImageOfPage\":{\"@id\":\"https:\\\/\\\/arjenoticias.com.mx\\\/?p=9776#primaryimage\"},\"image\":{\"@id\":\"https:\\\/\\\/arjenoticias.com.mx\\\/?p=9776#primaryimage\"},\"thumbnailUrl\":\"\",\"datePublished\":\"2026-02-05T19:29:25+00:00\",\"description\":\"el segundo a\u00f1o es el periodo en el que la presidencia demuestra qui\u00e9n ostenta realmente el mando\",\"breadcrumb\":{\"@id\":\"https:\\\/\\\/arjenoticias.com.mx\\\/?p=9776#breadcrumb\"},\"inLanguage\":\"es\",\"potentialAction\":[{\"@type\":\"ReadAction\",\"target\":[\"https:\\\/\\\/arjenoticias.com.mx\\\/?p=9776\"]}]},{\"@type\":\"ImageObject\",\"inLanguage\":\"es\",\"@id\":\"https:\\\/\\\/arjenoticias.com.mx\\\/?p=9776#primaryimage\",\"url\":\"\",\"contentUrl\":\"\"},{\"@type\":\"BreadcrumbList\",\"@id\":\"https:\\\/\\\/arjenoticias.com.mx\\\/?p=9776#breadcrumb\",\"itemListElement\":[{\"@type\":\"ListItem\",\"position\":1,\"name\":\"Inicio\",\"item\":\"https:\\\/\\\/arjenoticias.com.mx\\\/\"},{\"@type\":\"ListItem\",\"position\":2,\"name\":\"Sheinbaum, segundo a\u00f1o en el poder: \u00bfContinuidad absoluta o evoluci\u00f3n estrat\u00e9gica?\"}]},{\"@type\":\"WebSite\",\"@id\":\"https:\\\/\\\/arjenoticias.com.mx\\\/#website\",\"url\":\"https:\\\/\\\/arjenoticias.com.mx\\\/\",\"name\":\"arjenoticias.com.mx\",\"description\":\"\",\"publisher\":{\"@id\":\"https:\\\/\\\/arjenoticias.com.mx\\\/#organization\"},\"potentialAction\":[{\"@type\":\"SearchAction\",\"target\":{\"@type\":\"EntryPoint\",\"urlTemplate\":\"https:\\\/\\\/arjenoticias.com.mx\\\/?s={search_term_string}\"},\"query-input\":{\"@type\":\"PropertyValueSpecification\",\"valueRequired\":true,\"valueName\":\"search_term_string\"}}],\"inLanguage\":\"es\"},{\"@type\":\"Organization\",\"@id\":\"https:\\\/\\\/arjenoticias.com.mx\\\/#organization\",\"name\":\"Arj\u00e9 de M\u00e9xico Noticias\",\"url\":\"https:\\\/\\\/arjenoticias.com.mx\\\/\",\"logo\":{\"@type\":\"ImageObject\",\"inLanguage\":\"es\",\"@id\":\"https:\\\/\\\/arjenoticias.com.mx\\\/#\\\/schema\\\/logo\\\/image\\\/\",\"url\":\"https:\\\/\\\/arjenoticias.com.mx\\\/wp-content\\\/uploads\\\/2025\\\/07\\\/cropped-logo-scaled-1.png\",\"contentUrl\":\"https:\\\/\\\/arjenoticias.com.mx\\\/wp-content\\\/uploads\\\/2025\\\/07\\\/cropped-logo-scaled-1.png\",\"width\":2558,\"height\":558,\"caption\":\"Arj\u00e9 de M\u00e9xico Noticias\"},\"image\":{\"@id\":\"https:\\\/\\\/arjenoticias.com.mx\\\/#\\\/schema\\\/logo\\\/image\\\/\"}},{\"@type\":\"Person\",\"@id\":\"https:\\\/\\\/arjenoticias.com.mx\\\/#\\\/schema\\\/person\\\/2ad7e535a55947e759ff45b302a363f2\",\"name\":\"Ernesto Cerda Serna\",\"image\":{\"@type\":\"ImageObject\",\"inLanguage\":\"es\",\"@id\":\"https:\\\/\\\/secure.gravatar.com\\\/avatar\\\/a0d413f94f7cf7eacca82a98d73d28dd212f5d11302595f228c14be42314eb4c?s=96&d=mm&r=g\",\"url\":\"https:\\\/\\\/secure.gravatar.com\\\/avatar\\\/a0d413f94f7cf7eacca82a98d73d28dd212f5d11302595f228c14be42314eb4c?s=96&d=mm&r=g\",\"contentUrl\":\"https:\\\/\\\/secure.gravatar.com\\\/avatar\\\/a0d413f94f7cf7eacca82a98d73d28dd212f5d11302595f228c14be42314eb4c?s=96&d=mm&r=g\",\"caption\":\"Ernesto Cerda Serna\"},\"url\":\"https:\\\/\\\/arjenoticias.com.mx\\\/?author=116\"}]}<\/script>\n<!-- \/ Yoast SEO plugin. -->","yoast_head_json":{"title":"Sheinbaum, segundo a\u00f1o en el poder: \u00bfContinuidad absoluta o evoluci\u00f3n estrat\u00e9gica? -","description":"el segundo a\u00f1o es el periodo en el que la presidencia demuestra qui\u00e9n ostenta realmente el mando","robots":{"index":"index","follow":"follow","max-snippet":"max-snippet:-1","max-image-preview":"max-image-preview:large","max-video-preview":"max-video-preview:-1"},"canonical":"https:\/\/arjenoticias.com.mx\/?p=9776","og_locale":"es_MX","og_type":"article","og_title":"Sheinbaum, segundo a\u00f1o en el poder: \u00bfContinuidad absoluta o evoluci\u00f3n estrat\u00e9gica? -","og_description":"el segundo a\u00f1o es el periodo en el que la presidencia demuestra qui\u00e9n ostenta realmente el mando","og_url":"https:\/\/arjenoticias.com.mx\/?p=9776","article_published_time":"2026-02-05T19:29:25+00:00","author":"Ernesto Cerda Serna","twitter_card":"summary_large_image","twitter_misc":{"Escrito por":"Ernesto Cerda Serna","Tiempo de lectura":"4 minutos"},"schema":{"@context":"https:\/\/schema.org","@graph":[{"@type":"Article","@id":"https:\/\/arjenoticias.com.mx\/?p=9776#article","isPartOf":{"@id":"https:\/\/arjenoticias.com.mx\/?p=9776"},"author":{"name":"Ernesto Cerda Serna","@id":"https:\/\/arjenoticias.com.mx\/#\/schema\/person\/2ad7e535a55947e759ff45b302a363f2"},"headline":"Sheinbaum, segundo a\u00f1o en el poder: \u00bfContinuidad absoluta o evoluci\u00f3n estrat\u00e9gica?","datePublished":"2026-02-05T19:29:25+00:00","mainEntityOfPage":{"@id":"https:\/\/arjenoticias.com.mx\/?p=9776"},"wordCount":836,"publisher":{"@id":"https:\/\/arjenoticias.com.mx\/#organization"},"image":{"@id":"https:\/\/arjenoticias.com.mx\/?p=9776#primaryimage"},"thumbnailUrl":"","keywords":["el segundo a\u00f1o es el periodo en el que la presidencia demuestra qui\u00e9n ostenta realmente el mando"],"articleSection":["Pol\u00edtica"],"inLanguage":"es"},{"@type":"WebPage","@id":"https:\/\/arjenoticias.com.mx\/?p=9776","url":"https:\/\/arjenoticias.com.mx\/?p=9776","name":"Sheinbaum, segundo a\u00f1o en el poder: \u00bfContinuidad absoluta o evoluci\u00f3n estrat\u00e9gica? -","isPartOf":{"@id":"https:\/\/arjenoticias.com.mx\/#website"},"primaryImageOfPage":{"@id":"https:\/\/arjenoticias.com.mx\/?p=9776#primaryimage"},"image":{"@id":"https:\/\/arjenoticias.com.mx\/?p=9776#primaryimage"},"thumbnailUrl":"","datePublished":"2026-02-05T19:29:25+00:00","description":"el segundo a\u00f1o es el periodo en el que la presidencia demuestra qui\u00e9n ostenta realmente el mando","breadcrumb":{"@id":"https:\/\/arjenoticias.com.mx\/?p=9776#breadcrumb"},"inLanguage":"es","potentialAction":[{"@type":"ReadAction","target":["https:\/\/arjenoticias.com.mx\/?p=9776"]}]},{"@type":"ImageObject","inLanguage":"es","@id":"https:\/\/arjenoticias.com.mx\/?p=9776#primaryimage","url":"","contentUrl":""},{"@type":"BreadcrumbList","@id":"https:\/\/arjenoticias.com.mx\/?p=9776#breadcrumb","itemListElement":[{"@type":"ListItem","position":1,"name":"Inicio","item":"https:\/\/arjenoticias.com.mx\/"},{"@type":"ListItem","position":2,"name":"Sheinbaum, segundo a\u00f1o en el poder: \u00bfContinuidad absoluta o evoluci\u00f3n estrat\u00e9gica?"}]},{"@type":"WebSite","@id":"https:\/\/arjenoticias.com.mx\/#website","url":"https:\/\/arjenoticias.com.mx\/","name":"arjenoticias.com.mx","description":"","publisher":{"@id":"https:\/\/arjenoticias.com.mx\/#organization"},"potentialAction":[{"@type":"SearchAction","target":{"@type":"EntryPoint","urlTemplate":"https:\/\/arjenoticias.com.mx\/?s={search_term_string}"},"query-input":{"@type":"PropertyValueSpecification","valueRequired":true,"valueName":"search_term_string"}}],"inLanguage":"es"},{"@type":"Organization","@id":"https:\/\/arjenoticias.com.mx\/#organization","name":"Arj\u00e9 de M\u00e9xico Noticias","url":"https:\/\/arjenoticias.com.mx\/","logo":{"@type":"ImageObject","inLanguage":"es","@id":"https:\/\/arjenoticias.com.mx\/#\/schema\/logo\/image\/","url":"https:\/\/arjenoticias.com.mx\/wp-content\/uploads\/2025\/07\/cropped-logo-scaled-1.png","contentUrl":"https:\/\/arjenoticias.com.mx\/wp-content\/uploads\/2025\/07\/cropped-logo-scaled-1.png","width":2558,"height":558,"caption":"Arj\u00e9 de M\u00e9xico Noticias"},"image":{"@id":"https:\/\/arjenoticias.com.mx\/#\/schema\/logo\/image\/"}},{"@type":"Person","@id":"https:\/\/arjenoticias.com.mx\/#\/schema\/person\/2ad7e535a55947e759ff45b302a363f2","name":"Ernesto Cerda Serna","image":{"@type":"ImageObject","inLanguage":"es","@id":"https:\/\/secure.gravatar.com\/avatar\/a0d413f94f7cf7eacca82a98d73d28dd212f5d11302595f228c14be42314eb4c?s=96&d=mm&r=g","url":"https:\/\/secure.gravatar.com\/avatar\/a0d413f94f7cf7eacca82a98d73d28dd212f5d11302595f228c14be42314eb4c?s=96&d=mm&r=g","contentUrl":"https:\/\/secure.gravatar.com\/avatar\/a0d413f94f7cf7eacca82a98d73d28dd212f5d11302595f228c14be42314eb4c?s=96&d=mm&r=g","caption":"Ernesto Cerda Serna"},"url":"https:\/\/arjenoticias.com.mx\/?author=116"}]}},"_links":{"self":[{"href":"https:\/\/arjenoticias.com.mx\/index.php?rest_route=\/wp\/v2\/posts\/9776","targetHints":{"allow":["GET"]}}],"collection":[{"href":"https:\/\/arjenoticias.com.mx\/index.php?rest_route=\/wp\/v2\/posts"}],"about":[{"href":"https:\/\/arjenoticias.com.mx\/index.php?rest_route=\/wp\/v2\/types\/post"}],"author":[{"embeddable":true,"href":"https:\/\/arjenoticias.com.mx\/index.php?rest_route=\/wp\/v2\/users\/116"}],"replies":[{"embeddable":true,"href":"https:\/\/arjenoticias.com.mx\/index.php?rest_route=%2Fwp%2Fv2%2Fcomments&post=9776"}],"version-history":[{"count":0,"href":"https:\/\/arjenoticias.com.mx\/index.php?rest_route=\/wp\/v2\/posts\/9776\/revisions"}],"wp:attachment":[{"href":"https:\/\/arjenoticias.com.mx\/index.php?rest_route=%2Fwp%2Fv2%2Fmedia&parent=9776"}],"wp:term":[{"taxonomy":"category","embeddable":true,"href":"https:\/\/arjenoticias.com.mx\/index.php?rest_route=%2Fwp%2Fv2%2Fcategories&post=9776"},{"taxonomy":"post_tag","embeddable":true,"href":"https:\/\/arjenoticias.com.mx\/index.php?rest_route=%2Fwp%2Fv2%2Ftags&post=9776"}],"curies":[{"name":"wp","href":"https:\/\/api.w.org\/{rel}","templated":true}]}}