{"id":9526,"date":"2026-01-29T12:53:30","date_gmt":"2026-01-29T18:53:30","guid":{"rendered":"https:\/\/arjenoticias.com\/?p=9526"},"modified":"2026-01-29T12:53:31","modified_gmt":"2026-01-29T18:53:31","slug":"congreso-de-nuevo-leon-reconocera-vocacion-de-servicio-de-mujer-policia-de-san-nicolas","status":"publish","type":"post","link":"https:\/\/arjenoticias.com.mx\/ciudad\/congreso-de-nuevo-leon-reconocera-vocacion-de-servicio-de-mujer-policia-de-san-nicolas\/","title":{"rendered":"Congreso de Nuevo Le\u00f3n reconocer\u00e1 vocaci\u00f3n de servicio de mujer polic\u00eda de San Nicol\u00e1s"},"content":{"rendered":"\n<p class=\"wp-block-paragraph\"><em>Monterrey, 28 de enero de 2026.<\/em>\u2014 El Congreso del Estado rendir\u00e1 un reconocimiento a Karla Chairez, elemento de la polic\u00eda municipal de San Nicol\u00e1s de los Garza, por su actuaci\u00f3n profesional y responsable al resguardar a varios menores de edad que se encontraban en estado de ebriedad, aplicando de manera adecuada el protocolo policial y priorizando la protecci\u00f3n de su integridad.<\/p>\n\n\n\n<p class=\"wp-block-paragraph\">La propuesta fue presentada por el diputado Mauro Guerra Villarreal, del Partido Acci\u00f3n Nacional, durante la sesi\u00f3n de la Diputaci\u00f3n Permanente, en la que destac\u00f3 el profesionalismo, el respeto a los derechos humanos, la vocaci\u00f3n de servicio y el alto sentido de responsabilidad institucional demostrados por la oficial.<\/p>\n\n\n\n<p class=\"wp-block-paragraph\">El legislador se\u00f1al\u00f3 que, en muchos casos, las llamadas de autoridades a los padres de familia suelen estar relacionadas con accidentes graves o incluso fallecimientos de sus hijos. En este hecho, subray\u00f3, la intervenci\u00f3n de la polic\u00eda Karla Chairez tuvo un desenlace distinto, al comunicarse con los padres no para dar una mala noticia, sino para informarles que sus hijos hab\u00edan sido resguardados por encontrarse bajo los efectos del alcohol, lo que pudo haber evitado una tragedia.<\/p>\n\n\n\n<p class=\"wp-block-paragraph\">Guerra Villarreal record\u00f3 que el caso se dio a conocer recientemente a trav\u00e9s de diversos medios de comunicaci\u00f3n y que la actuaci\u00f3n de la oficial se distingui\u00f3 por su enfoque preventivo, al optar por proteger a los menores, contactar a sus familias y transmitir un mensaje claro, firme y respetuoso sobre la responsabilidad compartida.<\/p>\n\n\n\n<p class=\"wp-block-paragraph\">\u201cEl hecho no solo evidenci\u00f3 profesionalismo, sino tambi\u00e9n sensibilidad social, vocaci\u00f3n de servicio y un claro entendimiento de la funci\u00f3n preventiva que debe caracterizar a las corporaciones de seguridad p\u00fablica\u201d, expres\u00f3 el diputado.<\/p>\n\n\n\n<p class=\"wp-block-paragraph\">Asimismo, destac\u00f3 que la intervenci\u00f3n de Karla Chairez representa un ejemplo de buenas pr\u00e1cticas policiales, al priorizar la integridad f\u00edsica de los menores, respetar el marco normativo estatal y municipal, y promover la corresponsabilidad familiar.<\/p>\n\n\n\n<p class=\"wp-block-paragraph\">El legislador panista afirm\u00f3 que con este reconocimiento se busca enviar un mensaje de que la autoridad puede y debe actuar con firmeza, pero tambi\u00e9n con responsabilidad institucional y enfoque humano.<\/p>\n\n\n\n<p class=\"wp-block-paragraph\">El homenaje a la oficial Karla Chairez se llevar\u00e1 a cabo en una sesi\u00f3n solemne de la 77 Legislatura del Congreso del Estado, cuya fecha ser\u00e1 definida por la Comisi\u00f3n de Coordinaci\u00f3n y R\u00e9gimen Interno.<\/p>\n","protected":false},"excerpt":{"rendered":"<p>Monterrey, 28 de enero de 2026.\u2014 El Congreso del Estado rendir\u00e1 un reconocimiento a Karla&#8230;<\/p>\n","protected":false},"author":7,"featured_media":9527,"comment_status":"closed","ping_status":"closed","sticky":false,"template":"","format":"standard","meta":{"footnotes":""},"categories":[2],"tags":[1250],"class_list":["post-9526","post","type-post","status-publish","format-standard","has-post-thumbnail","hentry","category-ciudad","tag-policia-de-san-nicolas"],"yoast_head":"<!-- This site is optimized with the Yoast SEO plugin v28.4 - https:\/\/yoast.com\/product\/yoast-seo-wordpress\/ -->\n<title>Congreso de Nuevo Le\u00f3n reconocer\u00e1 vocaci\u00f3n de servicio de mujer polic\u00eda de San Nicol\u00e1s -<\/title>\n<meta name=\"description\" content=\"El homenaje a la oficial de polic\u00eda de San Nicol\u00e1s, Karla Chairez se llevar\u00e1 a cabo en una sesi\u00f3n solemne de la 77 Legislatura del Congreso del Estado, cuya fecha ser\u00e1 definida por la Comisi\u00f3n de Coordinaci\u00f3n y R\u00e9gimen Interno.\" \/>\n<meta name=\"robots\" content=\"index, follow, max-snippet:-1, max-image-preview:large, max-video-preview:-1\" \/>\n<link rel=\"canonical\" href=\"https:\/\/arjenoticias.com.mx\/ciudad\/congreso-de-nuevo-leon-reconocera-vocacion-de-servicio-de-mujer-policia-de-san-nicolas\/\" \/>\n<meta property=\"og:locale\" content=\"es_ES\" \/>\n<meta property=\"og:type\" content=\"article\" \/>\n<meta property=\"og:title\" content=\"Congreso de Nuevo Le\u00f3n reconocer\u00e1 vocaci\u00f3n de servicio de mujer polic\u00eda de San Nicol\u00e1s -\" \/>\n<meta property=\"og:description\" content=\"El homenaje a la oficial de polic\u00eda de San Nicol\u00e1s, Karla Chairez se llevar\u00e1 a cabo en una sesi\u00f3n solemne de la 77 Legislatura del Congreso del Estado, cuya fecha ser\u00e1 definida por la Comisi\u00f3n de Coordinaci\u00f3n y R\u00e9gimen Interno.\" \/>\n<meta property=\"og:url\" content=\"https:\/\/arjenoticias.com.mx\/ciudad\/congreso-de-nuevo-leon-reconocera-vocacion-de-servicio-de-mujer-policia-de-san-nicolas\/\" \/>\n<meta property=\"article:publisher\" content=\"https:\/\/www.facebook.com\/ArjeNoticiasMX\" \/>\n<meta property=\"article:author\" content=\"https:\/\/www.facebook.com\/Teretere4671\/\" \/>\n<meta property=\"article:published_time\" content=\"2026-01-29T18:53:30+00:00\" \/>\n<meta property=\"article:modified_time\" content=\"2026-01-29T18:53:31+00:00\" \/>\n<meta property=\"og:image\" content=\"https:\/\/arjenoticias.com.mx\/wp-content\/uploads\/2026\/01\/55066137109_130eaa6183_b.jpg\" \/>\n\t<meta property=\"og:image:width\" content=\"1024\" \/>\n\t<meta property=\"og:image:height\" content=\"683\" \/>\n\t<meta property=\"og:image:type\" content=\"image\/jpeg\" \/>\n<meta name=\"author\" content=\"Teresa Sep\u00falveda Elizondo\" \/>\n<meta name=\"twitter:card\" content=\"summary_large_image\" \/>\n<meta name=\"twitter:creator\" content=\"@Teretere70\" \/>\n<meta name=\"twitter:site\" content=\"@ArjeNoticias\" \/>\n<meta name=\"twitter:label1\" content=\"Escrito por\" \/>\n\t<meta name=\"twitter:data1\" content=\"Teresa Sep\u00falveda Elizondo\" \/>\n\t<meta name=\"twitter:label2\" content=\"Tiempo de lectura\" \/>\n\t<meta name=\"twitter:data2\" content=\"2 minutos\" \/>\n<script type=\"application\/ld+json\" class=\"yoast-schema-graph\">{\"@context\":\"https:\\\/\\\/schema.org\",\"@graph\":[{\"@type\":\"Article\",\"@id\":\"https:\\\/\\\/arjenoticias.com.mx\\\/ciudad\\\/congreso-de-nuevo-leon-reconocera-vocacion-de-servicio-de-mujer-policia-de-san-nicolas\\\/#article\",\"isPartOf\":{\"@id\":\"https:\\\/\\\/arjenoticias.com.mx\\\/ciudad\\\/congreso-de-nuevo-leon-reconocera-vocacion-de-servicio-de-mujer-policia-de-san-nicolas\\\/\"},\"author\":{\"name\":\"Teresa Sep\u00falveda Elizondo\",\"@id\":\"https:\\\/\\\/arjenoticias.com.mx\\\/#\\\/schema\\\/person\\\/41d07e1bf27d42a3343a05b16a4173e4\"},\"headline\":\"Congreso de Nuevo Le\u00f3n reconocer\u00e1 vocaci\u00f3n de servicio de mujer polic\u00eda de San Nicol\u00e1s\",\"datePublished\":\"2026-01-29T18:53:30+00:00\",\"dateModified\":\"2026-01-29T18:53:31+00:00\",\"mainEntityOfPage\":{\"@id\":\"https:\\\/\\\/arjenoticias.com.mx\\\/ciudad\\\/congreso-de-nuevo-leon-reconocera-vocacion-de-servicio-de-mujer-policia-de-san-nicolas\\\/\"},\"wordCount\":416,\"publisher\":{\"@id\":\"https:\\\/\\\/arjenoticias.com.mx\\\/#organization\"},\"image\":{\"@id\":\"https:\\\/\\\/arjenoticias.com.mx\\\/ciudad\\\/congreso-de-nuevo-leon-reconocera-vocacion-de-servicio-de-mujer-policia-de-san-nicolas\\\/#primaryimage\"},\"thumbnailUrl\":\"https:\\\/\\\/arjenoticias.com.mx\\\/wp-content\\\/uploads\\\/2026\\\/01\\\/55066137109_130eaa6183_b.jpg\",\"keywords\":[\"Polic\u00eda de San Nicol\u00e1s\"],\"articleSection\":[\"Ciudad\"],\"inLanguage\":\"es\"},{\"@type\":\"WebPage\",\"@id\":\"https:\\\/\\\/arjenoticias.com.mx\\\/ciudad\\\/congreso-de-nuevo-leon-reconocera-vocacion-de-servicio-de-mujer-policia-de-san-nicolas\\\/\",\"url\":\"https:\\\/\\\/arjenoticias.com.mx\\\/ciudad\\\/congreso-de-nuevo-leon-reconocera-vocacion-de-servicio-de-mujer-policia-de-san-nicolas\\\/\",\"name\":\"Congreso de Nuevo Le\u00f3n reconocer\u00e1 vocaci\u00f3n de servicio de mujer polic\u00eda de San Nicol\u00e1s -\",\"isPartOf\":{\"@id\":\"https:\\\/\\\/arjenoticias.com.mx\\\/#website\"},\"primaryImageOfPage\":{\"@id\":\"https:\\\/\\\/arjenoticias.com.mx\\\/ciudad\\\/congreso-de-nuevo-leon-reconocera-vocacion-de-servicio-de-mujer-policia-de-san-nicolas\\\/#primaryimage\"},\"image\":{\"@id\":\"https:\\\/\\\/arjenoticias.com.mx\\\/ciudad\\\/congreso-de-nuevo-leon-reconocera-vocacion-de-servicio-de-mujer-policia-de-san-nicolas\\\/#primaryimage\"},\"thumbnailUrl\":\"https:\\\/\\\/arjenoticias.com.mx\\\/wp-content\\\/uploads\\\/2026\\\/01\\\/55066137109_130eaa6183_b.jpg\",\"datePublished\":\"2026-01-29T18:53:30+00:00\",\"dateModified\":\"2026-01-29T18:53:31+00:00\",\"description\":\"El homenaje a la oficial de polic\u00eda de San Nicol\u00e1s, Karla Chairez se llevar\u00e1 a cabo en una sesi\u00f3n solemne de la 77 Legislatura del Congreso del Estado, cuya fecha ser\u00e1 definida por la Comisi\u00f3n de Coordinaci\u00f3n y R\u00e9gimen Interno.\",\"breadcrumb\":{\"@id\":\"https:\\\/\\\/arjenoticias.com.mx\\\/ciudad\\\/congreso-de-nuevo-leon-reconocera-vocacion-de-servicio-de-mujer-policia-de-san-nicolas\\\/#breadcrumb\"},\"inLanguage\":\"es\",\"potentialAction\":[{\"@type\":\"ReadAction\",\"target\":[\"https:\\\/\\\/arjenoticias.com.mx\\\/ciudad\\\/congreso-de-nuevo-leon-reconocera-vocacion-de-servicio-de-mujer-policia-de-san-nicolas\\\/\"]}]},{\"@type\":\"ImageObject\",\"inLanguage\":\"es\",\"@id\":\"https:\\\/\\\/arjenoticias.com.mx\\\/ciudad\\\/congreso-de-nuevo-leon-reconocera-vocacion-de-servicio-de-mujer-policia-de-san-nicolas\\\/#primaryimage\",\"url\":\"https:\\\/\\\/arjenoticias.com.mx\\\/wp-content\\\/uploads\\\/2026\\\/01\\\/55066137109_130eaa6183_b.jpg\",\"contentUrl\":\"https:\\\/\\\/arjenoticias.com.mx\\\/wp-content\\\/uploads\\\/2026\\\/01\\\/55066137109_130eaa6183_b.jpg\",\"width\":1024,\"height\":683,\"caption\":\"El Congreso de Nuevo Le\u00f3n reconocer\u00e1 a Karla Chairez, polic\u00eda de San Nicol\u00e1s, por su actuaci\u00f3n preventiva y vocaci\u00f3n de servicio al resguardar a menores en estado de ebriedad.\"},{\"@type\":\"BreadcrumbList\",\"@id\":\"https:\\\/\\\/arjenoticias.com.mx\\\/ciudad\\\/congreso-de-nuevo-leon-reconocera-vocacion-de-servicio-de-mujer-policia-de-san-nicolas\\\/#breadcrumb\",\"itemListElement\":[{\"@type\":\"ListItem\",\"position\":1,\"name\":\"Portada\",\"item\":\"https:\\\/\\\/arjenoticias.com.mx\\\/\"},{\"@type\":\"ListItem\",\"position\":2,\"name\":\"Congreso de Nuevo Le\u00f3n reconocer\u00e1 vocaci\u00f3n de servicio de mujer polic\u00eda de San Nicol\u00e1s\"}]},{\"@type\":\"WebSite\",\"@id\":\"https:\\\/\\\/arjenoticias.com.mx\\\/#website\",\"url\":\"https:\\\/\\\/arjenoticias.com.mx\\\/\",\"name\":\"Arj\u00e9 M\u00e9xico\",\"description\":\"\",\"publisher\":{\"@id\":\"https:\\\/\\\/arjenoticias.com.mx\\\/#organization\"},\"potentialAction\":[{\"@type\":\"SearchAction\",\"target\":{\"@type\":\"EntryPoint\",\"urlTemplate\":\"https:\\\/\\\/arjenoticias.com.mx\\\/?s={search_term_string}\"},\"query-input\":{\"@type\":\"PropertyValueSpecification\",\"valueRequired\":true,\"valueName\":\"search_term_string\"}}],\"inLanguage\":\"es\"},{\"@type\":\"Organization\",\"@id\":\"https:\\\/\\\/arjenoticias.com.mx\\\/#organization\",\"name\":\"Arj\u00e9 M\u00e9xico\",\"url\":\"https:\\\/\\\/arjenoticias.com.mx\\\/\",\"logo\":{\"@type\":\"ImageObject\",\"inLanguage\":\"es\",\"@id\":\"https:\\\/\\\/arjenoticias.com.mx\\\/#\\\/schema\\\/logo\\\/image\\\/\",\"url\":\"https:\\\/\\\/arjenoticias.com\\\/wp-content\\\/uploads\\\/2026\\\/04\\\/cropped-cropped-logo-inverted-1-scaled-1.png\",\"contentUrl\":\"https:\\\/\\\/arjenoticias.com\\\/wp-content\\\/uploads\\\/2026\\\/04\\\/cropped-cropped-logo-inverted-1-scaled-1.png\",\"width\":2556,\"height\":549,\"caption\":\"Arj\u00e9 M\u00e9xico\"},\"image\":{\"@id\":\"https:\\\/\\\/arjenoticias.com.mx\\\/#\\\/schema\\\/logo\\\/image\\\/\"},\"sameAs\":[\"https:\\\/\\\/www.facebook.com\\\/ArjeNoticiasMX\",\"https:\\\/\\\/x.com\\\/ArjeNoticias\"]},{\"@type\":\"Person\",\"@id\":\"https:\\\/\\\/arjenoticias.com.mx\\\/#\\\/schema\\\/person\\\/41d07e1bf27d42a3343a05b16a4173e4\",\"name\":\"Teresa Sep\u00falveda Elizondo\",\"image\":{\"@type\":\"ImageObject\",\"inLanguage\":\"es\",\"@id\":\"https:\\\/\\\/arjenoticias.com\\\/wp-content\\\/uploads\\\/2026\\\/04\\\/TERESA-SEPULVEDA-3-96x96.png\",\"url\":\"https:\\\/\\\/arjenoticias.com\\\/wp-content\\\/uploads\\\/2026\\\/04\\\/TERESA-SEPULVEDA-3-96x96.png\",\"contentUrl\":\"https:\\\/\\\/arjenoticias.com\\\/wp-content\\\/uploads\\\/2026\\\/04\\\/TERESA-SEPULVEDA-3-96x96.png\",\"caption\":\"Teresa Sep\u00falveda Elizondo\"},\"description\":\"Periodista, editorialista y catedr\u00e1tica. Licenciada en Comunicaci\u00f3n, con Maestr\u00eda en Procesos Electorales.\",\"sameAs\":[\"https:\\\/\\\/arjenoticias.com\\\/author\\\/teresa-sepulveda-elizondo\\\/\",\"https:\\\/\\\/www.facebook.com\\\/Teretere4671\\\/\",\"https:\\\/\\\/mx.linkedin.com\\\/in\\\/teresa-seplveda-73382920\",\"https:\\\/\\\/x.com\\\/Teretere70\"],\"url\":\"https:\\\/\\\/arjenoticias.com.mx\\\/author\\\/teresa-sepulveda-elizondo\\\/\"}]}<\/script>\n<!-- \/ Yoast SEO plugin. -->","yoast_head_json":{"title":"Congreso de Nuevo Le\u00f3n reconocer\u00e1 vocaci\u00f3n de servicio de mujer polic\u00eda de San Nicol\u00e1s -","description":"El homenaje a la oficial de polic\u00eda de San Nicol\u00e1s, Karla Chairez se llevar\u00e1 a cabo en una sesi\u00f3n solemne de la 77 Legislatura del Congreso del Estado, cuya fecha ser\u00e1 definida por la Comisi\u00f3n de Coordinaci\u00f3n y R\u00e9gimen Interno.","robots":{"index":"index","follow":"follow","max-snippet":"max-snippet:-1","max-image-preview":"max-image-preview:large","max-video-preview":"max-video-preview:-1"},"canonical":"https:\/\/arjenoticias.com.mx\/ciudad\/congreso-de-nuevo-leon-reconocera-vocacion-de-servicio-de-mujer-policia-de-san-nicolas\/","og_locale":"es_ES","og_type":"article","og_title":"Congreso de Nuevo Le\u00f3n reconocer\u00e1 vocaci\u00f3n de servicio de mujer polic\u00eda de San Nicol\u00e1s -","og_description":"El homenaje a la oficial de polic\u00eda de San Nicol\u00e1s, Karla Chairez se llevar\u00e1 a cabo en una sesi\u00f3n solemne de la 77 Legislatura del Congreso del Estado, cuya fecha ser\u00e1 definida por la Comisi\u00f3n de Coordinaci\u00f3n y R\u00e9gimen Interno.","og_url":"https:\/\/arjenoticias.com.mx\/ciudad\/congreso-de-nuevo-leon-reconocera-vocacion-de-servicio-de-mujer-policia-de-san-nicolas\/","article_publisher":"https:\/\/www.facebook.com\/ArjeNoticiasMX","article_author":"https:\/\/www.facebook.com\/Teretere4671\/","article_published_time":"2026-01-29T18:53:30+00:00","article_modified_time":"2026-01-29T18:53:31+00:00","og_image":[{"width":1024,"height":683,"url":"https:\/\/arjenoticias.com.mx\/wp-content\/uploads\/2026\/01\/55066137109_130eaa6183_b.jpg","type":"image\/jpeg"}],"author":"Teresa Sep\u00falveda Elizondo","twitter_card":"summary_large_image","twitter_creator":"@Teretere70","twitter_site":"@ArjeNoticias","twitter_misc":{"Escrito por":"Teresa Sep\u00falveda Elizondo","Tiempo de lectura":"2 minutos"},"schema":{"@context":"https:\/\/schema.org","@graph":[{"@type":"Article","@id":"https:\/\/arjenoticias.com.mx\/ciudad\/congreso-de-nuevo-leon-reconocera-vocacion-de-servicio-de-mujer-policia-de-san-nicolas\/#article","isPartOf":{"@id":"https:\/\/arjenoticias.com.mx\/ciudad\/congreso-de-nuevo-leon-reconocera-vocacion-de-servicio-de-mujer-policia-de-san-nicolas\/"},"author":{"name":"Teresa Sep\u00falveda Elizondo","@id":"https:\/\/arjenoticias.com.mx\/#\/schema\/person\/41d07e1bf27d42a3343a05b16a4173e4"},"headline":"Congreso de Nuevo Le\u00f3n reconocer\u00e1 vocaci\u00f3n de servicio de mujer polic\u00eda de San Nicol\u00e1s","datePublished":"2026-01-29T18:53:30+00:00","dateModified":"2026-01-29T18:53:31+00:00","mainEntityOfPage":{"@id":"https:\/\/arjenoticias.com.mx\/ciudad\/congreso-de-nuevo-leon-reconocera-vocacion-de-servicio-de-mujer-policia-de-san-nicolas\/"},"wordCount":416,"publisher":{"@id":"https:\/\/arjenoticias.com.mx\/#organization"},"image":{"@id":"https:\/\/arjenoticias.com.mx\/ciudad\/congreso-de-nuevo-leon-reconocera-vocacion-de-servicio-de-mujer-policia-de-san-nicolas\/#primaryimage"},"thumbnailUrl":"https:\/\/arjenoticias.com.mx\/wp-content\/uploads\/2026\/01\/55066137109_130eaa6183_b.jpg","keywords":["Polic\u00eda de San Nicol\u00e1s"],"articleSection":["Ciudad"],"inLanguage":"es"},{"@type":"WebPage","@id":"https:\/\/arjenoticias.com.mx\/ciudad\/congreso-de-nuevo-leon-reconocera-vocacion-de-servicio-de-mujer-policia-de-san-nicolas\/","url":"https:\/\/arjenoticias.com.mx\/ciudad\/congreso-de-nuevo-leon-reconocera-vocacion-de-servicio-de-mujer-policia-de-san-nicolas\/","name":"Congreso de Nuevo Le\u00f3n reconocer\u00e1 vocaci\u00f3n de servicio de mujer polic\u00eda de San Nicol\u00e1s -","isPartOf":{"@id":"https:\/\/arjenoticias.com.mx\/#website"},"primaryImageOfPage":{"@id":"https:\/\/arjenoticias.com.mx\/ciudad\/congreso-de-nuevo-leon-reconocera-vocacion-de-servicio-de-mujer-policia-de-san-nicolas\/#primaryimage"},"image":{"@id":"https:\/\/arjenoticias.com.mx\/ciudad\/congreso-de-nuevo-leon-reconocera-vocacion-de-servicio-de-mujer-policia-de-san-nicolas\/#primaryimage"},"thumbnailUrl":"https:\/\/arjenoticias.com.mx\/wp-content\/uploads\/2026\/01\/55066137109_130eaa6183_b.jpg","datePublished":"2026-01-29T18:53:30+00:00","dateModified":"2026-01-29T18:53:31+00:00","description":"El homenaje a la oficial de polic\u00eda de San Nicol\u00e1s, Karla Chairez se llevar\u00e1 a cabo en una sesi\u00f3n solemne de la 77 Legislatura del Congreso del Estado, cuya fecha ser\u00e1 definida por la Comisi\u00f3n de Coordinaci\u00f3n y R\u00e9gimen Interno.","breadcrumb":{"@id":"https:\/\/arjenoticias.com.mx\/ciudad\/congreso-de-nuevo-leon-reconocera-vocacion-de-servicio-de-mujer-policia-de-san-nicolas\/#breadcrumb"},"inLanguage":"es","potentialAction":[{"@type":"ReadAction","target":["https:\/\/arjenoticias.com.mx\/ciudad\/congreso-de-nuevo-leon-reconocera-vocacion-de-servicio-de-mujer-policia-de-san-nicolas\/"]}]},{"@type":"ImageObject","inLanguage":"es","@id":"https:\/\/arjenoticias.com.mx\/ciudad\/congreso-de-nuevo-leon-reconocera-vocacion-de-servicio-de-mujer-policia-de-san-nicolas\/#primaryimage","url":"https:\/\/arjenoticias.com.mx\/wp-content\/uploads\/2026\/01\/55066137109_130eaa6183_b.jpg","contentUrl":"https:\/\/arjenoticias.com.mx\/wp-content\/uploads\/2026\/01\/55066137109_130eaa6183_b.jpg","width":1024,"height":683,"caption":"El Congreso de Nuevo Le\u00f3n reconocer\u00e1 a Karla Chairez, polic\u00eda de San Nicol\u00e1s, por su actuaci\u00f3n preventiva y vocaci\u00f3n de servicio al resguardar a menores en estado de ebriedad."},{"@type":"BreadcrumbList","@id":"https:\/\/arjenoticias.com.mx\/ciudad\/congreso-de-nuevo-leon-reconocera-vocacion-de-servicio-de-mujer-policia-de-san-nicolas\/#breadcrumb","itemListElement":[{"@type":"ListItem","position":1,"name":"Portada","item":"https:\/\/arjenoticias.com.mx\/"},{"@type":"ListItem","position":2,"name":"Congreso de Nuevo Le\u00f3n reconocer\u00e1 vocaci\u00f3n de servicio de mujer polic\u00eda de San Nicol\u00e1s"}]},{"@type":"WebSite","@id":"https:\/\/arjenoticias.com.mx\/#website","url":"https:\/\/arjenoticias.com.mx\/","name":"Arj\u00e9 M\u00e9xico","description":"","publisher":{"@id":"https:\/\/arjenoticias.com.mx\/#organization"},"potentialAction":[{"@type":"SearchAction","target":{"@type":"EntryPoint","urlTemplate":"https:\/\/arjenoticias.com.mx\/?s={search_term_string}"},"query-input":{"@type":"PropertyValueSpecification","valueRequired":true,"valueName":"search_term_string"}}],"inLanguage":"es"},{"@type":"Organization","@id":"https:\/\/arjenoticias.com.mx\/#organization","name":"Arj\u00e9 M\u00e9xico","url":"https:\/\/arjenoticias.com.mx\/","logo":{"@type":"ImageObject","inLanguage":"es","@id":"https:\/\/arjenoticias.com.mx\/#\/schema\/logo\/image\/","url":"https:\/\/arjenoticias.com\/wp-content\/uploads\/2026\/04\/cropped-cropped-logo-inverted-1-scaled-1.png","contentUrl":"https:\/\/arjenoticias.com\/wp-content\/uploads\/2026\/04\/cropped-cropped-logo-inverted-1-scaled-1.png","width":2556,"height":549,"caption":"Arj\u00e9 M\u00e9xico"},"image":{"@id":"https:\/\/arjenoticias.com.mx\/#\/schema\/logo\/image\/"},"sameAs":["https:\/\/www.facebook.com\/ArjeNoticiasMX","https:\/\/x.com\/ArjeNoticias"]},{"@type":"Person","@id":"https:\/\/arjenoticias.com.mx\/#\/schema\/person\/41d07e1bf27d42a3343a05b16a4173e4","name":"Teresa Sep\u00falveda Elizondo","image":{"@type":"ImageObject","inLanguage":"es","@id":"https:\/\/arjenoticias.com\/wp-content\/uploads\/2026\/04\/TERESA-SEPULVEDA-3-96x96.png","url":"https:\/\/arjenoticias.com\/wp-content\/uploads\/2026\/04\/TERESA-SEPULVEDA-3-96x96.png","contentUrl":"https:\/\/arjenoticias.com\/wp-content\/uploads\/2026\/04\/TERESA-SEPULVEDA-3-96x96.png","caption":"Teresa Sep\u00falveda Elizondo"},"description":"Periodista, editorialista y catedr\u00e1tica. Licenciada en Comunicaci\u00f3n, con Maestr\u00eda en Procesos Electorales.","sameAs":["https:\/\/arjenoticias.com\/author\/teresa-sepulveda-elizondo\/","https:\/\/www.facebook.com\/Teretere4671\/","https:\/\/mx.linkedin.com\/in\/teresa-seplveda-73382920","https:\/\/x.com\/Teretere70"],"url":"https:\/\/arjenoticias.com.mx\/author\/teresa-sepulveda-elizondo\/"}]}},"featured_image_urls":{"full":["https:\/\/arjenoticias.com.mx\/wp-content\/uploads\/2026\/01\/55066137109_130eaa6183_b.jpg",1024,683,false],"thumbnail":["https:\/\/arjenoticias.com.mx\/wp-content\/uploads\/2026\/01\/55066137109_130eaa6183_b-150x150.jpg",150,150,true],"medium":["https:\/\/arjenoticias.com.mx\/wp-content\/uploads\/2026\/01\/55066137109_130eaa6183_b-300x200.jpg",300,200,true],"medium_large":["https:\/\/arjenoticias.com.mx\/wp-content\/uploads\/2026\/01\/55066137109_130eaa6183_b-768x512.jpg",640,427,true],"large":["https:\/\/arjenoticias.com.mx\/wp-content\/uploads\/2026\/01\/55066137109_130eaa6183_b.jpg",640,427,false],"1536x1536":["https:\/\/arjenoticias.com.mx\/wp-content\/uploads\/2026\/01\/55066137109_130eaa6183_b.jpg",1024,683,false],"2048x2048":["https:\/\/arjenoticias.com.mx\/wp-content\/uploads\/2026\/01\/55066137109_130eaa6183_b.jpg",1024,683,false],"covernews-featured":["https:\/\/arjenoticias.com.mx\/wp-content\/uploads\/2026\/01\/55066137109_130eaa6183_b.jpg",1024,683,false],"covernews-medium":["https:\/\/arjenoticias.com.mx\/wp-content\/uploads\/2026\/01\/55066137109_130eaa6183_b-540x340.jpg",540,340,true]},"author_info":{"info":["Teresa Sep\u00falveda Elizondo"]},"category_info":"<a href=\"https:\/\/arjenoticias.com.mx\/category\/ciudad\/\" rel=\"category tag\">Ciudad<\/a>","tag_info":"Ciudad","comment_count":"0","_links":{"self":[{"href":"https:\/\/arjenoticias.com.mx\/wp-json\/wp\/v2\/posts\/9526","targetHints":{"allow":["GET"]}}],"collection":[{"href":"https:\/\/arjenoticias.com.mx\/wp-json\/wp\/v2\/posts"}],"about":[{"href":"https:\/\/arjenoticias.com.mx\/wp-json\/wp\/v2\/types\/post"}],"author":[{"embeddable":true,"href":"https:\/\/arjenoticias.com.mx\/wp-json\/wp\/v2\/users\/7"}],"replies":[{"embeddable":true,"href":"https:\/\/arjenoticias.com.mx\/wp-json\/wp\/v2\/comments?post=9526"}],"version-history":[{"count":1,"href":"https:\/\/arjenoticias.com.mx\/wp-json\/wp\/v2\/posts\/9526\/revisions"}],"predecessor-version":[{"id":9528,"href":"https:\/\/arjenoticias.com.mx\/wp-json\/wp\/v2\/posts\/9526\/revisions\/9528"}],"wp:featuredmedia":[{"embeddable":true,"href":"https:\/\/arjenoticias.com.mx\/wp-json\/wp\/v2\/media\/9527"}],"wp:attachment":[{"href":"https:\/\/arjenoticias.com.mx\/wp-json\/wp\/v2\/media?parent=9526"}],"wp:term":[{"taxonomy":"category","embeddable":true,"href":"https:\/\/arjenoticias.com.mx\/wp-json\/wp\/v2\/categories?post=9526"},{"taxonomy":"post_tag","embeddable":true,"href":"https:\/\/arjenoticias.com.mx\/wp-json\/wp\/v2\/tags?post=9526"}],"curies":[{"name":"wp","href":"https:\/\/api.w.org\/{rel}","templated":true}]}}