{"id":9179,"date":"2026-01-22T09:54:20","date_gmt":"2026-01-22T15:54:20","guid":{"rendered":"https:\/\/arjenoticias.com\/?p=9179"},"modified":"2026-01-22T09:54:21","modified_gmt":"2026-01-22T15:54:21","slug":"los-conflictos-familiares-edith-ancona","status":"publish","type":"post","link":"https:\/\/arjenoticias.com.mx\/salud\/los-conflictos-familiares-edith-ancona\/","title":{"rendered":"Los conflictos familiares: Edith Ancona"},"content":{"rendered":"\n<p class=\"wp-block-paragraph\">Muchos desacuerdos dentro de la familia no nacen de una falta de afecto, sino de un exceso de orgullo.<br>El af\u00e1n por tener raz\u00f3n endurece el \u00e1nimo, cierra la escucha y convierte la palabra en arma. As\u00ed, aquello que deb\u00eda ser abrigo se transforma en campo de disputa.<br>Los estoicos ense\u00f1aban que el ser humano no existe para s\u00ed solo.<br>Marco Aurelio lo expres\u00f3 con sabidur\u00eda al recordar que lo que no es \u00fatil para la colmena, tampoco lo es para la abeja.<br>En el \u00e1mbito familiar, esta verdad se manifiesta de forma evidente: cuando el individuo antepone su victoria personal al bien com\u00fan, la armon\u00eda se disuelve y el da\u00f1o recae finalmente sobre todos.<br>No toda confrontaci\u00f3n es necesaria, ni toda verdad debe imponerse sin medida.<br>La raz\u00f3n, cuando se ejerce con templanza, sabe distinguir entre lo justo y lo conveniente.<br>Callar a tiempo no siempre es cobard\u00eda; muchas veces es prudencia.<br>Ceder no implica humillarse, sino preservar lo que tiene mayor valor.<br>El orgullo ofrece una satisfacci\u00f3n breve, pero deja una herida duradera.<br>La templanza, en cambio, exige esfuerzo, aunque sostiene la paz. Quien gobierna su car\u00e1cter fortalece su hogar; quien se deja arrastrar por la ira, lo debilita.<br>Cuando la convivencia se rompe, nadie permanece intacto. Por ello, el verdadero triunfo no consiste en vencer al otro, sino en mantener el orden del alma y contribuir a la estabilidad de aquello a lo que se pertenece.<br>As\u00ed se honra a la familia.<br>As\u00ed se vive conforme a la raz\u00f3n<br>As\u00ed puedes manejar el conflicto:<br>1-Distingue lo que controlas.<br>No controlas las reacciones de tu familia, s\u00ed tu respuesta.<br>Gobierna tu car\u00e1cter, no el de los dem\u00e1s.<br>No respondas desde la emoci\u00f3n inmediata<br>2-El silencio oportuno es una victoria.<br>Pausar evita decir palabras que luego pesan m\u00e1s que el conflicto.<br>3-Act\u00faa con virtud, no con orgullo<br>Busca justicia y templanza, no tener la raz\u00f3n.<br>Ganar una discusi\u00f3n puede costarte la paz.<br>Siempre busca el di\u00e1logo civilizado y construyan juntos como familia<\/p>\n","protected":false},"excerpt":{"rendered":"<p>Muchos desacuerdos dentro de la familia no nacen de una falta de afecto, sino de&#8230;<\/p>\n","protected":false},"author":68,"featured_media":9180,"comment_status":"closed","ping_status":"closed","sticky":false,"template":"","format":"standard","meta":{"footnotes":""},"categories":[6],"tags":[1185],"class_list":["post-9179","post","type-post","status-publish","format-standard","has-post-thumbnail","hentry","category-salud","tag-siempre-busca-el-dialogo-civilizado-y-construyan-juntos-como-familia"],"yoast_head":"<!-- This site is optimized with the Yoast SEO plugin v28.4 - https:\/\/yoast.com\/product\/yoast-seo-wordpress\/ -->\n<title>Los conflictos familiares: Edith Ancona -<\/title>\n<meta name=\"description\" content=\"El af\u00e1n por tener raz\u00f3n endurece el \u00e1nimo, cierra la escucha y convierte la palabra en arma\" \/>\n<meta name=\"robots\" content=\"index, follow, max-snippet:-1, max-image-preview:large, max-video-preview:-1\" \/>\n<link rel=\"canonical\" href=\"https:\/\/arjenoticias.com.mx\/salud\/los-conflictos-familiares-edith-ancona\/\" \/>\n<meta property=\"og:locale\" content=\"es_ES\" \/>\n<meta property=\"og:type\" content=\"article\" \/>\n<meta property=\"og:title\" content=\"Los conflictos familiares: Edith Ancona -\" \/>\n<meta property=\"og:description\" content=\"El af\u00e1n por tener raz\u00f3n endurece el \u00e1nimo, cierra la escucha y convierte la palabra en arma\" \/>\n<meta property=\"og:url\" content=\"https:\/\/arjenoticias.com.mx\/salud\/los-conflictos-familiares-edith-ancona\/\" \/>\n<meta property=\"article:publisher\" content=\"https:\/\/www.facebook.com\/ArjeNoticiasMX\" \/>\n<meta property=\"article:published_time\" content=\"2026-01-22T15:54:20+00:00\" \/>\n<meta property=\"article:modified_time\" content=\"2026-01-22T15:54:21+00:00\" \/>\n<meta property=\"og:image\" content=\"https:\/\/arjenoticias.com.mx\/wp-content\/uploads\/2026\/01\/Desacuerdosenfamilia.webp\" \/>\n\t<meta property=\"og:image:width\" content=\"474\" \/>\n\t<meta property=\"og:image:height\" content=\"337\" \/>\n\t<meta property=\"og:image:type\" content=\"image\/webp\" \/>\n<meta name=\"author\" content=\"Edith Ancona Gamboa\" \/>\n<meta name=\"twitter:card\" content=\"summary_large_image\" \/>\n<meta name=\"twitter:creator\" content=\"@ArjeNoticias\" \/>\n<meta name=\"twitter:site\" content=\"@ArjeNoticias\" \/>\n<meta name=\"twitter:label1\" content=\"Escrito por\" \/>\n\t<meta name=\"twitter:data1\" content=\"Edith Ancona Gamboa\" \/>\n\t<meta name=\"twitter:label2\" content=\"Tiempo de lectura\" \/>\n\t<meta name=\"twitter:data2\" content=\"2 minutos\" \/>\n<script type=\"application\/ld+json\" class=\"yoast-schema-graph\">{\"@context\":\"https:\\\/\\\/schema.org\",\"@graph\":[{\"@type\":\"Article\",\"@id\":\"https:\\\/\\\/arjenoticias.com.mx\\\/salud\\\/los-conflictos-familiares-edith-ancona\\\/#article\",\"isPartOf\":{\"@id\":\"https:\\\/\\\/arjenoticias.com.mx\\\/salud\\\/los-conflictos-familiares-edith-ancona\\\/\"},\"author\":{\"name\":\"Edith Ancona Gamboa\",\"@id\":\"https:\\\/\\\/arjenoticias.com.mx\\\/#\\\/schema\\\/person\\\/a8a1e1dc87d42643c22a6a63932dd504\"},\"headline\":\"Los conflictos familiares: Edith Ancona\",\"datePublished\":\"2026-01-22T15:54:20+00:00\",\"dateModified\":\"2026-01-22T15:54:21+00:00\",\"mainEntityOfPage\":{\"@id\":\"https:\\\/\\\/arjenoticias.com.mx\\\/salud\\\/los-conflictos-familiares-edith-ancona\\\/\"},\"wordCount\":358,\"publisher\":{\"@id\":\"https:\\\/\\\/arjenoticias.com.mx\\\/#organization\"},\"image\":{\"@id\":\"https:\\\/\\\/arjenoticias.com.mx\\\/salud\\\/los-conflictos-familiares-edith-ancona\\\/#primaryimage\"},\"thumbnailUrl\":\"https:\\\/\\\/arjenoticias.com.mx\\\/wp-content\\\/uploads\\\/2026\\\/01\\\/Desacuerdosenfamilia.webp\",\"keywords\":[\"Siempre busca el di\u00e1logo civilizado y construyan juntos como familia\"],\"articleSection\":[\"Salud\"],\"inLanguage\":\"es\"},{\"@type\":\"WebPage\",\"@id\":\"https:\\\/\\\/arjenoticias.com.mx\\\/salud\\\/los-conflictos-familiares-edith-ancona\\\/\",\"url\":\"https:\\\/\\\/arjenoticias.com.mx\\\/salud\\\/los-conflictos-familiares-edith-ancona\\\/\",\"name\":\"Los conflictos familiares: Edith Ancona -\",\"isPartOf\":{\"@id\":\"https:\\\/\\\/arjenoticias.com.mx\\\/#website\"},\"primaryImageOfPage\":{\"@id\":\"https:\\\/\\\/arjenoticias.com.mx\\\/salud\\\/los-conflictos-familiares-edith-ancona\\\/#primaryimage\"},\"image\":{\"@id\":\"https:\\\/\\\/arjenoticias.com.mx\\\/salud\\\/los-conflictos-familiares-edith-ancona\\\/#primaryimage\"},\"thumbnailUrl\":\"https:\\\/\\\/arjenoticias.com.mx\\\/wp-content\\\/uploads\\\/2026\\\/01\\\/Desacuerdosenfamilia.webp\",\"datePublished\":\"2026-01-22T15:54:20+00:00\",\"dateModified\":\"2026-01-22T15:54:21+00:00\",\"description\":\"El af\u00e1n por tener raz\u00f3n endurece el \u00e1nimo, cierra la escucha y convierte la palabra en arma\",\"breadcrumb\":{\"@id\":\"https:\\\/\\\/arjenoticias.com.mx\\\/salud\\\/los-conflictos-familiares-edith-ancona\\\/#breadcrumb\"},\"inLanguage\":\"es\",\"potentialAction\":[{\"@type\":\"ReadAction\",\"target\":[\"https:\\\/\\\/arjenoticias.com.mx\\\/salud\\\/los-conflictos-familiares-edith-ancona\\\/\"]}]},{\"@type\":\"ImageObject\",\"inLanguage\":\"es\",\"@id\":\"https:\\\/\\\/arjenoticias.com.mx\\\/salud\\\/los-conflictos-familiares-edith-ancona\\\/#primaryimage\",\"url\":\"https:\\\/\\\/arjenoticias.com.mx\\\/wp-content\\\/uploads\\\/2026\\\/01\\\/Desacuerdosenfamilia.webp\",\"contentUrl\":\"https:\\\/\\\/arjenoticias.com.mx\\\/wp-content\\\/uploads\\\/2026\\\/01\\\/Desacuerdosenfamilia.webp\",\"width\":474,\"height\":337,\"caption\":\"La familia que deb\u00eda ser abrigo se transforma en campo de disputa.\"},{\"@type\":\"BreadcrumbList\",\"@id\":\"https:\\\/\\\/arjenoticias.com.mx\\\/salud\\\/los-conflictos-familiares-edith-ancona\\\/#breadcrumb\",\"itemListElement\":[{\"@type\":\"ListItem\",\"position\":1,\"name\":\"Portada\",\"item\":\"https:\\\/\\\/arjenoticias.com.mx\\\/\"},{\"@type\":\"ListItem\",\"position\":2,\"name\":\"Los conflictos familiares: Edith Ancona\"}]},{\"@type\":\"WebSite\",\"@id\":\"https:\\\/\\\/arjenoticias.com.mx\\\/#website\",\"url\":\"https:\\\/\\\/arjenoticias.com.mx\\\/\",\"name\":\"Arj\u00e9 M\u00e9xico\",\"description\":\"\",\"publisher\":{\"@id\":\"https:\\\/\\\/arjenoticias.com.mx\\\/#organization\"},\"potentialAction\":[{\"@type\":\"SearchAction\",\"target\":{\"@type\":\"EntryPoint\",\"urlTemplate\":\"https:\\\/\\\/arjenoticias.com.mx\\\/?s={search_term_string}\"},\"query-input\":{\"@type\":\"PropertyValueSpecification\",\"valueRequired\":true,\"valueName\":\"search_term_string\"}}],\"inLanguage\":\"es\"},{\"@type\":\"Organization\",\"@id\":\"https:\\\/\\\/arjenoticias.com.mx\\\/#organization\",\"name\":\"Arj\u00e9 M\u00e9xico\",\"url\":\"https:\\\/\\\/arjenoticias.com.mx\\\/\",\"logo\":{\"@type\":\"ImageObject\",\"inLanguage\":\"es\",\"@id\":\"https:\\\/\\\/arjenoticias.com.mx\\\/#\\\/schema\\\/logo\\\/image\\\/\",\"url\":\"https:\\\/\\\/arjenoticias.com\\\/wp-content\\\/uploads\\\/2026\\\/04\\\/cropped-cropped-logo-inverted-1-scaled-1.png\",\"contentUrl\":\"https:\\\/\\\/arjenoticias.com\\\/wp-content\\\/uploads\\\/2026\\\/04\\\/cropped-cropped-logo-inverted-1-scaled-1.png\",\"width\":2556,\"height\":549,\"caption\":\"Arj\u00e9 M\u00e9xico\"},\"image\":{\"@id\":\"https:\\\/\\\/arjenoticias.com.mx\\\/#\\\/schema\\\/logo\\\/image\\\/\"},\"sameAs\":[\"https:\\\/\\\/www.facebook.com\\\/ArjeNoticiasMX\",\"https:\\\/\\\/x.com\\\/ArjeNoticias\"]},{\"@type\":\"Person\",\"@id\":\"https:\\\/\\\/arjenoticias.com.mx\\\/#\\\/schema\\\/person\\\/a8a1e1dc87d42643c22a6a63932dd504\",\"name\":\"Edith Ancona Gamboa\",\"image\":{\"@type\":\"ImageObject\",\"inLanguage\":\"es\",\"@id\":\"https:\\\/\\\/arjenoticias.com\\\/wp-content\\\/uploads\\\/2026\\\/04\\\/EDITH-ANCONA-1-96x96.png\",\"url\":\"https:\\\/\\\/arjenoticias.com\\\/wp-content\\\/uploads\\\/2026\\\/04\\\/EDITH-ANCONA-1-96x96.png\",\"contentUrl\":\"https:\\\/\\\/arjenoticias.com\\\/wp-content\\\/uploads\\\/2026\\\/04\\\/EDITH-ANCONA-1-96x96.png\",\"caption\":\"Edith Ancona Gamboa\"},\"url\":\"https:\\\/\\\/arjenoticias.com.mx\\\/author\\\/edith\\\/\"}]}<\/script>\n<!-- \/ Yoast SEO plugin. -->","yoast_head_json":{"title":"Los conflictos familiares: Edith Ancona -","description":"El af\u00e1n por tener raz\u00f3n endurece el \u00e1nimo, cierra la escucha y convierte la palabra en arma","robots":{"index":"index","follow":"follow","max-snippet":"max-snippet:-1","max-image-preview":"max-image-preview:large","max-video-preview":"max-video-preview:-1"},"canonical":"https:\/\/arjenoticias.com.mx\/salud\/los-conflictos-familiares-edith-ancona\/","og_locale":"es_ES","og_type":"article","og_title":"Los conflictos familiares: Edith Ancona -","og_description":"El af\u00e1n por tener raz\u00f3n endurece el \u00e1nimo, cierra la escucha y convierte la palabra en arma","og_url":"https:\/\/arjenoticias.com.mx\/salud\/los-conflictos-familiares-edith-ancona\/","article_publisher":"https:\/\/www.facebook.com\/ArjeNoticiasMX","article_published_time":"2026-01-22T15:54:20+00:00","article_modified_time":"2026-01-22T15:54:21+00:00","og_image":[{"width":474,"height":337,"url":"https:\/\/arjenoticias.com.mx\/wp-content\/uploads\/2026\/01\/Desacuerdosenfamilia.webp","type":"image\/webp"}],"author":"Edith Ancona Gamboa","twitter_card":"summary_large_image","twitter_creator":"@ArjeNoticias","twitter_site":"@ArjeNoticias","twitter_misc":{"Escrito por":"Edith Ancona Gamboa","Tiempo de lectura":"2 minutos"},"schema":{"@context":"https:\/\/schema.org","@graph":[{"@type":"Article","@id":"https:\/\/arjenoticias.com.mx\/salud\/los-conflictos-familiares-edith-ancona\/#article","isPartOf":{"@id":"https:\/\/arjenoticias.com.mx\/salud\/los-conflictos-familiares-edith-ancona\/"},"author":{"name":"Edith Ancona Gamboa","@id":"https:\/\/arjenoticias.com.mx\/#\/schema\/person\/a8a1e1dc87d42643c22a6a63932dd504"},"headline":"Los conflictos familiares: Edith Ancona","datePublished":"2026-01-22T15:54:20+00:00","dateModified":"2026-01-22T15:54:21+00:00","mainEntityOfPage":{"@id":"https:\/\/arjenoticias.com.mx\/salud\/los-conflictos-familiares-edith-ancona\/"},"wordCount":358,"publisher":{"@id":"https:\/\/arjenoticias.com.mx\/#organization"},"image":{"@id":"https:\/\/arjenoticias.com.mx\/salud\/los-conflictos-familiares-edith-ancona\/#primaryimage"},"thumbnailUrl":"https:\/\/arjenoticias.com.mx\/wp-content\/uploads\/2026\/01\/Desacuerdosenfamilia.webp","keywords":["Siempre busca el di\u00e1logo civilizado y construyan juntos como familia"],"articleSection":["Salud"],"inLanguage":"es"},{"@type":"WebPage","@id":"https:\/\/arjenoticias.com.mx\/salud\/los-conflictos-familiares-edith-ancona\/","url":"https:\/\/arjenoticias.com.mx\/salud\/los-conflictos-familiares-edith-ancona\/","name":"Los conflictos familiares: Edith Ancona -","isPartOf":{"@id":"https:\/\/arjenoticias.com.mx\/#website"},"primaryImageOfPage":{"@id":"https:\/\/arjenoticias.com.mx\/salud\/los-conflictos-familiares-edith-ancona\/#primaryimage"},"image":{"@id":"https:\/\/arjenoticias.com.mx\/salud\/los-conflictos-familiares-edith-ancona\/#primaryimage"},"thumbnailUrl":"https:\/\/arjenoticias.com.mx\/wp-content\/uploads\/2026\/01\/Desacuerdosenfamilia.webp","datePublished":"2026-01-22T15:54:20+00:00","dateModified":"2026-01-22T15:54:21+00:00","description":"El af\u00e1n por tener raz\u00f3n endurece el \u00e1nimo, cierra la escucha y convierte la palabra en arma","breadcrumb":{"@id":"https:\/\/arjenoticias.com.mx\/salud\/los-conflictos-familiares-edith-ancona\/#breadcrumb"},"inLanguage":"es","potentialAction":[{"@type":"ReadAction","target":["https:\/\/arjenoticias.com.mx\/salud\/los-conflictos-familiares-edith-ancona\/"]}]},{"@type":"ImageObject","inLanguage":"es","@id":"https:\/\/arjenoticias.com.mx\/salud\/los-conflictos-familiares-edith-ancona\/#primaryimage","url":"https:\/\/arjenoticias.com.mx\/wp-content\/uploads\/2026\/01\/Desacuerdosenfamilia.webp","contentUrl":"https:\/\/arjenoticias.com.mx\/wp-content\/uploads\/2026\/01\/Desacuerdosenfamilia.webp","width":474,"height":337,"caption":"La familia que deb\u00eda ser abrigo se transforma en campo de disputa."},{"@type":"BreadcrumbList","@id":"https:\/\/arjenoticias.com.mx\/salud\/los-conflictos-familiares-edith-ancona\/#breadcrumb","itemListElement":[{"@type":"ListItem","position":1,"name":"Portada","item":"https:\/\/arjenoticias.com.mx\/"},{"@type":"ListItem","position":2,"name":"Los conflictos familiares: Edith Ancona"}]},{"@type":"WebSite","@id":"https:\/\/arjenoticias.com.mx\/#website","url":"https:\/\/arjenoticias.com.mx\/","name":"Arj\u00e9 M\u00e9xico","description":"","publisher":{"@id":"https:\/\/arjenoticias.com.mx\/#organization"},"potentialAction":[{"@type":"SearchAction","target":{"@type":"EntryPoint","urlTemplate":"https:\/\/arjenoticias.com.mx\/?s={search_term_string}"},"query-input":{"@type":"PropertyValueSpecification","valueRequired":true,"valueName":"search_term_string"}}],"inLanguage":"es"},{"@type":"Organization","@id":"https:\/\/arjenoticias.com.mx\/#organization","name":"Arj\u00e9 M\u00e9xico","url":"https:\/\/arjenoticias.com.mx\/","logo":{"@type":"ImageObject","inLanguage":"es","@id":"https:\/\/arjenoticias.com.mx\/#\/schema\/logo\/image\/","url":"https:\/\/arjenoticias.com\/wp-content\/uploads\/2026\/04\/cropped-cropped-logo-inverted-1-scaled-1.png","contentUrl":"https:\/\/arjenoticias.com\/wp-content\/uploads\/2026\/04\/cropped-cropped-logo-inverted-1-scaled-1.png","width":2556,"height":549,"caption":"Arj\u00e9 M\u00e9xico"},"image":{"@id":"https:\/\/arjenoticias.com.mx\/#\/schema\/logo\/image\/"},"sameAs":["https:\/\/www.facebook.com\/ArjeNoticiasMX","https:\/\/x.com\/ArjeNoticias"]},{"@type":"Person","@id":"https:\/\/arjenoticias.com.mx\/#\/schema\/person\/a8a1e1dc87d42643c22a6a63932dd504","name":"Edith Ancona Gamboa","image":{"@type":"ImageObject","inLanguage":"es","@id":"https:\/\/arjenoticias.com\/wp-content\/uploads\/2026\/04\/EDITH-ANCONA-1-96x96.png","url":"https:\/\/arjenoticias.com\/wp-content\/uploads\/2026\/04\/EDITH-ANCONA-1-96x96.png","contentUrl":"https:\/\/arjenoticias.com\/wp-content\/uploads\/2026\/04\/EDITH-ANCONA-1-96x96.png","caption":"Edith Ancona Gamboa"},"url":"https:\/\/arjenoticias.com.mx\/author\/edith\/"}]}},"featured_image_urls":{"full":["https:\/\/arjenoticias.com.mx\/wp-content\/uploads\/2026\/01\/Desacuerdosenfamilia.webp",474,337,false],"thumbnail":["https:\/\/arjenoticias.com.mx\/wp-content\/uploads\/2026\/01\/Desacuerdosenfamilia-150x150.webp",150,150,true],"medium":["https:\/\/arjenoticias.com.mx\/wp-content\/uploads\/2026\/01\/Desacuerdosenfamilia-300x213.webp",300,213,true],"medium_large":["https:\/\/arjenoticias.com.mx\/wp-content\/uploads\/2026\/01\/Desacuerdosenfamilia.webp",474,337,false],"large":["https:\/\/arjenoticias.com.mx\/wp-content\/uploads\/2026\/01\/Desacuerdosenfamilia.webp",474,337,false],"1536x1536":["https:\/\/arjenoticias.com.mx\/wp-content\/uploads\/2026\/01\/Desacuerdosenfamilia.webp",474,337,false],"2048x2048":["https:\/\/arjenoticias.com.mx\/wp-content\/uploads\/2026\/01\/Desacuerdosenfamilia.webp",474,337,false],"covernews-featured":["https:\/\/arjenoticias.com.mx\/wp-content\/uploads\/2026\/01\/Desacuerdosenfamilia.webp",474,337,false],"covernews-medium":["https:\/\/arjenoticias.com.mx\/wp-content\/uploads\/2026\/01\/Desacuerdosenfamilia.webp",474,337,false]},"author_info":{"info":["Edith Ancona Gamboa"]},"category_info":"<a href=\"https:\/\/arjenoticias.com.mx\/category\/salud\/\" rel=\"category tag\">Salud<\/a>","tag_info":"Salud","comment_count":"0","_links":{"self":[{"href":"https:\/\/arjenoticias.com.mx\/wp-json\/wp\/v2\/posts\/9179","targetHints":{"allow":["GET"]}}],"collection":[{"href":"https:\/\/arjenoticias.com.mx\/wp-json\/wp\/v2\/posts"}],"about":[{"href":"https:\/\/arjenoticias.com.mx\/wp-json\/wp\/v2\/types\/post"}],"author":[{"embeddable":true,"href":"https:\/\/arjenoticias.com.mx\/wp-json\/wp\/v2\/users\/68"}],"replies":[{"embeddable":true,"href":"https:\/\/arjenoticias.com.mx\/wp-json\/wp\/v2\/comments?post=9179"}],"version-history":[{"count":1,"href":"https:\/\/arjenoticias.com.mx\/wp-json\/wp\/v2\/posts\/9179\/revisions"}],"predecessor-version":[{"id":9181,"href":"https:\/\/arjenoticias.com.mx\/wp-json\/wp\/v2\/posts\/9179\/revisions\/9181"}],"wp:featuredmedia":[{"embeddable":true,"href":"https:\/\/arjenoticias.com.mx\/wp-json\/wp\/v2\/media\/9180"}],"wp:attachment":[{"href":"https:\/\/arjenoticias.com.mx\/wp-json\/wp\/v2\/media?parent=9179"}],"wp:term":[{"taxonomy":"category","embeddable":true,"href":"https:\/\/arjenoticias.com.mx\/wp-json\/wp\/v2\/categories?post=9179"},{"taxonomy":"post_tag","embeddable":true,"href":"https:\/\/arjenoticias.com.mx\/wp-json\/wp\/v2\/tags?post=9179"}],"curies":[{"name":"wp","href":"https:\/\/api.w.org\/{rel}","templated":true}]}}