{"id":9043,"date":"2026-01-17T13:15:00","date_gmt":"2026-01-17T19:15:00","guid":{"rendered":"https:\/\/arjenoticias.com\/?p=9043"},"modified":"2026-01-17T13:15:00","modified_gmt":"2026-01-17T19:15:00","slug":"nos-quieren-dejar-atras","status":"publish","type":"post","link":"https:\/\/arjenoticias.com.mx\/?p=9043","title":{"rendered":"Nos quieren dejar atr\u00e1s"},"content":{"rendered":"\n<p class=\"wp-block-paragraph\">La pregunta es d\u00f3nde est\u00e1 M\u00e9xico en la ecuaci\u00f3n hemisf\u00e9rica y mundial. M\u00e9xico ha perdido estatura en los foros internacionales.<\/p>\n\n\n\n<p class=\"wp-block-paragraph\">2026 inici\u00f3 con movimientos tel\u00faricos y pol\u00edticos inesperados y trepidantes. En tan solo un par de d\u00edas cambi\u00f3 el tablero mundial puesto que se vio como es que Estados Unidos tom\u00f3 la decisi\u00f3n de ir por una persona que arras\u00f3 con todos los derechos humanos en Venezuela y que era crecientemente un peligro por sus v\u00ednculos con los enemigos mundiales de los americanos (rusos, chinos e iran\u00edes). Se inaugur\u00f3 as\u00ed una nueva \u00e9poca en que la Doctrina Monroe surgi\u00f3 nuevamente como una forma de establecer par\u00e1metros geogr\u00e1ficos de influencia territorial. En este sentido se demarc\u00f3 el hemisferio como uno en que la fuerza predominante debe ser la de los Estados Unidos y no los otros reg\u00edmenes de otras latitudes. El mensaje fue claro, ahora no se admiten personas ajenas en este barrio. Y que nadie ose proponer algo distinto porque se le estrangular\u00e1 con los medios disponibles, incluyendo los econ\u00f3micos, pero tambi\u00e9n la fuerza militar de ser necesario.<\/p>\n\n\n\n<p class=\"wp-block-paragraph\">Y as\u00ed nuevamente en este contexto la pregunta es d\u00f3nde est\u00e1 M\u00e9xico en la ecuaci\u00f3n hemisf\u00e9rica y mundial. M\u00e9xico ha perdido estatura en los foros internacionales. En alg\u00fan momento hace algunos a\u00f1os nuestro pa\u00eds ten\u00eda una influencia enorme en los centros de decisi\u00f3n de temas multilaterales. M\u00e9xico era ejemplo en cuanto a carrera diplom\u00e1tica y calidad del servicio exterior mexicano. Pero eso ha quedado atr\u00e1s desde que en 2018 lleg\u00f3 al poder Morena y decidieron que era momento de considerar a los puestos en el extranjero como lugares donde depositar a personas que hab\u00eda que compensar por su entrega al partido aunque no tuvieran experiencia alguna para el puesto. En materia de pol\u00edtica exterior se lleg\u00f3 a decir que lo mejor para ese terreno era la pol\u00edtica interior (una m\u00e1s de las frases absurdas, algo pegajosas, que se utilizan en la ret\u00f3rica populista).Pero adem\u00e1s de lo anterior, en este mismo periodo M\u00e9xico ha carecido de un liderazgo en los temas internacionales torales. Como la vocaci\u00f3n autoritaria ha sido la de implementar una agenda de control a ultranza, se margin\u00f3 por completo el atender las prioridades externas por priorizar los intereses mezquinos locales. Nuestro pa\u00eds es uno de los que m\u00e1s tratados comerciales, fiscales y de protecci\u00f3n de inversiones tiene en todo el orbe. La vinculaci\u00f3n existente con cadenas de suministro, compra y venta de materias primas, manufactura de altas especificaciones, e integraci\u00f3n industrial es evidente y abundante. No obstante dicha realidad econ\u00f3mica, los dos gobiernos morenistas se han olvidado por completo de la lista de intereses de M\u00e9xico en el exterior. El costo de dicho olvido y abandono es evidente al haber cometido errores imperdonables en la agenda y sacrificado el que se haya dejado de lado el seguir buscando dotar al pa\u00eds de la posibilidad de crecer econ\u00f3micamente. A base de malas decisiones y da\u00f1os auto-infligidos (como la reforma judicial y la extinci\u00f3n de organismos constitucionales aut\u00f3nomos) se dio un doble efecto. Por un lado, se violentaron m\u00faltiples obligaciones en tratados internacionales que han venido detonando problemas con naciones que con justa raz\u00f3n incrementan la voz para reclamar que M\u00e9xico se apart\u00f3 de las reglas que se hab\u00edan pactado para dar certidumbre. Y por el otro lado, al minar la confianza en nuestro grado de brindar certeza, muchas inversiones se congelaron, suspendieron o cancelaron. Tantas malas decisiones ya cobraron un costo enorme y por ello es que el pa\u00eds no crece. Los n\u00fameros no mienten y son contundentes. 7 a\u00f1os con promedio 0% en el incremento al PIB. Eso no es casualidad. Es la cruda realidad de lo que el mercado interpreta en M\u00e9xico, incluso en un a\u00f1o como en 2025 en que Estados Unidos creci\u00f3 al 4.5% y nosotros al 0%. Primera vez en d\u00e9cadas en que M\u00e9xico no sigue el patr\u00f3n de comportamiento del vecino del norte. Abramos los ojos.<\/p>\n\n\n\n<p class=\"wp-block-paragraph\">En 2026 se va a dar el proceso formal que se pact\u00f3 originalmente para hacer la primera revisi\u00f3n integral del TMEC a los 6 a\u00f1os del inicio de su vigencia. El gran problema es que lo que deber\u00eda ser un proceso t\u00e9cnico se ha convertido en un batidillo por muchas pifias, empezando por los problemas de cambios innecesarios y absurdos que Morena instal\u00f3 en su af\u00e1n de concentrar poder. M\u00e9xico violent\u00f3 el TMEC en forma suicida al realizar la destrucci\u00f3n institucional salvaje (poder judicial, organismos constitucionales aut\u00f3nomos, amparo, etc.), en particular en los \u00faltimos 12 meses. Al haber hecho esto nuestro pa\u00eds, se le dio al Presidente Trump una ventaja estrat\u00e9gica brutal para una negociaci\u00f3n de por s\u00ed compleja. Para abrir boca se\u00f1alar que EUA estar\u00eda en serios aprietos al haber decidido unilateralmente imponer aranceles, una acci\u00f3n que le pega a la obligaci\u00f3n m\u00e1s evidente de un tratado comercial, pero lo pudo hacer porque M\u00e9xico ya hab\u00eda violentado sus propias obligaciones y as\u00ed abri\u00f3 la puerta para que los estadounidenses, y particularmente el Presidente Trump, pudiera tomar esa medida extrema frente al instrumento comercial sin tener que dar explicaciones mayores a nuestro pa\u00eds. Vamos a arrancar esa negociaci\u00f3n con las manos atadas por las p\u00e9simas decisiones de un gobierno populista y autoritario.<\/p>\n","protected":false},"excerpt":{"rendered":"<p>La pregunta es d\u00f3nde est\u00e1 M\u00e9xico en la ecuaci\u00f3n hemisf\u00e9rica y mundial. M\u00e9xico ha perdido&#8230;<\/p>\n","protected":false},"author":98,"featured_media":9044,"comment_status":"closed","ping_status":"closed","sticky":false,"template":"","format":"standard","meta":{"footnotes":""},"categories":[9],"tags":[],"class_list":["post-9043","post","type-post","status-publish","format-standard","has-post-thumbnail","hentry","category-mundo"],"yoast_head":"<!-- This site is optimized with the Yoast SEO plugin v28.4 - https:\/\/yoast.com\/product\/yoast-seo-wordpress\/ -->\n<title>Nos quieren dejar atr\u00e1s -<\/title>\n<meta name=\"description\" content=\"M\u00e9xico era ejemplo en cuanto a carrera diplom\u00e1tica y calidad del servicio exterior mexicano.\" \/>\n<meta name=\"robots\" content=\"index, follow, max-snippet:-1, max-image-preview:large, max-video-preview:-1\" \/>\n<link rel=\"canonical\" href=\"https:\/\/arjenoticias.com.mx\/?p=9043\" \/>\n<meta property=\"og:locale\" content=\"es_MX\" \/>\n<meta property=\"og:type\" content=\"article\" \/>\n<meta property=\"og:title\" content=\"Nos quieren dejar atr\u00e1s -\" \/>\n<meta property=\"og:description\" content=\"M\u00e9xico era ejemplo en cuanto a carrera diplom\u00e1tica y calidad del servicio exterior mexicano.\" \/>\n<meta property=\"og:url\" content=\"https:\/\/arjenoticias.com.mx\/?p=9043\" \/>\n<meta property=\"article:published_time\" content=\"2026-01-17T19:15:00+00:00\" \/>\n<meta name=\"author\" content=\"Francisco Torres Landa\" \/>\n<meta name=\"twitter:card\" content=\"summary_large_image\" \/>\n<meta name=\"twitter:label1\" content=\"Escrito por\" \/>\n\t<meta name=\"twitter:data1\" content=\"Francisco Torres Landa\" \/>\n\t<meta name=\"twitter:label2\" content=\"Tiempo de lectura\" \/>\n\t<meta name=\"twitter:data2\" content=\"5 minutos\" \/>\n<script type=\"application\/ld+json\" class=\"yoast-schema-graph\">{\"@context\":\"https:\\\/\\\/schema.org\",\"@graph\":[{\"@type\":\"Article\",\"@id\":\"https:\\\/\\\/arjenoticias.com.mx\\\/?p=9043#article\",\"isPartOf\":{\"@id\":\"https:\\\/\\\/arjenoticias.com.mx\\\/?p=9043\"},\"author\":{\"name\":\"Francisco Torres Landa\",\"@id\":\"https:\\\/\\\/arjenoticias.com.mx\\\/#\\\/schema\\\/person\\\/26752cbe3b8833ed89ee374c456f4ebe\"},\"headline\":\"Nos quieren dejar atr\u00e1s\",\"datePublished\":\"2026-01-17T19:15:00+00:00\",\"mainEntityOfPage\":{\"@id\":\"https:\\\/\\\/arjenoticias.com.mx\\\/?p=9043\"},\"wordCount\":941,\"publisher\":{\"@id\":\"https:\\\/\\\/arjenoticias.com.mx\\\/#organization\"},\"image\":{\"@id\":\"https:\\\/\\\/arjenoticias.com.mx\\\/?p=9043#primaryimage\"},\"thumbnailUrl\":\"\",\"articleSection\":[\"Mundo\"],\"inLanguage\":\"es\"},{\"@type\":\"WebPage\",\"@id\":\"https:\\\/\\\/arjenoticias.com.mx\\\/?p=9043\",\"url\":\"https:\\\/\\\/arjenoticias.com.mx\\\/?p=9043\",\"name\":\"Nos quieren dejar atr\u00e1s -\",\"isPartOf\":{\"@id\":\"https:\\\/\\\/arjenoticias.com.mx\\\/#website\"},\"primaryImageOfPage\":{\"@id\":\"https:\\\/\\\/arjenoticias.com.mx\\\/?p=9043#primaryimage\"},\"image\":{\"@id\":\"https:\\\/\\\/arjenoticias.com.mx\\\/?p=9043#primaryimage\"},\"thumbnailUrl\":\"\",\"datePublished\":\"2026-01-17T19:15:00+00:00\",\"description\":\"M\u00e9xico era ejemplo en cuanto a carrera diplom\u00e1tica y calidad del servicio exterior mexicano.\",\"breadcrumb\":{\"@id\":\"https:\\\/\\\/arjenoticias.com.mx\\\/?p=9043#breadcrumb\"},\"inLanguage\":\"es\",\"potentialAction\":[{\"@type\":\"ReadAction\",\"target\":[\"https:\\\/\\\/arjenoticias.com.mx\\\/?p=9043\"]}]},{\"@type\":\"ImageObject\",\"inLanguage\":\"es\",\"@id\":\"https:\\\/\\\/arjenoticias.com.mx\\\/?p=9043#primaryimage\",\"url\":\"\",\"contentUrl\":\"\"},{\"@type\":\"BreadcrumbList\",\"@id\":\"https:\\\/\\\/arjenoticias.com.mx\\\/?p=9043#breadcrumb\",\"itemListElement\":[{\"@type\":\"ListItem\",\"position\":1,\"name\":\"Inicio\",\"item\":\"https:\\\/\\\/arjenoticias.com.mx\\\/\"},{\"@type\":\"ListItem\",\"position\":2,\"name\":\"Nos quieren dejar atr\u00e1s\"}]},{\"@type\":\"WebSite\",\"@id\":\"https:\\\/\\\/arjenoticias.com.mx\\\/#website\",\"url\":\"https:\\\/\\\/arjenoticias.com.mx\\\/\",\"name\":\"arjenoticias.com.mx\",\"description\":\"\",\"publisher\":{\"@id\":\"https:\\\/\\\/arjenoticias.com.mx\\\/#organization\"},\"potentialAction\":[{\"@type\":\"SearchAction\",\"target\":{\"@type\":\"EntryPoint\",\"urlTemplate\":\"https:\\\/\\\/arjenoticias.com.mx\\\/?s={search_term_string}\"},\"query-input\":{\"@type\":\"PropertyValueSpecification\",\"valueRequired\":true,\"valueName\":\"search_term_string\"}}],\"inLanguage\":\"es\"},{\"@type\":\"Organization\",\"@id\":\"https:\\\/\\\/arjenoticias.com.mx\\\/#organization\",\"name\":\"Arj\u00e9 de M\u00e9xico Noticias\",\"url\":\"https:\\\/\\\/arjenoticias.com.mx\\\/\",\"logo\":{\"@type\":\"ImageObject\",\"inLanguage\":\"es\",\"@id\":\"https:\\\/\\\/arjenoticias.com.mx\\\/#\\\/schema\\\/logo\\\/image\\\/\",\"url\":\"https:\\\/\\\/arjenoticias.com.mx\\\/wp-content\\\/uploads\\\/2025\\\/07\\\/cropped-logo-scaled-1.png\",\"contentUrl\":\"https:\\\/\\\/arjenoticias.com.mx\\\/wp-content\\\/uploads\\\/2025\\\/07\\\/cropped-logo-scaled-1.png\",\"width\":2558,\"height\":558,\"caption\":\"Arj\u00e9 de M\u00e9xico Noticias\"},\"image\":{\"@id\":\"https:\\\/\\\/arjenoticias.com.mx\\\/#\\\/schema\\\/logo\\\/image\\\/\"}},{\"@type\":\"Person\",\"@id\":\"https:\\\/\\\/arjenoticias.com.mx\\\/#\\\/schema\\\/person\\\/26752cbe3b8833ed89ee374c456f4ebe\",\"name\":\"Francisco Torres Landa\",\"image\":{\"@type\":\"ImageObject\",\"inLanguage\":\"es\",\"@id\":\"https:\\\/\\\/secure.gravatar.com\\\/avatar\\\/c24285e1fac622dc0e26709a33d2ff8a598a2b59dba1d25cbee732408b0cacbb?s=96&d=mm&r=g\",\"url\":\"https:\\\/\\\/secure.gravatar.com\\\/avatar\\\/c24285e1fac622dc0e26709a33d2ff8a598a2b59dba1d25cbee732408b0cacbb?s=96&d=mm&r=g\",\"contentUrl\":\"https:\\\/\\\/secure.gravatar.com\\\/avatar\\\/c24285e1fac622dc0e26709a33d2ff8a598a2b59dba1d25cbee732408b0cacbb?s=96&d=mm&r=g\",\"caption\":\"Francisco Torres Landa\"},\"url\":\"https:\\\/\\\/arjenoticias.com.mx\\\/?author=98\"}]}<\/script>\n<!-- \/ Yoast SEO plugin. -->","yoast_head_json":{"title":"Nos quieren dejar atr\u00e1s -","description":"M\u00e9xico era ejemplo en cuanto a carrera diplom\u00e1tica y calidad del servicio exterior mexicano.","robots":{"index":"index","follow":"follow","max-snippet":"max-snippet:-1","max-image-preview":"max-image-preview:large","max-video-preview":"max-video-preview:-1"},"canonical":"https:\/\/arjenoticias.com.mx\/?p=9043","og_locale":"es_MX","og_type":"article","og_title":"Nos quieren dejar atr\u00e1s -","og_description":"M\u00e9xico era ejemplo en cuanto a carrera diplom\u00e1tica y calidad del servicio exterior mexicano.","og_url":"https:\/\/arjenoticias.com.mx\/?p=9043","article_published_time":"2026-01-17T19:15:00+00:00","author":"Francisco Torres Landa","twitter_card":"summary_large_image","twitter_misc":{"Escrito por":"Francisco Torres Landa","Tiempo de lectura":"5 minutos"},"schema":{"@context":"https:\/\/schema.org","@graph":[{"@type":"Article","@id":"https:\/\/arjenoticias.com.mx\/?p=9043#article","isPartOf":{"@id":"https:\/\/arjenoticias.com.mx\/?p=9043"},"author":{"name":"Francisco Torres Landa","@id":"https:\/\/arjenoticias.com.mx\/#\/schema\/person\/26752cbe3b8833ed89ee374c456f4ebe"},"headline":"Nos quieren dejar atr\u00e1s","datePublished":"2026-01-17T19:15:00+00:00","mainEntityOfPage":{"@id":"https:\/\/arjenoticias.com.mx\/?p=9043"},"wordCount":941,"publisher":{"@id":"https:\/\/arjenoticias.com.mx\/#organization"},"image":{"@id":"https:\/\/arjenoticias.com.mx\/?p=9043#primaryimage"},"thumbnailUrl":"","articleSection":["Mundo"],"inLanguage":"es"},{"@type":"WebPage","@id":"https:\/\/arjenoticias.com.mx\/?p=9043","url":"https:\/\/arjenoticias.com.mx\/?p=9043","name":"Nos quieren dejar atr\u00e1s -","isPartOf":{"@id":"https:\/\/arjenoticias.com.mx\/#website"},"primaryImageOfPage":{"@id":"https:\/\/arjenoticias.com.mx\/?p=9043#primaryimage"},"image":{"@id":"https:\/\/arjenoticias.com.mx\/?p=9043#primaryimage"},"thumbnailUrl":"","datePublished":"2026-01-17T19:15:00+00:00","description":"M\u00e9xico era ejemplo en cuanto a carrera diplom\u00e1tica y calidad del servicio exterior mexicano.","breadcrumb":{"@id":"https:\/\/arjenoticias.com.mx\/?p=9043#breadcrumb"},"inLanguage":"es","potentialAction":[{"@type":"ReadAction","target":["https:\/\/arjenoticias.com.mx\/?p=9043"]}]},{"@type":"ImageObject","inLanguage":"es","@id":"https:\/\/arjenoticias.com.mx\/?p=9043#primaryimage","url":"","contentUrl":""},{"@type":"BreadcrumbList","@id":"https:\/\/arjenoticias.com.mx\/?p=9043#breadcrumb","itemListElement":[{"@type":"ListItem","position":1,"name":"Inicio","item":"https:\/\/arjenoticias.com.mx\/"},{"@type":"ListItem","position":2,"name":"Nos quieren dejar atr\u00e1s"}]},{"@type":"WebSite","@id":"https:\/\/arjenoticias.com.mx\/#website","url":"https:\/\/arjenoticias.com.mx\/","name":"arjenoticias.com.mx","description":"","publisher":{"@id":"https:\/\/arjenoticias.com.mx\/#organization"},"potentialAction":[{"@type":"SearchAction","target":{"@type":"EntryPoint","urlTemplate":"https:\/\/arjenoticias.com.mx\/?s={search_term_string}"},"query-input":{"@type":"PropertyValueSpecification","valueRequired":true,"valueName":"search_term_string"}}],"inLanguage":"es"},{"@type":"Organization","@id":"https:\/\/arjenoticias.com.mx\/#organization","name":"Arj\u00e9 de M\u00e9xico Noticias","url":"https:\/\/arjenoticias.com.mx\/","logo":{"@type":"ImageObject","inLanguage":"es","@id":"https:\/\/arjenoticias.com.mx\/#\/schema\/logo\/image\/","url":"https:\/\/arjenoticias.com.mx\/wp-content\/uploads\/2025\/07\/cropped-logo-scaled-1.png","contentUrl":"https:\/\/arjenoticias.com.mx\/wp-content\/uploads\/2025\/07\/cropped-logo-scaled-1.png","width":2558,"height":558,"caption":"Arj\u00e9 de M\u00e9xico Noticias"},"image":{"@id":"https:\/\/arjenoticias.com.mx\/#\/schema\/logo\/image\/"}},{"@type":"Person","@id":"https:\/\/arjenoticias.com.mx\/#\/schema\/person\/26752cbe3b8833ed89ee374c456f4ebe","name":"Francisco Torres Landa","image":{"@type":"ImageObject","inLanguage":"es","@id":"https:\/\/secure.gravatar.com\/avatar\/c24285e1fac622dc0e26709a33d2ff8a598a2b59dba1d25cbee732408b0cacbb?s=96&d=mm&r=g","url":"https:\/\/secure.gravatar.com\/avatar\/c24285e1fac622dc0e26709a33d2ff8a598a2b59dba1d25cbee732408b0cacbb?s=96&d=mm&r=g","contentUrl":"https:\/\/secure.gravatar.com\/avatar\/c24285e1fac622dc0e26709a33d2ff8a598a2b59dba1d25cbee732408b0cacbb?s=96&d=mm&r=g","caption":"Francisco Torres Landa"},"url":"https:\/\/arjenoticias.com.mx\/?author=98"}]}},"_links":{"self":[{"href":"https:\/\/arjenoticias.com.mx\/index.php?rest_route=\/wp\/v2\/posts\/9043","targetHints":{"allow":["GET"]}}],"collection":[{"href":"https:\/\/arjenoticias.com.mx\/index.php?rest_route=\/wp\/v2\/posts"}],"about":[{"href":"https:\/\/arjenoticias.com.mx\/index.php?rest_route=\/wp\/v2\/types\/post"}],"author":[{"embeddable":true,"href":"https:\/\/arjenoticias.com.mx\/index.php?rest_route=\/wp\/v2\/users\/98"}],"replies":[{"embeddable":true,"href":"https:\/\/arjenoticias.com.mx\/index.php?rest_route=%2Fwp%2Fv2%2Fcomments&post=9043"}],"version-history":[{"count":0,"href":"https:\/\/arjenoticias.com.mx\/index.php?rest_route=\/wp\/v2\/posts\/9043\/revisions"}],"wp:attachment":[{"href":"https:\/\/arjenoticias.com.mx\/index.php?rest_route=%2Fwp%2Fv2%2Fmedia&parent=9043"}],"wp:term":[{"taxonomy":"category","embeddable":true,"href":"https:\/\/arjenoticias.com.mx\/index.php?rest_route=%2Fwp%2Fv2%2Fcategories&post=9043"},{"taxonomy":"post_tag","embeddable":true,"href":"https:\/\/arjenoticias.com.mx\/index.php?rest_route=%2Fwp%2Fv2%2Ftags&post=9043"}],"curies":[{"name":"wp","href":"https:\/\/api.w.org\/{rel}","templated":true}]}}