{"id":8910,"date":"2026-01-13T11:47:56","date_gmt":"2026-01-13T17:47:56","guid":{"rendered":"https:\/\/arjenoticias.com\/?p=8910"},"modified":"2026-01-15T10:28:50","modified_gmt":"2026-01-15T16:28:50","slug":"%f0%9f%87%b2%f0%9f%87%bd-conoces-los-inicios-de-mariano-escobedo-antes-de-ser-leyenda","status":"publish","type":"post","link":"https:\/\/arjenoticias.com.mx\/cultura\/%f0%9f%87%b2%f0%9f%87%bd-conoces-los-inicios-de-mariano-escobedo-antes-de-ser-leyenda\/","title":{"rendered":"\ud83c\uddf2\ud83c\uddfd \u00bfConoces los inicios de Mariano Escobedo antes de ser leyenda?"},"content":{"rendered":"\n<p class=\"wp-block-paragraph\">Antes del general, hubo un joven del noreste: fiestas, errores, una noche que casi le cuesta la vida\u2026 y una decisi\u00f3n que lo cambi\u00f3 todo.<\/p>\n\n\n\n<p class=\"wp-block-paragraph\">Acabo de publicar una historia gr\u00e1fica ambientada en M\u00e9xico, hacia 1840, con rigor hist\u00f3rico y narrativa visual potente.<\/p>\n\n\n\n<p class=\"wp-block-paragraph\">\ud83d\udc49 Aqu\u00ed te dejo el link:<br>\ud83d\udd17<a href=\"https:\/\/www.facebook.com\/josealbertordz\/posts\/pfbid02Fm2oVBUr9XKEHLiLkY77KDUMNARaCAaKYKqZF1RZdB3gS3cZmvd4561n4zPhB5yFl?rdid=LGLTKBm34CJKXEWE#\">Bajo la sombra de la&#8230; &#8211; Jos\u00e9 Alberto Rodr\u00edguez Ram\u00edrez | Facebook<\/a><\/p>\n\n\n\n<p class=\"wp-block-paragraph\">Si te gusta la historia de M\u00e9xico contada sin solemnidad, pero con alma, \u00e9chale un ojo y comp\u00e1rtelo. Vale la pena. \ud83d\udd25<\/p>\n","protected":false},"excerpt":{"rendered":"<p>Antes del general, hubo un joven del noreste: fiestas, errores, una noche que casi le&#8230;<\/p>\n","protected":false},"author":28,"featured_media":8911,"comment_status":"closed","ping_status":"closed","sticky":false,"template":"","format":"standard","meta":{"footnotes":""},"categories":[1],"tags":[1118],"class_list":["post-8910","post","type-post","status-publish","format-standard","has-post-thumbnail","hentry","category-cultura","tag-acompana-a-mariano-en-el-inicio-de-su-transformacion"],"yoast_head":"<!-- This site is optimized with the Yoast SEO plugin v28.4 - https:\/\/yoast.com\/product\/yoast-seo-wordpress\/ -->\n<title>\ud83c\uddf2\ud83c\uddfd \u00bfConoces los inicios de Mariano Escobedo antes de ser leyenda? -<\/title>\n<meta name=\"robots\" content=\"index, follow, max-snippet:-1, max-image-preview:large, max-video-preview:-1\" \/>\n<link rel=\"canonical\" href=\"https:\/\/arjenoticias.com.mx\/cultura\/\ud83c\uddf2\ud83c\uddfd-conoces-los-inicios-de-mariano-escobedo-antes-de-ser-leyenda\/\" \/>\n<meta property=\"og:locale\" content=\"es_ES\" \/>\n<meta property=\"og:type\" content=\"article\" \/>\n<meta property=\"og:title\" content=\"\ud83c\uddf2\ud83c\uddfd \u00bfConoces los inicios de Mariano Escobedo antes de ser leyenda? -\" \/>\n<meta property=\"og:description\" content=\"Antes del general, hubo un joven del noreste: fiestas, errores, una noche que casi le...\" \/>\n<meta property=\"og:url\" content=\"https:\/\/arjenoticias.com.mx\/cultura\/\ud83c\uddf2\ud83c\uddfd-conoces-los-inicios-de-mariano-escobedo-antes-de-ser-leyenda\/\" \/>\n<meta property=\"article:publisher\" content=\"https:\/\/www.facebook.com\/ArjeNoticiasMX\" \/>\n<meta property=\"article:published_time\" content=\"2026-01-13T17:47:56+00:00\" \/>\n<meta property=\"article:modified_time\" content=\"2026-01-15T16:28:50+00:00\" \/>\n<meta property=\"og:image\" content=\"https:\/\/arjenoticias.com.mx\/wp-content\/uploads\/2026\/01\/MarianoEscobedo.jpg\" \/>\n\t<meta property=\"og:image:width\" content=\"1066\" \/>\n\t<meta property=\"og:image:height\" content=\"1600\" \/>\n\t<meta property=\"og:image:type\" content=\"image\/jpeg\" \/>\n<meta name=\"author\" content=\"Jose Alberto Rodriguez\" \/>\n<meta name=\"twitter:card\" content=\"summary_large_image\" \/>\n<meta name=\"twitter:creator\" content=\"@ArjeNoticias\" \/>\n<meta name=\"twitter:site\" content=\"@ArjeNoticias\" \/>\n<meta name=\"twitter:label1\" content=\"Escrito por\" \/>\n\t<meta name=\"twitter:data1\" content=\"Jose Alberto Rodriguez\" \/>\n\t<meta name=\"twitter:label2\" content=\"Tiempo de lectura\" \/>\n\t<meta name=\"twitter:data2\" content=\"1 minuto\" \/>\n<script type=\"application\/ld+json\" class=\"yoast-schema-graph\">{\"@context\":\"https:\\\/\\\/schema.org\",\"@graph\":[{\"@type\":\"Article\",\"@id\":\"https:\\\/\\\/arjenoticias.com.mx\\\/cultura\\\/%f0%9f%87%b2%f0%9f%87%bd-conoces-los-inicios-de-mariano-escobedo-antes-de-ser-leyenda\\\/#article\",\"isPartOf\":{\"@id\":\"https:\\\/\\\/arjenoticias.com.mx\\\/cultura\\\/%f0%9f%87%b2%f0%9f%87%bd-conoces-los-inicios-de-mariano-escobedo-antes-de-ser-leyenda\\\/\"},\"author\":{\"name\":\"Jose Alberto Rodriguez\",\"@id\":\"https:\\\/\\\/arjenoticias.com.mx\\\/#\\\/schema\\\/person\\\/450b22d3f1511f4ab8a7466fe1605fe7\"},\"headline\":\"\ud83c\uddf2\ud83c\uddfd \u00bfConoces los inicios de Mariano Escobedo antes de ser leyenda?\",\"datePublished\":\"2026-01-13T17:47:56+00:00\",\"dateModified\":\"2026-01-15T16:28:50+00:00\",\"mainEntityOfPage\":{\"@id\":\"https:\\\/\\\/arjenoticias.com.mx\\\/cultura\\\/%f0%9f%87%b2%f0%9f%87%bd-conoces-los-inicios-de-mariano-escobedo-antes-de-ser-leyenda\\\/\"},\"wordCount\":97,\"publisher\":{\"@id\":\"https:\\\/\\\/arjenoticias.com.mx\\\/#organization\"},\"image\":{\"@id\":\"https:\\\/\\\/arjenoticias.com.mx\\\/cultura\\\/%f0%9f%87%b2%f0%9f%87%bd-conoces-los-inicios-de-mariano-escobedo-antes-de-ser-leyenda\\\/#primaryimage\"},\"thumbnailUrl\":\"https:\\\/\\\/arjenoticias.com.mx\\\/wp-content\\\/uploads\\\/2026\\\/01\\\/MarianoEscobedo.jpg\",\"keywords\":[\"acompa\u00f1a a Mariano en el inicio de su transformaci\u00f3n\"],\"articleSection\":[\"Cultura y Entretenimiento\"],\"inLanguage\":\"es\"},{\"@type\":\"WebPage\",\"@id\":\"https:\\\/\\\/arjenoticias.com.mx\\\/cultura\\\/%f0%9f%87%b2%f0%9f%87%bd-conoces-los-inicios-de-mariano-escobedo-antes-de-ser-leyenda\\\/\",\"url\":\"https:\\\/\\\/arjenoticias.com.mx\\\/cultura\\\/%f0%9f%87%b2%f0%9f%87%bd-conoces-los-inicios-de-mariano-escobedo-antes-de-ser-leyenda\\\/\",\"name\":\"\ud83c\uddf2\ud83c\uddfd \u00bfConoces los inicios de Mariano Escobedo antes de ser leyenda? -\",\"isPartOf\":{\"@id\":\"https:\\\/\\\/arjenoticias.com.mx\\\/#website\"},\"primaryImageOfPage\":{\"@id\":\"https:\\\/\\\/arjenoticias.com.mx\\\/cultura\\\/%f0%9f%87%b2%f0%9f%87%bd-conoces-los-inicios-de-mariano-escobedo-antes-de-ser-leyenda\\\/#primaryimage\"},\"image\":{\"@id\":\"https:\\\/\\\/arjenoticias.com.mx\\\/cultura\\\/%f0%9f%87%b2%f0%9f%87%bd-conoces-los-inicios-de-mariano-escobedo-antes-de-ser-leyenda\\\/#primaryimage\"},\"thumbnailUrl\":\"https:\\\/\\\/arjenoticias.com.mx\\\/wp-content\\\/uploads\\\/2026\\\/01\\\/MarianoEscobedo.jpg\",\"datePublished\":\"2026-01-13T17:47:56+00:00\",\"dateModified\":\"2026-01-15T16:28:50+00:00\",\"breadcrumb\":{\"@id\":\"https:\\\/\\\/arjenoticias.com.mx\\\/cultura\\\/%f0%9f%87%b2%f0%9f%87%bd-conoces-los-inicios-de-mariano-escobedo-antes-de-ser-leyenda\\\/#breadcrumb\"},\"inLanguage\":\"es\",\"potentialAction\":[{\"@type\":\"ReadAction\",\"target\":[\"https:\\\/\\\/arjenoticias.com.mx\\\/cultura\\\/%f0%9f%87%b2%f0%9f%87%bd-conoces-los-inicios-de-mariano-escobedo-antes-de-ser-leyenda\\\/\"]}]},{\"@type\":\"ImageObject\",\"inLanguage\":\"es\",\"@id\":\"https:\\\/\\\/arjenoticias.com.mx\\\/cultura\\\/%f0%9f%87%b2%f0%9f%87%bd-conoces-los-inicios-de-mariano-escobedo-antes-de-ser-leyenda\\\/#primaryimage\",\"url\":\"https:\\\/\\\/arjenoticias.com.mx\\\/wp-content\\\/uploads\\\/2026\\\/01\\\/MarianoEscobedo.jpg\",\"contentUrl\":\"https:\\\/\\\/arjenoticias.com.mx\\\/wp-content\\\/uploads\\\/2026\\\/01\\\/MarianoEscobedo.jpg\",\"width\":1066,\"height\":1600,\"caption\":\"Escobedo Antes de ser soldado\u2026 fue un muchacho al borde del abismo.\"},{\"@type\":\"BreadcrumbList\",\"@id\":\"https:\\\/\\\/arjenoticias.com.mx\\\/cultura\\\/%f0%9f%87%b2%f0%9f%87%bd-conoces-los-inicios-de-mariano-escobedo-antes-de-ser-leyenda\\\/#breadcrumb\",\"itemListElement\":[{\"@type\":\"ListItem\",\"position\":1,\"name\":\"Portada\",\"item\":\"https:\\\/\\\/arjenoticias.com.mx\\\/\"},{\"@type\":\"ListItem\",\"position\":2,\"name\":\"\ud83c\uddf2\ud83c\uddfd \u00bfConoces los inicios de Mariano Escobedo antes de ser leyenda?\"}]},{\"@type\":\"WebSite\",\"@id\":\"https:\\\/\\\/arjenoticias.com.mx\\\/#website\",\"url\":\"https:\\\/\\\/arjenoticias.com.mx\\\/\",\"name\":\"Arj\u00e9 M\u00e9xico\",\"description\":\"\",\"publisher\":{\"@id\":\"https:\\\/\\\/arjenoticias.com.mx\\\/#organization\"},\"potentialAction\":[{\"@type\":\"SearchAction\",\"target\":{\"@type\":\"EntryPoint\",\"urlTemplate\":\"https:\\\/\\\/arjenoticias.com.mx\\\/?s={search_term_string}\"},\"query-input\":{\"@type\":\"PropertyValueSpecification\",\"valueRequired\":true,\"valueName\":\"search_term_string\"}}],\"inLanguage\":\"es\"},{\"@type\":\"Organization\",\"@id\":\"https:\\\/\\\/arjenoticias.com.mx\\\/#organization\",\"name\":\"Arj\u00e9 M\u00e9xico\",\"url\":\"https:\\\/\\\/arjenoticias.com.mx\\\/\",\"logo\":{\"@type\":\"ImageObject\",\"inLanguage\":\"es\",\"@id\":\"https:\\\/\\\/arjenoticias.com.mx\\\/#\\\/schema\\\/logo\\\/image\\\/\",\"url\":\"https:\\\/\\\/arjenoticias.com\\\/wp-content\\\/uploads\\\/2026\\\/04\\\/cropped-cropped-logo-inverted-1-scaled-1.png\",\"contentUrl\":\"https:\\\/\\\/arjenoticias.com\\\/wp-content\\\/uploads\\\/2026\\\/04\\\/cropped-cropped-logo-inverted-1-scaled-1.png\",\"width\":2556,\"height\":549,\"caption\":\"Arj\u00e9 M\u00e9xico\"},\"image\":{\"@id\":\"https:\\\/\\\/arjenoticias.com.mx\\\/#\\\/schema\\\/logo\\\/image\\\/\"},\"sameAs\":[\"https:\\\/\\\/www.facebook.com\\\/ArjeNoticiasMX\",\"https:\\\/\\\/x.com\\\/ArjeNoticias\"]},{\"@type\":\"Person\",\"@id\":\"https:\\\/\\\/arjenoticias.com.mx\\\/#\\\/schema\\\/person\\\/450b22d3f1511f4ab8a7466fe1605fe7\",\"name\":\"Jose Alberto Rodriguez\",\"image\":{\"@type\":\"ImageObject\",\"inLanguage\":\"es\",\"@id\":\"https:\\\/\\\/secure.gravatar.com\\\/avatar\\\/c27724f5c897378a3d35e5a09b329593c2e94ec36094bf4def16bbf74795d323?s=96&d=mm&r=g\",\"url\":\"https:\\\/\\\/secure.gravatar.com\\\/avatar\\\/c27724f5c897378a3d35e5a09b329593c2e94ec36094bf4def16bbf74795d323?s=96&d=mm&r=g\",\"contentUrl\":\"https:\\\/\\\/secure.gravatar.com\\\/avatar\\\/c27724f5c897378a3d35e5a09b329593c2e94ec36094bf4def16bbf74795d323?s=96&d=mm&r=g\",\"caption\":\"Jose Alberto Rodriguez\"},\"url\":\"https:\\\/\\\/arjenoticias.com.mx\\\/author\\\/jose-alberto-rodriguez\\\/\"}]}<\/script>\n<!-- \/ Yoast SEO plugin. -->","yoast_head_json":{"title":"\ud83c\uddf2\ud83c\uddfd \u00bfConoces los inicios de Mariano Escobedo antes de ser leyenda? -","robots":{"index":"index","follow":"follow","max-snippet":"max-snippet:-1","max-image-preview":"max-image-preview:large","max-video-preview":"max-video-preview:-1"},"canonical":"https:\/\/arjenoticias.com.mx\/cultura\/\ud83c\uddf2\ud83c\uddfd-conoces-los-inicios-de-mariano-escobedo-antes-de-ser-leyenda\/","og_locale":"es_ES","og_type":"article","og_title":"\ud83c\uddf2\ud83c\uddfd \u00bfConoces los inicios de Mariano Escobedo antes de ser leyenda? -","og_description":"Antes del general, hubo un joven del noreste: fiestas, errores, una noche que casi le...","og_url":"https:\/\/arjenoticias.com.mx\/cultura\/\ud83c\uddf2\ud83c\uddfd-conoces-los-inicios-de-mariano-escobedo-antes-de-ser-leyenda\/","article_publisher":"https:\/\/www.facebook.com\/ArjeNoticiasMX","article_published_time":"2026-01-13T17:47:56+00:00","article_modified_time":"2026-01-15T16:28:50+00:00","og_image":[{"width":1066,"height":1600,"url":"https:\/\/arjenoticias.com.mx\/wp-content\/uploads\/2026\/01\/MarianoEscobedo.jpg","type":"image\/jpeg"}],"author":"Jose Alberto Rodriguez","twitter_card":"summary_large_image","twitter_creator":"@ArjeNoticias","twitter_site":"@ArjeNoticias","twitter_misc":{"Escrito por":"Jose Alberto Rodriguez","Tiempo de lectura":"1 minuto"},"schema":{"@context":"https:\/\/schema.org","@graph":[{"@type":"Article","@id":"https:\/\/arjenoticias.com.mx\/cultura\/%f0%9f%87%b2%f0%9f%87%bd-conoces-los-inicios-de-mariano-escobedo-antes-de-ser-leyenda\/#article","isPartOf":{"@id":"https:\/\/arjenoticias.com.mx\/cultura\/%f0%9f%87%b2%f0%9f%87%bd-conoces-los-inicios-de-mariano-escobedo-antes-de-ser-leyenda\/"},"author":{"name":"Jose Alberto Rodriguez","@id":"https:\/\/arjenoticias.com.mx\/#\/schema\/person\/450b22d3f1511f4ab8a7466fe1605fe7"},"headline":"\ud83c\uddf2\ud83c\uddfd \u00bfConoces los inicios de Mariano Escobedo antes de ser leyenda?","datePublished":"2026-01-13T17:47:56+00:00","dateModified":"2026-01-15T16:28:50+00:00","mainEntityOfPage":{"@id":"https:\/\/arjenoticias.com.mx\/cultura\/%f0%9f%87%b2%f0%9f%87%bd-conoces-los-inicios-de-mariano-escobedo-antes-de-ser-leyenda\/"},"wordCount":97,"publisher":{"@id":"https:\/\/arjenoticias.com.mx\/#organization"},"image":{"@id":"https:\/\/arjenoticias.com.mx\/cultura\/%f0%9f%87%b2%f0%9f%87%bd-conoces-los-inicios-de-mariano-escobedo-antes-de-ser-leyenda\/#primaryimage"},"thumbnailUrl":"https:\/\/arjenoticias.com.mx\/wp-content\/uploads\/2026\/01\/MarianoEscobedo.jpg","keywords":["acompa\u00f1a a Mariano en el inicio de su transformaci\u00f3n"],"articleSection":["Cultura y Entretenimiento"],"inLanguage":"es"},{"@type":"WebPage","@id":"https:\/\/arjenoticias.com.mx\/cultura\/%f0%9f%87%b2%f0%9f%87%bd-conoces-los-inicios-de-mariano-escobedo-antes-de-ser-leyenda\/","url":"https:\/\/arjenoticias.com.mx\/cultura\/%f0%9f%87%b2%f0%9f%87%bd-conoces-los-inicios-de-mariano-escobedo-antes-de-ser-leyenda\/","name":"\ud83c\uddf2\ud83c\uddfd \u00bfConoces los inicios de Mariano Escobedo antes de ser leyenda? -","isPartOf":{"@id":"https:\/\/arjenoticias.com.mx\/#website"},"primaryImageOfPage":{"@id":"https:\/\/arjenoticias.com.mx\/cultura\/%f0%9f%87%b2%f0%9f%87%bd-conoces-los-inicios-de-mariano-escobedo-antes-de-ser-leyenda\/#primaryimage"},"image":{"@id":"https:\/\/arjenoticias.com.mx\/cultura\/%f0%9f%87%b2%f0%9f%87%bd-conoces-los-inicios-de-mariano-escobedo-antes-de-ser-leyenda\/#primaryimage"},"thumbnailUrl":"https:\/\/arjenoticias.com.mx\/wp-content\/uploads\/2026\/01\/MarianoEscobedo.jpg","datePublished":"2026-01-13T17:47:56+00:00","dateModified":"2026-01-15T16:28:50+00:00","breadcrumb":{"@id":"https:\/\/arjenoticias.com.mx\/cultura\/%f0%9f%87%b2%f0%9f%87%bd-conoces-los-inicios-de-mariano-escobedo-antes-de-ser-leyenda\/#breadcrumb"},"inLanguage":"es","potentialAction":[{"@type":"ReadAction","target":["https:\/\/arjenoticias.com.mx\/cultura\/%f0%9f%87%b2%f0%9f%87%bd-conoces-los-inicios-de-mariano-escobedo-antes-de-ser-leyenda\/"]}]},{"@type":"ImageObject","inLanguage":"es","@id":"https:\/\/arjenoticias.com.mx\/cultura\/%f0%9f%87%b2%f0%9f%87%bd-conoces-los-inicios-de-mariano-escobedo-antes-de-ser-leyenda\/#primaryimage","url":"https:\/\/arjenoticias.com.mx\/wp-content\/uploads\/2026\/01\/MarianoEscobedo.jpg","contentUrl":"https:\/\/arjenoticias.com.mx\/wp-content\/uploads\/2026\/01\/MarianoEscobedo.jpg","width":1066,"height":1600,"caption":"Escobedo Antes de ser soldado\u2026 fue un muchacho al borde del abismo."},{"@type":"BreadcrumbList","@id":"https:\/\/arjenoticias.com.mx\/cultura\/%f0%9f%87%b2%f0%9f%87%bd-conoces-los-inicios-de-mariano-escobedo-antes-de-ser-leyenda\/#breadcrumb","itemListElement":[{"@type":"ListItem","position":1,"name":"Portada","item":"https:\/\/arjenoticias.com.mx\/"},{"@type":"ListItem","position":2,"name":"\ud83c\uddf2\ud83c\uddfd \u00bfConoces los inicios de Mariano Escobedo antes de ser leyenda?"}]},{"@type":"WebSite","@id":"https:\/\/arjenoticias.com.mx\/#website","url":"https:\/\/arjenoticias.com.mx\/","name":"Arj\u00e9 M\u00e9xico","description":"","publisher":{"@id":"https:\/\/arjenoticias.com.mx\/#organization"},"potentialAction":[{"@type":"SearchAction","target":{"@type":"EntryPoint","urlTemplate":"https:\/\/arjenoticias.com.mx\/?s={search_term_string}"},"query-input":{"@type":"PropertyValueSpecification","valueRequired":true,"valueName":"search_term_string"}}],"inLanguage":"es"},{"@type":"Organization","@id":"https:\/\/arjenoticias.com.mx\/#organization","name":"Arj\u00e9 M\u00e9xico","url":"https:\/\/arjenoticias.com.mx\/","logo":{"@type":"ImageObject","inLanguage":"es","@id":"https:\/\/arjenoticias.com.mx\/#\/schema\/logo\/image\/","url":"https:\/\/arjenoticias.com\/wp-content\/uploads\/2026\/04\/cropped-cropped-logo-inverted-1-scaled-1.png","contentUrl":"https:\/\/arjenoticias.com\/wp-content\/uploads\/2026\/04\/cropped-cropped-logo-inverted-1-scaled-1.png","width":2556,"height":549,"caption":"Arj\u00e9 M\u00e9xico"},"image":{"@id":"https:\/\/arjenoticias.com.mx\/#\/schema\/logo\/image\/"},"sameAs":["https:\/\/www.facebook.com\/ArjeNoticiasMX","https:\/\/x.com\/ArjeNoticias"]},{"@type":"Person","@id":"https:\/\/arjenoticias.com.mx\/#\/schema\/person\/450b22d3f1511f4ab8a7466fe1605fe7","name":"Jose Alberto Rodriguez","image":{"@type":"ImageObject","inLanguage":"es","@id":"https:\/\/secure.gravatar.com\/avatar\/c27724f5c897378a3d35e5a09b329593c2e94ec36094bf4def16bbf74795d323?s=96&d=mm&r=g","url":"https:\/\/secure.gravatar.com\/avatar\/c27724f5c897378a3d35e5a09b329593c2e94ec36094bf4def16bbf74795d323?s=96&d=mm&r=g","contentUrl":"https:\/\/secure.gravatar.com\/avatar\/c27724f5c897378a3d35e5a09b329593c2e94ec36094bf4def16bbf74795d323?s=96&d=mm&r=g","caption":"Jose Alberto Rodriguez"},"url":"https:\/\/arjenoticias.com.mx\/author\/jose-alberto-rodriguez\/"}]}},"featured_image_urls":{"full":["https:\/\/arjenoticias.com.mx\/wp-content\/uploads\/2026\/01\/MarianoEscobedo.jpg",1066,1600,false],"thumbnail":["https:\/\/arjenoticias.com.mx\/wp-content\/uploads\/2026\/01\/MarianoEscobedo-150x150.jpg",150,150,true],"medium":["https:\/\/arjenoticias.com.mx\/wp-content\/uploads\/2026\/01\/MarianoEscobedo-200x300.jpg",200,300,true],"medium_large":["https:\/\/arjenoticias.com.mx\/wp-content\/uploads\/2026\/01\/MarianoEscobedo-768x1153.jpg",640,961,true],"large":["https:\/\/arjenoticias.com.mx\/wp-content\/uploads\/2026\/01\/MarianoEscobedo-682x1024.jpg",640,961,true],"1536x1536":["https:\/\/arjenoticias.com.mx\/wp-content\/uploads\/2026\/01\/MarianoEscobedo-1023x1536.jpg",1023,1536,true],"2048x2048":["https:\/\/arjenoticias.com.mx\/wp-content\/uploads\/2026\/01\/MarianoEscobedo.jpg",1066,1600,false],"covernews-featured":["https:\/\/arjenoticias.com.mx\/wp-content\/uploads\/2026\/01\/MarianoEscobedo-1024x1537.jpg",1024,1537,true],"covernews-medium":["https:\/\/arjenoticias.com.mx\/wp-content\/uploads\/2026\/01\/MarianoEscobedo-540x340.jpg",540,340,true]},"author_info":{"info":["Jose Alberto Rodriguez"]},"category_info":"<a href=\"https:\/\/arjenoticias.com.mx\/category\/cultura\/\" rel=\"category tag\">Cultura y Entretenimiento<\/a>","tag_info":"Cultura y Entretenimiento","comment_count":"0","_links":{"self":[{"href":"https:\/\/arjenoticias.com.mx\/wp-json\/wp\/v2\/posts\/8910","targetHints":{"allow":["GET"]}}],"collection":[{"href":"https:\/\/arjenoticias.com.mx\/wp-json\/wp\/v2\/posts"}],"about":[{"href":"https:\/\/arjenoticias.com.mx\/wp-json\/wp\/v2\/types\/post"}],"author":[{"embeddable":true,"href":"https:\/\/arjenoticias.com.mx\/wp-json\/wp\/v2\/users\/28"}],"replies":[{"embeddable":true,"href":"https:\/\/arjenoticias.com.mx\/wp-json\/wp\/v2\/comments?post=8910"}],"version-history":[{"count":1,"href":"https:\/\/arjenoticias.com.mx\/wp-json\/wp\/v2\/posts\/8910\/revisions"}],"predecessor-version":[{"id":8912,"href":"https:\/\/arjenoticias.com.mx\/wp-json\/wp\/v2\/posts\/8910\/revisions\/8912"}],"wp:featuredmedia":[{"embeddable":true,"href":"https:\/\/arjenoticias.com.mx\/wp-json\/wp\/v2\/media\/8911"}],"wp:attachment":[{"href":"https:\/\/arjenoticias.com.mx\/wp-json\/wp\/v2\/media?parent=8910"}],"wp:term":[{"taxonomy":"category","embeddable":true,"href":"https:\/\/arjenoticias.com.mx\/wp-json\/wp\/v2\/categories?post=8910"},{"taxonomy":"post_tag","embeddable":true,"href":"https:\/\/arjenoticias.com.mx\/wp-json\/wp\/v2\/tags?post=8910"}],"curies":[{"name":"wp","href":"https:\/\/api.w.org\/{rel}","templated":true}]}}