{"id":8787,"date":"2026-01-08T12:29:23","date_gmt":"2026-01-08T18:29:23","guid":{"rendered":"https:\/\/arjenoticias.com\/?p=8787"},"modified":"2026-01-11T22:56:47","modified_gmt":"2026-01-12T04:56:47","slug":"monitoreo-nacional-de-homicidiosel-centinela-de-la-seguridad","status":"publish","type":"post","link":"https:\/\/arjenoticias.com.mx\/opinion\/monitoreo-nacional-de-homicidiosel-centinela-de-la-seguridad\/","title":{"rendered":"Monitoreo Nacional de homicidios:\u00a1El Centinela de la Seguridad!"},"content":{"rendered":"\n<p class=\"wp-block-paragraph\">SITUACI\u00d3N: CONDICI\u00d3N MAL,<br>EVOLUCI\u00d3N: ESTABLE.<\/p>\n\n\n\n<p class=\"wp-block-paragraph\">De acuerdo a los datos preliminares de la Comisi\u00f3n Nacional de Seguridad de la Secretar\u00eda de Seguridad P\u00fablica de M\u00e9xico, durante los d\u00edas del 29 de diciembre de 2025 al 4 de enero de 2026, se registraron en M\u00e9xico 347 homicidios.<br>En consecuencia, el diagn\u00f3stico de la SITUACI\u00d3N para hoy es, en cuanto a la CONDICI\u00d3N: MAL, porque 347 son m\u00e1s que 125, el n\u00famero de homicidios por semana que establecimos como criterio para afirmar la condici\u00f3n de estar BIEN o MAL (asumiendo como bien o buena, la condici\u00f3n que ten\u00edamos en 1993).<br>En virtud de que 347 es un valor muy pr\u00f3ximo al L\u00edmite Central y muy alejado de los L\u00edmites de Advertencia, en cuanto a la evoluci\u00f3n tenemos ESTABILIDAD.<br>En resumen, la SITUACION es, en cuanto a la CONDICI\u00d3N mal, y en cuanto a la EVOLUCI\u00d3N estabilidad.<br>SITUACI\u00d3N: MAL ESTABLE<br>\u00bfQU\u00c9 HACER?:<br>Mantener el esquema T\u00e1ctico- Estrat\u00e9gico y esperar a la siguiente evaluaci\u00f3n.<\/p>\n\n\n\n<p class=\"wp-block-paragraph\">NOTA: Este ejercicio se puede replicar para estados y municipios, \u00a1por un costo muy razonable! \u00a1B\u00fasqueme! \u00a1Es f\u00e1cil encontrarme!<\/p>\n\n\n\n<p class=\"wp-block-paragraph\">saba@sabaconsultores.com<br>SABA CONSULTORES (YouTube)<br>www.sabaconsultores.com<br>8110664872<\/p>\n","protected":false},"excerpt":{"rendered":"<p>SITUACI\u00d3N: CONDICI\u00d3N MAL,EVOLUCI\u00d3N: ESTABLE. De acuerdo a los datos preliminares de la Comisi\u00f3n Nacional de&#8230;<\/p>\n","protected":false},"author":15,"featured_media":8788,"comment_status":"closed","ping_status":"closed","sticky":false,"template":"","format":"standard","meta":{"footnotes":""},"categories":[59],"tags":[1095],"class_list":["post-8787","post","type-post","status-publish","format-standard","has-post-thumbnail","hentry","category-opinion","tag-monitoreo-de-la-violencia"],"yoast_head":"<!-- This site is optimized with the Yoast SEO plugin v28.4 - https:\/\/yoast.com\/product\/yoast-seo-wordpress\/ -->\n<title>Monitoreo Nacional de homicidios:\u00a1El Centinela de la Seguridad! -<\/title>\n<meta name=\"description\" content=\"el diagn\u00f3stico de la SITUACI\u00d3N para hoy es, en cuanto a la CONDICI\u00d3N: MAL\" \/>\n<meta name=\"robots\" content=\"index, follow, max-snippet:-1, max-image-preview:large, max-video-preview:-1\" \/>\n<link rel=\"canonical\" href=\"https:\/\/arjenoticias.com.mx\/opinion\/monitoreo-nacional-de-homicidiosel-centinela-de-la-seguridad\/\" \/>\n<meta property=\"og:locale\" content=\"es_ES\" \/>\n<meta property=\"og:type\" content=\"article\" \/>\n<meta property=\"og:title\" content=\"Monitoreo Nacional de homicidios:\u00a1El Centinela de la Seguridad! -\" \/>\n<meta property=\"og:description\" content=\"el diagn\u00f3stico de la SITUACI\u00d3N para hoy es, en cuanto a la CONDICI\u00d3N: MAL\" \/>\n<meta property=\"og:url\" content=\"https:\/\/arjenoticias.com.mx\/opinion\/monitoreo-nacional-de-homicidiosel-centinela-de-la-seguridad\/\" \/>\n<meta property=\"article:publisher\" content=\"https:\/\/www.facebook.com\/ArjeNoticiasMX\" \/>\n<meta property=\"article:published_time\" content=\"2026-01-08T18:29:23+00:00\" \/>\n<meta property=\"article:modified_time\" content=\"2026-01-12T04:56:47+00:00\" \/>\n<meta property=\"og:image\" content=\"https:\/\/arjenoticias.com.mx\/wp-content\/uploads\/2026\/01\/Salvador-Borrego-18.png\" \/>\n\t<meta property=\"og:image:width\" content=\"600\" \/>\n\t<meta property=\"og:image:height\" content=\"400\" \/>\n\t<meta property=\"og:image:type\" content=\"image\/png\" \/>\n<meta name=\"author\" content=\"Salvador Borrego\" \/>\n<meta name=\"twitter:card\" content=\"summary_large_image\" \/>\n<meta name=\"twitter:creator\" content=\"@ArjeNoticias\" \/>\n<meta name=\"twitter:site\" content=\"@ArjeNoticias\" \/>\n<meta name=\"twitter:label1\" content=\"Escrito por\" \/>\n\t<meta name=\"twitter:data1\" content=\"Salvador Borrego\" \/>\n\t<meta name=\"twitter:label2\" content=\"Tiempo de lectura\" \/>\n\t<meta name=\"twitter:data2\" content=\"2 minutos\" \/>\n<script type=\"application\/ld+json\" class=\"yoast-schema-graph\">{\"@context\":\"https:\\\/\\\/schema.org\",\"@graph\":[{\"@type\":\"Article\",\"@id\":\"https:\\\/\\\/arjenoticias.com.mx\\\/opinion\\\/monitoreo-nacional-de-homicidiosel-centinela-de-la-seguridad\\\/#article\",\"isPartOf\":{\"@id\":\"https:\\\/\\\/arjenoticias.com.mx\\\/opinion\\\/monitoreo-nacional-de-homicidiosel-centinela-de-la-seguridad\\\/\"},\"author\":{\"name\":\"Salvador Borrego\",\"@id\":\"https:\\\/\\\/arjenoticias.com.mx\\\/#\\\/schema\\\/person\\\/acf0d439aea909f8a816a3776a8f4bbc\"},\"headline\":\"Monitoreo Nacional de homicidios:\u00a1El Centinela de la Seguridad!\",\"datePublished\":\"2026-01-08T18:29:23+00:00\",\"dateModified\":\"2026-01-12T04:56:47+00:00\",\"mainEntityOfPage\":{\"@id\":\"https:\\\/\\\/arjenoticias.com.mx\\\/opinion\\\/monitoreo-nacional-de-homicidiosel-centinela-de-la-seguridad\\\/\"},\"wordCount\":216,\"publisher\":{\"@id\":\"https:\\\/\\\/arjenoticias.com.mx\\\/#organization\"},\"image\":{\"@id\":\"https:\\\/\\\/arjenoticias.com.mx\\\/opinion\\\/monitoreo-nacional-de-homicidiosel-centinela-de-la-seguridad\\\/#primaryimage\"},\"thumbnailUrl\":\"https:\\\/\\\/arjenoticias.com.mx\\\/wp-content\\\/uploads\\\/2026\\\/01\\\/Salvador-Borrego-18.png\",\"keywords\":[\"Monitoreo de la violencia\"],\"articleSection\":[\"Opini\u00f3n\"],\"inLanguage\":\"es\"},{\"@type\":\"WebPage\",\"@id\":\"https:\\\/\\\/arjenoticias.com.mx\\\/opinion\\\/monitoreo-nacional-de-homicidiosel-centinela-de-la-seguridad\\\/\",\"url\":\"https:\\\/\\\/arjenoticias.com.mx\\\/opinion\\\/monitoreo-nacional-de-homicidiosel-centinela-de-la-seguridad\\\/\",\"name\":\"Monitoreo Nacional de homicidios:\u00a1El Centinela de la Seguridad! -\",\"isPartOf\":{\"@id\":\"https:\\\/\\\/arjenoticias.com.mx\\\/#website\"},\"primaryImageOfPage\":{\"@id\":\"https:\\\/\\\/arjenoticias.com.mx\\\/opinion\\\/monitoreo-nacional-de-homicidiosel-centinela-de-la-seguridad\\\/#primaryimage\"},\"image\":{\"@id\":\"https:\\\/\\\/arjenoticias.com.mx\\\/opinion\\\/monitoreo-nacional-de-homicidiosel-centinela-de-la-seguridad\\\/#primaryimage\"},\"thumbnailUrl\":\"https:\\\/\\\/arjenoticias.com.mx\\\/wp-content\\\/uploads\\\/2026\\\/01\\\/Salvador-Borrego-18.png\",\"datePublished\":\"2026-01-08T18:29:23+00:00\",\"dateModified\":\"2026-01-12T04:56:47+00:00\",\"description\":\"el diagn\u00f3stico de la SITUACI\u00d3N para hoy es, en cuanto a la CONDICI\u00d3N: MAL\",\"breadcrumb\":{\"@id\":\"https:\\\/\\\/arjenoticias.com.mx\\\/opinion\\\/monitoreo-nacional-de-homicidiosel-centinela-de-la-seguridad\\\/#breadcrumb\"},\"inLanguage\":\"es\",\"potentialAction\":[{\"@type\":\"ReadAction\",\"target\":[\"https:\\\/\\\/arjenoticias.com.mx\\\/opinion\\\/monitoreo-nacional-de-homicidiosel-centinela-de-la-seguridad\\\/\"]}]},{\"@type\":\"ImageObject\",\"inLanguage\":\"es\",\"@id\":\"https:\\\/\\\/arjenoticias.com.mx\\\/opinion\\\/monitoreo-nacional-de-homicidiosel-centinela-de-la-seguridad\\\/#primaryimage\",\"url\":\"https:\\\/\\\/arjenoticias.com.mx\\\/wp-content\\\/uploads\\\/2026\\\/01\\\/Salvador-Borrego-18.png\",\"contentUrl\":\"https:\\\/\\\/arjenoticias.com.mx\\\/wp-content\\\/uploads\\\/2026\\\/01\\\/Salvador-Borrego-18.png\",\"width\":600,\"height\":400,\"caption\":\"SITUACI\u00d3N: CONDICI\u00d3N MAL, EVOLUCI\u00d3N: ESTABLE.\"},{\"@type\":\"BreadcrumbList\",\"@id\":\"https:\\\/\\\/arjenoticias.com.mx\\\/opinion\\\/monitoreo-nacional-de-homicidiosel-centinela-de-la-seguridad\\\/#breadcrumb\",\"itemListElement\":[{\"@type\":\"ListItem\",\"position\":1,\"name\":\"Portada\",\"item\":\"https:\\\/\\\/arjenoticias.com.mx\\\/\"},{\"@type\":\"ListItem\",\"position\":2,\"name\":\"Monitoreo Nacional de homicidios:\u00a1El Centinela de la Seguridad!\"}]},{\"@type\":\"WebSite\",\"@id\":\"https:\\\/\\\/arjenoticias.com.mx\\\/#website\",\"url\":\"https:\\\/\\\/arjenoticias.com.mx\\\/\",\"name\":\"Arj\u00e9 M\u00e9xico\",\"description\":\"\",\"publisher\":{\"@id\":\"https:\\\/\\\/arjenoticias.com.mx\\\/#organization\"},\"potentialAction\":[{\"@type\":\"SearchAction\",\"target\":{\"@type\":\"EntryPoint\",\"urlTemplate\":\"https:\\\/\\\/arjenoticias.com.mx\\\/?s={search_term_string}\"},\"query-input\":{\"@type\":\"PropertyValueSpecification\",\"valueRequired\":true,\"valueName\":\"search_term_string\"}}],\"inLanguage\":\"es\"},{\"@type\":\"Organization\",\"@id\":\"https:\\\/\\\/arjenoticias.com.mx\\\/#organization\",\"name\":\"Arj\u00e9 M\u00e9xico\",\"url\":\"https:\\\/\\\/arjenoticias.com.mx\\\/\",\"logo\":{\"@type\":\"ImageObject\",\"inLanguage\":\"es\",\"@id\":\"https:\\\/\\\/arjenoticias.com.mx\\\/#\\\/schema\\\/logo\\\/image\\\/\",\"url\":\"https:\\\/\\\/arjenoticias.com\\\/wp-content\\\/uploads\\\/2026\\\/04\\\/cropped-cropped-logo-inverted-1-scaled-1.png\",\"contentUrl\":\"https:\\\/\\\/arjenoticias.com\\\/wp-content\\\/uploads\\\/2026\\\/04\\\/cropped-cropped-logo-inverted-1-scaled-1.png\",\"width\":2556,\"height\":549,\"caption\":\"Arj\u00e9 M\u00e9xico\"},\"image\":{\"@id\":\"https:\\\/\\\/arjenoticias.com.mx\\\/#\\\/schema\\\/logo\\\/image\\\/\"},\"sameAs\":[\"https:\\\/\\\/www.facebook.com\\\/ArjeNoticiasMX\",\"https:\\\/\\\/x.com\\\/ArjeNoticias\"]},{\"@type\":\"Person\",\"@id\":\"https:\\\/\\\/arjenoticias.com.mx\\\/#\\\/schema\\\/person\\\/acf0d439aea909f8a816a3776a8f4bbc\",\"name\":\"Salvador Borrego\",\"image\":{\"@type\":\"ImageObject\",\"inLanguage\":\"es\",\"@id\":\"https:\\\/\\\/secure.gravatar.com\\\/avatar\\\/663d441004959ad99287f613d6735a4f7031f93288d4a2b96ca90017e302ea44?s=96&d=mm&r=g\",\"url\":\"https:\\\/\\\/secure.gravatar.com\\\/avatar\\\/663d441004959ad99287f613d6735a4f7031f93288d4a2b96ca90017e302ea44?s=96&d=mm&r=g\",\"contentUrl\":\"https:\\\/\\\/secure.gravatar.com\\\/avatar\\\/663d441004959ad99287f613d6735a4f7031f93288d4a2b96ca90017e302ea44?s=96&d=mm&r=g\",\"caption\":\"Salvador Borrego\"},\"sameAs\":[\"http:\\\/\\\/www.sabaconsultores.com\"],\"url\":\"https:\\\/\\\/arjenoticias.com.mx\\\/author\\\/salvador-borrego\\\/\"}]}<\/script>\n<!-- \/ Yoast SEO plugin. -->","yoast_head_json":{"title":"Monitoreo Nacional de homicidios:\u00a1El Centinela de la Seguridad! -","description":"el diagn\u00f3stico de la SITUACI\u00d3N para hoy es, en cuanto a la CONDICI\u00d3N: MAL","robots":{"index":"index","follow":"follow","max-snippet":"max-snippet:-1","max-image-preview":"max-image-preview:large","max-video-preview":"max-video-preview:-1"},"canonical":"https:\/\/arjenoticias.com.mx\/opinion\/monitoreo-nacional-de-homicidiosel-centinela-de-la-seguridad\/","og_locale":"es_ES","og_type":"article","og_title":"Monitoreo Nacional de homicidios:\u00a1El Centinela de la Seguridad! -","og_description":"el diagn\u00f3stico de la SITUACI\u00d3N para hoy es, en cuanto a la CONDICI\u00d3N: MAL","og_url":"https:\/\/arjenoticias.com.mx\/opinion\/monitoreo-nacional-de-homicidiosel-centinela-de-la-seguridad\/","article_publisher":"https:\/\/www.facebook.com\/ArjeNoticiasMX","article_published_time":"2026-01-08T18:29:23+00:00","article_modified_time":"2026-01-12T04:56:47+00:00","og_image":[{"width":600,"height":400,"url":"https:\/\/arjenoticias.com.mx\/wp-content\/uploads\/2026\/01\/Salvador-Borrego-18.png","type":"image\/png"}],"author":"Salvador Borrego","twitter_card":"summary_large_image","twitter_creator":"@ArjeNoticias","twitter_site":"@ArjeNoticias","twitter_misc":{"Escrito por":"Salvador Borrego","Tiempo de lectura":"2 minutos"},"schema":{"@context":"https:\/\/schema.org","@graph":[{"@type":"Article","@id":"https:\/\/arjenoticias.com.mx\/opinion\/monitoreo-nacional-de-homicidiosel-centinela-de-la-seguridad\/#article","isPartOf":{"@id":"https:\/\/arjenoticias.com.mx\/opinion\/monitoreo-nacional-de-homicidiosel-centinela-de-la-seguridad\/"},"author":{"name":"Salvador Borrego","@id":"https:\/\/arjenoticias.com.mx\/#\/schema\/person\/acf0d439aea909f8a816a3776a8f4bbc"},"headline":"Monitoreo Nacional de homicidios:\u00a1El Centinela de la Seguridad!","datePublished":"2026-01-08T18:29:23+00:00","dateModified":"2026-01-12T04:56:47+00:00","mainEntityOfPage":{"@id":"https:\/\/arjenoticias.com.mx\/opinion\/monitoreo-nacional-de-homicidiosel-centinela-de-la-seguridad\/"},"wordCount":216,"publisher":{"@id":"https:\/\/arjenoticias.com.mx\/#organization"},"image":{"@id":"https:\/\/arjenoticias.com.mx\/opinion\/monitoreo-nacional-de-homicidiosel-centinela-de-la-seguridad\/#primaryimage"},"thumbnailUrl":"https:\/\/arjenoticias.com.mx\/wp-content\/uploads\/2026\/01\/Salvador-Borrego-18.png","keywords":["Monitoreo de la violencia"],"articleSection":["Opini\u00f3n"],"inLanguage":"es"},{"@type":"WebPage","@id":"https:\/\/arjenoticias.com.mx\/opinion\/monitoreo-nacional-de-homicidiosel-centinela-de-la-seguridad\/","url":"https:\/\/arjenoticias.com.mx\/opinion\/monitoreo-nacional-de-homicidiosel-centinela-de-la-seguridad\/","name":"Monitoreo Nacional de homicidios:\u00a1El Centinela de la Seguridad! -","isPartOf":{"@id":"https:\/\/arjenoticias.com.mx\/#website"},"primaryImageOfPage":{"@id":"https:\/\/arjenoticias.com.mx\/opinion\/monitoreo-nacional-de-homicidiosel-centinela-de-la-seguridad\/#primaryimage"},"image":{"@id":"https:\/\/arjenoticias.com.mx\/opinion\/monitoreo-nacional-de-homicidiosel-centinela-de-la-seguridad\/#primaryimage"},"thumbnailUrl":"https:\/\/arjenoticias.com.mx\/wp-content\/uploads\/2026\/01\/Salvador-Borrego-18.png","datePublished":"2026-01-08T18:29:23+00:00","dateModified":"2026-01-12T04:56:47+00:00","description":"el diagn\u00f3stico de la SITUACI\u00d3N para hoy es, en cuanto a la CONDICI\u00d3N: MAL","breadcrumb":{"@id":"https:\/\/arjenoticias.com.mx\/opinion\/monitoreo-nacional-de-homicidiosel-centinela-de-la-seguridad\/#breadcrumb"},"inLanguage":"es","potentialAction":[{"@type":"ReadAction","target":["https:\/\/arjenoticias.com.mx\/opinion\/monitoreo-nacional-de-homicidiosel-centinela-de-la-seguridad\/"]}]},{"@type":"ImageObject","inLanguage":"es","@id":"https:\/\/arjenoticias.com.mx\/opinion\/monitoreo-nacional-de-homicidiosel-centinela-de-la-seguridad\/#primaryimage","url":"https:\/\/arjenoticias.com.mx\/wp-content\/uploads\/2026\/01\/Salvador-Borrego-18.png","contentUrl":"https:\/\/arjenoticias.com.mx\/wp-content\/uploads\/2026\/01\/Salvador-Borrego-18.png","width":600,"height":400,"caption":"SITUACI\u00d3N: CONDICI\u00d3N MAL, EVOLUCI\u00d3N: ESTABLE."},{"@type":"BreadcrumbList","@id":"https:\/\/arjenoticias.com.mx\/opinion\/monitoreo-nacional-de-homicidiosel-centinela-de-la-seguridad\/#breadcrumb","itemListElement":[{"@type":"ListItem","position":1,"name":"Portada","item":"https:\/\/arjenoticias.com.mx\/"},{"@type":"ListItem","position":2,"name":"Monitoreo Nacional de homicidios:\u00a1El Centinela de la Seguridad!"}]},{"@type":"WebSite","@id":"https:\/\/arjenoticias.com.mx\/#website","url":"https:\/\/arjenoticias.com.mx\/","name":"Arj\u00e9 M\u00e9xico","description":"","publisher":{"@id":"https:\/\/arjenoticias.com.mx\/#organization"},"potentialAction":[{"@type":"SearchAction","target":{"@type":"EntryPoint","urlTemplate":"https:\/\/arjenoticias.com.mx\/?s={search_term_string}"},"query-input":{"@type":"PropertyValueSpecification","valueRequired":true,"valueName":"search_term_string"}}],"inLanguage":"es"},{"@type":"Organization","@id":"https:\/\/arjenoticias.com.mx\/#organization","name":"Arj\u00e9 M\u00e9xico","url":"https:\/\/arjenoticias.com.mx\/","logo":{"@type":"ImageObject","inLanguage":"es","@id":"https:\/\/arjenoticias.com.mx\/#\/schema\/logo\/image\/","url":"https:\/\/arjenoticias.com\/wp-content\/uploads\/2026\/04\/cropped-cropped-logo-inverted-1-scaled-1.png","contentUrl":"https:\/\/arjenoticias.com\/wp-content\/uploads\/2026\/04\/cropped-cropped-logo-inverted-1-scaled-1.png","width":2556,"height":549,"caption":"Arj\u00e9 M\u00e9xico"},"image":{"@id":"https:\/\/arjenoticias.com.mx\/#\/schema\/logo\/image\/"},"sameAs":["https:\/\/www.facebook.com\/ArjeNoticiasMX","https:\/\/x.com\/ArjeNoticias"]},{"@type":"Person","@id":"https:\/\/arjenoticias.com.mx\/#\/schema\/person\/acf0d439aea909f8a816a3776a8f4bbc","name":"Salvador Borrego","image":{"@type":"ImageObject","inLanguage":"es","@id":"https:\/\/secure.gravatar.com\/avatar\/663d441004959ad99287f613d6735a4f7031f93288d4a2b96ca90017e302ea44?s=96&d=mm&r=g","url":"https:\/\/secure.gravatar.com\/avatar\/663d441004959ad99287f613d6735a4f7031f93288d4a2b96ca90017e302ea44?s=96&d=mm&r=g","contentUrl":"https:\/\/secure.gravatar.com\/avatar\/663d441004959ad99287f613d6735a4f7031f93288d4a2b96ca90017e302ea44?s=96&d=mm&r=g","caption":"Salvador Borrego"},"sameAs":["http:\/\/www.sabaconsultores.com"],"url":"https:\/\/arjenoticias.com.mx\/author\/salvador-borrego\/"}]}},"featured_image_urls":{"full":["https:\/\/arjenoticias.com.mx\/wp-content\/uploads\/2026\/01\/Salvador-Borrego-18.png",600,400,false],"thumbnail":["https:\/\/arjenoticias.com.mx\/wp-content\/uploads\/2026\/01\/Salvador-Borrego-18-150x150.png",150,150,true],"medium":["https:\/\/arjenoticias.com.mx\/wp-content\/uploads\/2026\/01\/Salvador-Borrego-18-300x200.png",300,200,true],"medium_large":["https:\/\/arjenoticias.com.mx\/wp-content\/uploads\/2026\/01\/Salvador-Borrego-18.png",600,400,false],"large":["https:\/\/arjenoticias.com.mx\/wp-content\/uploads\/2026\/01\/Salvador-Borrego-18.png",600,400,false],"1536x1536":["https:\/\/arjenoticias.com.mx\/wp-content\/uploads\/2026\/01\/Salvador-Borrego-18.png",600,400,false],"2048x2048":["https:\/\/arjenoticias.com.mx\/wp-content\/uploads\/2026\/01\/Salvador-Borrego-18.png",600,400,false],"covernews-featured":["https:\/\/arjenoticias.com.mx\/wp-content\/uploads\/2026\/01\/Salvador-Borrego-18.png",600,400,false],"covernews-medium":["https:\/\/arjenoticias.com.mx\/wp-content\/uploads\/2026\/01\/Salvador-Borrego-18-540x340.png",540,340,true]},"author_info":{"info":["Salvador Borrego"]},"category_info":"<a href=\"https:\/\/arjenoticias.com.mx\/category\/opinion\/\" rel=\"category tag\">Opini\u00f3n<\/a>","tag_info":"Opini\u00f3n","comment_count":"0","_links":{"self":[{"href":"https:\/\/arjenoticias.com.mx\/wp-json\/wp\/v2\/posts\/8787","targetHints":{"allow":["GET"]}}],"collection":[{"href":"https:\/\/arjenoticias.com.mx\/wp-json\/wp\/v2\/posts"}],"about":[{"href":"https:\/\/arjenoticias.com.mx\/wp-json\/wp\/v2\/types\/post"}],"author":[{"embeddable":true,"href":"https:\/\/arjenoticias.com.mx\/wp-json\/wp\/v2\/users\/15"}],"replies":[{"embeddable":true,"href":"https:\/\/arjenoticias.com.mx\/wp-json\/wp\/v2\/comments?post=8787"}],"version-history":[{"count":1,"href":"https:\/\/arjenoticias.com.mx\/wp-json\/wp\/v2\/posts\/8787\/revisions"}],"predecessor-version":[{"id":8789,"href":"https:\/\/arjenoticias.com.mx\/wp-json\/wp\/v2\/posts\/8787\/revisions\/8789"}],"wp:featuredmedia":[{"embeddable":true,"href":"https:\/\/arjenoticias.com.mx\/wp-json\/wp\/v2\/media\/8788"}],"wp:attachment":[{"href":"https:\/\/arjenoticias.com.mx\/wp-json\/wp\/v2\/media?parent=8787"}],"wp:term":[{"taxonomy":"category","embeddable":true,"href":"https:\/\/arjenoticias.com.mx\/wp-json\/wp\/v2\/categories?post=8787"},{"taxonomy":"post_tag","embeddable":true,"href":"https:\/\/arjenoticias.com.mx\/wp-json\/wp\/v2\/tags?post=8787"}],"curies":[{"name":"wp","href":"https:\/\/api.w.org\/{rel}","templated":true}]}}