{"id":8738,"date":"2026-01-07T10:48:01","date_gmt":"2026-01-07T16:48:01","guid":{"rendered":"https:\/\/arjenoticias.com\/?p=8738"},"modified":"2026-01-07T10:48:01","modified_gmt":"2026-01-07T16:48:01","slug":"venezuela-entre-la-esperanza-y-la-incertidumbre-vitro-saint-germain","status":"publish","type":"post","link":"https:\/\/arjenoticias.com.mx\/?p=8738","title":{"rendered":"Venezuela: entre la esperanza y la incertidumbre: Vito Saint Germain"},"content":{"rendered":"\n<p class=\"wp-block-paragraph\">La ca\u00edda y captura de Nicol\u00e1s Maduro, el l\u00edder del movimiento que sumi\u00f3 a la poblaci\u00f3n venezolana en una de las crisis humanitarias m\u00e1s graves del siglo XXI debiera convertirse en un alivio para millones. El chavismo produjo una contracci\u00f3n hist\u00f3rica del PIB superior al 80% en una d\u00e9cada. El mercado venezolano vivi\u00f3 entre 2013 y 2019 una inflaci\u00f3n acumulada que rompi\u00f3 r\u00e9cord mundial con una cifra de <strong>5,395 por ciento<\/strong>, lo que pulveriz\u00f3 los ahorros de los ciudadanos y el valor del bol\u00edvar.<\/p>\n\n\n\n<p class=\"wp-block-paragraph\">Ante la p\u00e9rdida de valor de la moneda venezolana, la econom\u00eda se dolariz\u00f3. Para <strong>2026<\/strong>, aunque la hiperinflaci\u00f3n t\u00e9cnica termin\u00f3, la inflaci\u00f3n anual sigue proyectada en niveles cr\u00edticos (cerca del <strong>682%<\/strong> seg\u00fan el FMI), manteni\u00e9ndose como una de las m\u00e1s altas del mundo. De producir m\u00e1s de <strong>3 millones de barriles diarios<\/strong> en 1999, la producci\u00f3n cay\u00f3 a niveles de entre 700,000 y 800,000 barriles en a\u00f1os recientes.<\/p>\n\n\n\n<p class=\"wp-block-paragraph\">El impacto en la calidad de vida ha sido devastador: seg\u00fan la Encuesta Nacional de Condiciones de Vida (ENCOVI), hacia el inicio de 2026 se estima que el <strong>86.9%<\/strong> de los venezolanos viven en situaci\u00f3n de pobreza por ingresos.<\/p>\n\n\n\n<p class=\"wp-block-paragraph\">La migraci\u00f3n de m\u00e1s de <strong>7.7 millones de personas<\/strong> (casi un tercio de la poblaci\u00f3n), ha creado la mayor crisis de desplazamiento en el hemisferio occidental. El sistema el\u00e9ctrico, de agua y de salud presentan fallas estructurales cr\u00f3nicas debido a la falta de mantenimiento y presupuesto durante a\u00f1os. La deuda externa es de 150 mil millones de d\u00f3lares, y pesan sobre ella varios procesos de arbitraje internacional por reclamos de los prestamistas.<\/p>\n\n\n\n<p class=\"wp-block-paragraph\">El problema del comunismo improvisado, a fin de cuentas, consiste en que ni Marx, ni Lenin o Fidel Castro (el consejero del Comandante Ch\u00e1vez y de Maduro en este caso) dejaron un manual del usuario para construirlo. El chiste no es expropiar una f\u00e1brica, sino saberla dirigir. Los resultados est\u00e1n a la vista.<\/p>\n\n\n\n<p class=\"wp-block-paragraph\">Este panorama hace pensar que hab\u00eda que detener la cat\u00e1strofe, pero la forma en que se conduce este cambio lleva del j\u00fabilo inmediato a formular graves interrogantes sobre su legalidad y futuro inmediato. La intervenci\u00f3n de la administraci\u00f3n de Donald Trump, realizada al margen del Congreso estadounidense y la Carta de la ONU, constituye un precedente que desaf\u00eda las normas internacionales. Desde luego se argumentar\u00e1 con toda raz\u00f3n que el debate jur\u00eddico choca con una realidad innegable: la permanencia de Maduro en el poder ya hab\u00eda costado, seg\u00fan la ONU, miles de ejecuciones extrajudiciales y una crisis de refugiados a 7.7 millones de personas. Venezuela fue convertida por el chavismo en un \u201cpara\u00edso\u201d para la violaci\u00f3n de derechos humanos y pol\u00edticos.<\/p>\n\n\n\n<p class=\"wp-block-paragraph\">A pesar de ello las dudas sobre la evoluci\u00f3n que siguen los acontecimientos son cuando menos preocupante. Figuras como Diosdado Cabello, los hermanos Rodr\u00edguez, Jorge y la ahora presidenta interina Delcy en compa\u00f1\u00eda del alto mando militar, son los arquitectos de un Estado pol\u00edticamente depredador integrado por una casta cleptocr\u00e1tica que ellos mismos dirig\u00edan junto a Nicol\u00e1s Maduro.<\/p>\n\n\n\n<p class=\"wp-block-paragraph\">Dejar intacta la estructura de esta camarilla, es un riesgo que quiere correr el gobierno de Donald Trump para conseguir estabilidad y conducci\u00f3n porque la oposici\u00f3n, en palabras de Marco Rubio, Secretario de estado norteamericano, no est\u00e1 presente en el pa\u00eds.<\/p>\n\n\n\n<p class=\"wp-block-paragraph\">Las dudas sobre esta v\u00eda provienen de varios hechos. Estos l\u00edderes controlan los &#8220;colectivos&#8221; (grupos paramilitares armados, que recuerdan a los escuadrones de la muerte del Chile de Pinochet) que, si no son desmantelados, tienen la capacidad de convertir las ciudades en zonas de guerra contra los opositores, sabotear la infraestructura el\u00e9ctrica y petrolera, y hacer que el pa\u00eds sea ingobernable. No se pierda de vista que el grupo ahora con Delcy Rodr\u00edguez a la cabeza han malversado o extra\u00eddo il\u00edcitamente m\u00e1s de 300,000 millones de d\u00f3lares \u00bfVan a tener acceso a esos recursos para reencausar la noci\u00f3n revolucionaria de \u201cla rep\u00fablica bolivariana\u201d que buscaban extender hasta M\u00e9xico?<\/p>\n\n\n\n<p class=\"wp-block-paragraph\">La narrativa oficial de Trump hace pensar que la lucha contra el narcotr\u00e1fico era una &#8220;cortina de humo&#8221; , como las armas nucleares lo fueron en Iraq, para ocultar el inter\u00e9s sobre control de las reservas de crudo m\u00e1s grandes del mundo (300 mil millones de barriles). El temor es que no exista un plan s\u00f3lido para la reconstrucci\u00f3n institucional, sino solamente una estrategia para el control de recursos naturales. Trump no ha mostrado un inter\u00e9s leg\u00edtimo por la reconstrucci\u00f3n de la democracia en Venezuela, dijo que va por el petr\u00f3leo y punto, obvio la bolsa de valores de Nueva York reaccion\u00f3 subiendo la acci\u00f3n de las petroleras \u201cgabachas\u201d de inmediato. Ojal\u00e1 tuvi\u00e9ramos un Nasdaq para medir el avance de las democracias, seguramente no hubiera reaccionado con tanto optimismo al ver a Delcy Rodr\u00edguez juramentando como presidenta venezolana. La visi\u00f3n que trasmite Trump hasta ahora es que Am\u00e9rica Latina, de preferencia, estar\u00eda mejor bajo control estadounidense. No hay un plan de trabajo visible para realizar un proceso de transici\u00f3n democr\u00e1tica en el que, por supuesto, tendr\u00eda que estar presente la oposici\u00f3n venezolana.<\/p>\n\n\n\n<p class=\"wp-block-paragraph\">Se ha cambiado un dictador por una etapa de imprevisibilidad e incertidumbre. De cualquier manera, el argumento de la &#8220;legalidad internacional&#8221; sonar\u00e1 vac\u00edo para quien ha sobrevivido con un salario m\u00ednimo de menos de 5 d\u00f3lares al mes bajo el mando de Maduro.<\/p>\n\n\n\n<p class=\"wp-block-paragraph\"><strong>Ronald Reagan versus Donald Trump<\/strong><\/p>\n\n\n\n<p class=\"wp-block-paragraph\">La reinterpretaci\u00f3n de la Doctrina Monroe bajo el \u201ccorolario Trump\u201d deja claro que el tablero ha cambiado. La gran pregunta es si la fuerza est\u00e1 sustituyendo al derecho. Pero para Venezuela, la pregunta es m\u00e1s urgente: \u00bfse lograr\u00e1 desarticular a la camarilla de Diosdado y Delcy, o la ca\u00edda de Maduro ser\u00e1 solo el pr\u00f3logo de una nueva forma de dictadura fragmentada con la cual bajo amenaza trabajar\u00e1 la Casa Blanca sin mayor preocupaci\u00f3n?<\/p>\n\n\n\n<p class=\"wp-block-paragraph\">La situaci\u00f3n actual muestra una tensi\u00f3n fundamental entre la legitimidad \u00e9tica (el fin de una crisis humanitaria) y la legitimidad jur\u00eddica (la violaci\u00f3n del derecho internacional). Al observar la historia y ver la ya lejana figura de Ronald Reagan ante el Muro de Berl\u00edn en 1987, que influy\u00f3 en cambios trascedentes tras la cortina de hierro, puede trazarse un paralelo hist\u00f3rico sobre c\u00f3mo las potencias occidentales han gestionado el colapso de reg\u00edmenes autoritarios en su esfera de influencia.<\/p>\n\n\n\n<p class=\"wp-block-paragraph\">Comp\u00e1rese las dos posturas:<\/p>\n\n\n\n<figure class=\"wp-block-table\"><table class=\"has-fixed-layout\"><thead><tr><td>Categor\u00eda<\/td><td>Ronald Reagan (1987)<\/td><td>Donald Trump 2026<\/td><\/tr><\/thead><tbody><tr><td>Herramienta Principal<\/td><td>Diplomacia p\u00fablica y presi\u00f3n moral. El discurso de <em>&#8220;Tear down this wall&#8221;<\/em> fue un desaf\u00edo ret\u00f3rico.<\/td><td>Acci\u00f3n militar directa. Operaci\u00f3n &#8220;Resoluci\u00f3n Absoluta&#8221; ejecutada al margen de la ONU y la OEA.<\/td><\/tr><tr><td>Marco Legal<\/td><td>Actu\u00f3 dentro de la estructura de la Guerra Fr\u00eda y alianzas como la OTAN.<\/td><td>Actu\u00f3 bajo el &#8220;Corolario Trump&#8221;, una reinterpretaci\u00f3n unilateral de la Doctrina Monroe.<\/td><\/tr><tr><td>El &#8220;Enemigo&#8221;<\/td><td>Un bloque ideol\u00f3gico (URSS). Se buscaba el colapso del sistema desde dentro.<\/td><td>Una &#8220;Camarilla criminal&#8221;. Se busca la decapitaci\u00f3n del liderazgo (Maduro) pero se deja el &#8220;cuerpo&#8221; dirigente del r\u00e9gimen.<\/td><\/tr><tr><td>Legitimidad Global<\/td><td>Vista como una defensa de la libertad universal y la democracia occidental.<\/td><td>Vista como misi\u00f3n para controlar recursos: petr\u00f3leo y minerales.<\/td><\/tr><\/tbody><\/table><\/figure>\n\n\n\n<p class=\"wp-block-paragraph\">Mientras que Reagan utiliz\u00f3 el escenario de la Puerta de Brandeburgo en Berl\u00edn para apelar a la libertad y presionar a Gorbachov a abrir el sistema, la acci\u00f3n descrita en Venezuela opta por la v\u00eda de hecho.<\/p>\n\n\n\n<p class=\"wp-block-paragraph\">Reagan apostaba por el colapso sist\u00e9mico impulsado por la inviabilidad econ\u00f3mica y moral del comunismo.<\/p>\n\n\n\n<p class=\"wp-block-paragraph\">La intervenci\u00f3n actual, ignora las normas internacionales para obtener un resultado inmediato.<\/p>\n\n\n\n<p class=\"wp-block-paragraph\">El peligro es que, a diferencia de 1989, donde el colapso del Muro de Berl\u00edn fue seguido por una integraci\u00f3n institucional (la reunificaci\u00f3n alemana), en Venezuela la ca\u00edda de Maduro deja una &#8220;V\u00edbora sin Cabeza&#8221;, amenazada, pero con capacidad de sabotear.<\/p>\n\n\n\n<p class=\"wp-block-paragraph\">Reagan proyectaba a Estados Unidos como el &#8220;faro de la democracia&#8221;. Trump sustituye la superioridad moral por el pragmatismo. No se busca inspirar un cambio democr\u00e1tico, sino asegurar intereses estrat\u00e9gicos y mostrar que \u00e9l tiene el poder.<\/p>\n\n\n\n<p class=\"wp-block-paragraph\">Cuando el Muro de Berl\u00edn cay\u00f3, exist\u00eda un plan y una estructura civil lista para la transici\u00f3n y contaba con el involucramiento de la OTAN y la ONU. Hoy la Casa Blanca va por su cuenta, y ha perdido autoridad diplom\u00e1tica para exigir tanto a Rusia, para que salga de Ucrania, como a China para que se detenga ante una posible anexi\u00f3n de Taiw\u00e1n.<\/p>\n\n\n\n<p class=\"wp-block-paragraph\">Aunque el alivio humanitario es innegable \u2014como lo fue la ca\u00edda del Muro\u2014, la ausencia de una base legal internacional y la falta de un plan de transici\u00f3n democr\u00e1tica, que legitime sus acciones pol\u00edticamente, amenazan con hacer de este evento no un renacimiento democr\u00e1tico, sino el pr\u00f3logo de un escenario de tensi\u00f3n donde &#8220;las reglas ya no existen, sino solo mis decisiones &#8220;.<\/p>\n","protected":false},"excerpt":{"rendered":"<p>La ca\u00edda y captura de Nicol\u00e1s Maduro, el l\u00edder del movimiento que sumi\u00f3 a la&#8230;<\/p>\n","protected":false},"author":96,"featured_media":8739,"comment_status":"closed","ping_status":"closed","sticky":false,"template":"","format":"standard","meta":{"footnotes":""},"categories":[9],"tags":[],"class_list":["post-8738","post","type-post","status-publish","format-standard","has-post-thumbnail","hentry","category-mundo"],"yoast_head":"<!-- This site is optimized with the Yoast SEO plugin v28.4 - https:\/\/yoast.com\/product\/yoast-seo-wordpress\/ -->\n<title>Venezuela: entre la esperanza y la incertidumbre: Vito Saint Germain -<\/title>\n<meta name=\"description\" content=\"La narrativa oficial de Trump hace pensar que la lucha contra el narcotr\u00e1fico era una &quot;cortina de humo&quot;\" \/>\n<meta name=\"robots\" content=\"index, follow, max-snippet:-1, max-image-preview:large, max-video-preview:-1\" \/>\n<link rel=\"canonical\" href=\"https:\/\/arjenoticias.com.mx\/?p=8738\" \/>\n<meta property=\"og:locale\" content=\"es_MX\" \/>\n<meta property=\"og:type\" content=\"article\" \/>\n<meta property=\"og:title\" content=\"Venezuela: entre la esperanza y la incertidumbre: Vito Saint Germain -\" \/>\n<meta property=\"og:description\" content=\"La narrativa oficial de Trump hace pensar que la lucha contra el narcotr\u00e1fico era una &quot;cortina de humo&quot;\" \/>\n<meta property=\"og:url\" content=\"https:\/\/arjenoticias.com.mx\/?p=8738\" \/>\n<meta property=\"article:published_time\" content=\"2026-01-07T16:48:01+00:00\" \/>\n<meta name=\"author\" content=\"Vito Saint Germain\" \/>\n<meta name=\"twitter:card\" content=\"summary_large_image\" \/>\n<meta name=\"twitter:label1\" content=\"Escrito por\" \/>\n\t<meta name=\"twitter:data1\" content=\"Vito Saint Germain\" \/>\n\t<meta name=\"twitter:label2\" content=\"Tiempo de lectura\" \/>\n\t<meta name=\"twitter:data2\" content=\"7 minutos\" \/>\n<script type=\"application\/ld+json\" class=\"yoast-schema-graph\">{\"@context\":\"https:\\\/\\\/schema.org\",\"@graph\":[{\"@type\":\"Article\",\"@id\":\"https:\\\/\\\/arjenoticias.com.mx\\\/?p=8738#article\",\"isPartOf\":{\"@id\":\"https:\\\/\\\/arjenoticias.com.mx\\\/?p=8738\"},\"author\":{\"name\":\"Vito Saint Germain\",\"@id\":\"https:\\\/\\\/arjenoticias.com.mx\\\/#\\\/schema\\\/person\\\/7cfc08030a9e7d72e6aa24e37c2b7838\"},\"headline\":\"Venezuela: entre la esperanza y la incertidumbre: Vito Saint Germain\",\"datePublished\":\"2026-01-07T16:48:01+00:00\",\"mainEntityOfPage\":{\"@id\":\"https:\\\/\\\/arjenoticias.com.mx\\\/?p=8738\"},\"wordCount\":1555,\"publisher\":{\"@id\":\"https:\\\/\\\/arjenoticias.com.mx\\\/#organization\"},\"image\":{\"@id\":\"https:\\\/\\\/arjenoticias.com.mx\\\/?p=8738#primaryimage\"},\"thumbnailUrl\":\"\",\"articleSection\":[\"Mundo\"],\"inLanguage\":\"es\"},{\"@type\":\"WebPage\",\"@id\":\"https:\\\/\\\/arjenoticias.com.mx\\\/?p=8738\",\"url\":\"https:\\\/\\\/arjenoticias.com.mx\\\/?p=8738\",\"name\":\"Venezuela: entre la esperanza y la incertidumbre: Vito Saint Germain -\",\"isPartOf\":{\"@id\":\"https:\\\/\\\/arjenoticias.com.mx\\\/#website\"},\"primaryImageOfPage\":{\"@id\":\"https:\\\/\\\/arjenoticias.com.mx\\\/?p=8738#primaryimage\"},\"image\":{\"@id\":\"https:\\\/\\\/arjenoticias.com.mx\\\/?p=8738#primaryimage\"},\"thumbnailUrl\":\"\",\"datePublished\":\"2026-01-07T16:48:01+00:00\",\"description\":\"La narrativa oficial de Trump hace pensar que la lucha contra el narcotr\u00e1fico era una \\\"cortina de humo\\\"\",\"breadcrumb\":{\"@id\":\"https:\\\/\\\/arjenoticias.com.mx\\\/?p=8738#breadcrumb\"},\"inLanguage\":\"es\",\"potentialAction\":[{\"@type\":\"ReadAction\",\"target\":[\"https:\\\/\\\/arjenoticias.com.mx\\\/?p=8738\"]}]},{\"@type\":\"ImageObject\",\"inLanguage\":\"es\",\"@id\":\"https:\\\/\\\/arjenoticias.com.mx\\\/?p=8738#primaryimage\",\"url\":\"\",\"contentUrl\":\"\"},{\"@type\":\"BreadcrumbList\",\"@id\":\"https:\\\/\\\/arjenoticias.com.mx\\\/?p=8738#breadcrumb\",\"itemListElement\":[{\"@type\":\"ListItem\",\"position\":1,\"name\":\"Inicio\",\"item\":\"https:\\\/\\\/arjenoticias.com.mx\\\/\"},{\"@type\":\"ListItem\",\"position\":2,\"name\":\"Venezuela: entre la esperanza y la incertidumbre: Vito Saint Germain\"}]},{\"@type\":\"WebSite\",\"@id\":\"https:\\\/\\\/arjenoticias.com.mx\\\/#website\",\"url\":\"https:\\\/\\\/arjenoticias.com.mx\\\/\",\"name\":\"arjenoticias.com.mx\",\"description\":\"\",\"publisher\":{\"@id\":\"https:\\\/\\\/arjenoticias.com.mx\\\/#organization\"},\"potentialAction\":[{\"@type\":\"SearchAction\",\"target\":{\"@type\":\"EntryPoint\",\"urlTemplate\":\"https:\\\/\\\/arjenoticias.com.mx\\\/?s={search_term_string}\"},\"query-input\":{\"@type\":\"PropertyValueSpecification\",\"valueRequired\":true,\"valueName\":\"search_term_string\"}}],\"inLanguage\":\"es\"},{\"@type\":\"Organization\",\"@id\":\"https:\\\/\\\/arjenoticias.com.mx\\\/#organization\",\"name\":\"Arj\u00e9 de M\u00e9xico Noticias\",\"url\":\"https:\\\/\\\/arjenoticias.com.mx\\\/\",\"logo\":{\"@type\":\"ImageObject\",\"inLanguage\":\"es\",\"@id\":\"https:\\\/\\\/arjenoticias.com.mx\\\/#\\\/schema\\\/logo\\\/image\\\/\",\"url\":\"https:\\\/\\\/arjenoticias.com.mx\\\/wp-content\\\/uploads\\\/2025\\\/07\\\/cropped-logo-scaled-1.png\",\"contentUrl\":\"https:\\\/\\\/arjenoticias.com.mx\\\/wp-content\\\/uploads\\\/2025\\\/07\\\/cropped-logo-scaled-1.png\",\"width\":2558,\"height\":558,\"caption\":\"Arj\u00e9 de M\u00e9xico Noticias\"},\"image\":{\"@id\":\"https:\\\/\\\/arjenoticias.com.mx\\\/#\\\/schema\\\/logo\\\/image\\\/\"}},{\"@type\":\"Person\",\"@id\":\"https:\\\/\\\/arjenoticias.com.mx\\\/#\\\/schema\\\/person\\\/7cfc08030a9e7d72e6aa24e37c2b7838\",\"name\":\"Vito Saint Germain\",\"image\":{\"@type\":\"ImageObject\",\"inLanguage\":\"es\",\"@id\":\"https:\\\/\\\/secure.gravatar.com\\\/avatar\\\/3b01e6f0e4461b73374b5227e4dd6c0f50f209cd738cb96c42bf493ecda95ab9?s=96&d=mm&r=g\",\"url\":\"https:\\\/\\\/secure.gravatar.com\\\/avatar\\\/3b01e6f0e4461b73374b5227e4dd6c0f50f209cd738cb96c42bf493ecda95ab9?s=96&d=mm&r=g\",\"contentUrl\":\"https:\\\/\\\/secure.gravatar.com\\\/avatar\\\/3b01e6f0e4461b73374b5227e4dd6c0f50f209cd738cb96c42bf493ecda95ab9?s=96&d=mm&r=g\",\"caption\":\"Vito Saint Germain\"},\"url\":\"https:\\\/\\\/arjenoticias.com.mx\\\/?author=96\"}]}<\/script>\n<!-- \/ Yoast SEO plugin. -->","yoast_head_json":{"title":"Venezuela: entre la esperanza y la incertidumbre: Vito Saint Germain -","description":"La narrativa oficial de Trump hace pensar que la lucha contra el narcotr\u00e1fico era una \"cortina de humo\"","robots":{"index":"index","follow":"follow","max-snippet":"max-snippet:-1","max-image-preview":"max-image-preview:large","max-video-preview":"max-video-preview:-1"},"canonical":"https:\/\/arjenoticias.com.mx\/?p=8738","og_locale":"es_MX","og_type":"article","og_title":"Venezuela: entre la esperanza y la incertidumbre: Vito Saint Germain -","og_description":"La narrativa oficial de Trump hace pensar que la lucha contra el narcotr\u00e1fico era una \"cortina de humo\"","og_url":"https:\/\/arjenoticias.com.mx\/?p=8738","article_published_time":"2026-01-07T16:48:01+00:00","author":"Vito Saint Germain","twitter_card":"summary_large_image","twitter_misc":{"Escrito por":"Vito Saint Germain","Tiempo de lectura":"7 minutos"},"schema":{"@context":"https:\/\/schema.org","@graph":[{"@type":"Article","@id":"https:\/\/arjenoticias.com.mx\/?p=8738#article","isPartOf":{"@id":"https:\/\/arjenoticias.com.mx\/?p=8738"},"author":{"name":"Vito Saint Germain","@id":"https:\/\/arjenoticias.com.mx\/#\/schema\/person\/7cfc08030a9e7d72e6aa24e37c2b7838"},"headline":"Venezuela: entre la esperanza y la incertidumbre: Vito Saint Germain","datePublished":"2026-01-07T16:48:01+00:00","mainEntityOfPage":{"@id":"https:\/\/arjenoticias.com.mx\/?p=8738"},"wordCount":1555,"publisher":{"@id":"https:\/\/arjenoticias.com.mx\/#organization"},"image":{"@id":"https:\/\/arjenoticias.com.mx\/?p=8738#primaryimage"},"thumbnailUrl":"","articleSection":["Mundo"],"inLanguage":"es"},{"@type":"WebPage","@id":"https:\/\/arjenoticias.com.mx\/?p=8738","url":"https:\/\/arjenoticias.com.mx\/?p=8738","name":"Venezuela: entre la esperanza y la incertidumbre: Vito Saint Germain -","isPartOf":{"@id":"https:\/\/arjenoticias.com.mx\/#website"},"primaryImageOfPage":{"@id":"https:\/\/arjenoticias.com.mx\/?p=8738#primaryimage"},"image":{"@id":"https:\/\/arjenoticias.com.mx\/?p=8738#primaryimage"},"thumbnailUrl":"","datePublished":"2026-01-07T16:48:01+00:00","description":"La narrativa oficial de Trump hace pensar que la lucha contra el narcotr\u00e1fico era una \"cortina de humo\"","breadcrumb":{"@id":"https:\/\/arjenoticias.com.mx\/?p=8738#breadcrumb"},"inLanguage":"es","potentialAction":[{"@type":"ReadAction","target":["https:\/\/arjenoticias.com.mx\/?p=8738"]}]},{"@type":"ImageObject","inLanguage":"es","@id":"https:\/\/arjenoticias.com.mx\/?p=8738#primaryimage","url":"","contentUrl":""},{"@type":"BreadcrumbList","@id":"https:\/\/arjenoticias.com.mx\/?p=8738#breadcrumb","itemListElement":[{"@type":"ListItem","position":1,"name":"Inicio","item":"https:\/\/arjenoticias.com.mx\/"},{"@type":"ListItem","position":2,"name":"Venezuela: entre la esperanza y la incertidumbre: Vito Saint Germain"}]},{"@type":"WebSite","@id":"https:\/\/arjenoticias.com.mx\/#website","url":"https:\/\/arjenoticias.com.mx\/","name":"arjenoticias.com.mx","description":"","publisher":{"@id":"https:\/\/arjenoticias.com.mx\/#organization"},"potentialAction":[{"@type":"SearchAction","target":{"@type":"EntryPoint","urlTemplate":"https:\/\/arjenoticias.com.mx\/?s={search_term_string}"},"query-input":{"@type":"PropertyValueSpecification","valueRequired":true,"valueName":"search_term_string"}}],"inLanguage":"es"},{"@type":"Organization","@id":"https:\/\/arjenoticias.com.mx\/#organization","name":"Arj\u00e9 de M\u00e9xico Noticias","url":"https:\/\/arjenoticias.com.mx\/","logo":{"@type":"ImageObject","inLanguage":"es","@id":"https:\/\/arjenoticias.com.mx\/#\/schema\/logo\/image\/","url":"https:\/\/arjenoticias.com.mx\/wp-content\/uploads\/2025\/07\/cropped-logo-scaled-1.png","contentUrl":"https:\/\/arjenoticias.com.mx\/wp-content\/uploads\/2025\/07\/cropped-logo-scaled-1.png","width":2558,"height":558,"caption":"Arj\u00e9 de M\u00e9xico Noticias"},"image":{"@id":"https:\/\/arjenoticias.com.mx\/#\/schema\/logo\/image\/"}},{"@type":"Person","@id":"https:\/\/arjenoticias.com.mx\/#\/schema\/person\/7cfc08030a9e7d72e6aa24e37c2b7838","name":"Vito Saint Germain","image":{"@type":"ImageObject","inLanguage":"es","@id":"https:\/\/secure.gravatar.com\/avatar\/3b01e6f0e4461b73374b5227e4dd6c0f50f209cd738cb96c42bf493ecda95ab9?s=96&d=mm&r=g","url":"https:\/\/secure.gravatar.com\/avatar\/3b01e6f0e4461b73374b5227e4dd6c0f50f209cd738cb96c42bf493ecda95ab9?s=96&d=mm&r=g","contentUrl":"https:\/\/secure.gravatar.com\/avatar\/3b01e6f0e4461b73374b5227e4dd6c0f50f209cd738cb96c42bf493ecda95ab9?s=96&d=mm&r=g","caption":"Vito Saint Germain"},"url":"https:\/\/arjenoticias.com.mx\/?author=96"}]}},"_links":{"self":[{"href":"https:\/\/arjenoticias.com.mx\/index.php?rest_route=\/wp\/v2\/posts\/8738","targetHints":{"allow":["GET"]}}],"collection":[{"href":"https:\/\/arjenoticias.com.mx\/index.php?rest_route=\/wp\/v2\/posts"}],"about":[{"href":"https:\/\/arjenoticias.com.mx\/index.php?rest_route=\/wp\/v2\/types\/post"}],"author":[{"embeddable":true,"href":"https:\/\/arjenoticias.com.mx\/index.php?rest_route=\/wp\/v2\/users\/96"}],"replies":[{"embeddable":true,"href":"https:\/\/arjenoticias.com.mx\/index.php?rest_route=%2Fwp%2Fv2%2Fcomments&post=8738"}],"version-history":[{"count":0,"href":"https:\/\/arjenoticias.com.mx\/index.php?rest_route=\/wp\/v2\/posts\/8738\/revisions"}],"wp:attachment":[{"href":"https:\/\/arjenoticias.com.mx\/index.php?rest_route=%2Fwp%2Fv2%2Fmedia&parent=8738"}],"wp:term":[{"taxonomy":"category","embeddable":true,"href":"https:\/\/arjenoticias.com.mx\/index.php?rest_route=%2Fwp%2Fv2%2Fcategories&post=8738"},{"taxonomy":"post_tag","embeddable":true,"href":"https:\/\/arjenoticias.com.mx\/index.php?rest_route=%2Fwp%2Fv2%2Ftags&post=8738"}],"curies":[{"name":"wp","href":"https:\/\/api.w.org\/{rel}","templated":true}]}}