{"id":8278,"date":"2025-12-18T08:55:36","date_gmt":"2025-12-18T14:55:36","guid":{"rendered":"https:\/\/arjenoticias.com\/?p=8278"},"modified":"2025-12-18T08:55:36","modified_gmt":"2025-12-18T14:55:36","slug":"la-republica-insana","status":"publish","type":"post","link":"https:\/\/arjenoticias.com.mx\/?p=8278","title":{"rendered":"La Rep\u00fablica Insana"},"content":{"rendered":"\n<p class=\"wp-block-paragraph\">La unificaci\u00f3n del sistema de salud sin recursos: promesas, cifras reales y el costo humano de una pol\u00edtica p\u00fablica sin financiamiento<\/p>\n\n\n\n<p class=\"wp-block-paragraph\"><em>&#8220;Cuando la Magia Presupuestaria Sustituye a la Salud P\u00fablica&#8221;<\/em><\/p>\n\n\n\n<p class=\"wp-block-paragraph\">El realismo m\u00e1gico de Gabriel Garc\u00eda M\u00e1rquez encontr\u00f3 en M\u00e9xico su m\u00e1xima expresi\u00f3n institucional: mientras la presidenta promet\u00eda una &#8220;<strong>Rep\u00fablica Sana<\/strong>&#8221; en su campa\u00f1a, la realidad presupuestaria teje una trama m\u00e1s cercana a &#8220;<strong>El oto\u00f1o del patriarca<\/strong>&#8220;, donde las promesas se desvanecen en el espejismo de las cifras. La reci\u00e9n aprobada reforma a la Ley General de Salud, que presume &#8220;<strong>unificar<\/strong>&#8221; el sistema de salud, resulta ser un acto de prestidigitaci\u00f3n contable que convierte la insuficiencia en universalidad y la escasez en gratuidad.<\/p>\n\n\n\n<p class=\"wp-block-paragraph\">La ilusi\u00f3n de la universalidad sin presupuesto inicio en septiembre en la iniciativa presentada por el ejecutivo federal que culmin\u00f3 aprobada (junto con m\u00e1s de una decena de inicativas m\u00e1s) por Morena y partidos r\u00e9moras esta semana en el Congreso de la Uni\u00f3n establece que cualquier mexicano podr\u00e1 atenderse en el IMSS, ISSSTE o IMSS-Bienestar sin importar su afiliaci\u00f3n original. El discurso oficial habla de &#8220;unificaci\u00f3n&#8221; y &#8220;equidad&#8221;, pero el dictamen legislativo omite deliberadamente un detalle inc\u00f3modo: cero pesos de inversi\u00f3n adicional. Como advertimos los legisladores del Partido Acci\u00f3n Nacional desde la Comisi\u00f3n y en la Tribuna con un voto particular, esta medida es &#8220;un esquema de irresponsabilidad administrativa&#8221; que transferir\u00e1 el fracaso del IMSS-Bienestar a las instituciones que a\u00fan funcionan gracias a las cuotas de los trabajadores<\/p>\n\n\n\n<p class=\"wp-block-paragraph\">El truco est\u00e1 en la letra peque\u00f1a: la reforma no contempla un solo peso extra para contratar m\u00e9dicos, ampliar camas hospitalarias o comprar equipamiento. El IMSS absorber\u00e1 millones de nuevos usuarios con los mismos recursos que hoy ya operan al l\u00edmite, mientras que sus reservas financieras \u2014ese colch\u00f3n que garantiza las pensiones futuras\u2014 ser\u00e1n el fondo de caja para tapar el d\u00e9ficit del sistema.<\/p>\n\n\n\n<p class=\"wp-block-paragraph\">El desequilibrio per c\u00e1pita es de dos sistemas de salud en uno, pues los n\u00fameros revelan una segregaci\u00f3n sanitaria que la magia legislativa no puede ocultar. Para 2026, el gasto per c\u00e1pita en el IMSS llegar\u00e1 a&nbsp;$9,635 pesos por derechohabiente,&nbsp;mientras que la poblaci\u00f3n sin seguridad social recibir\u00e1 apenas $4,225 pesos (menos de la mitad). Esta brecha no es un accidente, es el resultado de una aritm\u00e9tica deliberada que premia la formalidad laboral y castiga la vulnerabilidad sin cubrir los dos criterios de la cobertura universal: entregar un paquete de servicios esenciales y evitar que las personas empobrezcan por motivos de salud.<\/p>\n\n\n\n<p class=\"wp-block-paragraph\">El Instituto Nacional de Pediatr\u00eda (INP), paradigma de excelencia especializada, opera con un tabulador de cuotas de recuperaci\u00f3n ajustado a la inflaci\u00f3n. Una consulta de subespecialista en el nivel m\u00e1s bajo cuesta $29 pesos, mientras que una cirug\u00eda card\u00edaca compleja puede alcanzar los $158,799 pesos. Estas cifras, aunque simb\u00f3licas para la poblaci\u00f3n no derechohabiente, reflejan costos reales que el Estado debe cubrir. El INP no puede funcionar con la magia de la buena voluntad; requiere insumos, personal especializado y tecnolog\u00eda de punta.<\/p>\n\n\n\n<p class=\"wp-block-paragraph\">Contrastemos con el IMSS-Bienestar, cuyo presupuesto para 2026 asciende a $172,492 millones de pesos. Su programa de &#8220;Atenci\u00f3n a la salud y medicamentos gratuitos para la poblaci\u00f3n sin seguridad social laboral&#8221; recibe $80,768 millones, lo que representa menos del 47% del total. El resto se dispersa en actividades administrativas y apoyo operativo. La consecuencia es previsible: el Hospital Regional de Alta Especialidad del Baj\u00edo (y muchos otros de este tipo), administrados por el IMSS-Bienestar, operan apenas al 30% de su capacidad, saturando los hospitales estatales de Guanajuato, Aguascalientes, Jalisco y de su regi\u00f3n.<\/p>\n\n\n\n<p class=\"wp-block-paragraph\">M\u00e9xico ha sido el peor alumno de latinoam\u00e9rica. Mientras la magia legislativa se despliega en los pasillos de San L\u00e1zaro, los datos internacionales desenmascaran la realidad. M\u00e9xico destina solo 2.5% de su PIB al gasto p\u00fablico en salud, nivel comparable a pa\u00edses &#8220;muy pobres de \u00c1frica&#8221;, seg\u00fan el Centro de Investigaci\u00f3n Econ\u00f3mica y Presupuestaria (CIEP). En Am\u00e9rica Latina, la comparaci\u00f3n es demoledora: Argentina gasta 8% del PIB, Brasil 7% y Colombia m\u00e1s de 5%. Ni siquiera la inflaci\u00f3n de la ret\u00f3rica oficial puede disfrazar que estamos 4.5 puntos por debajo del m\u00ednimo de 6% que recomienda la OMS.<\/p>\n\n\n\n<p class=\"wp-block-paragraph\">El resultado de este austericidio republicano es un sistema donde el gasto de bolsillo de los hogares aument\u00f3 41.4% entre 2018 y 2024, alcanzando los $1,605 pesos trimestrales. Los hogares m\u00e1s pobres vieron crecer su gasto en salud un 83%, destinando hasta el 5.9% de sus ingresos a consultas y medicamentos. La promesa de gratuidad se convirti\u00f3 en un mecanismo de empobrecimiento: los hogares con gastos catastr\u00f3ficos crecieron 64.5%, pasando de 677,000 a m\u00e1s de 1.11 millones entre 2018 y 2024.<\/p>\n\n\n\n<p class=\"wp-block-paragraph\">La iron\u00eda de la propaganda gubernamental alcanza su cenit cuando la &#8220;Secretar\u00eda del Bienestar&#8221; se convierte en la secretar\u00eda del malestar efectivo. La ret\u00f3rica de &#8220;primero los pobres&#8221; choca con la realidad de recortes de 34% en el presupuesto para poblaci\u00f3n sin seguridad social, mientras que el Fondo de Aportaciones para los Servicios de Salud (FASSA) sufri\u00f3 una reducci\u00f3n de $60,134 millones.<\/p>\n\n\n\n<p class=\"wp-block-paragraph\">El truco de la &#8220;unificaci\u00f3n&#8221; es, en realidad, un mecanismo de desfinanciamiento encubierto. Al permitir que la poblaci\u00f3n sin seguridad social se atienda en el IMSS sin aumentar el presupuesto, el gobierno federal se deslinda de su responsabilidad constitucional y transfiere el costo a las instituciones que s\u00ed tienen recursos propios. Las reservas actuariales del IMSS, ese ahorro que garantiza las pensiones de millones de trabajadores, se convertir\u00e1n en el fondo de amortiguamiento de una crisis que el gobierno cre\u00f3 y ahora pretende solucionar con magia contable.<\/p>\n\n\n\n<p class=\"wp-block-paragraph\">Los costos unitarios por nivel de atenci\u00f3n m\u00e9dica aprobados por el IMSS para 2026 revelan la crudeza de los n\u00fameros. Una consulta de medicina familiar cuesta $1,298 pesos y de especialidad $2,780 pesos; un d\u00eda de hospitalizaci\u00f3n en terapia intensiva, $82,158 pesos; una intervenci\u00f3n quir\u00fargica de tercer nivel, $44,765 pesos. Estas cifras no son arbitrarias, fueron calculadas mediante costeo basado en actividades, actualizadas con la inflaci\u00f3n estimada de 3.85% para diciembre de 2025.<\/p>\n\n\n\n<p class=\"wp-block-paragraph\">El Instituto Nacional de Pediatr\u00eda (al igual que otros Institutos Nacionales de Salud) opera con una l\u00f3gica similar. Sus cuotas de recuperaci\u00f3n, aunque simb\u00f3licas para usuarios, reflejan costos reales: una consulta de subespecialista oscila entre $29 y $1,202 pesos seg\u00fan el nivel socioecon\u00f3mico, mientras que una cirug\u00eda card\u00edaca como la correcci\u00f3n de tetralog\u00eda de Fallot alcanza los $99,249 pesos. La diferencia es que el INP tiene un financiamiento (aunque&nbsp;reducido) claro y establecido; el IMSS-Bienestar depende de volatilidades presupuestarias y vaivenes pol\u00edticos.<\/p>\n\n\n\n<p class=\"wp-block-paragraph\">La &#8220;universalizaci\u00f3n&#8221; sin recursos&nbsp;<strong>no<\/strong>&nbsp;es una pol\u00edtica p\u00fablica; es una receta para el colapso. Los hospitales del IMSS ya operan al l\u00edmite. Las listas de espera para cirug\u00edas se prolongar\u00e1n. El personal m\u00e9dico, exhausto por cargas de trabajo inhumanas, ver\u00e1 comprometida la calidad y seguridad de la atenci\u00f3n. La escasez de medicamentos, ya cr\u00edtica en muchas regiones, se agravar\u00e1 cuando el sistema intente absorber a 24 millones de mexicanos que perdieron el acceso efectivo a servicios de salud desde 2018.<\/p>\n\n\n\n<p class=\"wp-block-paragraph\">La presidenta Sheinbaum anunci\u00f3 que en 2026 iniciar\u00e1 el registro universal en el Sistema Nacional de Salud, con una inversi\u00f3n de &#8220;m\u00e1s de 90 mil millones de pesos&#8221; en infraestructura. Sin embargo, esos recursos ya estaban comprometidos en hospitales en construcci\u00f3n desde la administraci\u00f3n anterior. El presupuesto real para operar el intercambio de servicios es, literalmente, cero. La magia est\u00e1 en contar como &#8220;nueva inversi\u00f3n&#8221; lo que ya exist\u00eda y presentar la desgracia como innovaci\u00f3n.<\/p>\n\n\n\n<p class=\"wp-block-paragraph\">La &#8220;<strong>Rep\u00fablica Insana<\/strong>&#8220;, M\u00e9xico no necesita realismo m\u00e1gico en sus pol\u00edticas de salud; necesita realismo presupuestario. La &#8220;unificaci\u00f3n&#8221; sin financiamiento es un acto de irresponsabilidad fiscal que convertir\u00e1 la desigualdad estructural en una crisis humanitaria. Mientras se gastan millones en propaganda que celebra la &#8220;gratuidad universal&#8221;, los hospitales se saturan, los m\u00e9dicos colapsan y los pacientes mueren esperando atenci\u00f3n.<\/p>\n\n\n\n<p class=\"wp-block-paragraph\">La verdadera magia no est\u00e1 en las leyes que se promulgan, sino en la capacidad de un Estado para cumplir sus promesas. Y cuando el Bienestar se vuelve Malestar, la \u00fanica magia posible es la que hace desaparecer la esperanza de millones de mexicanos que, una vez m\u00e1s, quedan a merced de la ret\u00f3rica vac\u00eda y las cuentas fantasmas del poder. El t\u00edtulo perfecto para esta tragedia ya est\u00e1 escrito, &#8220;<strong>Cr\u00f3nica de una muerte anunciada<\/strong>&#8220;. Solo que esta vez, la v\u00edctima es el derecho a la salud de un pa\u00eds entero.<\/p>\n\n\n\n<p class=\"wp-block-paragraph\"><strong>Bibliograf\u00eda<\/strong>: [1] IMSS. Tabulador 2026: https:\/\/www.dof.gob.mx\/nota_to_doc.php?codnota=5775711 [2] IMSS-Bienestar. Presupuesto 2026: https:\/\/www.dof.gob.mx\/nota_to_doc.php?codnota=5775715 [3] Instituto Nacional de Pediatria. Tabulador 2024. https:\/\/bit.ly\/4aOya4N [4] Dictamen Ley General de Salud: https:\/\/gaceta.diputados.gob.mx\/PDF\/66\/2025\/dic\/20251209-IV.pdf [5] GPPAN. Voto Particular. https:\/\/gaceta.diputados.gob.mx\/PDF\/66\/2025\/dic\/20251209-IV-2.pdf [6] CIEP. https:\/\/ciep.mx\/gasto-para-salud-en-2025-recortes-en-hospitales-y-para-poblacion-sin-seguridadsocial\/<\/p>\n","protected":false},"excerpt":{"rendered":"<p>La unificaci\u00f3n del sistema de salud sin recursos: promesas, cifras reales y el costo humano&#8230;<\/p>\n","protected":false},"author":82,"featured_media":8280,"comment_status":"closed","ping_status":"closed","sticky":false,"template":"","format":"standard","meta":{"footnotes":""},"categories":[7,12,14],"tags":[],"class_list":["post-8278","post","type-post","status-publish","format-standard","has-post-thumbnail","hentry","category-lo-mas-relevante","category-opinion","category-salud"],"yoast_head":"<!-- This site is optimized with the Yoast SEO plugin v28.4 - https:\/\/yoast.com\/product\/yoast-seo-wordpress\/ -->\n<title>La Rep\u00fablica Insana -<\/title>\n<meta name=\"description\" content=\"La universalidad de los servicios publicos de salud establece que cualquier mexicano podr\u00e1 atenderse en el IMSS, ISSSTE o IMSS-Bienestar sin importar su afiliaci\u00f3n original. El discurso oficial habla de &quot;unificaci\u00f3n&quot; y &quot;equidad&quot;, pero el dictamen legislativo omite deliberadamente un detalle inc\u00f3modo: cero pesos de inversi\u00f3n adicional\" \/>\n<meta name=\"robots\" content=\"index, follow, max-snippet:-1, max-image-preview:large, max-video-preview:-1\" \/>\n<link rel=\"canonical\" href=\"https:\/\/arjenoticias.com.mx\/?p=8278\" \/>\n<meta property=\"og:locale\" content=\"es_MX\" \/>\n<meta property=\"og:type\" content=\"article\" \/>\n<meta property=\"og:title\" content=\"La Rep\u00fablica Insana -\" \/>\n<meta property=\"og:description\" content=\"La universalidad de los servicios publicos de salud establece que cualquier mexicano podr\u00e1 atenderse en el IMSS, ISSSTE o IMSS-Bienestar sin importar su afiliaci\u00f3n original. El discurso oficial habla de &quot;unificaci\u00f3n&quot; y &quot;equidad&quot;, pero el dictamen legislativo omite deliberadamente un detalle inc\u00f3modo: cero pesos de inversi\u00f3n adicional\" \/>\n<meta property=\"og:url\" content=\"https:\/\/arjenoticias.com.mx\/?p=8278\" \/>\n<meta property=\"article:published_time\" content=\"2025-12-18T14:55:36+00:00\" \/>\n<meta name=\"author\" content=\"\u00c9ctor Jaime Ram\u00edrez Barba\" \/>\n<meta name=\"twitter:card\" content=\"summary_large_image\" \/>\n<meta name=\"twitter:label1\" content=\"Escrito por\" \/>\n\t<meta name=\"twitter:data1\" content=\"\u00c9ctor Jaime Ram\u00edrez Barba\" \/>\n\t<meta name=\"twitter:label2\" content=\"Tiempo de lectura\" \/>\n\t<meta name=\"twitter:data2\" content=\"7 minutos\" \/>\n<script type=\"application\/ld+json\" class=\"yoast-schema-graph\">{\"@context\":\"https:\\\/\\\/schema.org\",\"@graph\":[{\"@type\":\"Article\",\"@id\":\"https:\\\/\\\/arjenoticias.com.mx\\\/?p=8278#article\",\"isPartOf\":{\"@id\":\"https:\\\/\\\/arjenoticias.com.mx\\\/?p=8278\"},\"author\":{\"name\":\"\u00c9ctor Jaime Ram\u00edrez Barba\",\"@id\":\"https:\\\/\\\/arjenoticias.com.mx\\\/#\\\/schema\\\/person\\\/f5b5959b9ff21ef2898206bff32b3ada\"},\"headline\":\"La Rep\u00fablica Insana\",\"datePublished\":\"2025-12-18T14:55:36+00:00\",\"mainEntityOfPage\":{\"@id\":\"https:\\\/\\\/arjenoticias.com.mx\\\/?p=8278\"},\"wordCount\":1536,\"publisher\":{\"@id\":\"https:\\\/\\\/arjenoticias.com.mx\\\/#organization\"},\"image\":{\"@id\":\"https:\\\/\\\/arjenoticias.com.mx\\\/?p=8278#primaryimage\"},\"thumbnailUrl\":\"\",\"articleSection\":[\"Lo m\u00e1s relevante\",\"Opini\u00f3n\",\"Salud\"],\"inLanguage\":\"es\"},{\"@type\":\"WebPage\",\"@id\":\"https:\\\/\\\/arjenoticias.com.mx\\\/?p=8278\",\"url\":\"https:\\\/\\\/arjenoticias.com.mx\\\/?p=8278\",\"name\":\"La Rep\u00fablica Insana -\",\"isPartOf\":{\"@id\":\"https:\\\/\\\/arjenoticias.com.mx\\\/#website\"},\"primaryImageOfPage\":{\"@id\":\"https:\\\/\\\/arjenoticias.com.mx\\\/?p=8278#primaryimage\"},\"image\":{\"@id\":\"https:\\\/\\\/arjenoticias.com.mx\\\/?p=8278#primaryimage\"},\"thumbnailUrl\":\"\",\"datePublished\":\"2025-12-18T14:55:36+00:00\",\"description\":\"La universalidad de los servicios publicos de salud establece que cualquier mexicano podr\u00e1 atenderse en el IMSS, ISSSTE o IMSS-Bienestar sin importar su afiliaci\u00f3n original. El discurso oficial habla de \\\"unificaci\u00f3n\\\" y \\\"equidad\\\", pero el dictamen legislativo omite deliberadamente un detalle inc\u00f3modo: cero pesos de inversi\u00f3n adicional\",\"breadcrumb\":{\"@id\":\"https:\\\/\\\/arjenoticias.com.mx\\\/?p=8278#breadcrumb\"},\"inLanguage\":\"es\",\"potentialAction\":[{\"@type\":\"ReadAction\",\"target\":[\"https:\\\/\\\/arjenoticias.com.mx\\\/?p=8278\"]}]},{\"@type\":\"ImageObject\",\"inLanguage\":\"es\",\"@id\":\"https:\\\/\\\/arjenoticias.com.mx\\\/?p=8278#primaryimage\",\"url\":\"\",\"contentUrl\":\"\"},{\"@type\":\"BreadcrumbList\",\"@id\":\"https:\\\/\\\/arjenoticias.com.mx\\\/?p=8278#breadcrumb\",\"itemListElement\":[{\"@type\":\"ListItem\",\"position\":1,\"name\":\"Inicio\",\"item\":\"https:\\\/\\\/arjenoticias.com.mx\\\/\"},{\"@type\":\"ListItem\",\"position\":2,\"name\":\"La Rep\u00fablica Insana\"}]},{\"@type\":\"WebSite\",\"@id\":\"https:\\\/\\\/arjenoticias.com.mx\\\/#website\",\"url\":\"https:\\\/\\\/arjenoticias.com.mx\\\/\",\"name\":\"arjenoticias.com.mx\",\"description\":\"\",\"publisher\":{\"@id\":\"https:\\\/\\\/arjenoticias.com.mx\\\/#organization\"},\"potentialAction\":[{\"@type\":\"SearchAction\",\"target\":{\"@type\":\"EntryPoint\",\"urlTemplate\":\"https:\\\/\\\/arjenoticias.com.mx\\\/?s={search_term_string}\"},\"query-input\":{\"@type\":\"PropertyValueSpecification\",\"valueRequired\":true,\"valueName\":\"search_term_string\"}}],\"inLanguage\":\"es\"},{\"@type\":\"Organization\",\"@id\":\"https:\\\/\\\/arjenoticias.com.mx\\\/#organization\",\"name\":\"Arj\u00e9 de M\u00e9xico Noticias\",\"url\":\"https:\\\/\\\/arjenoticias.com.mx\\\/\",\"logo\":{\"@type\":\"ImageObject\",\"inLanguage\":\"es\",\"@id\":\"https:\\\/\\\/arjenoticias.com.mx\\\/#\\\/schema\\\/logo\\\/image\\\/\",\"url\":\"https:\\\/\\\/arjenoticias.com.mx\\\/wp-content\\\/uploads\\\/2025\\\/07\\\/cropped-logo-scaled-1.png\",\"contentUrl\":\"https:\\\/\\\/arjenoticias.com.mx\\\/wp-content\\\/uploads\\\/2025\\\/07\\\/cropped-logo-scaled-1.png\",\"width\":2558,\"height\":558,\"caption\":\"Arj\u00e9 de M\u00e9xico Noticias\"},\"image\":{\"@id\":\"https:\\\/\\\/arjenoticias.com.mx\\\/#\\\/schema\\\/logo\\\/image\\\/\"}},{\"@type\":\"Person\",\"@id\":\"https:\\\/\\\/arjenoticias.com.mx\\\/#\\\/schema\\\/person\\\/f5b5959b9ff21ef2898206bff32b3ada\",\"name\":\"\u00c9ctor Jaime Ram\u00edrez Barba\",\"image\":{\"@type\":\"ImageObject\",\"inLanguage\":\"es\",\"@id\":\"https:\\\/\\\/secure.gravatar.com\\\/avatar\\\/65b1d1a969019200bb5e053668c2c2ed6da28a39bdd212471195336215b64c5e?s=96&d=mm&r=g\",\"url\":\"https:\\\/\\\/secure.gravatar.com\\\/avatar\\\/65b1d1a969019200bb5e053668c2c2ed6da28a39bdd212471195336215b64c5e?s=96&d=mm&r=g\",\"contentUrl\":\"https:\\\/\\\/secure.gravatar.com\\\/avatar\\\/65b1d1a969019200bb5e053668c2c2ed6da28a39bdd212471195336215b64c5e?s=96&d=mm&r=g\",\"caption\":\"\u00c9ctor Jaime Ram\u00edrez Barba\"},\"url\":\"https:\\\/\\\/arjenoticias.com.mx\\\/?author=82\"}]}<\/script>\n<!-- \/ Yoast SEO plugin. -->","yoast_head_json":{"title":"La Rep\u00fablica Insana -","description":"La universalidad de los servicios publicos de salud establece que cualquier mexicano podr\u00e1 atenderse en el IMSS, ISSSTE o IMSS-Bienestar sin importar su afiliaci\u00f3n original. El discurso oficial habla de \"unificaci\u00f3n\" y \"equidad\", pero el dictamen legislativo omite deliberadamente un detalle inc\u00f3modo: cero pesos de inversi\u00f3n adicional","robots":{"index":"index","follow":"follow","max-snippet":"max-snippet:-1","max-image-preview":"max-image-preview:large","max-video-preview":"max-video-preview:-1"},"canonical":"https:\/\/arjenoticias.com.mx\/?p=8278","og_locale":"es_MX","og_type":"article","og_title":"La Rep\u00fablica Insana -","og_description":"La universalidad de los servicios publicos de salud establece que cualquier mexicano podr\u00e1 atenderse en el IMSS, ISSSTE o IMSS-Bienestar sin importar su afiliaci\u00f3n original. El discurso oficial habla de \"unificaci\u00f3n\" y \"equidad\", pero el dictamen legislativo omite deliberadamente un detalle inc\u00f3modo: cero pesos de inversi\u00f3n adicional","og_url":"https:\/\/arjenoticias.com.mx\/?p=8278","article_published_time":"2025-12-18T14:55:36+00:00","author":"\u00c9ctor Jaime Ram\u00edrez Barba","twitter_card":"summary_large_image","twitter_misc":{"Escrito por":"\u00c9ctor Jaime Ram\u00edrez Barba","Tiempo de lectura":"7 minutos"},"schema":{"@context":"https:\/\/schema.org","@graph":[{"@type":"Article","@id":"https:\/\/arjenoticias.com.mx\/?p=8278#article","isPartOf":{"@id":"https:\/\/arjenoticias.com.mx\/?p=8278"},"author":{"name":"\u00c9ctor Jaime Ram\u00edrez Barba","@id":"https:\/\/arjenoticias.com.mx\/#\/schema\/person\/f5b5959b9ff21ef2898206bff32b3ada"},"headline":"La Rep\u00fablica Insana","datePublished":"2025-12-18T14:55:36+00:00","mainEntityOfPage":{"@id":"https:\/\/arjenoticias.com.mx\/?p=8278"},"wordCount":1536,"publisher":{"@id":"https:\/\/arjenoticias.com.mx\/#organization"},"image":{"@id":"https:\/\/arjenoticias.com.mx\/?p=8278#primaryimage"},"thumbnailUrl":"","articleSection":["Lo m\u00e1s relevante","Opini\u00f3n","Salud"],"inLanguage":"es"},{"@type":"WebPage","@id":"https:\/\/arjenoticias.com.mx\/?p=8278","url":"https:\/\/arjenoticias.com.mx\/?p=8278","name":"La Rep\u00fablica Insana -","isPartOf":{"@id":"https:\/\/arjenoticias.com.mx\/#website"},"primaryImageOfPage":{"@id":"https:\/\/arjenoticias.com.mx\/?p=8278#primaryimage"},"image":{"@id":"https:\/\/arjenoticias.com.mx\/?p=8278#primaryimage"},"thumbnailUrl":"","datePublished":"2025-12-18T14:55:36+00:00","description":"La universalidad de los servicios publicos de salud establece que cualquier mexicano podr\u00e1 atenderse en el IMSS, ISSSTE o IMSS-Bienestar sin importar su afiliaci\u00f3n original. El discurso oficial habla de \"unificaci\u00f3n\" y \"equidad\", pero el dictamen legislativo omite deliberadamente un detalle inc\u00f3modo: cero pesos de inversi\u00f3n adicional","breadcrumb":{"@id":"https:\/\/arjenoticias.com.mx\/?p=8278#breadcrumb"},"inLanguage":"es","potentialAction":[{"@type":"ReadAction","target":["https:\/\/arjenoticias.com.mx\/?p=8278"]}]},{"@type":"ImageObject","inLanguage":"es","@id":"https:\/\/arjenoticias.com.mx\/?p=8278#primaryimage","url":"","contentUrl":""},{"@type":"BreadcrumbList","@id":"https:\/\/arjenoticias.com.mx\/?p=8278#breadcrumb","itemListElement":[{"@type":"ListItem","position":1,"name":"Inicio","item":"https:\/\/arjenoticias.com.mx\/"},{"@type":"ListItem","position":2,"name":"La Rep\u00fablica Insana"}]},{"@type":"WebSite","@id":"https:\/\/arjenoticias.com.mx\/#website","url":"https:\/\/arjenoticias.com.mx\/","name":"arjenoticias.com.mx","description":"","publisher":{"@id":"https:\/\/arjenoticias.com.mx\/#organization"},"potentialAction":[{"@type":"SearchAction","target":{"@type":"EntryPoint","urlTemplate":"https:\/\/arjenoticias.com.mx\/?s={search_term_string}"},"query-input":{"@type":"PropertyValueSpecification","valueRequired":true,"valueName":"search_term_string"}}],"inLanguage":"es"},{"@type":"Organization","@id":"https:\/\/arjenoticias.com.mx\/#organization","name":"Arj\u00e9 de M\u00e9xico Noticias","url":"https:\/\/arjenoticias.com.mx\/","logo":{"@type":"ImageObject","inLanguage":"es","@id":"https:\/\/arjenoticias.com.mx\/#\/schema\/logo\/image\/","url":"https:\/\/arjenoticias.com.mx\/wp-content\/uploads\/2025\/07\/cropped-logo-scaled-1.png","contentUrl":"https:\/\/arjenoticias.com.mx\/wp-content\/uploads\/2025\/07\/cropped-logo-scaled-1.png","width":2558,"height":558,"caption":"Arj\u00e9 de M\u00e9xico Noticias"},"image":{"@id":"https:\/\/arjenoticias.com.mx\/#\/schema\/logo\/image\/"}},{"@type":"Person","@id":"https:\/\/arjenoticias.com.mx\/#\/schema\/person\/f5b5959b9ff21ef2898206bff32b3ada","name":"\u00c9ctor Jaime Ram\u00edrez Barba","image":{"@type":"ImageObject","inLanguage":"es","@id":"https:\/\/secure.gravatar.com\/avatar\/65b1d1a969019200bb5e053668c2c2ed6da28a39bdd212471195336215b64c5e?s=96&d=mm&r=g","url":"https:\/\/secure.gravatar.com\/avatar\/65b1d1a969019200bb5e053668c2c2ed6da28a39bdd212471195336215b64c5e?s=96&d=mm&r=g","contentUrl":"https:\/\/secure.gravatar.com\/avatar\/65b1d1a969019200bb5e053668c2c2ed6da28a39bdd212471195336215b64c5e?s=96&d=mm&r=g","caption":"\u00c9ctor Jaime Ram\u00edrez Barba"},"url":"https:\/\/arjenoticias.com.mx\/?author=82"}]}},"_links":{"self":[{"href":"https:\/\/arjenoticias.com.mx\/index.php?rest_route=\/wp\/v2\/posts\/8278","targetHints":{"allow":["GET"]}}],"collection":[{"href":"https:\/\/arjenoticias.com.mx\/index.php?rest_route=\/wp\/v2\/posts"}],"about":[{"href":"https:\/\/arjenoticias.com.mx\/index.php?rest_route=\/wp\/v2\/types\/post"}],"author":[{"embeddable":true,"href":"https:\/\/arjenoticias.com.mx\/index.php?rest_route=\/wp\/v2\/users\/82"}],"replies":[{"embeddable":true,"href":"https:\/\/arjenoticias.com.mx\/index.php?rest_route=%2Fwp%2Fv2%2Fcomments&post=8278"}],"version-history":[{"count":0,"href":"https:\/\/arjenoticias.com.mx\/index.php?rest_route=\/wp\/v2\/posts\/8278\/revisions"}],"wp:attachment":[{"href":"https:\/\/arjenoticias.com.mx\/index.php?rest_route=%2Fwp%2Fv2%2Fmedia&parent=8278"}],"wp:term":[{"taxonomy":"category","embeddable":true,"href":"https:\/\/arjenoticias.com.mx\/index.php?rest_route=%2Fwp%2Fv2%2Fcategories&post=8278"},{"taxonomy":"post_tag","embeddable":true,"href":"https:\/\/arjenoticias.com.mx\/index.php?rest_route=%2Fwp%2Fv2%2Ftags&post=8278"}],"curies":[{"name":"wp","href":"https:\/\/api.w.org\/{rel}","templated":true}]}}