{"id":8256,"date":"2025-12-19T12:44:18","date_gmt":"2025-12-19T18:44:18","guid":{"rendered":"https:\/\/arjenoticias.com\/?p=8256"},"modified":"2025-12-19T12:44:18","modified_gmt":"2025-12-19T18:44:18","slug":"el-influjo-del-realismo-magico-de-garcia-marquez-perdura-en-la-literatura-global","status":"publish","type":"post","link":"https:\/\/arjenoticias.com.mx\/?p=8256","title":{"rendered":"El influjo del realismo m\u00e1gico de Garc\u00eda M\u00e1rquez perdura en la literatura global"},"content":{"rendered":"\n<p class=\"wp-block-paragraph\">A m\u00e1s de una d\u00e9cada del fallecimiento de <strong>Gabriel Garc\u00eda M\u00e1rquez<\/strong> su legado contin\u00faa vigente y con renovada fuerza en la narrativa mundial, en los estudios acad\u00e9micos y en la manera en que se interpreta la historia de Am\u00e9rica Latina. <\/p>\n\n\n\n<p class=\"wp-block-paragraph\">Considerado una de las figuras centrales del <strong>Boom Latinoamericano<\/strong> y el m\u00e1ximo exponente del <strong>realismo m\u00e1gico<\/strong>, el autor colombiano sigue influyendo tanto en escritores contempor\u00e1neos como en lectores de nuevas generaciones.<\/p>\n\n\n\n<p class=\"wp-block-paragraph\">Su obra m\u00e1s emblem\u00e1tica, <em>Cien a\u00f1os de soledad<\/em>, se mantiene como una de las novelas m\u00e1s estudiadas en universidades de todo el mundo. Acad\u00e9micos coinciden en que el libro no solo destaca por su estilo literario, sino por funcionar como una <strong>gran alegor\u00eda hist\u00f3rica<\/strong>, capaz de condensar los procesos sociales, pol\u00edticos y culturales que han marcado al continente latinoamericano desde la colonia hasta la modernidad.<\/p>\n\n\n\n<h3 class=\"wp-block-heading\">Un estilo que transform\u00f3 la forma de narrar<\/h3>\n\n\n\n<p class=\"wp-block-paragraph\">Galardonado con el <strong>Premio Nobel de Literatura en 1982<\/strong>, Garc\u00eda M\u00e1rquez introdujo a la literatura universal una narrativa en la que lo extraordinario convive con lo cotidiano sin provocar ruptura alguna en la l\u00f3gica del relato. El realismo m\u00e1gico, alimentado por la tradici\u00f3n oral, los mitos y la historia de Hispanoam\u00e9rica, redefini\u00f3 las fronteras entre lo real y lo fant\u00e1stico.<\/p>\n\n\n\n<p class=\"wp-block-paragraph\">En <em>Cien a\u00f1os de soledad<\/em>, hechos sobrenaturales como la ascensi\u00f3n de Remedios la Bella o la peste del insomnio son narrados con naturalidad, mientras que sucesos hist\u00f3ricos \u2014guerras civiles, dictaduras y violencia social\u2014 adquieren tintes absurdos y desmesurados. Esta inversi\u00f3n narrativa permiti\u00f3 a Garc\u00eda M\u00e1rquez ofrecer una cr\u00edtica profunda de la realidad latinoamericana desde la ficci\u00f3n.<\/p>\n\n\n\n<h3 class=\"wp-block-heading\">Macondo, una met\u00e1fora continental<\/h3>\n\n\n\n<p class=\"wp-block-paragraph\">El pueblo ficticio de <strong>Macondo<\/strong> y la saga de la familia Buend\u00eda son interpretados por historiadores y cr\u00edticos literarios como un espejo simb\u00f3lico de Colombia y, por extensi\u00f3n, de Am\u00e9rica Latina. Temas como la soledad, la memoria colectiva, la violencia pol\u00edtica, la repetici\u00f3n de los errores hist\u00f3ricos y la fragilidad del progreso atraviesan toda la novela.<\/p>\n\n\n\n<p class=\"wp-block-paragraph\">Episodios como las interminables guerras entre liberales y conservadores o la represi\u00f3n de los trabajadores bananeros \u2014inspirada en la masacre de 1928\u2014 sirven como anclajes hist\u00f3ricos que dotan a la obra de una fuerte dimensi\u00f3n social y pol\u00edtica. La fundaci\u00f3n, auge y desaparici\u00f3n de Macondo se leen hoy como una met\u00e1fora del ciclo de esperanza y desencanto que ha marcado a muchas naciones de la regi\u00f3n.<\/p>\n\n\n\n<h3 class=\"wp-block-heading\">Vigencia y proyecci\u00f3n global<\/h3>\n\n\n\n<p class=\"wp-block-paragraph\">El legado de Garc\u00eda M\u00e1rquez no se limita al \u00e1mbito literario. En a\u00f1os recientes, el <strong>estreno de la adaptaci\u00f3n audiovisual de <em>Cien a\u00f1os de soledad<\/em><\/strong> ha reavivado el inter\u00e9s internacional por la novela, coloc\u00e1ndola nuevamente entre los libros m\u00e1s le\u00eddos y generando debate sobre la relaci\u00f3n entre la literatura cl\u00e1sica y las plataformas contempor\u00e1neas.<\/p>\n\n\n\n<p class=\"wp-block-paragraph\">Adem\u00e1s, el realismo m\u00e1gico sigue influyendo en autores de distintas latitudes, desde \u00c1frica hasta Asia, que encuentran en este estilo una herramienta para narrar realidades complejas, marcadas por la memoria, el trauma hist\u00f3rico y la identidad cultural.<\/p>\n\n\n\n<h3 class=\"wp-block-heading\">Un legado que trasciende generaciones<\/h3>\n\n\n\n<p class=\"wp-block-paragraph\">Para especialistas, el aporte de Garc\u00eda M\u00e1rquez va m\u00e1s all\u00e1 de una corriente literaria. Su obra ofrece una <strong>lente para comprender la historia, la identidad y las contradicciones de Am\u00e9rica Latina<\/strong>, y mantiene vigencia en un mundo que a\u00fan enfrenta desigualdad, violencia y crisis de memoria colectiva.<\/p>\n\n\n\n<p class=\"wp-block-paragraph\">Como escribi\u00f3 el propio autor en su discurso del Nobel, Am\u00e9rica Latina sigue luchando por un futuro donde \u201clas estirpes condenadas a cien a\u00f1os de soledad tengan por fin una segunda oportunidad sobre la tierra\u201d. Ese mensaje, al igual que su literatura, contin\u00faa resonando con fuerza en el siglo XXI, confirmando a Gabriel Garc\u00eda M\u00e1rquez como uno de los narradores m\u00e1s influyentes y universales de la historia moderna.<\/p>\n","protected":false},"excerpt":{"rendered":"<p>A m\u00e1s de una d\u00e9cada del fallecimiento de Gabriel Garc\u00eda M\u00e1rquez su legado contin\u00faa vigente&#8230;<\/p>\n","protected":false},"author":66,"featured_media":8258,"comment_status":"closed","ping_status":"closed","sticky":false,"template":"","format":"standard","meta":{"footnotes":""},"categories":[5],"tags":[],"class_list":["post-8256","post","type-post","status-publish","format-standard","has-post-thumbnail","hentry","category-cultura"],"yoast_head":"<!-- This site is optimized with the Yoast SEO plugin v28.4 - https:\/\/yoast.com\/product\/yoast-seo-wordpress\/ -->\n<title>El influjo del realismo m\u00e1gico de Garc\u00eda M\u00e1rquez perdura en la literatura global -<\/title>\n<meta name=\"description\" content=\"Su obra ofrece una lente para comprender la historia, la identidad y las contradicciones de Am\u00e9rica Latina, y mantiene vigencia en un mundo que a\u00fan enfrenta desigualdad, violencia y crisis de memoria colectiva.\" \/>\n<meta name=\"robots\" content=\"index, follow, max-snippet:-1, max-image-preview:large, max-video-preview:-1\" \/>\n<link rel=\"canonical\" href=\"https:\/\/arjenoticias.com.mx\/?p=8256\" \/>\n<meta property=\"og:locale\" content=\"es_MX\" \/>\n<meta property=\"og:type\" content=\"article\" \/>\n<meta property=\"og:title\" content=\"El influjo del realismo m\u00e1gico de Garc\u00eda M\u00e1rquez perdura en la literatura global -\" \/>\n<meta property=\"og:description\" content=\"Su obra ofrece una lente para comprender la historia, la identidad y las contradicciones de Am\u00e9rica Latina, y mantiene vigencia en un mundo que a\u00fan enfrenta desigualdad, violencia y crisis de memoria colectiva.\" \/>\n<meta property=\"og:url\" content=\"https:\/\/arjenoticias.com.mx\/?p=8256\" \/>\n<meta property=\"article:published_time\" content=\"2025-12-19T18:44:18+00:00\" \/>\n<meta name=\"author\" content=\"Arj\u00e9 Noticias\" \/>\n<meta name=\"twitter:card\" content=\"summary_large_image\" \/>\n<meta name=\"twitter:label1\" content=\"Escrito por\" \/>\n\t<meta name=\"twitter:data1\" content=\"Arj\u00e9 Noticias\" \/>\n\t<meta name=\"twitter:label2\" content=\"Tiempo de lectura\" \/>\n\t<meta name=\"twitter:data2\" content=\"3 minutos\" \/>\n<script type=\"application\/ld+json\" class=\"yoast-schema-graph\">{\"@context\":\"https:\\\/\\\/schema.org\",\"@graph\":[{\"@type\":\"Article\",\"@id\":\"https:\\\/\\\/arjenoticias.com.mx\\\/?p=8256#article\",\"isPartOf\":{\"@id\":\"https:\\\/\\\/arjenoticias.com.mx\\\/?p=8256\"},\"author\":{\"name\":\"Arj\u00e9 Noticias\",\"@id\":\"https:\\\/\\\/arjenoticias.com.mx\\\/#\\\/schema\\\/person\\\/83f9fb68162b16794b69a8186dd31bc0\"},\"headline\":\"El influjo del realismo m\u00e1gico de Garc\u00eda M\u00e1rquez perdura en la literatura global\",\"datePublished\":\"2025-12-19T18:44:18+00:00\",\"mainEntityOfPage\":{\"@id\":\"https:\\\/\\\/arjenoticias.com.mx\\\/?p=8256\"},\"wordCount\":692,\"publisher\":{\"@id\":\"https:\\\/\\\/arjenoticias.com.mx\\\/#organization\"},\"image\":{\"@id\":\"https:\\\/\\\/arjenoticias.com.mx\\\/?p=8256#primaryimage\"},\"thumbnailUrl\":\"\",\"articleSection\":[\"Cultura y Entretenimiento\"],\"inLanguage\":\"es\"},{\"@type\":\"WebPage\",\"@id\":\"https:\\\/\\\/arjenoticias.com.mx\\\/?p=8256\",\"url\":\"https:\\\/\\\/arjenoticias.com.mx\\\/?p=8256\",\"name\":\"El influjo del realismo m\u00e1gico de Garc\u00eda M\u00e1rquez perdura en la literatura global -\",\"isPartOf\":{\"@id\":\"https:\\\/\\\/arjenoticias.com.mx\\\/#website\"},\"primaryImageOfPage\":{\"@id\":\"https:\\\/\\\/arjenoticias.com.mx\\\/?p=8256#primaryimage\"},\"image\":{\"@id\":\"https:\\\/\\\/arjenoticias.com.mx\\\/?p=8256#primaryimage\"},\"thumbnailUrl\":\"\",\"datePublished\":\"2025-12-19T18:44:18+00:00\",\"description\":\"Su obra ofrece una lente para comprender la historia, la identidad y las contradicciones de Am\u00e9rica Latina, y mantiene vigencia en un mundo que a\u00fan enfrenta desigualdad, violencia y crisis de memoria colectiva.\",\"breadcrumb\":{\"@id\":\"https:\\\/\\\/arjenoticias.com.mx\\\/?p=8256#breadcrumb\"},\"inLanguage\":\"es\",\"potentialAction\":[{\"@type\":\"ReadAction\",\"target\":[\"https:\\\/\\\/arjenoticias.com.mx\\\/?p=8256\"]}]},{\"@type\":\"ImageObject\",\"inLanguage\":\"es\",\"@id\":\"https:\\\/\\\/arjenoticias.com.mx\\\/?p=8256#primaryimage\",\"url\":\"\",\"contentUrl\":\"\"},{\"@type\":\"BreadcrumbList\",\"@id\":\"https:\\\/\\\/arjenoticias.com.mx\\\/?p=8256#breadcrumb\",\"itemListElement\":[{\"@type\":\"ListItem\",\"position\":1,\"name\":\"Inicio\",\"item\":\"https:\\\/\\\/arjenoticias.com.mx\\\/\"},{\"@type\":\"ListItem\",\"position\":2,\"name\":\"El influjo del realismo m\u00e1gico de Garc\u00eda M\u00e1rquez perdura en la literatura global\"}]},{\"@type\":\"WebSite\",\"@id\":\"https:\\\/\\\/arjenoticias.com.mx\\\/#website\",\"url\":\"https:\\\/\\\/arjenoticias.com.mx\\\/\",\"name\":\"arjenoticias.com.mx\",\"description\":\"\",\"publisher\":{\"@id\":\"https:\\\/\\\/arjenoticias.com.mx\\\/#organization\"},\"potentialAction\":[{\"@type\":\"SearchAction\",\"target\":{\"@type\":\"EntryPoint\",\"urlTemplate\":\"https:\\\/\\\/arjenoticias.com.mx\\\/?s={search_term_string}\"},\"query-input\":{\"@type\":\"PropertyValueSpecification\",\"valueRequired\":true,\"valueName\":\"search_term_string\"}}],\"inLanguage\":\"es\"},{\"@type\":\"Organization\",\"@id\":\"https:\\\/\\\/arjenoticias.com.mx\\\/#organization\",\"name\":\"Arj\u00e9 de M\u00e9xico Noticias\",\"url\":\"https:\\\/\\\/arjenoticias.com.mx\\\/\",\"logo\":{\"@type\":\"ImageObject\",\"inLanguage\":\"es\",\"@id\":\"https:\\\/\\\/arjenoticias.com.mx\\\/#\\\/schema\\\/logo\\\/image\\\/\",\"url\":\"https:\\\/\\\/arjenoticias.com.mx\\\/wp-content\\\/uploads\\\/2025\\\/07\\\/cropped-logo-scaled-1.png\",\"contentUrl\":\"https:\\\/\\\/arjenoticias.com.mx\\\/wp-content\\\/uploads\\\/2025\\\/07\\\/cropped-logo-scaled-1.png\",\"width\":2558,\"height\":558,\"caption\":\"Arj\u00e9 de M\u00e9xico Noticias\"},\"image\":{\"@id\":\"https:\\\/\\\/arjenoticias.com.mx\\\/#\\\/schema\\\/logo\\\/image\\\/\"}},{\"@type\":\"Person\",\"@id\":\"https:\\\/\\\/arjenoticias.com.mx\\\/#\\\/schema\\\/person\\\/83f9fb68162b16794b69a8186dd31bc0\",\"name\":\"Arj\u00e9 Noticias\",\"image\":{\"@type\":\"ImageObject\",\"inLanguage\":\"es\",\"@id\":\"https:\\\/\\\/secure.gravatar.com\\\/avatar\\\/f604b88a0e24c04f3f89fae6b5400bfd6093d0999292a64803d3651d9d4a35a5?s=96&d=mm&r=g\",\"url\":\"https:\\\/\\\/secure.gravatar.com\\\/avatar\\\/f604b88a0e24c04f3f89fae6b5400bfd6093d0999292a64803d3651d9d4a35a5?s=96&d=mm&r=g\",\"contentUrl\":\"https:\\\/\\\/secure.gravatar.com\\\/avatar\\\/f604b88a0e24c04f3f89fae6b5400bfd6093d0999292a64803d3651d9d4a35a5?s=96&d=mm&r=g\",\"caption\":\"Arj\u00e9 Noticias\"},\"url\":\"https:\\\/\\\/arjenoticias.com.mx\\\/?author=66\"}]}<\/script>\n<!-- \/ Yoast SEO plugin. -->","yoast_head_json":{"title":"El influjo del realismo m\u00e1gico de Garc\u00eda M\u00e1rquez perdura en la literatura global -","description":"Su obra ofrece una lente para comprender la historia, la identidad y las contradicciones de Am\u00e9rica Latina, y mantiene vigencia en un mundo que a\u00fan enfrenta desigualdad, violencia y crisis de memoria colectiva.","robots":{"index":"index","follow":"follow","max-snippet":"max-snippet:-1","max-image-preview":"max-image-preview:large","max-video-preview":"max-video-preview:-1"},"canonical":"https:\/\/arjenoticias.com.mx\/?p=8256","og_locale":"es_MX","og_type":"article","og_title":"El influjo del realismo m\u00e1gico de Garc\u00eda M\u00e1rquez perdura en la literatura global -","og_description":"Su obra ofrece una lente para comprender la historia, la identidad y las contradicciones de Am\u00e9rica Latina, y mantiene vigencia en un mundo que a\u00fan enfrenta desigualdad, violencia y crisis de memoria colectiva.","og_url":"https:\/\/arjenoticias.com.mx\/?p=8256","article_published_time":"2025-12-19T18:44:18+00:00","author":"Arj\u00e9 Noticias","twitter_card":"summary_large_image","twitter_misc":{"Escrito por":"Arj\u00e9 Noticias","Tiempo de lectura":"3 minutos"},"schema":{"@context":"https:\/\/schema.org","@graph":[{"@type":"Article","@id":"https:\/\/arjenoticias.com.mx\/?p=8256#article","isPartOf":{"@id":"https:\/\/arjenoticias.com.mx\/?p=8256"},"author":{"name":"Arj\u00e9 Noticias","@id":"https:\/\/arjenoticias.com.mx\/#\/schema\/person\/83f9fb68162b16794b69a8186dd31bc0"},"headline":"El influjo del realismo m\u00e1gico de Garc\u00eda M\u00e1rquez perdura en la literatura global","datePublished":"2025-12-19T18:44:18+00:00","mainEntityOfPage":{"@id":"https:\/\/arjenoticias.com.mx\/?p=8256"},"wordCount":692,"publisher":{"@id":"https:\/\/arjenoticias.com.mx\/#organization"},"image":{"@id":"https:\/\/arjenoticias.com.mx\/?p=8256#primaryimage"},"thumbnailUrl":"","articleSection":["Cultura y Entretenimiento"],"inLanguage":"es"},{"@type":"WebPage","@id":"https:\/\/arjenoticias.com.mx\/?p=8256","url":"https:\/\/arjenoticias.com.mx\/?p=8256","name":"El influjo del realismo m\u00e1gico de Garc\u00eda M\u00e1rquez perdura en la literatura global -","isPartOf":{"@id":"https:\/\/arjenoticias.com.mx\/#website"},"primaryImageOfPage":{"@id":"https:\/\/arjenoticias.com.mx\/?p=8256#primaryimage"},"image":{"@id":"https:\/\/arjenoticias.com.mx\/?p=8256#primaryimage"},"thumbnailUrl":"","datePublished":"2025-12-19T18:44:18+00:00","description":"Su obra ofrece una lente para comprender la historia, la identidad y las contradicciones de Am\u00e9rica Latina, y mantiene vigencia en un mundo que a\u00fan enfrenta desigualdad, violencia y crisis de memoria colectiva.","breadcrumb":{"@id":"https:\/\/arjenoticias.com.mx\/?p=8256#breadcrumb"},"inLanguage":"es","potentialAction":[{"@type":"ReadAction","target":["https:\/\/arjenoticias.com.mx\/?p=8256"]}]},{"@type":"ImageObject","inLanguage":"es","@id":"https:\/\/arjenoticias.com.mx\/?p=8256#primaryimage","url":"","contentUrl":""},{"@type":"BreadcrumbList","@id":"https:\/\/arjenoticias.com.mx\/?p=8256#breadcrumb","itemListElement":[{"@type":"ListItem","position":1,"name":"Inicio","item":"https:\/\/arjenoticias.com.mx\/"},{"@type":"ListItem","position":2,"name":"El influjo del realismo m\u00e1gico de Garc\u00eda M\u00e1rquez perdura en la literatura global"}]},{"@type":"WebSite","@id":"https:\/\/arjenoticias.com.mx\/#website","url":"https:\/\/arjenoticias.com.mx\/","name":"arjenoticias.com.mx","description":"","publisher":{"@id":"https:\/\/arjenoticias.com.mx\/#organization"},"potentialAction":[{"@type":"SearchAction","target":{"@type":"EntryPoint","urlTemplate":"https:\/\/arjenoticias.com.mx\/?s={search_term_string}"},"query-input":{"@type":"PropertyValueSpecification","valueRequired":true,"valueName":"search_term_string"}}],"inLanguage":"es"},{"@type":"Organization","@id":"https:\/\/arjenoticias.com.mx\/#organization","name":"Arj\u00e9 de M\u00e9xico Noticias","url":"https:\/\/arjenoticias.com.mx\/","logo":{"@type":"ImageObject","inLanguage":"es","@id":"https:\/\/arjenoticias.com.mx\/#\/schema\/logo\/image\/","url":"https:\/\/arjenoticias.com.mx\/wp-content\/uploads\/2025\/07\/cropped-logo-scaled-1.png","contentUrl":"https:\/\/arjenoticias.com.mx\/wp-content\/uploads\/2025\/07\/cropped-logo-scaled-1.png","width":2558,"height":558,"caption":"Arj\u00e9 de M\u00e9xico Noticias"},"image":{"@id":"https:\/\/arjenoticias.com.mx\/#\/schema\/logo\/image\/"}},{"@type":"Person","@id":"https:\/\/arjenoticias.com.mx\/#\/schema\/person\/83f9fb68162b16794b69a8186dd31bc0","name":"Arj\u00e9 Noticias","image":{"@type":"ImageObject","inLanguage":"es","@id":"https:\/\/secure.gravatar.com\/avatar\/f604b88a0e24c04f3f89fae6b5400bfd6093d0999292a64803d3651d9d4a35a5?s=96&d=mm&r=g","url":"https:\/\/secure.gravatar.com\/avatar\/f604b88a0e24c04f3f89fae6b5400bfd6093d0999292a64803d3651d9d4a35a5?s=96&d=mm&r=g","contentUrl":"https:\/\/secure.gravatar.com\/avatar\/f604b88a0e24c04f3f89fae6b5400bfd6093d0999292a64803d3651d9d4a35a5?s=96&d=mm&r=g","caption":"Arj\u00e9 Noticias"},"url":"https:\/\/arjenoticias.com.mx\/?author=66"}]}},"_links":{"self":[{"href":"https:\/\/arjenoticias.com.mx\/index.php?rest_route=\/wp\/v2\/posts\/8256","targetHints":{"allow":["GET"]}}],"collection":[{"href":"https:\/\/arjenoticias.com.mx\/index.php?rest_route=\/wp\/v2\/posts"}],"about":[{"href":"https:\/\/arjenoticias.com.mx\/index.php?rest_route=\/wp\/v2\/types\/post"}],"author":[{"embeddable":true,"href":"https:\/\/arjenoticias.com.mx\/index.php?rest_route=\/wp\/v2\/users\/66"}],"replies":[{"embeddable":true,"href":"https:\/\/arjenoticias.com.mx\/index.php?rest_route=%2Fwp%2Fv2%2Fcomments&post=8256"}],"version-history":[{"count":0,"href":"https:\/\/arjenoticias.com.mx\/index.php?rest_route=\/wp\/v2\/posts\/8256\/revisions"}],"wp:attachment":[{"href":"https:\/\/arjenoticias.com.mx\/index.php?rest_route=%2Fwp%2Fv2%2Fmedia&parent=8256"}],"wp:term":[{"taxonomy":"category","embeddable":true,"href":"https:\/\/arjenoticias.com.mx\/index.php?rest_route=%2Fwp%2Fv2%2Fcategories&post=8256"},{"taxonomy":"post_tag","embeddable":true,"href":"https:\/\/arjenoticias.com.mx\/index.php?rest_route=%2Fwp%2Fv2%2Ftags&post=8256"}],"curies":[{"name":"wp","href":"https:\/\/api.w.org\/{rel}","templated":true}]}}