{"id":8249,"date":"2025-12-19T12:06:54","date_gmt":"2025-12-19T18:06:54","guid":{"rendered":"https:\/\/arjenoticias.com\/?p=8249"},"modified":"2025-12-19T12:06:54","modified_gmt":"2025-12-19T18:06:54","slug":"el-sueno-de-la-razon-produce-monstruos","status":"publish","type":"post","link":"https:\/\/arjenoticias.com.mx\/?p=8249","title":{"rendered":"\u201cEl sue\u00f1o de la raz\u00f3n produce monstruos&#8221;"},"content":{"rendered":"\n<p class=\"wp-block-paragraph\">Dos siglos despu\u00e9s de su publicaci\u00f3n, la serie de aguafuertes y aguatintas <em>Los caprichos<\/em> (1797\u20131799) de Francisco de Goya \u2014y en particular la c\u00e9lebre estampilla n\u00ba 43, <em>El sue\u00f1o de la raz\u00f3n produce monstruos<\/em>\u2014 siguen funcionando como una advertencia art\u00edstica sobre los efectos sociales de la irracionalidad: superstici\u00f3n, fanatismo, desinformaci\u00f3n y abuso. Especialistas, museos y comentaristas culturales interpretan hoy esa pieza como un llamado a mantener despierta la raz\u00f3n para evitar que las \u201ccriaturas\u201d de la ignorancia desestabilicen la vida p\u00fablica.<\/p>\n\n\n\n<h3 class=\"wp-block-heading\">Un manifiesto en imagen<\/h3>\n\n\n\n<p class=\"wp-block-paragraph\">En la estampa, Goya representa a una figura dormida sobre su mesa de trabajo; detr\u00e1s, un enjambre de b\u00fahos, murci\u00e9lagos y felinos \u2014s\u00edmbolos tradicionales de la superstici\u00f3n y la ignorancia\u2014 parecen surgir del mismo sue\u00f1o. El frente del escritorio incluye la inscripci\u00f3n que se ha vuelto ic\u00f3nica: <em>\u201cCaprichos: El sue\u00f1o de la raz\u00f3n produce monstruos\u201d<\/em>, frase que la cr\u00edtica interpreta como un doble mensaje: la raz\u00f3n abandonada engendra peligros sociales, pero la imaginaci\u00f3n unida a la raz\u00f3n es la fuente de la creaci\u00f3n art\u00edstica. <\/p>\n\n\n\n<h3 class=\"wp-block-heading\">Cr\u00edtica social y contexto ilustrado<\/h3>\n\n\n\n<p class=\"wp-block-paragraph\"><em>Los caprichos<\/em> constituyen una serie sat\u00edrica en la que Goya denuncia vicios, abusos e irracionalidades del tard\u00edo Antiguo R\u00e9gimen espa\u00f1ol: corrupci\u00f3n, malas pr\u00e1cticas judiciales, superstici\u00f3n popular y desigualdades. El uso del aguafuerte y la t\u00e9cnica del aguatinta le permiti\u00f3 contrastes t\u00f3nales que intensifican el dramatismo y la iron\u00eda de las escenas; la estampa 43 ha sido interpretada por historiadores del arte como un manifiesto personal donde Goya reclama el valor de la observaci\u00f3n cr\u00edtica frente a la ceguera colectiva.<\/p>\n\n\n\n<h3 class=\"wp-block-heading\">De la superstici\u00f3n a la posverdad: conexiones con el presente<\/h3>\n\n\n\n<p class=\"wp-block-paragraph\">En la actualidad, comentaristas culturales han recurrido a la imagen de Goya para explicar fen\u00f3menos como la radicalizaci\u00f3n en masas, la circulaci\u00f3n viral de noticias falsas y el auge de liderazgos que explotan prejuicios: cuando la raz\u00f3n \u201cduerme\u201d, se multiplican los \u201cmonstruos\u201d informativos y sociales. Cr\u00edticas recientes vinculan simb\u00f3licamente el grabado con episodios contempor\u00e1neos \u2014desde disturbios pol\u00edticos hasta olas de desinformaci\u00f3n durante crisis sanitarias\u2014 como ejemplos de lo que ocurre cuando la l\u00f3gica y la evidencia ceden terreno ante el miedo y la rumorolog\u00eda. <\/p>\n\n\n\n<h3 class=\"wp-block-heading\">\u00bfQu\u00e9 nos dice Goya sobre la verdad y la l\u00f3gica hoy?<\/h3>\n\n\n\n<p class=\"wp-block-paragraph\">El mensaje de Goya no es un simple rechazo de la imaginaci\u00f3n: su leyenda completa \u2014\u201cLa fantas\u00eda abandonada por la raz\u00f3n produce monstruos; unidas con ella, son madre de las artes\u201d \u2014 advierte que la creatividad sin criterio tambi\u00e9n puede degenerar, y que la atenci\u00f3n cr\u00edtica (investigaci\u00f3n, educaci\u00f3n, debate informado) es condici\u00f3n para una sociedad saludable. En t\u00e9rminos actuales, la estampa subraya la necesidad de alfabetizaci\u00f3n medi\u00e1tica, transparencia institucional y cultura c\u00edvica que privilegie la evidencia sobre la emoci\u00f3n manipulada. <\/p>\n\n\n\n<h3 class=\"wp-block-heading\">Voces del arte y la academia<\/h3>\n\n\n\n<p class=\"wp-block-paragraph\">Museos y conservadores usan la estampa como recurso pedag\u00f3gico: el Museo del Prado y el Metropolitan Museum la incluyen en sus explicaciones p\u00fablicas como ejemplo de c\u00f3mo el arte puede ser herramienta de cr\u00edtica social y educaci\u00f3n c\u00edvica. Acad\u00e9micos han se\u00f1alado adem\u00e1s que la potencia de <em>Los caprichos<\/em> radica en su ambivalencia: Goya no s\u00f3lo denuncia sino que propone \u2014por v\u00eda negativa\u2014 el valor de la observaci\u00f3n, la raz\u00f3n y la verdad como contrapesos necesarios frente a fen\u00f3menos colectivos peligrosos.<\/p>\n\n\n\n<h3 class=\"wp-block-heading\">Conclusi\u00f3n \u2014 Una advertencia \u00fatil en tiempos fr\u00e1giles<\/h3>\n\n\n\n<p class=\"wp-block-paragraph\">Que <em>El sue\u00f1o de la raz\u00f3n produce monstruos<\/em> siga reapareciendo en columnas, exposiciones y debates p\u00fablicos hoy no es casualidad: su imagen resume, en clave visual poderosa, el riesgo que corre cualquier sociedad cuando permite que la desinformaci\u00f3n, la superstici\u00f3n o la indiferencia cient\u00edfica reemplacen el di\u00e1logo informado. Goya regal\u00f3 una met\u00e1fora: despertar la raz\u00f3n no es s\u00f3lo una exigencia intelectual, sino una tarea c\u00edvica para preservar la verdad, la convivencia democr\u00e1tica y la salud p\u00fablica frente a los monstruos que nacen del silencio cr\u00edtico.<\/p>\n","protected":false},"excerpt":{"rendered":"<p>Dos siglos despu\u00e9s de su publicaci\u00f3n, la serie de aguafuertes y aguatintas Los caprichos (1797\u20131799)&#8230;<\/p>\n","protected":false},"author":66,"featured_media":8250,"comment_status":"closed","ping_status":"closed","sticky":false,"template":"","format":"standard","meta":{"footnotes":""},"categories":[5,7],"tags":[],"class_list":["post-8249","post","type-post","status-publish","format-standard","has-post-thumbnail","hentry","category-cultura","category-lo-mas-relevante"],"yoast_head":"<!-- This site is optimized with the Yoast SEO plugin v28.4 - https:\/\/yoast.com\/product\/yoast-seo-wordpress\/ -->\n<title>\u201cEl sue\u00f1o de la raz\u00f3n produce monstruos&quot; -<\/title>\n<meta name=\"description\" content=\"El sue\u00f1o de la raz\u00f3n produce monstruos\u2014 siguen funcionando como una advertencia art\u00edstica sobre los efectos sociales de la irracionalidad: superstici\u00f3n, fanatismo, desinformaci\u00f3n y abuso.\" \/>\n<meta name=\"robots\" content=\"index, follow, max-snippet:-1, max-image-preview:large, max-video-preview:-1\" \/>\n<link rel=\"canonical\" href=\"https:\/\/arjenoticias.com.mx\/?p=8249\" \/>\n<meta property=\"og:locale\" content=\"es_MX\" \/>\n<meta property=\"og:type\" content=\"article\" \/>\n<meta property=\"og:title\" content=\"\u201cEl sue\u00f1o de la raz\u00f3n produce monstruos&quot; -\" \/>\n<meta property=\"og:description\" content=\"El sue\u00f1o de la raz\u00f3n produce monstruos\u2014 siguen funcionando como una advertencia art\u00edstica sobre los efectos sociales de la irracionalidad: superstici\u00f3n, fanatismo, desinformaci\u00f3n y abuso.\" \/>\n<meta property=\"og:url\" content=\"https:\/\/arjenoticias.com.mx\/?p=8249\" \/>\n<meta property=\"article:published_time\" content=\"2025-12-19T18:06:54+00:00\" \/>\n<meta name=\"author\" content=\"Arj\u00e9 Noticias\" \/>\n<meta name=\"twitter:card\" content=\"summary_large_image\" \/>\n<meta name=\"twitter:label1\" content=\"Escrito por\" \/>\n\t<meta name=\"twitter:data1\" content=\"Arj\u00e9 Noticias\" \/>\n\t<meta name=\"twitter:label2\" content=\"Tiempo de lectura\" \/>\n\t<meta name=\"twitter:data2\" content=\"4 minutos\" \/>\n<script type=\"application\/ld+json\" class=\"yoast-schema-graph\">{\"@context\":\"https:\\\/\\\/schema.org\",\"@graph\":[{\"@type\":\"Article\",\"@id\":\"https:\\\/\\\/arjenoticias.com.mx\\\/?p=8249#article\",\"isPartOf\":{\"@id\":\"https:\\\/\\\/arjenoticias.com.mx\\\/?p=8249\"},\"author\":{\"name\":\"Arj\u00e9 Noticias\",\"@id\":\"https:\\\/\\\/arjenoticias.com.mx\\\/#\\\/schema\\\/person\\\/83f9fb68162b16794b69a8186dd31bc0\"},\"headline\":\"\u201cEl sue\u00f1o de la raz\u00f3n produce monstruos&#8221;\",\"datePublished\":\"2025-12-19T18:06:54+00:00\",\"mainEntityOfPage\":{\"@id\":\"https:\\\/\\\/arjenoticias.com.mx\\\/?p=8249\"},\"wordCount\":717,\"publisher\":{\"@id\":\"https:\\\/\\\/arjenoticias.com.mx\\\/#organization\"},\"image\":{\"@id\":\"https:\\\/\\\/arjenoticias.com.mx\\\/?p=8249#primaryimage\"},\"thumbnailUrl\":\"\",\"articleSection\":[\"Cultura y Entretenimiento\",\"Lo m\u00e1s relevante\"],\"inLanguage\":\"es\"},{\"@type\":\"WebPage\",\"@id\":\"https:\\\/\\\/arjenoticias.com.mx\\\/?p=8249\",\"url\":\"https:\\\/\\\/arjenoticias.com.mx\\\/?p=8249\",\"name\":\"\u201cEl sue\u00f1o de la raz\u00f3n produce monstruos\\\" -\",\"isPartOf\":{\"@id\":\"https:\\\/\\\/arjenoticias.com.mx\\\/#website\"},\"primaryImageOfPage\":{\"@id\":\"https:\\\/\\\/arjenoticias.com.mx\\\/?p=8249#primaryimage\"},\"image\":{\"@id\":\"https:\\\/\\\/arjenoticias.com.mx\\\/?p=8249#primaryimage\"},\"thumbnailUrl\":\"\",\"datePublished\":\"2025-12-19T18:06:54+00:00\",\"description\":\"El sue\u00f1o de la raz\u00f3n produce monstruos\u2014 siguen funcionando como una advertencia art\u00edstica sobre los efectos sociales de la irracionalidad: superstici\u00f3n, fanatismo, desinformaci\u00f3n y abuso.\",\"breadcrumb\":{\"@id\":\"https:\\\/\\\/arjenoticias.com.mx\\\/?p=8249#breadcrumb\"},\"inLanguage\":\"es\",\"potentialAction\":[{\"@type\":\"ReadAction\",\"target\":[\"https:\\\/\\\/arjenoticias.com.mx\\\/?p=8249\"]}]},{\"@type\":\"ImageObject\",\"inLanguage\":\"es\",\"@id\":\"https:\\\/\\\/arjenoticias.com.mx\\\/?p=8249#primaryimage\",\"url\":\"\",\"contentUrl\":\"\"},{\"@type\":\"BreadcrumbList\",\"@id\":\"https:\\\/\\\/arjenoticias.com.mx\\\/?p=8249#breadcrumb\",\"itemListElement\":[{\"@type\":\"ListItem\",\"position\":1,\"name\":\"Inicio\",\"item\":\"https:\\\/\\\/arjenoticias.com.mx\\\/\"},{\"@type\":\"ListItem\",\"position\":2,\"name\":\"\u201cEl sue\u00f1o de la raz\u00f3n produce monstruos&#8221;\"}]},{\"@type\":\"WebSite\",\"@id\":\"https:\\\/\\\/arjenoticias.com.mx\\\/#website\",\"url\":\"https:\\\/\\\/arjenoticias.com.mx\\\/\",\"name\":\"arjenoticias.com.mx\",\"description\":\"\",\"publisher\":{\"@id\":\"https:\\\/\\\/arjenoticias.com.mx\\\/#organization\"},\"potentialAction\":[{\"@type\":\"SearchAction\",\"target\":{\"@type\":\"EntryPoint\",\"urlTemplate\":\"https:\\\/\\\/arjenoticias.com.mx\\\/?s={search_term_string}\"},\"query-input\":{\"@type\":\"PropertyValueSpecification\",\"valueRequired\":true,\"valueName\":\"search_term_string\"}}],\"inLanguage\":\"es\"},{\"@type\":\"Organization\",\"@id\":\"https:\\\/\\\/arjenoticias.com.mx\\\/#organization\",\"name\":\"Arj\u00e9 de M\u00e9xico Noticias\",\"url\":\"https:\\\/\\\/arjenoticias.com.mx\\\/\",\"logo\":{\"@type\":\"ImageObject\",\"inLanguage\":\"es\",\"@id\":\"https:\\\/\\\/arjenoticias.com.mx\\\/#\\\/schema\\\/logo\\\/image\\\/\",\"url\":\"https:\\\/\\\/arjenoticias.com.mx\\\/wp-content\\\/uploads\\\/2025\\\/07\\\/cropped-logo-scaled-1.png\",\"contentUrl\":\"https:\\\/\\\/arjenoticias.com.mx\\\/wp-content\\\/uploads\\\/2025\\\/07\\\/cropped-logo-scaled-1.png\",\"width\":2558,\"height\":558,\"caption\":\"Arj\u00e9 de M\u00e9xico Noticias\"},\"image\":{\"@id\":\"https:\\\/\\\/arjenoticias.com.mx\\\/#\\\/schema\\\/logo\\\/image\\\/\"}},{\"@type\":\"Person\",\"@id\":\"https:\\\/\\\/arjenoticias.com.mx\\\/#\\\/schema\\\/person\\\/83f9fb68162b16794b69a8186dd31bc0\",\"name\":\"Arj\u00e9 Noticias\",\"image\":{\"@type\":\"ImageObject\",\"inLanguage\":\"es\",\"@id\":\"https:\\\/\\\/secure.gravatar.com\\\/avatar\\\/f604b88a0e24c04f3f89fae6b5400bfd6093d0999292a64803d3651d9d4a35a5?s=96&d=mm&r=g\",\"url\":\"https:\\\/\\\/secure.gravatar.com\\\/avatar\\\/f604b88a0e24c04f3f89fae6b5400bfd6093d0999292a64803d3651d9d4a35a5?s=96&d=mm&r=g\",\"contentUrl\":\"https:\\\/\\\/secure.gravatar.com\\\/avatar\\\/f604b88a0e24c04f3f89fae6b5400bfd6093d0999292a64803d3651d9d4a35a5?s=96&d=mm&r=g\",\"caption\":\"Arj\u00e9 Noticias\"},\"url\":\"https:\\\/\\\/arjenoticias.com.mx\\\/?author=66\"}]}<\/script>\n<!-- \/ Yoast SEO plugin. -->","yoast_head_json":{"title":"\u201cEl sue\u00f1o de la raz\u00f3n produce monstruos\" -","description":"El sue\u00f1o de la raz\u00f3n produce monstruos\u2014 siguen funcionando como una advertencia art\u00edstica sobre los efectos sociales de la irracionalidad: superstici\u00f3n, fanatismo, desinformaci\u00f3n y abuso.","robots":{"index":"index","follow":"follow","max-snippet":"max-snippet:-1","max-image-preview":"max-image-preview:large","max-video-preview":"max-video-preview:-1"},"canonical":"https:\/\/arjenoticias.com.mx\/?p=8249","og_locale":"es_MX","og_type":"article","og_title":"\u201cEl sue\u00f1o de la raz\u00f3n produce monstruos\" -","og_description":"El sue\u00f1o de la raz\u00f3n produce monstruos\u2014 siguen funcionando como una advertencia art\u00edstica sobre los efectos sociales de la irracionalidad: superstici\u00f3n, fanatismo, desinformaci\u00f3n y abuso.","og_url":"https:\/\/arjenoticias.com.mx\/?p=8249","article_published_time":"2025-12-19T18:06:54+00:00","author":"Arj\u00e9 Noticias","twitter_card":"summary_large_image","twitter_misc":{"Escrito por":"Arj\u00e9 Noticias","Tiempo de lectura":"4 minutos"},"schema":{"@context":"https:\/\/schema.org","@graph":[{"@type":"Article","@id":"https:\/\/arjenoticias.com.mx\/?p=8249#article","isPartOf":{"@id":"https:\/\/arjenoticias.com.mx\/?p=8249"},"author":{"name":"Arj\u00e9 Noticias","@id":"https:\/\/arjenoticias.com.mx\/#\/schema\/person\/83f9fb68162b16794b69a8186dd31bc0"},"headline":"\u201cEl sue\u00f1o de la raz\u00f3n produce monstruos&#8221;","datePublished":"2025-12-19T18:06:54+00:00","mainEntityOfPage":{"@id":"https:\/\/arjenoticias.com.mx\/?p=8249"},"wordCount":717,"publisher":{"@id":"https:\/\/arjenoticias.com.mx\/#organization"},"image":{"@id":"https:\/\/arjenoticias.com.mx\/?p=8249#primaryimage"},"thumbnailUrl":"","articleSection":["Cultura y Entretenimiento","Lo m\u00e1s relevante"],"inLanguage":"es"},{"@type":"WebPage","@id":"https:\/\/arjenoticias.com.mx\/?p=8249","url":"https:\/\/arjenoticias.com.mx\/?p=8249","name":"\u201cEl sue\u00f1o de la raz\u00f3n produce monstruos\" -","isPartOf":{"@id":"https:\/\/arjenoticias.com.mx\/#website"},"primaryImageOfPage":{"@id":"https:\/\/arjenoticias.com.mx\/?p=8249#primaryimage"},"image":{"@id":"https:\/\/arjenoticias.com.mx\/?p=8249#primaryimage"},"thumbnailUrl":"","datePublished":"2025-12-19T18:06:54+00:00","description":"El sue\u00f1o de la raz\u00f3n produce monstruos\u2014 siguen funcionando como una advertencia art\u00edstica sobre los efectos sociales de la irracionalidad: superstici\u00f3n, fanatismo, desinformaci\u00f3n y abuso.","breadcrumb":{"@id":"https:\/\/arjenoticias.com.mx\/?p=8249#breadcrumb"},"inLanguage":"es","potentialAction":[{"@type":"ReadAction","target":["https:\/\/arjenoticias.com.mx\/?p=8249"]}]},{"@type":"ImageObject","inLanguage":"es","@id":"https:\/\/arjenoticias.com.mx\/?p=8249#primaryimage","url":"","contentUrl":""},{"@type":"BreadcrumbList","@id":"https:\/\/arjenoticias.com.mx\/?p=8249#breadcrumb","itemListElement":[{"@type":"ListItem","position":1,"name":"Inicio","item":"https:\/\/arjenoticias.com.mx\/"},{"@type":"ListItem","position":2,"name":"\u201cEl sue\u00f1o de la raz\u00f3n produce monstruos&#8221;"}]},{"@type":"WebSite","@id":"https:\/\/arjenoticias.com.mx\/#website","url":"https:\/\/arjenoticias.com.mx\/","name":"arjenoticias.com.mx","description":"","publisher":{"@id":"https:\/\/arjenoticias.com.mx\/#organization"},"potentialAction":[{"@type":"SearchAction","target":{"@type":"EntryPoint","urlTemplate":"https:\/\/arjenoticias.com.mx\/?s={search_term_string}"},"query-input":{"@type":"PropertyValueSpecification","valueRequired":true,"valueName":"search_term_string"}}],"inLanguage":"es"},{"@type":"Organization","@id":"https:\/\/arjenoticias.com.mx\/#organization","name":"Arj\u00e9 de M\u00e9xico Noticias","url":"https:\/\/arjenoticias.com.mx\/","logo":{"@type":"ImageObject","inLanguage":"es","@id":"https:\/\/arjenoticias.com.mx\/#\/schema\/logo\/image\/","url":"https:\/\/arjenoticias.com.mx\/wp-content\/uploads\/2025\/07\/cropped-logo-scaled-1.png","contentUrl":"https:\/\/arjenoticias.com.mx\/wp-content\/uploads\/2025\/07\/cropped-logo-scaled-1.png","width":2558,"height":558,"caption":"Arj\u00e9 de M\u00e9xico Noticias"},"image":{"@id":"https:\/\/arjenoticias.com.mx\/#\/schema\/logo\/image\/"}},{"@type":"Person","@id":"https:\/\/arjenoticias.com.mx\/#\/schema\/person\/83f9fb68162b16794b69a8186dd31bc0","name":"Arj\u00e9 Noticias","image":{"@type":"ImageObject","inLanguage":"es","@id":"https:\/\/secure.gravatar.com\/avatar\/f604b88a0e24c04f3f89fae6b5400bfd6093d0999292a64803d3651d9d4a35a5?s=96&d=mm&r=g","url":"https:\/\/secure.gravatar.com\/avatar\/f604b88a0e24c04f3f89fae6b5400bfd6093d0999292a64803d3651d9d4a35a5?s=96&d=mm&r=g","contentUrl":"https:\/\/secure.gravatar.com\/avatar\/f604b88a0e24c04f3f89fae6b5400bfd6093d0999292a64803d3651d9d4a35a5?s=96&d=mm&r=g","caption":"Arj\u00e9 Noticias"},"url":"https:\/\/arjenoticias.com.mx\/?author=66"}]}},"_links":{"self":[{"href":"https:\/\/arjenoticias.com.mx\/index.php?rest_route=\/wp\/v2\/posts\/8249","targetHints":{"allow":["GET"]}}],"collection":[{"href":"https:\/\/arjenoticias.com.mx\/index.php?rest_route=\/wp\/v2\/posts"}],"about":[{"href":"https:\/\/arjenoticias.com.mx\/index.php?rest_route=\/wp\/v2\/types\/post"}],"author":[{"embeddable":true,"href":"https:\/\/arjenoticias.com.mx\/index.php?rest_route=\/wp\/v2\/users\/66"}],"replies":[{"embeddable":true,"href":"https:\/\/arjenoticias.com.mx\/index.php?rest_route=%2Fwp%2Fv2%2Fcomments&post=8249"}],"version-history":[{"count":0,"href":"https:\/\/arjenoticias.com.mx\/index.php?rest_route=\/wp\/v2\/posts\/8249\/revisions"}],"wp:attachment":[{"href":"https:\/\/arjenoticias.com.mx\/index.php?rest_route=%2Fwp%2Fv2%2Fmedia&parent=8249"}],"wp:term":[{"taxonomy":"category","embeddable":true,"href":"https:\/\/arjenoticias.com.mx\/index.php?rest_route=%2Fwp%2Fv2%2Fcategories&post=8249"},{"taxonomy":"post_tag","embeddable":true,"href":"https:\/\/arjenoticias.com.mx\/index.php?rest_route=%2Fwp%2Fv2%2Ftags&post=8249"}],"curies":[{"name":"wp","href":"https:\/\/api.w.org\/{rel}","templated":true}]}}