{"id":8148,"date":"2025-12-12T13:38:09","date_gmt":"2025-12-12T19:38:09","guid":{"rendered":"https:\/\/arjenoticias.com\/?p=8148"},"modified":"2025-12-12T13:38:09","modified_gmt":"2025-12-12T19:38:09","slug":"operativo-nuevo-leon-teresa-sepulveda","status":"publish","type":"post","link":"https:\/\/arjenoticias.com.mx\/?p=8148","title":{"rendered":"Reforzar\u00e1n Operativos Carreteros en Nuevo Le\u00f3n"},"content":{"rendered":"\n<p class=\"wp-block-paragraph\"><strong>Monterrey, Nuevo Le\u00f3n.-&nbsp;<\/strong>Tras agradecer a todas las autoridades de los tres \u00f3rdenes de Gobierno por el trabajo en equipo en materia de seguridad, el Secretario General de Gobierno de Nuevo Le\u00f3n, Miguel \u00c1ngel Flores destac\u00f3 que la incidencia delictiva se mantiene a la baja.&nbsp;<\/p>\n\n\n\n<p class=\"wp-block-paragraph\">Al encabezar la Mesa de Seguridad para la Construcci\u00f3n de la Paz, el funcionario refrend\u00f3 el compromiso de la actual administraci\u00f3n en el combate a la delincuencia y que haya cero impunidad.&nbsp;<\/p>\n\n\n\n<blockquote class=\"wp-block-quote is-layout-flow wp-block-quote-is-layout-flow\">\n<p class=\"wp-block-paragraph\">\u201cGracias a esta coordinaci\u00f3n hemos logrado que siga la tendencia a la baja. Agradecer a la Secretar\u00eda de la Defensa, Guardia Nacional, Fiscal\u00eda Federal, Fiscal\u00eda Estatal, Polic\u00edas municipales y por supuesto tambi\u00e9n a Fuerza Civil\u201d, subray\u00f3 Flores Serna.&nbsp;<\/p>\n<\/blockquote>\n\n\n\n<p class=\"wp-block-paragraph\">En la reuni\u00f3n, el Titular de Fuerza Civil, Gerardo Escamilla Vargas inform\u00f3 que para la salvaguarda de la ciudadan\u00eda, seguir\u00e1n los operativos de la Divisi\u00f3n Caminos en las carreteras del estado, en los que participa tambi\u00e9n la Guardia Nacional.&nbsp;<\/p>\n\n\n\n<blockquote class=\"wp-block-quote is-layout-flow wp-block-quote-is-layout-flow\">\n<p class=\"wp-block-paragraph\">\u201cLos&nbsp;operativos de la Divisi\u00f3n Caminos consisten en acompa\u00f1ar a los visitantes y veh\u00edculos que viajen por estas rutas brindando seguridad a nuestros paseantes, as\u00ed como asistencia en el camino.<\/p>\n\n\n\n<p class=\"wp-block-paragraph\">\u201cLas personas que quieran aprovechar este Operativo, lo \u00fanico que tienen que hacer es llegar a los puntos de reuni\u00f3n, acercarse con el personal de Fuerza Civil de la Divisi\u00f3n Caminos o de Guardia Nacional y avisar que se sumar\u00e1n a la caravana\u201d, indic\u00f3.&nbsp;<\/p>\n<\/blockquote>\n\n\n\n<p class=\"wp-block-paragraph\">Uno de los puntos mencion\u00f3 es la Ruta Mundialista, que es el Puente Internacional Colombia recomendada por la FIFA para que visiten Nuevo Le\u00f3n, cuyo punto de reuni\u00f3n es el Restaurante Garc\u00eda en la Autopista a Nuevo Laredo; la siguiente es Colombia Libre, la cual sale de la gasolinera m\u00f3vil frente al Aeropuerto del Norte.<\/p>\n\n\n\n<p class=\"wp-block-paragraph\">Otra de las rutas es la Colombia Antigua, quien desee incorporarse lo podr\u00e1 hacer en el Destacamento de Fuerza Civil del municipio de Salinas Victoria a la altura del kil\u00f3metro 30 de la carretera Monterrey-Colombia; y para quienes viajen a Reynosa se tendr\u00e1n acompa\u00f1amientos tanto en la Carretera libre a Reynosa como en la Autopista, partiendo del kil\u00f3metro 32 en ambos casos.&nbsp;<\/p>\n\n\n\n<p class=\"wp-block-paragraph\">Por otro lado, se dieron a conocer los resultados del Operativo Muralla que se activ\u00f3 esta semana en el municipio de Los Ramones, logrando la detenci\u00f3n de 19 personas, tres veh\u00edculos y 9 armas de fuego asegurados.&nbsp;<\/p>\n\n\n\n<p class=\"wp-block-paragraph\">Y gracias a las acciones del Grupo de Coordinaci\u00f3n Metropolitana en el que intervienen autoridades de los tres niveles de Gobierno, se captur\u00f3 a 14 personas relacionadas con delitos de alto impacto; cuatro de ellas en Monterrey; cuatro en Apodaca; dos en San Nicol\u00e1s; y una aprehensi\u00f3n en cada uno de los municipios de Guadalupe, Ju\u00e1rez, Cadereyta y Garc\u00eda.&nbsp;<\/p>\n\n\n\n<p class=\"wp-block-paragraph\">Por \u00faltimo, el Titular de Fuerza Civil resalt\u00f3 la detenci\u00f3n de una pareja de un hombre y una mujer en Escobedo, quienes ten\u00edan una orden de aprehensi\u00f3n vigente por su presunta participaci\u00f3n en homicidios recientes que se registraron en San Nicol\u00e1s.&nbsp;<\/p>\n","protected":false},"excerpt":{"rendered":"<p>Monterrey, Nuevo Le\u00f3n.-&nbsp;Tras agradecer a todas las autoridades de los tres \u00f3rdenes de Gobierno por&#8230;<\/p>\n","protected":false},"author":66,"featured_media":8149,"comment_status":"closed","ping_status":"closed","sticky":false,"template":"","format":"standard","meta":{"footnotes":""},"categories":[4,7],"tags":[],"class_list":["post-8148","post","type-post","status-publish","format-standard","has-post-thumbnail","hentry","category-ciudad","category-lo-mas-relevante"],"yoast_head":"<!-- This site is optimized with the Yoast SEO plugin v28.4 - https:\/\/yoast.com\/product\/yoast-seo-wordpress\/ -->\n<title>Reforzar\u00e1n Operativos Carreteros en Nuevo Le\u00f3n -<\/title>\n<meta name=\"description\" content=\"Destacan la detenci\u00f3n de 19 personas a trav\u00e9s del Operativo Muralla, y la captura de 14 m\u00e1s por parte del Grupo de Coordinaci\u00f3n Metropolitana.\" \/>\n<meta name=\"robots\" content=\"index, follow, max-snippet:-1, max-image-preview:large, max-video-preview:-1\" \/>\n<link rel=\"canonical\" href=\"https:\/\/arjenoticias.com.mx\/?p=8148\" \/>\n<meta property=\"og:locale\" content=\"es_MX\" \/>\n<meta property=\"og:type\" content=\"article\" \/>\n<meta property=\"og:title\" content=\"Reforzar\u00e1n Operativos Carreteros en Nuevo Le\u00f3n -\" \/>\n<meta property=\"og:description\" content=\"Destacan la detenci\u00f3n de 19 personas a trav\u00e9s del Operativo Muralla, y la captura de 14 m\u00e1s por parte del Grupo de Coordinaci\u00f3n Metropolitana.\" \/>\n<meta property=\"og:url\" content=\"https:\/\/arjenoticias.com.mx\/?p=8148\" \/>\n<meta property=\"article:published_time\" content=\"2025-12-12T19:38:09+00:00\" \/>\n<meta name=\"author\" content=\"Arj\u00e9 Noticias\" \/>\n<meta name=\"twitter:card\" content=\"summary_large_image\" \/>\n<meta name=\"twitter:label1\" content=\"Escrito por\" \/>\n\t<meta name=\"twitter:data1\" content=\"Arj\u00e9 Noticias\" \/>\n\t<meta name=\"twitter:label2\" content=\"Tiempo de lectura\" \/>\n\t<meta name=\"twitter:data2\" content=\"2 minutos\" \/>\n<script type=\"application\/ld+json\" class=\"yoast-schema-graph\">{\"@context\":\"https:\\\/\\\/schema.org\",\"@graph\":[{\"@type\":\"Article\",\"@id\":\"https:\\\/\\\/arjenoticias.com.mx\\\/?p=8148#article\",\"isPartOf\":{\"@id\":\"https:\\\/\\\/arjenoticias.com.mx\\\/?p=8148\"},\"author\":{\"name\":\"Arj\u00e9 Noticias\",\"@id\":\"https:\\\/\\\/arjenoticias.com.mx\\\/#\\\/schema\\\/person\\\/83f9fb68162b16794b69a8186dd31bc0\"},\"headline\":\"Reforzar\u00e1n Operativos Carreteros en Nuevo Le\u00f3n\",\"datePublished\":\"2025-12-12T19:38:09+00:00\",\"mainEntityOfPage\":{\"@id\":\"https:\\\/\\\/arjenoticias.com.mx\\\/?p=8148\"},\"wordCount\":538,\"publisher\":{\"@id\":\"https:\\\/\\\/arjenoticias.com.mx\\\/#organization\"},\"image\":{\"@id\":\"https:\\\/\\\/arjenoticias.com.mx\\\/?p=8148#primaryimage\"},\"thumbnailUrl\":\"\",\"articleSection\":[\"Ciudad\",\"Lo m\u00e1s relevante\"],\"inLanguage\":\"es\"},{\"@type\":\"WebPage\",\"@id\":\"https:\\\/\\\/arjenoticias.com.mx\\\/?p=8148\",\"url\":\"https:\\\/\\\/arjenoticias.com.mx\\\/?p=8148\",\"name\":\"Reforzar\u00e1n Operativos Carreteros en Nuevo Le\u00f3n -\",\"isPartOf\":{\"@id\":\"https:\\\/\\\/arjenoticias.com.mx\\\/#website\"},\"primaryImageOfPage\":{\"@id\":\"https:\\\/\\\/arjenoticias.com.mx\\\/?p=8148#primaryimage\"},\"image\":{\"@id\":\"https:\\\/\\\/arjenoticias.com.mx\\\/?p=8148#primaryimage\"},\"thumbnailUrl\":\"\",\"datePublished\":\"2025-12-12T19:38:09+00:00\",\"description\":\"Destacan la detenci\u00f3n de 19 personas a trav\u00e9s del Operativo Muralla, y la captura de 14 m\u00e1s por parte del Grupo de Coordinaci\u00f3n Metropolitana.\",\"breadcrumb\":{\"@id\":\"https:\\\/\\\/arjenoticias.com.mx\\\/?p=8148#breadcrumb\"},\"inLanguage\":\"es\",\"potentialAction\":[{\"@type\":\"ReadAction\",\"target\":[\"https:\\\/\\\/arjenoticias.com.mx\\\/?p=8148\"]}]},{\"@type\":\"ImageObject\",\"inLanguage\":\"es\",\"@id\":\"https:\\\/\\\/arjenoticias.com.mx\\\/?p=8148#primaryimage\",\"url\":\"\",\"contentUrl\":\"\"},{\"@type\":\"BreadcrumbList\",\"@id\":\"https:\\\/\\\/arjenoticias.com.mx\\\/?p=8148#breadcrumb\",\"itemListElement\":[{\"@type\":\"ListItem\",\"position\":1,\"name\":\"Inicio\",\"item\":\"https:\\\/\\\/arjenoticias.com.mx\\\/\"},{\"@type\":\"ListItem\",\"position\":2,\"name\":\"Reforzar\u00e1n Operativos Carreteros en Nuevo Le\u00f3n\"}]},{\"@type\":\"WebSite\",\"@id\":\"https:\\\/\\\/arjenoticias.com.mx\\\/#website\",\"url\":\"https:\\\/\\\/arjenoticias.com.mx\\\/\",\"name\":\"arjenoticias.com.mx\",\"description\":\"\",\"publisher\":{\"@id\":\"https:\\\/\\\/arjenoticias.com.mx\\\/#organization\"},\"potentialAction\":[{\"@type\":\"SearchAction\",\"target\":{\"@type\":\"EntryPoint\",\"urlTemplate\":\"https:\\\/\\\/arjenoticias.com.mx\\\/?s={search_term_string}\"},\"query-input\":{\"@type\":\"PropertyValueSpecification\",\"valueRequired\":true,\"valueName\":\"search_term_string\"}}],\"inLanguage\":\"es\"},{\"@type\":\"Organization\",\"@id\":\"https:\\\/\\\/arjenoticias.com.mx\\\/#organization\",\"name\":\"Arj\u00e9 de M\u00e9xico Noticias\",\"url\":\"https:\\\/\\\/arjenoticias.com.mx\\\/\",\"logo\":{\"@type\":\"ImageObject\",\"inLanguage\":\"es\",\"@id\":\"https:\\\/\\\/arjenoticias.com.mx\\\/#\\\/schema\\\/logo\\\/image\\\/\",\"url\":\"https:\\\/\\\/arjenoticias.com.mx\\\/wp-content\\\/uploads\\\/2025\\\/07\\\/cropped-logo-scaled-1.png\",\"contentUrl\":\"https:\\\/\\\/arjenoticias.com.mx\\\/wp-content\\\/uploads\\\/2025\\\/07\\\/cropped-logo-scaled-1.png\",\"width\":2558,\"height\":558,\"caption\":\"Arj\u00e9 de M\u00e9xico Noticias\"},\"image\":{\"@id\":\"https:\\\/\\\/arjenoticias.com.mx\\\/#\\\/schema\\\/logo\\\/image\\\/\"}},{\"@type\":\"Person\",\"@id\":\"https:\\\/\\\/arjenoticias.com.mx\\\/#\\\/schema\\\/person\\\/83f9fb68162b16794b69a8186dd31bc0\",\"name\":\"Arj\u00e9 Noticias\",\"image\":{\"@type\":\"ImageObject\",\"inLanguage\":\"es\",\"@id\":\"https:\\\/\\\/secure.gravatar.com\\\/avatar\\\/f604b88a0e24c04f3f89fae6b5400bfd6093d0999292a64803d3651d9d4a35a5?s=96&d=mm&r=g\",\"url\":\"https:\\\/\\\/secure.gravatar.com\\\/avatar\\\/f604b88a0e24c04f3f89fae6b5400bfd6093d0999292a64803d3651d9d4a35a5?s=96&d=mm&r=g\",\"contentUrl\":\"https:\\\/\\\/secure.gravatar.com\\\/avatar\\\/f604b88a0e24c04f3f89fae6b5400bfd6093d0999292a64803d3651d9d4a35a5?s=96&d=mm&r=g\",\"caption\":\"Arj\u00e9 Noticias\"},\"url\":\"https:\\\/\\\/arjenoticias.com.mx\\\/?author=66\"}]}<\/script>\n<!-- \/ Yoast SEO plugin. -->","yoast_head_json":{"title":"Reforzar\u00e1n Operativos Carreteros en Nuevo Le\u00f3n -","description":"Destacan la detenci\u00f3n de 19 personas a trav\u00e9s del Operativo Muralla, y la captura de 14 m\u00e1s por parte del Grupo de Coordinaci\u00f3n Metropolitana.","robots":{"index":"index","follow":"follow","max-snippet":"max-snippet:-1","max-image-preview":"max-image-preview:large","max-video-preview":"max-video-preview:-1"},"canonical":"https:\/\/arjenoticias.com.mx\/?p=8148","og_locale":"es_MX","og_type":"article","og_title":"Reforzar\u00e1n Operativos Carreteros en Nuevo Le\u00f3n -","og_description":"Destacan la detenci\u00f3n de 19 personas a trav\u00e9s del Operativo Muralla, y la captura de 14 m\u00e1s por parte del Grupo de Coordinaci\u00f3n Metropolitana.","og_url":"https:\/\/arjenoticias.com.mx\/?p=8148","article_published_time":"2025-12-12T19:38:09+00:00","author":"Arj\u00e9 Noticias","twitter_card":"summary_large_image","twitter_misc":{"Escrito por":"Arj\u00e9 Noticias","Tiempo de lectura":"2 minutos"},"schema":{"@context":"https:\/\/schema.org","@graph":[{"@type":"Article","@id":"https:\/\/arjenoticias.com.mx\/?p=8148#article","isPartOf":{"@id":"https:\/\/arjenoticias.com.mx\/?p=8148"},"author":{"name":"Arj\u00e9 Noticias","@id":"https:\/\/arjenoticias.com.mx\/#\/schema\/person\/83f9fb68162b16794b69a8186dd31bc0"},"headline":"Reforzar\u00e1n Operativos Carreteros en Nuevo Le\u00f3n","datePublished":"2025-12-12T19:38:09+00:00","mainEntityOfPage":{"@id":"https:\/\/arjenoticias.com.mx\/?p=8148"},"wordCount":538,"publisher":{"@id":"https:\/\/arjenoticias.com.mx\/#organization"},"image":{"@id":"https:\/\/arjenoticias.com.mx\/?p=8148#primaryimage"},"thumbnailUrl":"","articleSection":["Ciudad","Lo m\u00e1s relevante"],"inLanguage":"es"},{"@type":"WebPage","@id":"https:\/\/arjenoticias.com.mx\/?p=8148","url":"https:\/\/arjenoticias.com.mx\/?p=8148","name":"Reforzar\u00e1n Operativos Carreteros en Nuevo Le\u00f3n -","isPartOf":{"@id":"https:\/\/arjenoticias.com.mx\/#website"},"primaryImageOfPage":{"@id":"https:\/\/arjenoticias.com.mx\/?p=8148#primaryimage"},"image":{"@id":"https:\/\/arjenoticias.com.mx\/?p=8148#primaryimage"},"thumbnailUrl":"","datePublished":"2025-12-12T19:38:09+00:00","description":"Destacan la detenci\u00f3n de 19 personas a trav\u00e9s del Operativo Muralla, y la captura de 14 m\u00e1s por parte del Grupo de Coordinaci\u00f3n Metropolitana.","breadcrumb":{"@id":"https:\/\/arjenoticias.com.mx\/?p=8148#breadcrumb"},"inLanguage":"es","potentialAction":[{"@type":"ReadAction","target":["https:\/\/arjenoticias.com.mx\/?p=8148"]}]},{"@type":"ImageObject","inLanguage":"es","@id":"https:\/\/arjenoticias.com.mx\/?p=8148#primaryimage","url":"","contentUrl":""},{"@type":"BreadcrumbList","@id":"https:\/\/arjenoticias.com.mx\/?p=8148#breadcrumb","itemListElement":[{"@type":"ListItem","position":1,"name":"Inicio","item":"https:\/\/arjenoticias.com.mx\/"},{"@type":"ListItem","position":2,"name":"Reforzar\u00e1n Operativos Carreteros en Nuevo Le\u00f3n"}]},{"@type":"WebSite","@id":"https:\/\/arjenoticias.com.mx\/#website","url":"https:\/\/arjenoticias.com.mx\/","name":"arjenoticias.com.mx","description":"","publisher":{"@id":"https:\/\/arjenoticias.com.mx\/#organization"},"potentialAction":[{"@type":"SearchAction","target":{"@type":"EntryPoint","urlTemplate":"https:\/\/arjenoticias.com.mx\/?s={search_term_string}"},"query-input":{"@type":"PropertyValueSpecification","valueRequired":true,"valueName":"search_term_string"}}],"inLanguage":"es"},{"@type":"Organization","@id":"https:\/\/arjenoticias.com.mx\/#organization","name":"Arj\u00e9 de M\u00e9xico Noticias","url":"https:\/\/arjenoticias.com.mx\/","logo":{"@type":"ImageObject","inLanguage":"es","@id":"https:\/\/arjenoticias.com.mx\/#\/schema\/logo\/image\/","url":"https:\/\/arjenoticias.com.mx\/wp-content\/uploads\/2025\/07\/cropped-logo-scaled-1.png","contentUrl":"https:\/\/arjenoticias.com.mx\/wp-content\/uploads\/2025\/07\/cropped-logo-scaled-1.png","width":2558,"height":558,"caption":"Arj\u00e9 de M\u00e9xico Noticias"},"image":{"@id":"https:\/\/arjenoticias.com.mx\/#\/schema\/logo\/image\/"}},{"@type":"Person","@id":"https:\/\/arjenoticias.com.mx\/#\/schema\/person\/83f9fb68162b16794b69a8186dd31bc0","name":"Arj\u00e9 Noticias","image":{"@type":"ImageObject","inLanguage":"es","@id":"https:\/\/secure.gravatar.com\/avatar\/f604b88a0e24c04f3f89fae6b5400bfd6093d0999292a64803d3651d9d4a35a5?s=96&d=mm&r=g","url":"https:\/\/secure.gravatar.com\/avatar\/f604b88a0e24c04f3f89fae6b5400bfd6093d0999292a64803d3651d9d4a35a5?s=96&d=mm&r=g","contentUrl":"https:\/\/secure.gravatar.com\/avatar\/f604b88a0e24c04f3f89fae6b5400bfd6093d0999292a64803d3651d9d4a35a5?s=96&d=mm&r=g","caption":"Arj\u00e9 Noticias"},"url":"https:\/\/arjenoticias.com.mx\/?author=66"}]}},"_links":{"self":[{"href":"https:\/\/arjenoticias.com.mx\/index.php?rest_route=\/wp\/v2\/posts\/8148","targetHints":{"allow":["GET"]}}],"collection":[{"href":"https:\/\/arjenoticias.com.mx\/index.php?rest_route=\/wp\/v2\/posts"}],"about":[{"href":"https:\/\/arjenoticias.com.mx\/index.php?rest_route=\/wp\/v2\/types\/post"}],"author":[{"embeddable":true,"href":"https:\/\/arjenoticias.com.mx\/index.php?rest_route=\/wp\/v2\/users\/66"}],"replies":[{"embeddable":true,"href":"https:\/\/arjenoticias.com.mx\/index.php?rest_route=%2Fwp%2Fv2%2Fcomments&post=8148"}],"version-history":[{"count":0,"href":"https:\/\/arjenoticias.com.mx\/index.php?rest_route=\/wp\/v2\/posts\/8148\/revisions"}],"wp:attachment":[{"href":"https:\/\/arjenoticias.com.mx\/index.php?rest_route=%2Fwp%2Fv2%2Fmedia&parent=8148"}],"wp:term":[{"taxonomy":"category","embeddable":true,"href":"https:\/\/arjenoticias.com.mx\/index.php?rest_route=%2Fwp%2Fv2%2Fcategories&post=8148"},{"taxonomy":"post_tag","embeddable":true,"href":"https:\/\/arjenoticias.com.mx\/index.php?rest_route=%2Fwp%2Fv2%2Ftags&post=8148"}],"curies":[{"name":"wp","href":"https:\/\/api.w.org\/{rel}","templated":true}]}}