{"id":8042,"date":"2025-12-10T13:55:28","date_gmt":"2025-12-10T19:55:28","guid":{"rendered":"https:\/\/arjenoticias.com\/?p=8042"},"modified":"2025-12-10T13:55:28","modified_gmt":"2025-12-10T19:55:28","slug":"con-cortometrajes-y-reflexion-gobierno-de-nl-conmemora-el-dia-internacional-contra-la-corrupcion","status":"publish","type":"post","link":"https:\/\/arjenoticias.com.mx\/?p=8042","title":{"rendered":"Con cortometrajes y reflexi\u00f3n, Gobierno de NL conmemora el D\u00eda Internacional contra la Corrupci\u00f3n"},"content":{"rendered":"\n<p class=\"wp-block-paragraph\">La Contralor\u00eda y Transparencia Gubernamental de Nuevo Le\u00f3n conmemor\u00f3 el D\u00eda Internacional de la Lucha contra la Corrupci\u00f3n con una funci\u00f3n especial de cortometrajes dirigida a inspectores y personal operativo de diversas dependencias estatales, en un ejercicio orientado a fortalecer la integridad y la responsabilidad en el servicio p\u00fablico.<\/p>\n\n\n\n<p class=\"wp-block-paragraph\">A la proyecci\u00f3n asistieron inspectores de las Secretar\u00edas de Salud, Trabajo, Medio Ambiente, Seguridad P\u00fablica y Fuerza Civil, as\u00ed como del Instituto de Movilidad y Accesibilidad, adem\u00e1s de representantes de los \u00d3rganos Internos de Control. Durante la jornada, se generaron espacios de di\u00e1logo y an\u00e1lisis sobre pr\u00e1cticas \u00e9ticas, prevenci\u00f3n de conductas indebidas y la importancia de actuar con honestidad en cada proceso gubernamental.<\/p>\n\n\n\n<p class=\"wp-block-paragraph\">En su mensaje, la Contralora General, Mar\u00eda Teresa Herrera Tello, subray\u00f3 que combatir la corrupci\u00f3n comienza con acciones preventivas.<br>\u201cPrevenir significa cerrar espacios a los abusos, cuidar lo que es de la gente y garantizar que cada decisi\u00f3n p\u00fablica se tome con transparencia\u201d, afirm\u00f3.<\/p>\n\n\n\n<p class=\"wp-block-paragraph\">La dependencia destac\u00f3 que estos ejercicios de capacitaci\u00f3n buscan reforzar la cultura de la legalidad, fortalecer la confianza ciudadana y promover que los servidores p\u00fablicos ejerzan sus funciones con pleno respeto a la normativa y al inter\u00e9s colectivo.<\/p>\n\n\n\n<p class=\"wp-block-paragraph\">Cabe se\u00f1alar que el actual gobierno encabezado por Samuel Garc\u00eda ha tenido se\u00f1alamientos de corrupci\u00f3n:<\/p>\n\n\n\n<h2 class=\"wp-block-heading\">Principales Se\u00f1alamientos de Corrupci\u00f3n en el Gobierno de Samuel Garc\u00eda<\/h2>\n\n\n\n<figure class=\"wp-block-table\"><table class=\"has-fixed-layout\"><thead><tr><td><strong>Caso\/Tema<\/strong><\/td><td><strong>Descripci\u00f3n del Se\u00f1alamiento<\/strong><\/td><td><strong>Actores Involucrados<\/strong><\/td><td><strong>Estado Actual\/Investigaci\u00f3n<\/strong><\/td><\/tr><\/thead><tbody><tr><td><strong>Presunta Triangulaci\u00f3n de Recursos<\/strong><\/td><td>Supuesto esquema donde proveedores del Gobierno de NL reciben contratos millonarios y luego pagan honorarios significativos al despacho jur\u00eddico del Gobernador (<strong>Firma Jur\u00eddica y Fiscal Abogados<\/strong>).<\/td><td>Samuel Garc\u00eda, su padre, Despacho Jur\u00eddico familiar, Empresas proveedoras (ej. Suministro MYR).<\/td><td>Objeto de denuncias ante la Fiscal\u00eda Anticorrupci\u00f3n y TEPJF. Ha motivado solicitudes de juicio pol\u00edtico por parte de la oposici\u00f3n.<\/td><\/tr><tr><td><strong>Conflicto de Intereses<\/strong><\/td><td>Uso del cargo para presuntamente beneficiar econ\u00f3micamente a su despacho y a empresas clientes con contratos p\u00fablicos.<\/td><td>Samuel Garc\u00eda y su Despacho Jur\u00eddico.<\/td><td>Las investigaciones est\u00e1n en curso y la oposici\u00f3n ha buscado mecanismos legales (como el juicio pol\u00edtico) para forzar una rendici\u00f3n de cuentas.<\/td><\/tr><tr><td><strong>Irregularidades Patrimoniales<\/strong><\/td><td>Cuestionamientos sobre el origen de los recursos para adquirir terrenos y propiedades de alto valor, incluyendo se\u00f1alamientos de un crecimiento patrimonial injustificado.<\/td><td>Samuel Garc\u00eda y familiares.<\/td><td>El gobernador ha negado irregularidades, pero las transacciones inmobiliarias siguen siendo un tema de debate y escrutinio p\u00fablico.<\/td><\/tr><tr><td><strong>Uso de Recursos para Propaganda<\/strong><\/td><td>Gasto de recursos p\u00fablicos y de programas sociales para la promoci\u00f3n de la imagen del Gobernador y de su esposa, Mariana Rodr\u00edguez.<\/td><td>Samuel Garc\u00eda, Funcionarios estatales, Redes sociales oficiales.<\/td><td>El TEPJF ha emitido resoluciones se\u00f1alando al Gobernador por violar principios constitucionales al promocionar a su partido (MC) y figuras pol\u00edticas desde el Palacio de Gobierno.<\/td><\/tr><\/tbody><\/table><\/figure>\n","protected":false},"excerpt":{"rendered":"<p>La Contralor\u00eda y Transparencia Gubernamental de Nuevo Le\u00f3n conmemor\u00f3 el D\u00eda Internacional de la Lucha&#8230;<\/p>\n","protected":false},"author":66,"featured_media":8043,"comment_status":"closed","ping_status":"closed","sticky":false,"template":"","format":"standard","meta":{"footnotes":""},"categories":[4,7],"tags":[522],"class_list":["post-8042","post","type-post","status-publish","format-standard","has-post-thumbnail","hentry","category-ciudad","category-lo-mas-relevante","tag-corrupcion"],"yoast_head":"<!-- This site is optimized with the Yoast SEO plugin v28.4 - https:\/\/yoast.com\/product\/yoast-seo-wordpress\/ -->\n<title>Con cortometrajes y reflexi\u00f3n, Gobierno de NL conmemora el D\u00eda Internacional contra la Corrupci\u00f3n -<\/title>\n<meta name=\"description\" content=\"El Gobierno del Estado a sido se\u00f1alado por presuntas triangulaciones, conflicto de intereses, irregularidades patrimoniales.\" \/>\n<meta name=\"robots\" content=\"index, follow, max-snippet:-1, max-image-preview:large, max-video-preview:-1\" \/>\n<link rel=\"canonical\" href=\"https:\/\/arjenoticias.com.mx\/?p=8042\" \/>\n<meta property=\"og:locale\" content=\"es_MX\" \/>\n<meta property=\"og:type\" content=\"article\" \/>\n<meta property=\"og:title\" content=\"Con cortometrajes y reflexi\u00f3n, Gobierno de NL conmemora el D\u00eda Internacional contra la Corrupci\u00f3n -\" \/>\n<meta property=\"og:description\" content=\"El Gobierno del Estado a sido se\u00f1alado por presuntas triangulaciones, conflicto de intereses, irregularidades patrimoniales.\" \/>\n<meta property=\"og:url\" content=\"https:\/\/arjenoticias.com.mx\/?p=8042\" \/>\n<meta property=\"article:published_time\" content=\"2025-12-10T19:55:28+00:00\" \/>\n<meta name=\"author\" content=\"Arj\u00e9 Noticias\" \/>\n<meta name=\"twitter:card\" content=\"summary_large_image\" \/>\n<meta name=\"twitter:label1\" content=\"Escrito por\" \/>\n\t<meta name=\"twitter:data1\" content=\"Arj\u00e9 Noticias\" \/>\n\t<meta name=\"twitter:label2\" content=\"Tiempo de lectura\" \/>\n\t<meta name=\"twitter:data2\" content=\"3 minutos\" \/>\n<script type=\"application\/ld+json\" class=\"yoast-schema-graph\">{\"@context\":\"https:\\\/\\\/schema.org\",\"@graph\":[{\"@type\":\"Article\",\"@id\":\"https:\\\/\\\/arjenoticias.com.mx\\\/?p=8042#article\",\"isPartOf\":{\"@id\":\"https:\\\/\\\/arjenoticias.com.mx\\\/?p=8042\"},\"author\":{\"name\":\"Arj\u00e9 Noticias\",\"@id\":\"https:\\\/\\\/arjenoticias.com.mx\\\/#\\\/schema\\\/person\\\/83f9fb68162b16794b69a8186dd31bc0\"},\"headline\":\"Con cortometrajes y reflexi\u00f3n, Gobierno de NL conmemora el D\u00eda Internacional contra la Corrupci\u00f3n\",\"datePublished\":\"2025-12-10T19:55:28+00:00\",\"mainEntityOfPage\":{\"@id\":\"https:\\\/\\\/arjenoticias.com.mx\\\/?p=8042\"},\"wordCount\":519,\"publisher\":{\"@id\":\"https:\\\/\\\/arjenoticias.com.mx\\\/#organization\"},\"image\":{\"@id\":\"https:\\\/\\\/arjenoticias.com.mx\\\/?p=8042#primaryimage\"},\"thumbnailUrl\":\"\",\"keywords\":[\"Corrupci\u00f3n\"],\"articleSection\":[\"Ciudad\",\"Lo m\u00e1s relevante\"],\"inLanguage\":\"es\"},{\"@type\":\"WebPage\",\"@id\":\"https:\\\/\\\/arjenoticias.com.mx\\\/?p=8042\",\"url\":\"https:\\\/\\\/arjenoticias.com.mx\\\/?p=8042\",\"name\":\"Con cortometrajes y reflexi\u00f3n, Gobierno de NL conmemora el D\u00eda Internacional contra la Corrupci\u00f3n -\",\"isPartOf\":{\"@id\":\"https:\\\/\\\/arjenoticias.com.mx\\\/#website\"},\"primaryImageOfPage\":{\"@id\":\"https:\\\/\\\/arjenoticias.com.mx\\\/?p=8042#primaryimage\"},\"image\":{\"@id\":\"https:\\\/\\\/arjenoticias.com.mx\\\/?p=8042#primaryimage\"},\"thumbnailUrl\":\"\",\"datePublished\":\"2025-12-10T19:55:28+00:00\",\"description\":\"El Gobierno del Estado a sido se\u00f1alado por presuntas triangulaciones, conflicto de intereses, irregularidades patrimoniales.\",\"breadcrumb\":{\"@id\":\"https:\\\/\\\/arjenoticias.com.mx\\\/?p=8042#breadcrumb\"},\"inLanguage\":\"es\",\"potentialAction\":[{\"@type\":\"ReadAction\",\"target\":[\"https:\\\/\\\/arjenoticias.com.mx\\\/?p=8042\"]}]},{\"@type\":\"ImageObject\",\"inLanguage\":\"es\",\"@id\":\"https:\\\/\\\/arjenoticias.com.mx\\\/?p=8042#primaryimage\",\"url\":\"\",\"contentUrl\":\"\"},{\"@type\":\"BreadcrumbList\",\"@id\":\"https:\\\/\\\/arjenoticias.com.mx\\\/?p=8042#breadcrumb\",\"itemListElement\":[{\"@type\":\"ListItem\",\"position\":1,\"name\":\"Inicio\",\"item\":\"https:\\\/\\\/arjenoticias.com.mx\\\/\"},{\"@type\":\"ListItem\",\"position\":2,\"name\":\"Con cortometrajes y reflexi\u00f3n, Gobierno de NL conmemora el D\u00eda Internacional contra la Corrupci\u00f3n\"}]},{\"@type\":\"WebSite\",\"@id\":\"https:\\\/\\\/arjenoticias.com.mx\\\/#website\",\"url\":\"https:\\\/\\\/arjenoticias.com.mx\\\/\",\"name\":\"arjenoticias.com.mx\",\"description\":\"\",\"publisher\":{\"@id\":\"https:\\\/\\\/arjenoticias.com.mx\\\/#organization\"},\"potentialAction\":[{\"@type\":\"SearchAction\",\"target\":{\"@type\":\"EntryPoint\",\"urlTemplate\":\"https:\\\/\\\/arjenoticias.com.mx\\\/?s={search_term_string}\"},\"query-input\":{\"@type\":\"PropertyValueSpecification\",\"valueRequired\":true,\"valueName\":\"search_term_string\"}}],\"inLanguage\":\"es\"},{\"@type\":\"Organization\",\"@id\":\"https:\\\/\\\/arjenoticias.com.mx\\\/#organization\",\"name\":\"Arj\u00e9 de M\u00e9xico Noticias\",\"url\":\"https:\\\/\\\/arjenoticias.com.mx\\\/\",\"logo\":{\"@type\":\"ImageObject\",\"inLanguage\":\"es\",\"@id\":\"https:\\\/\\\/arjenoticias.com.mx\\\/#\\\/schema\\\/logo\\\/image\\\/\",\"url\":\"https:\\\/\\\/arjenoticias.com.mx\\\/wp-content\\\/uploads\\\/2025\\\/07\\\/cropped-logo-scaled-1.png\",\"contentUrl\":\"https:\\\/\\\/arjenoticias.com.mx\\\/wp-content\\\/uploads\\\/2025\\\/07\\\/cropped-logo-scaled-1.png\",\"width\":2558,\"height\":558,\"caption\":\"Arj\u00e9 de M\u00e9xico Noticias\"},\"image\":{\"@id\":\"https:\\\/\\\/arjenoticias.com.mx\\\/#\\\/schema\\\/logo\\\/image\\\/\"}},{\"@type\":\"Person\",\"@id\":\"https:\\\/\\\/arjenoticias.com.mx\\\/#\\\/schema\\\/person\\\/83f9fb68162b16794b69a8186dd31bc0\",\"name\":\"Arj\u00e9 Noticias\",\"image\":{\"@type\":\"ImageObject\",\"inLanguage\":\"es\",\"@id\":\"https:\\\/\\\/secure.gravatar.com\\\/avatar\\\/f604b88a0e24c04f3f89fae6b5400bfd6093d0999292a64803d3651d9d4a35a5?s=96&d=mm&r=g\",\"url\":\"https:\\\/\\\/secure.gravatar.com\\\/avatar\\\/f604b88a0e24c04f3f89fae6b5400bfd6093d0999292a64803d3651d9d4a35a5?s=96&d=mm&r=g\",\"contentUrl\":\"https:\\\/\\\/secure.gravatar.com\\\/avatar\\\/f604b88a0e24c04f3f89fae6b5400bfd6093d0999292a64803d3651d9d4a35a5?s=96&d=mm&r=g\",\"caption\":\"Arj\u00e9 Noticias\"},\"url\":\"https:\\\/\\\/arjenoticias.com.mx\\\/?author=66\"}]}<\/script>\n<!-- \/ Yoast SEO plugin. -->","yoast_head_json":{"title":"Con cortometrajes y reflexi\u00f3n, Gobierno de NL conmemora el D\u00eda Internacional contra la Corrupci\u00f3n -","description":"El Gobierno del Estado a sido se\u00f1alado por presuntas triangulaciones, conflicto de intereses, irregularidades patrimoniales.","robots":{"index":"index","follow":"follow","max-snippet":"max-snippet:-1","max-image-preview":"max-image-preview:large","max-video-preview":"max-video-preview:-1"},"canonical":"https:\/\/arjenoticias.com.mx\/?p=8042","og_locale":"es_MX","og_type":"article","og_title":"Con cortometrajes y reflexi\u00f3n, Gobierno de NL conmemora el D\u00eda Internacional contra la Corrupci\u00f3n -","og_description":"El Gobierno del Estado a sido se\u00f1alado por presuntas triangulaciones, conflicto de intereses, irregularidades patrimoniales.","og_url":"https:\/\/arjenoticias.com.mx\/?p=8042","article_published_time":"2025-12-10T19:55:28+00:00","author":"Arj\u00e9 Noticias","twitter_card":"summary_large_image","twitter_misc":{"Escrito por":"Arj\u00e9 Noticias","Tiempo de lectura":"3 minutos"},"schema":{"@context":"https:\/\/schema.org","@graph":[{"@type":"Article","@id":"https:\/\/arjenoticias.com.mx\/?p=8042#article","isPartOf":{"@id":"https:\/\/arjenoticias.com.mx\/?p=8042"},"author":{"name":"Arj\u00e9 Noticias","@id":"https:\/\/arjenoticias.com.mx\/#\/schema\/person\/83f9fb68162b16794b69a8186dd31bc0"},"headline":"Con cortometrajes y reflexi\u00f3n, Gobierno de NL conmemora el D\u00eda Internacional contra la Corrupci\u00f3n","datePublished":"2025-12-10T19:55:28+00:00","mainEntityOfPage":{"@id":"https:\/\/arjenoticias.com.mx\/?p=8042"},"wordCount":519,"publisher":{"@id":"https:\/\/arjenoticias.com.mx\/#organization"},"image":{"@id":"https:\/\/arjenoticias.com.mx\/?p=8042#primaryimage"},"thumbnailUrl":"","keywords":["Corrupci\u00f3n"],"articleSection":["Ciudad","Lo m\u00e1s relevante"],"inLanguage":"es"},{"@type":"WebPage","@id":"https:\/\/arjenoticias.com.mx\/?p=8042","url":"https:\/\/arjenoticias.com.mx\/?p=8042","name":"Con cortometrajes y reflexi\u00f3n, Gobierno de NL conmemora el D\u00eda Internacional contra la Corrupci\u00f3n -","isPartOf":{"@id":"https:\/\/arjenoticias.com.mx\/#website"},"primaryImageOfPage":{"@id":"https:\/\/arjenoticias.com.mx\/?p=8042#primaryimage"},"image":{"@id":"https:\/\/arjenoticias.com.mx\/?p=8042#primaryimage"},"thumbnailUrl":"","datePublished":"2025-12-10T19:55:28+00:00","description":"El Gobierno del Estado a sido se\u00f1alado por presuntas triangulaciones, conflicto de intereses, irregularidades patrimoniales.","breadcrumb":{"@id":"https:\/\/arjenoticias.com.mx\/?p=8042#breadcrumb"},"inLanguage":"es","potentialAction":[{"@type":"ReadAction","target":["https:\/\/arjenoticias.com.mx\/?p=8042"]}]},{"@type":"ImageObject","inLanguage":"es","@id":"https:\/\/arjenoticias.com.mx\/?p=8042#primaryimage","url":"","contentUrl":""},{"@type":"BreadcrumbList","@id":"https:\/\/arjenoticias.com.mx\/?p=8042#breadcrumb","itemListElement":[{"@type":"ListItem","position":1,"name":"Inicio","item":"https:\/\/arjenoticias.com.mx\/"},{"@type":"ListItem","position":2,"name":"Con cortometrajes y reflexi\u00f3n, Gobierno de NL conmemora el D\u00eda Internacional contra la Corrupci\u00f3n"}]},{"@type":"WebSite","@id":"https:\/\/arjenoticias.com.mx\/#website","url":"https:\/\/arjenoticias.com.mx\/","name":"arjenoticias.com.mx","description":"","publisher":{"@id":"https:\/\/arjenoticias.com.mx\/#organization"},"potentialAction":[{"@type":"SearchAction","target":{"@type":"EntryPoint","urlTemplate":"https:\/\/arjenoticias.com.mx\/?s={search_term_string}"},"query-input":{"@type":"PropertyValueSpecification","valueRequired":true,"valueName":"search_term_string"}}],"inLanguage":"es"},{"@type":"Organization","@id":"https:\/\/arjenoticias.com.mx\/#organization","name":"Arj\u00e9 de M\u00e9xico Noticias","url":"https:\/\/arjenoticias.com.mx\/","logo":{"@type":"ImageObject","inLanguage":"es","@id":"https:\/\/arjenoticias.com.mx\/#\/schema\/logo\/image\/","url":"https:\/\/arjenoticias.com.mx\/wp-content\/uploads\/2025\/07\/cropped-logo-scaled-1.png","contentUrl":"https:\/\/arjenoticias.com.mx\/wp-content\/uploads\/2025\/07\/cropped-logo-scaled-1.png","width":2558,"height":558,"caption":"Arj\u00e9 de M\u00e9xico Noticias"},"image":{"@id":"https:\/\/arjenoticias.com.mx\/#\/schema\/logo\/image\/"}},{"@type":"Person","@id":"https:\/\/arjenoticias.com.mx\/#\/schema\/person\/83f9fb68162b16794b69a8186dd31bc0","name":"Arj\u00e9 Noticias","image":{"@type":"ImageObject","inLanguage":"es","@id":"https:\/\/secure.gravatar.com\/avatar\/f604b88a0e24c04f3f89fae6b5400bfd6093d0999292a64803d3651d9d4a35a5?s=96&d=mm&r=g","url":"https:\/\/secure.gravatar.com\/avatar\/f604b88a0e24c04f3f89fae6b5400bfd6093d0999292a64803d3651d9d4a35a5?s=96&d=mm&r=g","contentUrl":"https:\/\/secure.gravatar.com\/avatar\/f604b88a0e24c04f3f89fae6b5400bfd6093d0999292a64803d3651d9d4a35a5?s=96&d=mm&r=g","caption":"Arj\u00e9 Noticias"},"url":"https:\/\/arjenoticias.com.mx\/?author=66"}]}},"_links":{"self":[{"href":"https:\/\/arjenoticias.com.mx\/index.php?rest_route=\/wp\/v2\/posts\/8042","targetHints":{"allow":["GET"]}}],"collection":[{"href":"https:\/\/arjenoticias.com.mx\/index.php?rest_route=\/wp\/v2\/posts"}],"about":[{"href":"https:\/\/arjenoticias.com.mx\/index.php?rest_route=\/wp\/v2\/types\/post"}],"author":[{"embeddable":true,"href":"https:\/\/arjenoticias.com.mx\/index.php?rest_route=\/wp\/v2\/users\/66"}],"replies":[{"embeddable":true,"href":"https:\/\/arjenoticias.com.mx\/index.php?rest_route=%2Fwp%2Fv2%2Fcomments&post=8042"}],"version-history":[{"count":0,"href":"https:\/\/arjenoticias.com.mx\/index.php?rest_route=\/wp\/v2\/posts\/8042\/revisions"}],"wp:attachment":[{"href":"https:\/\/arjenoticias.com.mx\/index.php?rest_route=%2Fwp%2Fv2%2Fmedia&parent=8042"}],"wp:term":[{"taxonomy":"category","embeddable":true,"href":"https:\/\/arjenoticias.com.mx\/index.php?rest_route=%2Fwp%2Fv2%2Fcategories&post=8042"},{"taxonomy":"post_tag","embeddable":true,"href":"https:\/\/arjenoticias.com.mx\/index.php?rest_route=%2Fwp%2Fv2%2Ftags&post=8042"}],"curies":[{"name":"wp","href":"https:\/\/api.w.org\/{rel}","templated":true}]}}