{"id":7967,"date":"2025-12-09T11:01:09","date_gmt":"2025-12-09T17:01:09","guid":{"rendered":"https:\/\/arjenoticias.com\/?p=7967"},"modified":"2025-12-09T11:01:09","modified_gmt":"2025-12-09T17:01:09","slug":"futuro-tmec-vision-centros-de-pensamiento-v-y-ultimo-martha-barcena-coqui","status":"publish","type":"post","link":"https:\/\/arjenoticias.com.mx\/?p=7967","title":{"rendered":"Futuro TMEC: visi\u00f3n centros de pensamiento (v y \u00faltimo) Martha Barcena Coqui"},"content":{"rendered":"\n<p class=\"wp-block-paragraph\">En la serie que concluyo analic\u00e9 posturas de sectores de EU respecto al TMEC. Una muestra de los 1500 documentos enviados al Representante Comercial<\/p>\n\n\n\n<p class=\"wp-block-paragraph\">El centro Adrienne Arsht para Am\u00e9rica Latina del Atlantic Council (soy miembro de su Consejo) se manifest\u00f3 a favor del TMEC, basado en la teor\u00eda de la ventaja comparativa. Destaca que el TMEC signific\u00f3 un cambio en el panorama comercial de Norteam\u00e9rica. Lo considera un acuerdo estrat\u00e9gico.<\/p>\n\n\n\n<p class=\"wp-block-paragraph\">Sostiene que es fundamental para la pol\u00edtica y la seguridad nacional de los EU y lo considera la columna vertebral de la competitividad de EU, su seguridad econ\u00f3mica y su fortaleza industrial, en particular por la integraci\u00f3n de las cadenas de valor.<\/p>\n\n\n\n<p class=\"wp-block-paragraph\">Con datos muestra la creciente interdependencia de las econom\u00edas de M\u00e9xico y EU, explicando parte de la raz\u00f3n del d\u00e9ficit comercial de EU con nuestro pa\u00eds. Subrayan que EU exporta a M\u00e9xico bienes intermedios que fortalecen las capacidades mexicanas para ensamblar productos competitivos. Dicen que divergencias y fricciones en la regi\u00f3n, disminuyen su capacidad de competitividad global. Hace propuestas concretas para modernizar el funcionamiento de mecanismos aduaneros.<\/p>\n\n\n\n<p class=\"wp-block-paragraph\">El Consejo de las Am\u00e9ricas (SA\/COA), apoyado por m\u00e1s de 200 empresas, se\u00f1ala que el TMEC es fundamental para la competitividad de la regi\u00f3n en un contexto global cada vez m\u00e1s complejo.<\/p>\n\n\n\n<p class=\"wp-block-paragraph\">Subraya que el problema principal es la falta de cumplimiento por los tres pa\u00edses de los compromisos acordados y sugiere actualizar el TMEC con acuerdos complementarios.&nbsp;&nbsp;<\/p>\n\n\n\n<p class=\"wp-block-paragraph\">En su anexo t\u00e9cnico dedica tres p\u00e1ginas a los incumplimientos de EU por la imposici\u00f3n de aranceles, cuatro p\u00e1ginas a las faltas de Canad\u00e1 y 10 p\u00e1ginas a los incumplimientos de M\u00e9xico.<\/p>\n\n\n\n<p class=\"wp-block-paragraph\">Las principales preocupaciones respecto a M\u00e9xico son:<\/p>\n\n\n\n<ul class=\"wp-block-list\">\n<li>\u00a0La violaci\u00f3n de los caps. 14 y 22 del TMEC en materia de energ\u00eda al dar un trato preferencial discriminatorio a PEMEX y CFE;<\/li>\n\n\n\n<li>La violaci\u00f3n a las obligaciones en materia de propiedad intelectual, en especial en lo relativo a productos farmac\u00e9uticos. Critica a la COFEPRIS por no emitir la reglamentaci\u00f3n correspondiente para la vinculaci\u00f3n efectiva de las patentes;<\/li>\n\n\n\n<li>Pide predictibilidad en aduanas para aliviar el tr\u00e1fico en la frontera, as\u00ed como en la actuaci\u00f3n del SAT.<\/li>\n<\/ul>\n\n\n\n<p class=\"wp-block-paragraph\">Apoya la continuidad del TMEC por otros 16 a\u00f1os e insta a negociar trilateralmente una modernizaci\u00f3n del Tratado a\u00f1adiendo instrumentos en materia de comercio digital mediante el establecimiento de un Comit\u00e9 en la materia, inteligencia artificial y ciberseguridad. Tambi\u00e9n pide retornar el mecanismo de demanda Inversionista-Estado que desapareci\u00f3 en el TMEC.<\/p>\n\n\n\n<p class=\"wp-block-paragraph\">La mayor\u00eda de los actores estadounidenses est\u00e1n a favor del TMEC, aun cuando algunas de sus demandas para su continuidad sean excesivas. Su principal queja es el incumplimiento de M\u00e9xico que supera, en su opini\u00f3n, las faltas de EU y Canad\u00e1.<\/p>\n\n\n\n<p class=\"wp-block-paragraph\"><strong>El gobierno de M\u00e9xico tendr\u00eda que matizar o revocar varias medidas que, al violar disposiciones acordadas soberanamente en el TMEC, minan el Estado de derecho y la certidumbre jur\u00eddica para garantizar la continuidad del TMEC.<\/strong><\/p>\n\n\n\n<p class=\"wp-block-paragraph\">POR MARTHA B\u00c1RCENA<br>@MARTHA_BARCENA<br>EMBAJADORA EMINENTE<\/p>\n","protected":false},"excerpt":{"rendered":"<p>En la serie que concluyo analic\u00e9 posturas de sectores de EU respecto al TMEC. Una&#8230;<\/p>\n","protected":false},"author":66,"featured_media":7968,"comment_status":"closed","ping_status":"closed","sticky":false,"template":"","format":"standard","meta":{"footnotes":""},"categories":[10],"tags":[806],"class_list":["post-7967","post","type-post","status-publish","format-standard","has-post-thumbnail","hentry","category-negocios","tag-el-tmec-es-fundamental-para-la-competitividad-de-la-region-en-un-contexto-global-cada-vez-mas-complejo"],"yoast_head":"<!-- This site is optimized with the Yoast SEO plugin v28.4 - https:\/\/yoast.com\/product\/yoast-seo-wordpress\/ -->\n<title>Futuro TMEC: visi\u00f3n centros de pensamiento (v y \u00faltimo) Martha Barcena Coqui -<\/title>\n<meta name=\"description\" content=\"Apoya la continuidad del TMEC por otros 16 a\u00f1os e insta a negociar trilateralmente una modernizaci\u00f3n del Tratado a\u00f1adiendo instrumentos en materia de comercio digital\" \/>\n<meta name=\"robots\" content=\"index, follow, max-snippet:-1, max-image-preview:large, max-video-preview:-1\" \/>\n<link rel=\"canonical\" href=\"https:\/\/arjenoticias.com.mx\/?p=7967\" \/>\n<meta property=\"og:locale\" content=\"es_MX\" \/>\n<meta property=\"og:type\" content=\"article\" \/>\n<meta property=\"og:title\" content=\"Futuro TMEC: visi\u00f3n centros de pensamiento (v y \u00faltimo) Martha Barcena Coqui -\" \/>\n<meta property=\"og:description\" content=\"Apoya la continuidad del TMEC por otros 16 a\u00f1os e insta a negociar trilateralmente una modernizaci\u00f3n del Tratado a\u00f1adiendo instrumentos en materia de comercio digital\" \/>\n<meta property=\"og:url\" content=\"https:\/\/arjenoticias.com.mx\/?p=7967\" \/>\n<meta property=\"article:published_time\" content=\"2025-12-09T17:01:09+00:00\" \/>\n<meta name=\"author\" content=\"Arj\u00e9 Noticias\" \/>\n<meta name=\"twitter:card\" content=\"summary_large_image\" \/>\n<meta name=\"twitter:label1\" content=\"Escrito por\" \/>\n\t<meta name=\"twitter:data1\" content=\"Arj\u00e9 Noticias\" \/>\n\t<meta name=\"twitter:label2\" content=\"Tiempo de lectura\" \/>\n\t<meta name=\"twitter:data2\" content=\"3 minutos\" \/>\n<script type=\"application\/ld+json\" class=\"yoast-schema-graph\">{\"@context\":\"https:\\\/\\\/schema.org\",\"@graph\":[{\"@type\":\"Article\",\"@id\":\"https:\\\/\\\/arjenoticias.com.mx\\\/?p=7967#article\",\"isPartOf\":{\"@id\":\"https:\\\/\\\/arjenoticias.com.mx\\\/?p=7967\"},\"author\":{\"name\":\"Arj\u00e9 Noticias\",\"@id\":\"https:\\\/\\\/arjenoticias.com.mx\\\/#\\\/schema\\\/person\\\/83f9fb68162b16794b69a8186dd31bc0\"},\"headline\":\"Futuro TMEC: visi\u00f3n centros de pensamiento (v y \u00faltimo) Martha Barcena Coqui\",\"datePublished\":\"2025-12-09T17:01:09+00:00\",\"mainEntityOfPage\":{\"@id\":\"https:\\\/\\\/arjenoticias.com.mx\\\/?p=7967\"},\"wordCount\":544,\"publisher\":{\"@id\":\"https:\\\/\\\/arjenoticias.com.mx\\\/#organization\"},\"image\":{\"@id\":\"https:\\\/\\\/arjenoticias.com.mx\\\/?p=7967#primaryimage\"},\"thumbnailUrl\":\"\",\"keywords\":[\"el TMEC es fundamental para la competitividad de la regi\u00f3n en un contexto global cada vez m\u00e1s complejo.\"],\"articleSection\":[\"Negocios\"],\"inLanguage\":\"es\"},{\"@type\":\"WebPage\",\"@id\":\"https:\\\/\\\/arjenoticias.com.mx\\\/?p=7967\",\"url\":\"https:\\\/\\\/arjenoticias.com.mx\\\/?p=7967\",\"name\":\"Futuro TMEC: visi\u00f3n centros de pensamiento (v y \u00faltimo) Martha Barcena Coqui -\",\"isPartOf\":{\"@id\":\"https:\\\/\\\/arjenoticias.com.mx\\\/#website\"},\"primaryImageOfPage\":{\"@id\":\"https:\\\/\\\/arjenoticias.com.mx\\\/?p=7967#primaryimage\"},\"image\":{\"@id\":\"https:\\\/\\\/arjenoticias.com.mx\\\/?p=7967#primaryimage\"},\"thumbnailUrl\":\"\",\"datePublished\":\"2025-12-09T17:01:09+00:00\",\"description\":\"Apoya la continuidad del TMEC por otros 16 a\u00f1os e insta a negociar trilateralmente una modernizaci\u00f3n del Tratado a\u00f1adiendo instrumentos en materia de comercio digital\",\"breadcrumb\":{\"@id\":\"https:\\\/\\\/arjenoticias.com.mx\\\/?p=7967#breadcrumb\"},\"inLanguage\":\"es\",\"potentialAction\":[{\"@type\":\"ReadAction\",\"target\":[\"https:\\\/\\\/arjenoticias.com.mx\\\/?p=7967\"]}]},{\"@type\":\"ImageObject\",\"inLanguage\":\"es\",\"@id\":\"https:\\\/\\\/arjenoticias.com.mx\\\/?p=7967#primaryimage\",\"url\":\"\",\"contentUrl\":\"\"},{\"@type\":\"BreadcrumbList\",\"@id\":\"https:\\\/\\\/arjenoticias.com.mx\\\/?p=7967#breadcrumb\",\"itemListElement\":[{\"@type\":\"ListItem\",\"position\":1,\"name\":\"Inicio\",\"item\":\"https:\\\/\\\/arjenoticias.com.mx\\\/\"},{\"@type\":\"ListItem\",\"position\":2,\"name\":\"Futuro TMEC: visi\u00f3n centros de pensamiento (v y \u00faltimo) Martha Barcena Coqui\"}]},{\"@type\":\"WebSite\",\"@id\":\"https:\\\/\\\/arjenoticias.com.mx\\\/#website\",\"url\":\"https:\\\/\\\/arjenoticias.com.mx\\\/\",\"name\":\"arjenoticias.com.mx\",\"description\":\"\",\"publisher\":{\"@id\":\"https:\\\/\\\/arjenoticias.com.mx\\\/#organization\"},\"potentialAction\":[{\"@type\":\"SearchAction\",\"target\":{\"@type\":\"EntryPoint\",\"urlTemplate\":\"https:\\\/\\\/arjenoticias.com.mx\\\/?s={search_term_string}\"},\"query-input\":{\"@type\":\"PropertyValueSpecification\",\"valueRequired\":true,\"valueName\":\"search_term_string\"}}],\"inLanguage\":\"es\"},{\"@type\":\"Organization\",\"@id\":\"https:\\\/\\\/arjenoticias.com.mx\\\/#organization\",\"name\":\"Arj\u00e9 de M\u00e9xico Noticias\",\"url\":\"https:\\\/\\\/arjenoticias.com.mx\\\/\",\"logo\":{\"@type\":\"ImageObject\",\"inLanguage\":\"es\",\"@id\":\"https:\\\/\\\/arjenoticias.com.mx\\\/#\\\/schema\\\/logo\\\/image\\\/\",\"url\":\"https:\\\/\\\/arjenoticias.com.mx\\\/wp-content\\\/uploads\\\/2025\\\/07\\\/cropped-logo-scaled-1.png\",\"contentUrl\":\"https:\\\/\\\/arjenoticias.com.mx\\\/wp-content\\\/uploads\\\/2025\\\/07\\\/cropped-logo-scaled-1.png\",\"width\":2558,\"height\":558,\"caption\":\"Arj\u00e9 de M\u00e9xico Noticias\"},\"image\":{\"@id\":\"https:\\\/\\\/arjenoticias.com.mx\\\/#\\\/schema\\\/logo\\\/image\\\/\"}},{\"@type\":\"Person\",\"@id\":\"https:\\\/\\\/arjenoticias.com.mx\\\/#\\\/schema\\\/person\\\/83f9fb68162b16794b69a8186dd31bc0\",\"name\":\"Arj\u00e9 Noticias\",\"image\":{\"@type\":\"ImageObject\",\"inLanguage\":\"es\",\"@id\":\"https:\\\/\\\/secure.gravatar.com\\\/avatar\\\/f604b88a0e24c04f3f89fae6b5400bfd6093d0999292a64803d3651d9d4a35a5?s=96&d=mm&r=g\",\"url\":\"https:\\\/\\\/secure.gravatar.com\\\/avatar\\\/f604b88a0e24c04f3f89fae6b5400bfd6093d0999292a64803d3651d9d4a35a5?s=96&d=mm&r=g\",\"contentUrl\":\"https:\\\/\\\/secure.gravatar.com\\\/avatar\\\/f604b88a0e24c04f3f89fae6b5400bfd6093d0999292a64803d3651d9d4a35a5?s=96&d=mm&r=g\",\"caption\":\"Arj\u00e9 Noticias\"},\"url\":\"https:\\\/\\\/arjenoticias.com.mx\\\/?author=66\"}]}<\/script>\n<!-- \/ Yoast SEO plugin. -->","yoast_head_json":{"title":"Futuro TMEC: visi\u00f3n centros de pensamiento (v y \u00faltimo) Martha Barcena Coqui -","description":"Apoya la continuidad del TMEC por otros 16 a\u00f1os e insta a negociar trilateralmente una modernizaci\u00f3n del Tratado a\u00f1adiendo instrumentos en materia de comercio digital","robots":{"index":"index","follow":"follow","max-snippet":"max-snippet:-1","max-image-preview":"max-image-preview:large","max-video-preview":"max-video-preview:-1"},"canonical":"https:\/\/arjenoticias.com.mx\/?p=7967","og_locale":"es_MX","og_type":"article","og_title":"Futuro TMEC: visi\u00f3n centros de pensamiento (v y \u00faltimo) Martha Barcena Coqui -","og_description":"Apoya la continuidad del TMEC por otros 16 a\u00f1os e insta a negociar trilateralmente una modernizaci\u00f3n del Tratado a\u00f1adiendo instrumentos en materia de comercio digital","og_url":"https:\/\/arjenoticias.com.mx\/?p=7967","article_published_time":"2025-12-09T17:01:09+00:00","author":"Arj\u00e9 Noticias","twitter_card":"summary_large_image","twitter_misc":{"Escrito por":"Arj\u00e9 Noticias","Tiempo de lectura":"3 minutos"},"schema":{"@context":"https:\/\/schema.org","@graph":[{"@type":"Article","@id":"https:\/\/arjenoticias.com.mx\/?p=7967#article","isPartOf":{"@id":"https:\/\/arjenoticias.com.mx\/?p=7967"},"author":{"name":"Arj\u00e9 Noticias","@id":"https:\/\/arjenoticias.com.mx\/#\/schema\/person\/83f9fb68162b16794b69a8186dd31bc0"},"headline":"Futuro TMEC: visi\u00f3n centros de pensamiento (v y \u00faltimo) Martha Barcena Coqui","datePublished":"2025-12-09T17:01:09+00:00","mainEntityOfPage":{"@id":"https:\/\/arjenoticias.com.mx\/?p=7967"},"wordCount":544,"publisher":{"@id":"https:\/\/arjenoticias.com.mx\/#organization"},"image":{"@id":"https:\/\/arjenoticias.com.mx\/?p=7967#primaryimage"},"thumbnailUrl":"","keywords":["el TMEC es fundamental para la competitividad de la regi\u00f3n en un contexto global cada vez m\u00e1s complejo."],"articleSection":["Negocios"],"inLanguage":"es"},{"@type":"WebPage","@id":"https:\/\/arjenoticias.com.mx\/?p=7967","url":"https:\/\/arjenoticias.com.mx\/?p=7967","name":"Futuro TMEC: visi\u00f3n centros de pensamiento (v y \u00faltimo) Martha Barcena Coqui -","isPartOf":{"@id":"https:\/\/arjenoticias.com.mx\/#website"},"primaryImageOfPage":{"@id":"https:\/\/arjenoticias.com.mx\/?p=7967#primaryimage"},"image":{"@id":"https:\/\/arjenoticias.com.mx\/?p=7967#primaryimage"},"thumbnailUrl":"","datePublished":"2025-12-09T17:01:09+00:00","description":"Apoya la continuidad del TMEC por otros 16 a\u00f1os e insta a negociar trilateralmente una modernizaci\u00f3n del Tratado a\u00f1adiendo instrumentos en materia de comercio digital","breadcrumb":{"@id":"https:\/\/arjenoticias.com.mx\/?p=7967#breadcrumb"},"inLanguage":"es","potentialAction":[{"@type":"ReadAction","target":["https:\/\/arjenoticias.com.mx\/?p=7967"]}]},{"@type":"ImageObject","inLanguage":"es","@id":"https:\/\/arjenoticias.com.mx\/?p=7967#primaryimage","url":"","contentUrl":""},{"@type":"BreadcrumbList","@id":"https:\/\/arjenoticias.com.mx\/?p=7967#breadcrumb","itemListElement":[{"@type":"ListItem","position":1,"name":"Inicio","item":"https:\/\/arjenoticias.com.mx\/"},{"@type":"ListItem","position":2,"name":"Futuro TMEC: visi\u00f3n centros de pensamiento (v y \u00faltimo) Martha Barcena Coqui"}]},{"@type":"WebSite","@id":"https:\/\/arjenoticias.com.mx\/#website","url":"https:\/\/arjenoticias.com.mx\/","name":"arjenoticias.com.mx","description":"","publisher":{"@id":"https:\/\/arjenoticias.com.mx\/#organization"},"potentialAction":[{"@type":"SearchAction","target":{"@type":"EntryPoint","urlTemplate":"https:\/\/arjenoticias.com.mx\/?s={search_term_string}"},"query-input":{"@type":"PropertyValueSpecification","valueRequired":true,"valueName":"search_term_string"}}],"inLanguage":"es"},{"@type":"Organization","@id":"https:\/\/arjenoticias.com.mx\/#organization","name":"Arj\u00e9 de M\u00e9xico Noticias","url":"https:\/\/arjenoticias.com.mx\/","logo":{"@type":"ImageObject","inLanguage":"es","@id":"https:\/\/arjenoticias.com.mx\/#\/schema\/logo\/image\/","url":"https:\/\/arjenoticias.com.mx\/wp-content\/uploads\/2025\/07\/cropped-logo-scaled-1.png","contentUrl":"https:\/\/arjenoticias.com.mx\/wp-content\/uploads\/2025\/07\/cropped-logo-scaled-1.png","width":2558,"height":558,"caption":"Arj\u00e9 de M\u00e9xico Noticias"},"image":{"@id":"https:\/\/arjenoticias.com.mx\/#\/schema\/logo\/image\/"}},{"@type":"Person","@id":"https:\/\/arjenoticias.com.mx\/#\/schema\/person\/83f9fb68162b16794b69a8186dd31bc0","name":"Arj\u00e9 Noticias","image":{"@type":"ImageObject","inLanguage":"es","@id":"https:\/\/secure.gravatar.com\/avatar\/f604b88a0e24c04f3f89fae6b5400bfd6093d0999292a64803d3651d9d4a35a5?s=96&d=mm&r=g","url":"https:\/\/secure.gravatar.com\/avatar\/f604b88a0e24c04f3f89fae6b5400bfd6093d0999292a64803d3651d9d4a35a5?s=96&d=mm&r=g","contentUrl":"https:\/\/secure.gravatar.com\/avatar\/f604b88a0e24c04f3f89fae6b5400bfd6093d0999292a64803d3651d9d4a35a5?s=96&d=mm&r=g","caption":"Arj\u00e9 Noticias"},"url":"https:\/\/arjenoticias.com.mx\/?author=66"}]}},"_links":{"self":[{"href":"https:\/\/arjenoticias.com.mx\/index.php?rest_route=\/wp\/v2\/posts\/7967","targetHints":{"allow":["GET"]}}],"collection":[{"href":"https:\/\/arjenoticias.com.mx\/index.php?rest_route=\/wp\/v2\/posts"}],"about":[{"href":"https:\/\/arjenoticias.com.mx\/index.php?rest_route=\/wp\/v2\/types\/post"}],"author":[{"embeddable":true,"href":"https:\/\/arjenoticias.com.mx\/index.php?rest_route=\/wp\/v2\/users\/66"}],"replies":[{"embeddable":true,"href":"https:\/\/arjenoticias.com.mx\/index.php?rest_route=%2Fwp%2Fv2%2Fcomments&post=7967"}],"version-history":[{"count":0,"href":"https:\/\/arjenoticias.com.mx\/index.php?rest_route=\/wp\/v2\/posts\/7967\/revisions"}],"wp:attachment":[{"href":"https:\/\/arjenoticias.com.mx\/index.php?rest_route=%2Fwp%2Fv2%2Fmedia&parent=7967"}],"wp:term":[{"taxonomy":"category","embeddable":true,"href":"https:\/\/arjenoticias.com.mx\/index.php?rest_route=%2Fwp%2Fv2%2Fcategories&post=7967"},{"taxonomy":"post_tag","embeddable":true,"href":"https:\/\/arjenoticias.com.mx\/index.php?rest_route=%2Fwp%2Fv2%2Ftags&post=7967"}],"curies":[{"name":"wp","href":"https:\/\/api.w.org\/{rel}","templated":true}]}}