{"id":7815,"date":"2025-12-04T20:19:16","date_gmt":"2025-12-05T02:19:16","guid":{"rendered":"https:\/\/arjenoticias.com\/?p=7815"},"modified":"2025-12-04T15:12:06","modified_gmt":"2025-12-04T21:12:06","slug":"en-manos-de-la-corte-cidh-esta-la-decision-de-anular-reforma-al-poder-judicial-y-ley-de-amparo-juan-marcos-gutierrez-g","status":"publish","type":"post","link":"https:\/\/arjenoticias.com.mx\/lo-mas-relevante\/en-manos-de-la-corte-cidh-esta-la-decision-de-anular-reforma-al-poder-judicial-y-ley-de-amparo-juan-marcos-gutierrez-g\/","title":{"rendered":"En manos de la Corte (CIDH) esta la decisi\u00f3n de anular reforma al Poder Judicial y Ley de Amparo: Juan Marcos Guti\u00e9rrez G"},"content":{"rendered":"\n<figure class=\"wp-block-embed is-type-video is-provider-youtube wp-block-embed-youtube wp-embed-aspect-16-9 wp-has-aspect-ratio\"><div class=\"wp-block-embed__wrapper\">\n<iframe title=\"Entrevista con Juan Marcos Gutierrez G\" width=\"640\" height=\"360\" src=\"https:\/\/www.youtube.com\/embed\/utY4nkQw9kg?feature=oembed\" frameborder=\"0\" allow=\"accelerometer; autoplay; clipboard-write; encrypted-media; gyroscope; picture-in-picture; web-share\" referrerpolicy=\"strict-origin-when-cross-origin\" allowfullscreen><\/iframe>\n<\/div><\/figure>\n\n\n\n<p class=\"wp-block-paragraph\">Juan Marcos Guti\u00e9rrez Gonz\u00e1lez en entrevista exclusiva, dice: \u201cpresentamos denuncia y activaci\u00f3n que hemos realizado para que la Corte Interamericana de Derechos Humanos, con sede en San Jos\u00e9 Costa Rica, supervise el cumplimiento de dos sentencias ya existentes en contra del Estado Mexicanos desde el 2015 y a trav\u00e9s de ello, pudiera anular la reforma judicial y las reformas a la ley de Amparo, para devolvernos el sistema normativo de protecci\u00f3n a los derechos humanos con jueces de carrera que ten\u00edamos, as\u00ed como la ley de amparo que permit\u00eda que los jueces nos protegieran mediante suspensiones, incluyendo un amplio concepto de inter\u00e9s leg\u00edtimo, que tambi\u00e9n hemos perdido todos los mexicanos\u201d.<br>La Corte Interamericana de Derechos Humanos ha recibido la impugnaci\u00f3n, por lo tanto, tendr\u00e1 que revisar si tiene merito posiblemente en el 1er semestre del 2026 notifique al gobierno de M\u00e9xico sobre esta impugnaci\u00f3n para que haga uso de su derecho de ser escuchado. A\u00f1ade Guti\u00e9rrez Gonz\u00e1lez.<br>Juan Marcos precisa: \u201c los abogados German Mart\u00ednez, Rafael Estrada Michel y un servidor trabajamos en la elaboraci\u00f3n de esta impugnaci\u00f3n, la cual fue revisada por juristas, jueces y expertos en la materia, para darle la certidumbre necesaria, ya que estamos convencidos que el gobierno actual, hizo reformas al Poder Judicial, a la ley de Amparo y sobre todo a insertar en la constituci\u00f3n el termino de -Supremac\u00eda- el cual impide impugnar cualquier reforma constitucional, lo cual viola los derechos de los ciudadanos.\u201d<br>Te invito a ver esta importante entrevista con el abogado Guti\u00e9rrez Gonz\u00e1lez, para conocer los detalles. Y exhorta a Colegios de Abogados, de Derechos Humanos, facultades de Derecho de las Universidades a escribir y apoya esta impugnaci\u00f3n.<br>Ir\u00e1 viniendo, iremos viendo el progreso de esta impugnaci\u00f3n, la cual abre la posibilidad de anular las reformas al Poder Judicial, a la Ley de Amparo y tambi\u00e9n a la militarizaci\u00f3n de la Guardia Nacional.<\/p>\n","protected":false},"excerpt":{"rendered":"<p>Juan Marcos Guti\u00e9rrez Gonz\u00e1lez en entrevista exclusiva, dice: \u201cpresentamos denuncia y activaci\u00f3n que hemos realizado&#8230;<\/p>\n","protected":false},"author":8,"featured_media":4022,"comment_status":"closed","ping_status":"closed","sticky":false,"template":"","format":"standard","meta":{"footnotes":""},"categories":[605],"tags":[880],"class_list":["post-7815","post","type-post","status-publish","format-standard","has-post-thumbnail","hentry","category-lo-mas-relevante","tag-la-corte-cidh-tiene-en-sus-manos-la-anular-reforma-al-pj"],"yoast_head":"<!-- This site is optimized with the Yoast SEO plugin v28.4 - https:\/\/yoast.com\/product\/yoast-seo-wordpress\/ -->\n<title>En manos de la Corte (CIDH) esta la decisi\u00f3n de anular reforma al Poder Judicial y Ley de Amparo: Juan Marcos Guti\u00e9rrez G -<\/title>\n<meta name=\"robots\" content=\"index, follow, max-snippet:-1, max-image-preview:large, max-video-preview:-1\" \/>\n<link rel=\"canonical\" href=\"https:\/\/arjenoticias.com.mx\/lo-mas-relevante\/en-manos-de-la-corte-cidh-esta-la-decision-de-anular-reforma-al-poder-judicial-y-ley-de-amparo-juan-marcos-gutierrez-g\/\" \/>\n<meta property=\"og:locale\" content=\"es_ES\" \/>\n<meta property=\"og:type\" content=\"article\" \/>\n<meta property=\"og:title\" content=\"En manos de la Corte (CIDH) esta la decisi\u00f3n de anular reforma al Poder Judicial y Ley de Amparo: Juan Marcos Guti\u00e9rrez G -\" \/>\n<meta property=\"og:description\" content=\"Juan Marcos Guti\u00e9rrez Gonz\u00e1lez en entrevista exclusiva, dice: \u201cpresentamos denuncia y activaci\u00f3n que hemos realizado...\" \/>\n<meta property=\"og:url\" content=\"https:\/\/arjenoticias.com.mx\/lo-mas-relevante\/en-manos-de-la-corte-cidh-esta-la-decision-de-anular-reforma-al-poder-judicial-y-ley-de-amparo-juan-marcos-gutierrez-g\/\" \/>\n<meta property=\"article:publisher\" content=\"https:\/\/www.facebook.com\/ArjeNoticiasMX\" \/>\n<meta property=\"article:published_time\" content=\"2025-12-05T02:19:16+00:00\" \/>\n<meta property=\"og:image\" content=\"https:\/\/arjenoticias.com.mx\/wp-content\/uploads\/2025\/09\/economia-e1757106289130.jpg\" \/>\n\t<meta property=\"og:image:width\" content=\"1024\" \/>\n\t<meta property=\"og:image:height\" content=\"643\" \/>\n\t<meta property=\"og:image:type\" content=\"image\/jpeg\" \/>\n<meta name=\"author\" content=\"Ra\u00fal Monter Ortega\" \/>\n<meta name=\"twitter:card\" content=\"summary_large_image\" \/>\n<meta name=\"twitter:creator\" content=\"@ArjeNoticias\" \/>\n<meta name=\"twitter:site\" content=\"@ArjeNoticias\" \/>\n<meta name=\"twitter:label1\" content=\"Escrito por\" \/>\n\t<meta name=\"twitter:data1\" content=\"Ra\u00fal Monter Ortega\" \/>\n\t<meta name=\"twitter:label2\" content=\"Tiempo de lectura\" \/>\n\t<meta name=\"twitter:data2\" content=\"2 minutos\" \/>\n<script type=\"application\/ld+json\" class=\"yoast-schema-graph\">{\"@context\":\"https:\\\/\\\/schema.org\",\"@graph\":[{\"@type\":\"Article\",\"@id\":\"https:\\\/\\\/arjenoticias.com.mx\\\/lo-mas-relevante\\\/en-manos-de-la-corte-cidh-esta-la-decision-de-anular-reforma-al-poder-judicial-y-ley-de-amparo-juan-marcos-gutierrez-g\\\/#article\",\"isPartOf\":{\"@id\":\"https:\\\/\\\/arjenoticias.com.mx\\\/lo-mas-relevante\\\/en-manos-de-la-corte-cidh-esta-la-decision-de-anular-reforma-al-poder-judicial-y-ley-de-amparo-juan-marcos-gutierrez-g\\\/\"},\"author\":{\"name\":\"Ra\u00fal Monter Ortega\",\"@id\":\"https:\\\/\\\/arjenoticias.com.mx\\\/#\\\/schema\\\/person\\\/ea4e505f8f8f30d5745f4a0712a580d8\"},\"headline\":\"En manos de la Corte (CIDH) esta la decisi\u00f3n de anular reforma al Poder Judicial y Ley de Amparo: Juan Marcos Guti\u00e9rrez G\",\"datePublished\":\"2025-12-05T02:19:16+00:00\",\"mainEntityOfPage\":{\"@id\":\"https:\\\/\\\/arjenoticias.com.mx\\\/lo-mas-relevante\\\/en-manos-de-la-corte-cidh-esta-la-decision-de-anular-reforma-al-poder-judicial-y-ley-de-amparo-juan-marcos-gutierrez-g\\\/\"},\"wordCount\":367,\"publisher\":{\"@id\":\"https:\\\/\\\/arjenoticias.com.mx\\\/#organization\"},\"image\":{\"@id\":\"https:\\\/\\\/arjenoticias.com.mx\\\/lo-mas-relevante\\\/en-manos-de-la-corte-cidh-esta-la-decision-de-anular-reforma-al-poder-judicial-y-ley-de-amparo-juan-marcos-gutierrez-g\\\/#primaryimage\"},\"thumbnailUrl\":\"https:\\\/\\\/arjenoticias.com.mx\\\/wp-content\\\/uploads\\\/2025\\\/09\\\/economia-e1757106289130.jpg\",\"keywords\":[\"La Corte CIDH tiene en sus manos la anular reforma al PJ\"],\"articleSection\":[\"Lo m\u00e1s relevante\"],\"inLanguage\":\"es\"},{\"@type\":\"WebPage\",\"@id\":\"https:\\\/\\\/arjenoticias.com.mx\\\/lo-mas-relevante\\\/en-manos-de-la-corte-cidh-esta-la-decision-de-anular-reforma-al-poder-judicial-y-ley-de-amparo-juan-marcos-gutierrez-g\\\/\",\"url\":\"https:\\\/\\\/arjenoticias.com.mx\\\/lo-mas-relevante\\\/en-manos-de-la-corte-cidh-esta-la-decision-de-anular-reforma-al-poder-judicial-y-ley-de-amparo-juan-marcos-gutierrez-g\\\/\",\"name\":\"En manos de la Corte (CIDH) esta la decisi\u00f3n de anular reforma al Poder Judicial y Ley de Amparo: Juan Marcos Guti\u00e9rrez G -\",\"isPartOf\":{\"@id\":\"https:\\\/\\\/arjenoticias.com.mx\\\/#website\"},\"primaryImageOfPage\":{\"@id\":\"https:\\\/\\\/arjenoticias.com.mx\\\/lo-mas-relevante\\\/en-manos-de-la-corte-cidh-esta-la-decision-de-anular-reforma-al-poder-judicial-y-ley-de-amparo-juan-marcos-gutierrez-g\\\/#primaryimage\"},\"image\":{\"@id\":\"https:\\\/\\\/arjenoticias.com.mx\\\/lo-mas-relevante\\\/en-manos-de-la-corte-cidh-esta-la-decision-de-anular-reforma-al-poder-judicial-y-ley-de-amparo-juan-marcos-gutierrez-g\\\/#primaryimage\"},\"thumbnailUrl\":\"https:\\\/\\\/arjenoticias.com.mx\\\/wp-content\\\/uploads\\\/2025\\\/09\\\/economia-e1757106289130.jpg\",\"datePublished\":\"2025-12-05T02:19:16+00:00\",\"breadcrumb\":{\"@id\":\"https:\\\/\\\/arjenoticias.com.mx\\\/lo-mas-relevante\\\/en-manos-de-la-corte-cidh-esta-la-decision-de-anular-reforma-al-poder-judicial-y-ley-de-amparo-juan-marcos-gutierrez-g\\\/#breadcrumb\"},\"inLanguage\":\"es\",\"potentialAction\":[{\"@type\":\"ReadAction\",\"target\":[\"https:\\\/\\\/arjenoticias.com.mx\\\/lo-mas-relevante\\\/en-manos-de-la-corte-cidh-esta-la-decision-de-anular-reforma-al-poder-judicial-y-ley-de-amparo-juan-marcos-gutierrez-g\\\/\"]}]},{\"@type\":\"ImageObject\",\"inLanguage\":\"es\",\"@id\":\"https:\\\/\\\/arjenoticias.com.mx\\\/lo-mas-relevante\\\/en-manos-de-la-corte-cidh-esta-la-decision-de-anular-reforma-al-poder-judicial-y-ley-de-amparo-juan-marcos-gutierrez-g\\\/#primaryimage\",\"url\":\"https:\\\/\\\/arjenoticias.com.mx\\\/wp-content\\\/uploads\\\/2025\\\/09\\\/economia-e1757106289130.jpg\",\"contentUrl\":\"https:\\\/\\\/arjenoticias.com.mx\\\/wp-content\\\/uploads\\\/2025\\\/09\\\/economia-e1757106289130.jpg\",\"width\":1024,\"height\":643},{\"@type\":\"BreadcrumbList\",\"@id\":\"https:\\\/\\\/arjenoticias.com.mx\\\/lo-mas-relevante\\\/en-manos-de-la-corte-cidh-esta-la-decision-de-anular-reforma-al-poder-judicial-y-ley-de-amparo-juan-marcos-gutierrez-g\\\/#breadcrumb\",\"itemListElement\":[{\"@type\":\"ListItem\",\"position\":1,\"name\":\"Portada\",\"item\":\"https:\\\/\\\/arjenoticias.com.mx\\\/\"},{\"@type\":\"ListItem\",\"position\":2,\"name\":\"En manos de la Corte (CIDH) esta la decisi\u00f3n de anular reforma al Poder Judicial y Ley de Amparo: Juan Marcos Guti\u00e9rrez G\"}]},{\"@type\":\"WebSite\",\"@id\":\"https:\\\/\\\/arjenoticias.com.mx\\\/#website\",\"url\":\"https:\\\/\\\/arjenoticias.com.mx\\\/\",\"name\":\"Arj\u00e9 M\u00e9xico\",\"description\":\"\",\"publisher\":{\"@id\":\"https:\\\/\\\/arjenoticias.com.mx\\\/#organization\"},\"potentialAction\":[{\"@type\":\"SearchAction\",\"target\":{\"@type\":\"EntryPoint\",\"urlTemplate\":\"https:\\\/\\\/arjenoticias.com.mx\\\/?s={search_term_string}\"},\"query-input\":{\"@type\":\"PropertyValueSpecification\",\"valueRequired\":true,\"valueName\":\"search_term_string\"}}],\"inLanguage\":\"es\"},{\"@type\":\"Organization\",\"@id\":\"https:\\\/\\\/arjenoticias.com.mx\\\/#organization\",\"name\":\"Arj\u00e9 M\u00e9xico\",\"url\":\"https:\\\/\\\/arjenoticias.com.mx\\\/\",\"logo\":{\"@type\":\"ImageObject\",\"inLanguage\":\"es\",\"@id\":\"https:\\\/\\\/arjenoticias.com.mx\\\/#\\\/schema\\\/logo\\\/image\\\/\",\"url\":\"https:\\\/\\\/arjenoticias.com\\\/wp-content\\\/uploads\\\/2026\\\/04\\\/cropped-cropped-logo-inverted-1-scaled-1.png\",\"contentUrl\":\"https:\\\/\\\/arjenoticias.com\\\/wp-content\\\/uploads\\\/2026\\\/04\\\/cropped-cropped-logo-inverted-1-scaled-1.png\",\"width\":2556,\"height\":549,\"caption\":\"Arj\u00e9 M\u00e9xico\"},\"image\":{\"@id\":\"https:\\\/\\\/arjenoticias.com.mx\\\/#\\\/schema\\\/logo\\\/image\\\/\"},\"sameAs\":[\"https:\\\/\\\/www.facebook.com\\\/ArjeNoticiasMX\",\"https:\\\/\\\/x.com\\\/ArjeNoticias\"]},{\"@type\":\"Person\",\"@id\":\"https:\\\/\\\/arjenoticias.com.mx\\\/#\\\/schema\\\/person\\\/ea4e505f8f8f30d5745f4a0712a580d8\",\"name\":\"Ra\u00fal Monter Ortega\",\"image\":{\"@type\":\"ImageObject\",\"inLanguage\":\"es\",\"@id\":\"https:\\\/\\\/arjenoticias.com\\\/wp-content\\\/uploads\\\/2026\\\/04\\\/RAUL-MONTER-96x96.png\",\"url\":\"https:\\\/\\\/arjenoticias.com\\\/wp-content\\\/uploads\\\/2026\\\/04\\\/RAUL-MONTER-96x96.png\",\"contentUrl\":\"https:\\\/\\\/arjenoticias.com\\\/wp-content\\\/uploads\\\/2026\\\/04\\\/RAUL-MONTER-96x96.png\",\"caption\":\"Ra\u00fal Monter Ortega\"},\"description\":\"Editorialista, observador y activista. Promotor de las libertades constitucionales de los mexicanos. Catedr\u00e1tico y vicerrector de ESPE.\",\"url\":\"https:\\\/\\\/arjenoticias.com.mx\\\/author\\\/raul-monter-ortega\\\/\"}]}<\/script>\n<!-- \/ Yoast SEO plugin. -->","yoast_head_json":{"title":"En manos de la Corte (CIDH) esta la decisi\u00f3n de anular reforma al Poder Judicial y Ley de Amparo: Juan Marcos Guti\u00e9rrez G -","robots":{"index":"index","follow":"follow","max-snippet":"max-snippet:-1","max-image-preview":"max-image-preview:large","max-video-preview":"max-video-preview:-1"},"canonical":"https:\/\/arjenoticias.com.mx\/lo-mas-relevante\/en-manos-de-la-corte-cidh-esta-la-decision-de-anular-reforma-al-poder-judicial-y-ley-de-amparo-juan-marcos-gutierrez-g\/","og_locale":"es_ES","og_type":"article","og_title":"En manos de la Corte (CIDH) esta la decisi\u00f3n de anular reforma al Poder Judicial y Ley de Amparo: Juan Marcos Guti\u00e9rrez G -","og_description":"Juan Marcos Guti\u00e9rrez Gonz\u00e1lez en entrevista exclusiva, dice: \u201cpresentamos denuncia y activaci\u00f3n que hemos realizado...","og_url":"https:\/\/arjenoticias.com.mx\/lo-mas-relevante\/en-manos-de-la-corte-cidh-esta-la-decision-de-anular-reforma-al-poder-judicial-y-ley-de-amparo-juan-marcos-gutierrez-g\/","article_publisher":"https:\/\/www.facebook.com\/ArjeNoticiasMX","article_published_time":"2025-12-05T02:19:16+00:00","og_image":[{"width":1024,"height":643,"url":"https:\/\/arjenoticias.com.mx\/wp-content\/uploads\/2025\/09\/economia-e1757106289130.jpg","type":"image\/jpeg"}],"author":"Ra\u00fal Monter Ortega","twitter_card":"summary_large_image","twitter_creator":"@ArjeNoticias","twitter_site":"@ArjeNoticias","twitter_misc":{"Escrito por":"Ra\u00fal Monter Ortega","Tiempo de lectura":"2 minutos"},"schema":{"@context":"https:\/\/schema.org","@graph":[{"@type":"Article","@id":"https:\/\/arjenoticias.com.mx\/lo-mas-relevante\/en-manos-de-la-corte-cidh-esta-la-decision-de-anular-reforma-al-poder-judicial-y-ley-de-amparo-juan-marcos-gutierrez-g\/#article","isPartOf":{"@id":"https:\/\/arjenoticias.com.mx\/lo-mas-relevante\/en-manos-de-la-corte-cidh-esta-la-decision-de-anular-reforma-al-poder-judicial-y-ley-de-amparo-juan-marcos-gutierrez-g\/"},"author":{"name":"Ra\u00fal Monter Ortega","@id":"https:\/\/arjenoticias.com.mx\/#\/schema\/person\/ea4e505f8f8f30d5745f4a0712a580d8"},"headline":"En manos de la Corte (CIDH) esta la decisi\u00f3n de anular reforma al Poder Judicial y Ley de Amparo: Juan Marcos Guti\u00e9rrez G","datePublished":"2025-12-05T02:19:16+00:00","mainEntityOfPage":{"@id":"https:\/\/arjenoticias.com.mx\/lo-mas-relevante\/en-manos-de-la-corte-cidh-esta-la-decision-de-anular-reforma-al-poder-judicial-y-ley-de-amparo-juan-marcos-gutierrez-g\/"},"wordCount":367,"publisher":{"@id":"https:\/\/arjenoticias.com.mx\/#organization"},"image":{"@id":"https:\/\/arjenoticias.com.mx\/lo-mas-relevante\/en-manos-de-la-corte-cidh-esta-la-decision-de-anular-reforma-al-poder-judicial-y-ley-de-amparo-juan-marcos-gutierrez-g\/#primaryimage"},"thumbnailUrl":"https:\/\/arjenoticias.com.mx\/wp-content\/uploads\/2025\/09\/economia-e1757106289130.jpg","keywords":["La Corte CIDH tiene en sus manos la anular reforma al PJ"],"articleSection":["Lo m\u00e1s relevante"],"inLanguage":"es"},{"@type":"WebPage","@id":"https:\/\/arjenoticias.com.mx\/lo-mas-relevante\/en-manos-de-la-corte-cidh-esta-la-decision-de-anular-reforma-al-poder-judicial-y-ley-de-amparo-juan-marcos-gutierrez-g\/","url":"https:\/\/arjenoticias.com.mx\/lo-mas-relevante\/en-manos-de-la-corte-cidh-esta-la-decision-de-anular-reforma-al-poder-judicial-y-ley-de-amparo-juan-marcos-gutierrez-g\/","name":"En manos de la Corte (CIDH) esta la decisi\u00f3n de anular reforma al Poder Judicial y Ley de Amparo: Juan Marcos Guti\u00e9rrez G -","isPartOf":{"@id":"https:\/\/arjenoticias.com.mx\/#website"},"primaryImageOfPage":{"@id":"https:\/\/arjenoticias.com.mx\/lo-mas-relevante\/en-manos-de-la-corte-cidh-esta-la-decision-de-anular-reforma-al-poder-judicial-y-ley-de-amparo-juan-marcos-gutierrez-g\/#primaryimage"},"image":{"@id":"https:\/\/arjenoticias.com.mx\/lo-mas-relevante\/en-manos-de-la-corte-cidh-esta-la-decision-de-anular-reforma-al-poder-judicial-y-ley-de-amparo-juan-marcos-gutierrez-g\/#primaryimage"},"thumbnailUrl":"https:\/\/arjenoticias.com.mx\/wp-content\/uploads\/2025\/09\/economia-e1757106289130.jpg","datePublished":"2025-12-05T02:19:16+00:00","breadcrumb":{"@id":"https:\/\/arjenoticias.com.mx\/lo-mas-relevante\/en-manos-de-la-corte-cidh-esta-la-decision-de-anular-reforma-al-poder-judicial-y-ley-de-amparo-juan-marcos-gutierrez-g\/#breadcrumb"},"inLanguage":"es","potentialAction":[{"@type":"ReadAction","target":["https:\/\/arjenoticias.com.mx\/lo-mas-relevante\/en-manos-de-la-corte-cidh-esta-la-decision-de-anular-reforma-al-poder-judicial-y-ley-de-amparo-juan-marcos-gutierrez-g\/"]}]},{"@type":"ImageObject","inLanguage":"es","@id":"https:\/\/arjenoticias.com.mx\/lo-mas-relevante\/en-manos-de-la-corte-cidh-esta-la-decision-de-anular-reforma-al-poder-judicial-y-ley-de-amparo-juan-marcos-gutierrez-g\/#primaryimage","url":"https:\/\/arjenoticias.com.mx\/wp-content\/uploads\/2025\/09\/economia-e1757106289130.jpg","contentUrl":"https:\/\/arjenoticias.com.mx\/wp-content\/uploads\/2025\/09\/economia-e1757106289130.jpg","width":1024,"height":643},{"@type":"BreadcrumbList","@id":"https:\/\/arjenoticias.com.mx\/lo-mas-relevante\/en-manos-de-la-corte-cidh-esta-la-decision-de-anular-reforma-al-poder-judicial-y-ley-de-amparo-juan-marcos-gutierrez-g\/#breadcrumb","itemListElement":[{"@type":"ListItem","position":1,"name":"Portada","item":"https:\/\/arjenoticias.com.mx\/"},{"@type":"ListItem","position":2,"name":"En manos de la Corte (CIDH) esta la decisi\u00f3n de anular reforma al Poder Judicial y Ley de Amparo: Juan Marcos Guti\u00e9rrez G"}]},{"@type":"WebSite","@id":"https:\/\/arjenoticias.com.mx\/#website","url":"https:\/\/arjenoticias.com.mx\/","name":"Arj\u00e9 M\u00e9xico","description":"","publisher":{"@id":"https:\/\/arjenoticias.com.mx\/#organization"},"potentialAction":[{"@type":"SearchAction","target":{"@type":"EntryPoint","urlTemplate":"https:\/\/arjenoticias.com.mx\/?s={search_term_string}"},"query-input":{"@type":"PropertyValueSpecification","valueRequired":true,"valueName":"search_term_string"}}],"inLanguage":"es"},{"@type":"Organization","@id":"https:\/\/arjenoticias.com.mx\/#organization","name":"Arj\u00e9 M\u00e9xico","url":"https:\/\/arjenoticias.com.mx\/","logo":{"@type":"ImageObject","inLanguage":"es","@id":"https:\/\/arjenoticias.com.mx\/#\/schema\/logo\/image\/","url":"https:\/\/arjenoticias.com\/wp-content\/uploads\/2026\/04\/cropped-cropped-logo-inverted-1-scaled-1.png","contentUrl":"https:\/\/arjenoticias.com\/wp-content\/uploads\/2026\/04\/cropped-cropped-logo-inverted-1-scaled-1.png","width":2556,"height":549,"caption":"Arj\u00e9 M\u00e9xico"},"image":{"@id":"https:\/\/arjenoticias.com.mx\/#\/schema\/logo\/image\/"},"sameAs":["https:\/\/www.facebook.com\/ArjeNoticiasMX","https:\/\/x.com\/ArjeNoticias"]},{"@type":"Person","@id":"https:\/\/arjenoticias.com.mx\/#\/schema\/person\/ea4e505f8f8f30d5745f4a0712a580d8","name":"Ra\u00fal Monter Ortega","image":{"@type":"ImageObject","inLanguage":"es","@id":"https:\/\/arjenoticias.com\/wp-content\/uploads\/2026\/04\/RAUL-MONTER-96x96.png","url":"https:\/\/arjenoticias.com\/wp-content\/uploads\/2026\/04\/RAUL-MONTER-96x96.png","contentUrl":"https:\/\/arjenoticias.com\/wp-content\/uploads\/2026\/04\/RAUL-MONTER-96x96.png","caption":"Ra\u00fal Monter Ortega"},"description":"Editorialista, observador y activista. Promotor de las libertades constitucionales de los mexicanos. Catedr\u00e1tico y vicerrector de ESPE.","url":"https:\/\/arjenoticias.com.mx\/author\/raul-monter-ortega\/"}]}},"featured_image_urls":{"full":["https:\/\/arjenoticias.com.mx\/wp-content\/uploads\/2025\/09\/economia-e1757106289130.jpg",1024,643,false],"thumbnail":["https:\/\/arjenoticias.com.mx\/wp-content\/uploads\/2025\/09\/economia-e1757106289130-150x150.jpg",150,150,true],"medium":["https:\/\/arjenoticias.com.mx\/wp-content\/uploads\/2025\/09\/economia-e1757106289130-300x188.jpg",300,188,true],"medium_large":["https:\/\/arjenoticias.com.mx\/wp-content\/uploads\/2025\/09\/economia-e1757106289130-768x482.jpg",640,402,true],"large":["https:\/\/arjenoticias.com.mx\/wp-content\/uploads\/2025\/09\/economia-e1757106289130.jpg",640,402,false],"1536x1536":["https:\/\/arjenoticias.com.mx\/wp-content\/uploads\/2025\/09\/economia-e1757106289130.jpg",1024,643,false],"2048x2048":["https:\/\/arjenoticias.com.mx\/wp-content\/uploads\/2025\/09\/economia-e1757106289130.jpg",1024,643,false],"covernews-featured":["https:\/\/arjenoticias.com.mx\/wp-content\/uploads\/2025\/09\/economia-e1757106289130.jpg",1024,643,false],"covernews-medium":["https:\/\/arjenoticias.com.mx\/wp-content\/uploads\/2025\/09\/economia-e1757106289130.jpg",540,340,false]},"author_info":{"info":["Ra\u00fal Monter Ortega"]},"category_info":"<a href=\"https:\/\/arjenoticias.com.mx\/category\/lo-mas-relevante\/\" rel=\"category tag\">Lo m\u00e1s relevante<\/a>","tag_info":"Lo m\u00e1s relevante","comment_count":"0","_links":{"self":[{"href":"https:\/\/arjenoticias.com.mx\/wp-json\/wp\/v2\/posts\/7815","targetHints":{"allow":["GET"]}}],"collection":[{"href":"https:\/\/arjenoticias.com.mx\/wp-json\/wp\/v2\/posts"}],"about":[{"href":"https:\/\/arjenoticias.com.mx\/wp-json\/wp\/v2\/types\/post"}],"author":[{"embeddable":true,"href":"https:\/\/arjenoticias.com.mx\/wp-json\/wp\/v2\/users\/8"}],"replies":[{"embeddable":true,"href":"https:\/\/arjenoticias.com.mx\/wp-json\/wp\/v2\/comments?post=7815"}],"version-history":[{"count":2,"href":"https:\/\/arjenoticias.com.mx\/wp-json\/wp\/v2\/posts\/7815\/revisions"}],"predecessor-version":[{"id":7817,"href":"https:\/\/arjenoticias.com.mx\/wp-json\/wp\/v2\/posts\/7815\/revisions\/7817"}],"wp:featuredmedia":[{"embeddable":true,"href":"https:\/\/arjenoticias.com.mx\/wp-json\/wp\/v2\/media\/4022"}],"wp:attachment":[{"href":"https:\/\/arjenoticias.com.mx\/wp-json\/wp\/v2\/media?parent=7815"}],"wp:term":[{"taxonomy":"category","embeddable":true,"href":"https:\/\/arjenoticias.com.mx\/wp-json\/wp\/v2\/categories?post=7815"},{"taxonomy":"post_tag","embeddable":true,"href":"https:\/\/arjenoticias.com.mx\/wp-json\/wp\/v2\/tags?post=7815"}],"curies":[{"name":"wp","href":"https:\/\/api.w.org\/{rel}","templated":true}]}}