{"id":7632,"date":"2025-11-27T10:46:28","date_gmt":"2025-11-27T16:46:28","guid":{"rendered":"https:\/\/arjenoticias.com\/?p=7632"},"modified":"2025-11-27T10:46:28","modified_gmt":"2025-11-27T16:46:28","slug":"plagio-academico-sin-mala-fe-salvador-reding","status":"publish","type":"post","link":"https:\/\/arjenoticias.com.mx\/?p=7632","title":{"rendered":"Plagio acad\u00e9mico \u00a1sin mala fe! Salvador Reding"},"content":{"rendered":"\n<p class=\"wp-block-paragraph\">Unas reflexiones antes de entrar en materia del plagio a la doctora Sof\u00eda Reding. A ver, una cosa es que alguien cite tus textos, tus conferencias o pl\u00e1ticas como un respaldo profesional, reconociendo al autor y otra es que a alguien que le gustan tus ideas, tus reflexiones acad\u00e9micas se las robe, las plagie sin miramiento ni reconocimiento alguno. Y siendo siempre motivo de enojo el que te plagien lo es m\u00e1s cuando ese delito lo comete alguien cercano a ti.<\/p>\n\n\n\n<p class=\"wp-block-paragraph\">Lo curioso es que a un plagiario no se le ocurra que el hecho sea descubierto, y reconocido por el verdadero autor, y m\u00e1s a\u00fan que se lo reclame formalmente. Y el plagio es un delito tipificado, por lo que como en ocasiones ha sucedido, el autor puede demandar al plagiario, al ladr\u00f3n, ante tribunales, con las consecuencias del caso. Hechos conocidos de reclamos de plagio de derechos de autor en el mundo, abundan, algunos implicando dineros a gran escala en asuntos comercializados.<\/p>\n\n\n\n<p class=\"wp-block-paragraph\">Har\u00e9 referencia a dos casos (sin los nombres) de tesistas pasantes de licenciatura que presentaron tesis ajenas como propias y que por accidente, digamos, fueron a parar a maestros de jurados propietarios originales de esas tesis, copias \u00edntegras, y por tanto teniendo por consecuencia la p\u00e9rdida de derechos del estudiante plagiario.<\/p>\n\n\n\n<p class=\"wp-block-paragraph\">Presento el caso de la doctora Sof\u00eda Reding, investigadora de la UNAM y conferenciante invitada a m\u00faltiples instituciones acad\u00e9micas de Am\u00e9rica Latina, que se encontr\u00f3 con que un antiguo alumno suyo, de licenciatura, le hab\u00eda plagiado tranquilamente textos suyos, y no una, sino \u00a1tres veces! (hasta donde la autora ha llegado a saberlo). El plagiario, de nombre Arturo Mota Rodr\u00edguez, (citar su nombre es legal, ya que present\u00f3 p\u00fablicamente el texto plagiado en tres ocasiones en medios acad\u00e9micos diversos), utiliz\u00f3 textos de la doctora Reding sin darle cr\u00e9dito alguno. \u00bfLos temas plagiados? \u201cDiversidad y democracia. Aportes de la hermen\u00e9utica anal\u00f3gica al di\u00e1logo intercultural\u201d y &#8220;La analog\u00eda como mediaci\u00f3n en el di\u00e1logo intercultural&#8221;. Ambos de 2007.<\/p>\n\n\n\n<p class=\"wp-block-paragraph\">Una vez en conocimiento de la autora, la misma present\u00f3 quejas y denuncias ante los medios acad\u00e9micos en donde se hicieron las presentaciones plagiadas por Mota Rodr\u00edguez, y ante el Sistema Nacional de Investigadores, y como \u00e9l se enter\u00f3, intent\u00f3 componer las cosas escribi\u00e9ndole en WhatsApp diciendo a la doctora Reding que (cito): \u201c\u2026 lamento mucho esta situaci\u00f3n. No ha sido en ning\u00fan modo de mala fe\u2026\u201d y que \u201cpor supuesto que deb\u00ed hacer la citaci\u00f3n correcta de los fragmentos de tu trabajo intelectual\u201d. Ya ha tenido la doctora Reding algunas respuestas a las quejas presentadas.<\/p>\n\n\n\n<p class=\"wp-block-paragraph\">\u00a1Por supuesto que debi\u00f3 citar las fuentes! Ahora bien, que un alumno de pregrado, o digamos de secundaria o preparatoria \u201colvide\u201d citar fuentes en trabajos acad\u00e9micos puede considerarse un desconocimiento de lo que es el derecho de autor; se puede entender. Lo que no es aceptable, cre\u00edble, es que un doctorado acad\u00e9mico y catedr\u00e1tico no haga las citas de autores de quienes toma texto. No a esas alturas de una carrera acad\u00e9mica.<\/p>\n\n\n\n<p class=\"wp-block-paragraph\">\u00bfPor qu\u00e9 hacer p\u00fablica esta informaci\u00f3n? Primeramente para proteger en lo debido los derechos de autor que se publicaron en diversos medios acreditados sin recato alguno como propios por el plagiario. \u00bfQu\u00e9 las quejas a instituciones en donde se publicaron los plagios da\u00f1an la carrera acad\u00e9mica de Mota Rodr\u00edguez? Sin duda, pero es el precio que en todos los casos de robo de derechos de autor\u00eda se paga (y en este caso sin denuncias penales). En el pecado va la penitencia. Es importante que quienes lean o escuchen (hay grabaciones) el texto plagiado a la doctora Reding sepan la verdad de su origen. Es asunto de justicia.<\/p>\n\n\n\n<p class=\"wp-block-paragraph\">La otra raz\u00f3n es que debe servir de experiencia en cabeza ajena a quienes en el medio acad\u00e9mico (en especial) decidan hacer suyos textos ajenos, que luego parece tan f\u00e1cil. Sobre todo a alumnado de postgrado y catedr\u00e1ticos, en que ya se han presentado trabajos acad\u00e9micos y tesis profesionales de grado y en los que debieron haberse salvaguardados derechos de terceros autores. El plagio puede hasta llevar a la c\u00e1rcel a plagiarios de derechos de autor e indemnizaciones en donde la legislaci\u00f3n as\u00ed lo prevea.<\/p>\n\n\n\n<p class=\"wp-block-paragraph\">Como ya escrib\u00ed hace tiempo en el caso de los textos plagiados incluidos en la tesis de Maestr\u00eda del entonces presidente Pe\u00f1a Nieto: \u201cOjal\u00e1 los actuales y futuros tesistas [agrego ahora catedr\u00e1ticos] aprendan una lecci\u00f3n y tomen nota de que el plagio literario es cada vez m\u00e1s f\u00e1cil de detectar. Si la Internet ayuda a localizar informaci\u00f3n, eso sirve tanto para hacer el \u201ccopy-and-paste\u201d como para conocer los or\u00edgenes de los textos e ideas, y por tanto los posibles plagios.\u201d Y ni hablar con la Inteligencia Artificial.<\/p>\n","protected":false},"excerpt":{"rendered":"<p>Unas reflexiones antes de entrar en materia del plagio a la doctora Sof\u00eda Reding. A&#8230;<\/p>\n","protected":false},"author":73,"featured_media":7633,"comment_status":"closed","ping_status":"closed","sticky":false,"template":"","format":"standard","meta":{"footnotes":""},"categories":[8],"tags":[],"class_list":["post-7632","post","type-post","status-publish","format-standard","has-post-thumbnail","hentry","category-los-poetas"],"yoast_head":"<!-- This site is optimized with the Yoast SEO plugin v28.4 - https:\/\/yoast.com\/product\/yoast-seo-wordpress\/ -->\n<title>Plagio acad\u00e9mico \u00a1sin mala fe! Salvador Reding -<\/title>\n<meta name=\"description\" content=\"El plagiario fue Arturo Mota Rodr\u00edguez alumno de la Dra Reding\" \/>\n<meta name=\"robots\" content=\"index, follow, max-snippet:-1, max-image-preview:large, max-video-preview:-1\" \/>\n<link rel=\"canonical\" href=\"https:\/\/arjenoticias.com.mx\/?p=7632\" \/>\n<meta property=\"og:locale\" content=\"es_MX\" \/>\n<meta property=\"og:type\" content=\"article\" \/>\n<meta property=\"og:title\" content=\"Plagio acad\u00e9mico \u00a1sin mala fe! Salvador Reding -\" \/>\n<meta property=\"og:description\" content=\"El plagiario fue Arturo Mota Rodr\u00edguez alumno de la Dra Reding\" \/>\n<meta property=\"og:url\" content=\"https:\/\/arjenoticias.com.mx\/?p=7632\" \/>\n<meta property=\"article:published_time\" content=\"2025-11-27T16:46:28+00:00\" \/>\n<meta name=\"author\" content=\"Salvador I. Reding Vida\u00f1a\" \/>\n<meta name=\"twitter:card\" content=\"summary_large_image\" \/>\n<meta name=\"twitter:label1\" content=\"Escrito por\" \/>\n\t<meta name=\"twitter:data1\" content=\"Salvador I. Reding Vida\u00f1a\" \/>\n\t<meta name=\"twitter:label2\" content=\"Tiempo de lectura\" \/>\n\t<meta name=\"twitter:data2\" content=\"4 minutos\" \/>\n<script type=\"application\/ld+json\" class=\"yoast-schema-graph\">{\"@context\":\"https:\\\/\\\/schema.org\",\"@graph\":[{\"@type\":\"Article\",\"@id\":\"https:\\\/\\\/arjenoticias.com.mx\\\/?p=7632#article\",\"isPartOf\":{\"@id\":\"https:\\\/\\\/arjenoticias.com.mx\\\/?p=7632\"},\"author\":{\"name\":\"Salvador I. Reding Vida\u00f1a\",\"@id\":\"https:\\\/\\\/arjenoticias.com.mx\\\/#\\\/schema\\\/person\\\/880d2723d0a1d9a423b3508e994ecc0a\"},\"headline\":\"Plagio acad\u00e9mico \u00a1sin mala fe! Salvador Reding\",\"datePublished\":\"2025-11-27T16:46:28+00:00\",\"mainEntityOfPage\":{\"@id\":\"https:\\\/\\\/arjenoticias.com.mx\\\/?p=7632\"},\"wordCount\":838,\"publisher\":{\"@id\":\"https:\\\/\\\/arjenoticias.com.mx\\\/#organization\"},\"image\":{\"@id\":\"https:\\\/\\\/arjenoticias.com.mx\\\/?p=7632#primaryimage\"},\"thumbnailUrl\":\"\",\"articleSection\":[\"Los poetas\"],\"inLanguage\":\"es\"},{\"@type\":\"WebPage\",\"@id\":\"https:\\\/\\\/arjenoticias.com.mx\\\/?p=7632\",\"url\":\"https:\\\/\\\/arjenoticias.com.mx\\\/?p=7632\",\"name\":\"Plagio acad\u00e9mico \u00a1sin mala fe! Salvador Reding -\",\"isPartOf\":{\"@id\":\"https:\\\/\\\/arjenoticias.com.mx\\\/#website\"},\"primaryImageOfPage\":{\"@id\":\"https:\\\/\\\/arjenoticias.com.mx\\\/?p=7632#primaryimage\"},\"image\":{\"@id\":\"https:\\\/\\\/arjenoticias.com.mx\\\/?p=7632#primaryimage\"},\"thumbnailUrl\":\"\",\"datePublished\":\"2025-11-27T16:46:28+00:00\",\"description\":\"El plagiario fue Arturo Mota Rodr\u00edguez alumno de la Dra Reding\",\"breadcrumb\":{\"@id\":\"https:\\\/\\\/arjenoticias.com.mx\\\/?p=7632#breadcrumb\"},\"inLanguage\":\"es\",\"potentialAction\":[{\"@type\":\"ReadAction\",\"target\":[\"https:\\\/\\\/arjenoticias.com.mx\\\/?p=7632\"]}]},{\"@type\":\"ImageObject\",\"inLanguage\":\"es\",\"@id\":\"https:\\\/\\\/arjenoticias.com.mx\\\/?p=7632#primaryimage\",\"url\":\"\",\"contentUrl\":\"\"},{\"@type\":\"BreadcrumbList\",\"@id\":\"https:\\\/\\\/arjenoticias.com.mx\\\/?p=7632#breadcrumb\",\"itemListElement\":[{\"@type\":\"ListItem\",\"position\":1,\"name\":\"Inicio\",\"item\":\"https:\\\/\\\/arjenoticias.com.mx\\\/\"},{\"@type\":\"ListItem\",\"position\":2,\"name\":\"Plagio acad\u00e9mico \u00a1sin mala fe! Salvador Reding\"}]},{\"@type\":\"WebSite\",\"@id\":\"https:\\\/\\\/arjenoticias.com.mx\\\/#website\",\"url\":\"https:\\\/\\\/arjenoticias.com.mx\\\/\",\"name\":\"arjenoticias.com.mx\",\"description\":\"\",\"publisher\":{\"@id\":\"https:\\\/\\\/arjenoticias.com.mx\\\/#organization\"},\"potentialAction\":[{\"@type\":\"SearchAction\",\"target\":{\"@type\":\"EntryPoint\",\"urlTemplate\":\"https:\\\/\\\/arjenoticias.com.mx\\\/?s={search_term_string}\"},\"query-input\":{\"@type\":\"PropertyValueSpecification\",\"valueRequired\":true,\"valueName\":\"search_term_string\"}}],\"inLanguage\":\"es\"},{\"@type\":\"Organization\",\"@id\":\"https:\\\/\\\/arjenoticias.com.mx\\\/#organization\",\"name\":\"Arj\u00e9 de M\u00e9xico Noticias\",\"url\":\"https:\\\/\\\/arjenoticias.com.mx\\\/\",\"logo\":{\"@type\":\"ImageObject\",\"inLanguage\":\"es\",\"@id\":\"https:\\\/\\\/arjenoticias.com.mx\\\/#\\\/schema\\\/logo\\\/image\\\/\",\"url\":\"https:\\\/\\\/arjenoticias.com.mx\\\/wp-content\\\/uploads\\\/2025\\\/07\\\/cropped-logo-scaled-1.png\",\"contentUrl\":\"https:\\\/\\\/arjenoticias.com.mx\\\/wp-content\\\/uploads\\\/2025\\\/07\\\/cropped-logo-scaled-1.png\",\"width\":2558,\"height\":558,\"caption\":\"Arj\u00e9 de M\u00e9xico Noticias\"},\"image\":{\"@id\":\"https:\\\/\\\/arjenoticias.com.mx\\\/#\\\/schema\\\/logo\\\/image\\\/\"}},{\"@type\":\"Person\",\"@id\":\"https:\\\/\\\/arjenoticias.com.mx\\\/#\\\/schema\\\/person\\\/880d2723d0a1d9a423b3508e994ecc0a\",\"name\":\"Salvador I. Reding Vida\u00f1a\",\"image\":{\"@type\":\"ImageObject\",\"inLanguage\":\"es\",\"@id\":\"https:\\\/\\\/secure.gravatar.com\\\/avatar\\\/5d50a133fa926121c1b0c9ea74327086b88f3048a538f056e2ec3833ae0215dd?s=96&d=mm&r=g\",\"url\":\"https:\\\/\\\/secure.gravatar.com\\\/avatar\\\/5d50a133fa926121c1b0c9ea74327086b88f3048a538f056e2ec3833ae0215dd?s=96&d=mm&r=g\",\"contentUrl\":\"https:\\\/\\\/secure.gravatar.com\\\/avatar\\\/5d50a133fa926121c1b0c9ea74327086b88f3048a538f056e2ec3833ae0215dd?s=96&d=mm&r=g\",\"caption\":\"Salvador I. Reding Vida\u00f1a\"},\"url\":\"https:\\\/\\\/arjenoticias.com.mx\\\/?author=73\"}]}<\/script>\n<!-- \/ Yoast SEO plugin. -->","yoast_head_json":{"title":"Plagio acad\u00e9mico \u00a1sin mala fe! Salvador Reding -","description":"El plagiario fue Arturo Mota Rodr\u00edguez alumno de la Dra Reding","robots":{"index":"index","follow":"follow","max-snippet":"max-snippet:-1","max-image-preview":"max-image-preview:large","max-video-preview":"max-video-preview:-1"},"canonical":"https:\/\/arjenoticias.com.mx\/?p=7632","og_locale":"es_MX","og_type":"article","og_title":"Plagio acad\u00e9mico \u00a1sin mala fe! Salvador Reding -","og_description":"El plagiario fue Arturo Mota Rodr\u00edguez alumno de la Dra Reding","og_url":"https:\/\/arjenoticias.com.mx\/?p=7632","article_published_time":"2025-11-27T16:46:28+00:00","author":"Salvador I. Reding Vida\u00f1a","twitter_card":"summary_large_image","twitter_misc":{"Escrito por":"Salvador I. Reding Vida\u00f1a","Tiempo de lectura":"4 minutos"},"schema":{"@context":"https:\/\/schema.org","@graph":[{"@type":"Article","@id":"https:\/\/arjenoticias.com.mx\/?p=7632#article","isPartOf":{"@id":"https:\/\/arjenoticias.com.mx\/?p=7632"},"author":{"name":"Salvador I. Reding Vida\u00f1a","@id":"https:\/\/arjenoticias.com.mx\/#\/schema\/person\/880d2723d0a1d9a423b3508e994ecc0a"},"headline":"Plagio acad\u00e9mico \u00a1sin mala fe! Salvador Reding","datePublished":"2025-11-27T16:46:28+00:00","mainEntityOfPage":{"@id":"https:\/\/arjenoticias.com.mx\/?p=7632"},"wordCount":838,"publisher":{"@id":"https:\/\/arjenoticias.com.mx\/#organization"},"image":{"@id":"https:\/\/arjenoticias.com.mx\/?p=7632#primaryimage"},"thumbnailUrl":"","articleSection":["Los poetas"],"inLanguage":"es"},{"@type":"WebPage","@id":"https:\/\/arjenoticias.com.mx\/?p=7632","url":"https:\/\/arjenoticias.com.mx\/?p=7632","name":"Plagio acad\u00e9mico \u00a1sin mala fe! Salvador Reding -","isPartOf":{"@id":"https:\/\/arjenoticias.com.mx\/#website"},"primaryImageOfPage":{"@id":"https:\/\/arjenoticias.com.mx\/?p=7632#primaryimage"},"image":{"@id":"https:\/\/arjenoticias.com.mx\/?p=7632#primaryimage"},"thumbnailUrl":"","datePublished":"2025-11-27T16:46:28+00:00","description":"El plagiario fue Arturo Mota Rodr\u00edguez alumno de la Dra Reding","breadcrumb":{"@id":"https:\/\/arjenoticias.com.mx\/?p=7632#breadcrumb"},"inLanguage":"es","potentialAction":[{"@type":"ReadAction","target":["https:\/\/arjenoticias.com.mx\/?p=7632"]}]},{"@type":"ImageObject","inLanguage":"es","@id":"https:\/\/arjenoticias.com.mx\/?p=7632#primaryimage","url":"","contentUrl":""},{"@type":"BreadcrumbList","@id":"https:\/\/arjenoticias.com.mx\/?p=7632#breadcrumb","itemListElement":[{"@type":"ListItem","position":1,"name":"Inicio","item":"https:\/\/arjenoticias.com.mx\/"},{"@type":"ListItem","position":2,"name":"Plagio acad\u00e9mico \u00a1sin mala fe! Salvador Reding"}]},{"@type":"WebSite","@id":"https:\/\/arjenoticias.com.mx\/#website","url":"https:\/\/arjenoticias.com.mx\/","name":"arjenoticias.com.mx","description":"","publisher":{"@id":"https:\/\/arjenoticias.com.mx\/#organization"},"potentialAction":[{"@type":"SearchAction","target":{"@type":"EntryPoint","urlTemplate":"https:\/\/arjenoticias.com.mx\/?s={search_term_string}"},"query-input":{"@type":"PropertyValueSpecification","valueRequired":true,"valueName":"search_term_string"}}],"inLanguage":"es"},{"@type":"Organization","@id":"https:\/\/arjenoticias.com.mx\/#organization","name":"Arj\u00e9 de M\u00e9xico Noticias","url":"https:\/\/arjenoticias.com.mx\/","logo":{"@type":"ImageObject","inLanguage":"es","@id":"https:\/\/arjenoticias.com.mx\/#\/schema\/logo\/image\/","url":"https:\/\/arjenoticias.com.mx\/wp-content\/uploads\/2025\/07\/cropped-logo-scaled-1.png","contentUrl":"https:\/\/arjenoticias.com.mx\/wp-content\/uploads\/2025\/07\/cropped-logo-scaled-1.png","width":2558,"height":558,"caption":"Arj\u00e9 de M\u00e9xico Noticias"},"image":{"@id":"https:\/\/arjenoticias.com.mx\/#\/schema\/logo\/image\/"}},{"@type":"Person","@id":"https:\/\/arjenoticias.com.mx\/#\/schema\/person\/880d2723d0a1d9a423b3508e994ecc0a","name":"Salvador I. Reding Vida\u00f1a","image":{"@type":"ImageObject","inLanguage":"es","@id":"https:\/\/secure.gravatar.com\/avatar\/5d50a133fa926121c1b0c9ea74327086b88f3048a538f056e2ec3833ae0215dd?s=96&d=mm&r=g","url":"https:\/\/secure.gravatar.com\/avatar\/5d50a133fa926121c1b0c9ea74327086b88f3048a538f056e2ec3833ae0215dd?s=96&d=mm&r=g","contentUrl":"https:\/\/secure.gravatar.com\/avatar\/5d50a133fa926121c1b0c9ea74327086b88f3048a538f056e2ec3833ae0215dd?s=96&d=mm&r=g","caption":"Salvador I. Reding Vida\u00f1a"},"url":"https:\/\/arjenoticias.com.mx\/?author=73"}]}},"_links":{"self":[{"href":"https:\/\/arjenoticias.com.mx\/index.php?rest_route=\/wp\/v2\/posts\/7632","targetHints":{"allow":["GET"]}}],"collection":[{"href":"https:\/\/arjenoticias.com.mx\/index.php?rest_route=\/wp\/v2\/posts"}],"about":[{"href":"https:\/\/arjenoticias.com.mx\/index.php?rest_route=\/wp\/v2\/types\/post"}],"author":[{"embeddable":true,"href":"https:\/\/arjenoticias.com.mx\/index.php?rest_route=\/wp\/v2\/users\/73"}],"replies":[{"embeddable":true,"href":"https:\/\/arjenoticias.com.mx\/index.php?rest_route=%2Fwp%2Fv2%2Fcomments&post=7632"}],"version-history":[{"count":0,"href":"https:\/\/arjenoticias.com.mx\/index.php?rest_route=\/wp\/v2\/posts\/7632\/revisions"}],"wp:attachment":[{"href":"https:\/\/arjenoticias.com.mx\/index.php?rest_route=%2Fwp%2Fv2%2Fmedia&parent=7632"}],"wp:term":[{"taxonomy":"category","embeddable":true,"href":"https:\/\/arjenoticias.com.mx\/index.php?rest_route=%2Fwp%2Fv2%2Fcategories&post=7632"},{"taxonomy":"post_tag","embeddable":true,"href":"https:\/\/arjenoticias.com.mx\/index.php?rest_route=%2Fwp%2Fv2%2Ftags&post=7632"}],"curies":[{"name":"wp","href":"https:\/\/api.w.org\/{rel}","templated":true}]}}