{"id":7331,"date":"2025-11-18T07:11:06","date_gmt":"2025-11-18T13:11:06","guid":{"rendered":"https:\/\/arjenoticias.com\/?p=7331"},"modified":"2025-11-18T07:11:06","modified_gmt":"2025-11-18T13:11:06","slug":"humanismo-contra-populismo-tomas-trueba-gracian","status":"publish","type":"post","link":"https:\/\/arjenoticias.com.mx\/?p=7331","title":{"rendered":"Humanismo contra populismo,: Tom\u00e1s Trueba Graci\u00e1n"},"content":{"rendered":"\n<p class=\"wp-block-paragraph\">En M\u00e9xico desde hace 7 a\u00f1os estamos padeciendo un gobierno dictatorial, mentiroso, populista que se ha aprovechado del Poder para dormir a la ciudadan\u00eda desde el p\u00falpito del Palacio Nacional. La \u00fanica verdad es que desde que L\u00f3pez Obrador lleg\u00f3 a la presidencia tenemos un gobierno populista. Aunque despu\u00e9s en su estrategia para enga\u00f1ar m\u00e1s al pueblo, llam\u00f3 a su gobierno, el Humanismo Mexicano.<\/p>\n\n\n\n<p class=\"wp-block-paragraph\">El \u00fanico Partido Pol\u00edtico humanista en M\u00e9xico es el PAN, incluso Don Efra\u00edn Gonz\u00e1lez Luna cuando defini\u00f3 la pol\u00edtica del Partido, lo dijo claro y fuerte somos un Partido Humanista. Nos basamos en los cuatro pilares del humanismo pol\u00edtico: El respeto a la dignidad de la persona humana, la solidaridad, la subsidiariedad y el bien com\u00fan.<\/p>\n\n\n\n<p class=\"wp-block-paragraph\">Todo lo que he le\u00eddo e investigado me lleva a la conclusi\u00f3n de que los populistas no pueden ser humanistas. Eso es una mentira. Eso es demagogia. \u201cUn humanismo tanto m\u00e1s cuanto no adora al hombre, sino que respeta, real y efectivamente, la dignidad humana y reconoce derechos a las exigencias integrales de la persona\u201d Jacques Maritain. El populismo, en su sentido m\u00e1s estudiado, suele depender de una divisi\u00f3n simplista y conflictiva entre &#8220;el pueblo&#8221; y una &#8220;\u00e9lite corrupta&#8221;, lo que lo aleja del respeto a la pluralidad y la diversidad que promueve el humanismo.&nbsp;<\/p>\n\n\n\n<p class=\"wp-block-paragraph\">Humanismo sostiene la primac\u00eda de las personas sobre las cosas, de la \u00e9tica sobre la t\u00e9cnica y del esp\u00edritu por encima de la materia, dec\u00eda Manuel G\u00f3mez Mor\u00edn. El humanismo cree en la supremac\u00eda del ser humano sobre el Estado y en su deber de colaborar en la construcci\u00f3n del Bien Com\u00fan, promueve pol\u00edticas sociales solidarias pero se destaca el subsidiarismo para el Bien Com\u00fan. Valora la pluralidad, la diversidad y la diferencia como caracter\u00edsticas esenciales de la sociedad. El humanismo busca la unidad en la diversidad y la construcci\u00f3n de espacios de convergencia para todas las personas. Promueve la autonom\u00eda, la capacidad de elecci\u00f3n y el pensamiento cr\u00edtico de cada ser humano, en lugar de depender de una figura mesi\u00e1nica. Pone el \u00e9nfasis en la protecci\u00f3n de las minor\u00edas y la promoci\u00f3n de la dignidad de cada persona. Se basa en un marco de respeto por el estado de derecho, la divisi\u00f3n de poderes y las libertades civiles. Ve la pol\u00edtica como un proceso de cooperaci\u00f3n y deliberaci\u00f3n mutua para el bien com\u00fan, en lugar de una batalla entre el bien y el mal.<\/p>\n\n\n\n<p class=\"wp-block-paragraph\">El populismo presenta a la sociedad de forma binaria: un pueblo homog\u00e9neo con una voluntad unificada, frente a una \u00e9lite corrupta.&nbsp;Se centra en la figura de un l\u00edder carism\u00e1tico que se presenta como la encarnaci\u00f3n de la voluntad del pueblo. Minimiza el papel de las instituciones democr\u00e1ticas. A pesar de que la ret\u00f3rica populista puede incorporar el discurso de los derechos humanos, a menudo redefine o limita su aplicaci\u00f3n, especialmente los derechos de las minor\u00edas. Esto puede incluir un desd\u00e9n por los derechos civiles y pol\u00edticos que son vistos como instrumentos de la \u00e9lite. Puede ser ambiguo o incluso hostil hacia los sistemas democr\u00e1ticos complejos, prefiriendo mecanismos de democracia directa que favorezcan el poder del l\u00edder. Los gobiernos populistas pueden socavar las instituciones democr\u00e1ticas, como la independencia judicial o la sociedad civil, para consolidar su poder.<\/p>\n\n\n\n<p class=\"wp-block-paragraph\">Por eso este gobierno populista no puede ser humanista.<\/p>\n","protected":false},"excerpt":{"rendered":"<p>En M\u00e9xico desde hace 7 a\u00f1os estamos padeciendo un gobierno dictatorial, mentiroso, populista que se&#8230;<\/p>\n","protected":false},"author":84,"featured_media":7332,"comment_status":"closed","ping_status":"closed","sticky":false,"template":"","format":"standard","meta":{"footnotes":""},"categories":[12,13],"tags":[],"class_list":["post-7331","post","type-post","status-publish","format-standard","has-post-thumbnail","hentry","category-opinion","category-politica"],"yoast_head":"<!-- This site is optimized with the Yoast SEO plugin v28.4 - https:\/\/yoast.com\/product\/yoast-seo-wordpress\/ -->\n<title>Humanismo contra populismo,: Tom\u00e1s Trueba Graci\u00e1n -<\/title>\n<meta name=\"description\" content=\"Humanismo sostiene la primac\u00eda de las personas sobre las cosas, de la \u00e9tica sobre la t\u00e9cnica y del esp\u00edritu por encima de la materia, dec\u00eda Manuel G\u00f3mez Mor\u00edn.\" \/>\n<meta name=\"robots\" content=\"index, follow, max-snippet:-1, max-image-preview:large, max-video-preview:-1\" \/>\n<link rel=\"canonical\" href=\"https:\/\/arjenoticias.com.mx\/?p=7331\" \/>\n<meta property=\"og:locale\" content=\"es_MX\" \/>\n<meta property=\"og:type\" content=\"article\" \/>\n<meta property=\"og:title\" content=\"Humanismo contra populismo,: Tom\u00e1s Trueba Graci\u00e1n -\" \/>\n<meta property=\"og:description\" content=\"Humanismo sostiene la primac\u00eda de las personas sobre las cosas, de la \u00e9tica sobre la t\u00e9cnica y del esp\u00edritu por encima de la materia, dec\u00eda Manuel G\u00f3mez Mor\u00edn.\" \/>\n<meta property=\"og:url\" content=\"https:\/\/arjenoticias.com.mx\/?p=7331\" \/>\n<meta property=\"article:published_time\" content=\"2025-11-18T13:11:06+00:00\" \/>\n<meta name=\"author\" content=\"Tomas Trueba\" \/>\n<meta name=\"twitter:card\" content=\"summary_large_image\" \/>\n<meta name=\"twitter:label1\" content=\"Escrito por\" \/>\n\t<meta name=\"twitter:data1\" content=\"Tomas Trueba\" \/>\n\t<meta name=\"twitter:label2\" content=\"Tiempo de lectura\" \/>\n\t<meta name=\"twitter:data2\" content=\"3 minutos\" \/>\n<script type=\"application\/ld+json\" class=\"yoast-schema-graph\">{\"@context\":\"https:\\\/\\\/schema.org\",\"@graph\":[{\"@type\":\"Article\",\"@id\":\"https:\\\/\\\/arjenoticias.com.mx\\\/?p=7331#article\",\"isPartOf\":{\"@id\":\"https:\\\/\\\/arjenoticias.com.mx\\\/?p=7331\"},\"author\":{\"name\":\"Tomas Trueba\",\"@id\":\"https:\\\/\\\/arjenoticias.com.mx\\\/#\\\/schema\\\/person\\\/b62ec58c2fef0166751899d01844f81f\"},\"headline\":\"Humanismo contra populismo,: Tom\u00e1s Trueba Graci\u00e1n\",\"datePublished\":\"2025-11-18T13:11:06+00:00\",\"mainEntityOfPage\":{\"@id\":\"https:\\\/\\\/arjenoticias.com.mx\\\/?p=7331\"},\"wordCount\":613,\"publisher\":{\"@id\":\"https:\\\/\\\/arjenoticias.com.mx\\\/#organization\"},\"image\":{\"@id\":\"https:\\\/\\\/arjenoticias.com.mx\\\/?p=7331#primaryimage\"},\"thumbnailUrl\":\"\",\"articleSection\":[\"Opini\u00f3n\",\"Pol\u00edtica\"],\"inLanguage\":\"es\"},{\"@type\":\"WebPage\",\"@id\":\"https:\\\/\\\/arjenoticias.com.mx\\\/?p=7331\",\"url\":\"https:\\\/\\\/arjenoticias.com.mx\\\/?p=7331\",\"name\":\"Humanismo contra populismo,: Tom\u00e1s Trueba Graci\u00e1n -\",\"isPartOf\":{\"@id\":\"https:\\\/\\\/arjenoticias.com.mx\\\/#website\"},\"primaryImageOfPage\":{\"@id\":\"https:\\\/\\\/arjenoticias.com.mx\\\/?p=7331#primaryimage\"},\"image\":{\"@id\":\"https:\\\/\\\/arjenoticias.com.mx\\\/?p=7331#primaryimage\"},\"thumbnailUrl\":\"\",\"datePublished\":\"2025-11-18T13:11:06+00:00\",\"description\":\"Humanismo sostiene la primac\u00eda de las personas sobre las cosas, de la \u00e9tica sobre la t\u00e9cnica y del esp\u00edritu por encima de la materia, dec\u00eda Manuel G\u00f3mez Mor\u00edn.\",\"breadcrumb\":{\"@id\":\"https:\\\/\\\/arjenoticias.com.mx\\\/?p=7331#breadcrumb\"},\"inLanguage\":\"es\",\"potentialAction\":[{\"@type\":\"ReadAction\",\"target\":[\"https:\\\/\\\/arjenoticias.com.mx\\\/?p=7331\"]}]},{\"@type\":\"ImageObject\",\"inLanguage\":\"es\",\"@id\":\"https:\\\/\\\/arjenoticias.com.mx\\\/?p=7331#primaryimage\",\"url\":\"\",\"contentUrl\":\"\"},{\"@type\":\"BreadcrumbList\",\"@id\":\"https:\\\/\\\/arjenoticias.com.mx\\\/?p=7331#breadcrumb\",\"itemListElement\":[{\"@type\":\"ListItem\",\"position\":1,\"name\":\"Inicio\",\"item\":\"https:\\\/\\\/arjenoticias.com.mx\\\/\"},{\"@type\":\"ListItem\",\"position\":2,\"name\":\"Humanismo contra populismo,: Tom\u00e1s Trueba Graci\u00e1n\"}]},{\"@type\":\"WebSite\",\"@id\":\"https:\\\/\\\/arjenoticias.com.mx\\\/#website\",\"url\":\"https:\\\/\\\/arjenoticias.com.mx\\\/\",\"name\":\"arjenoticias.com.mx\",\"description\":\"\",\"publisher\":{\"@id\":\"https:\\\/\\\/arjenoticias.com.mx\\\/#organization\"},\"potentialAction\":[{\"@type\":\"SearchAction\",\"target\":{\"@type\":\"EntryPoint\",\"urlTemplate\":\"https:\\\/\\\/arjenoticias.com.mx\\\/?s={search_term_string}\"},\"query-input\":{\"@type\":\"PropertyValueSpecification\",\"valueRequired\":true,\"valueName\":\"search_term_string\"}}],\"inLanguage\":\"es\"},{\"@type\":\"Organization\",\"@id\":\"https:\\\/\\\/arjenoticias.com.mx\\\/#organization\",\"name\":\"Arj\u00e9 de M\u00e9xico Noticias\",\"url\":\"https:\\\/\\\/arjenoticias.com.mx\\\/\",\"logo\":{\"@type\":\"ImageObject\",\"inLanguage\":\"es\",\"@id\":\"https:\\\/\\\/arjenoticias.com.mx\\\/#\\\/schema\\\/logo\\\/image\\\/\",\"url\":\"https:\\\/\\\/arjenoticias.com.mx\\\/wp-content\\\/uploads\\\/2025\\\/07\\\/cropped-logo-scaled-1.png\",\"contentUrl\":\"https:\\\/\\\/arjenoticias.com.mx\\\/wp-content\\\/uploads\\\/2025\\\/07\\\/cropped-logo-scaled-1.png\",\"width\":2558,\"height\":558,\"caption\":\"Arj\u00e9 de M\u00e9xico Noticias\"},\"image\":{\"@id\":\"https:\\\/\\\/arjenoticias.com.mx\\\/#\\\/schema\\\/logo\\\/image\\\/\"}},{\"@type\":\"Person\",\"@id\":\"https:\\\/\\\/arjenoticias.com.mx\\\/#\\\/schema\\\/person\\\/b62ec58c2fef0166751899d01844f81f\",\"name\":\"Tomas Trueba\",\"image\":{\"@type\":\"ImageObject\",\"inLanguage\":\"es\",\"@id\":\"https:\\\/\\\/secure.gravatar.com\\\/avatar\\\/1c56a468f8a7c6a6457990fa923319e3fbd7da41f6aa89e30ebd298d77ce5c33?s=96&d=mm&r=g\",\"url\":\"https:\\\/\\\/secure.gravatar.com\\\/avatar\\\/1c56a468f8a7c6a6457990fa923319e3fbd7da41f6aa89e30ebd298d77ce5c33?s=96&d=mm&r=g\",\"contentUrl\":\"https:\\\/\\\/secure.gravatar.com\\\/avatar\\\/1c56a468f8a7c6a6457990fa923319e3fbd7da41f6aa89e30ebd298d77ce5c33?s=96&d=mm&r=g\",\"caption\":\"Tomas Trueba\"},\"url\":\"https:\\\/\\\/arjenoticias.com.mx\\\/?author=84\"}]}<\/script>\n<!-- \/ Yoast SEO plugin. -->","yoast_head_json":{"title":"Humanismo contra populismo,: Tom\u00e1s Trueba Graci\u00e1n -","description":"Humanismo sostiene la primac\u00eda de las personas sobre las cosas, de la \u00e9tica sobre la t\u00e9cnica y del esp\u00edritu por encima de la materia, dec\u00eda Manuel G\u00f3mez Mor\u00edn.","robots":{"index":"index","follow":"follow","max-snippet":"max-snippet:-1","max-image-preview":"max-image-preview:large","max-video-preview":"max-video-preview:-1"},"canonical":"https:\/\/arjenoticias.com.mx\/?p=7331","og_locale":"es_MX","og_type":"article","og_title":"Humanismo contra populismo,: Tom\u00e1s Trueba Graci\u00e1n -","og_description":"Humanismo sostiene la primac\u00eda de las personas sobre las cosas, de la \u00e9tica sobre la t\u00e9cnica y del esp\u00edritu por encima de la materia, dec\u00eda Manuel G\u00f3mez Mor\u00edn.","og_url":"https:\/\/arjenoticias.com.mx\/?p=7331","article_published_time":"2025-11-18T13:11:06+00:00","author":"Tomas Trueba","twitter_card":"summary_large_image","twitter_misc":{"Escrito por":"Tomas Trueba","Tiempo de lectura":"3 minutos"},"schema":{"@context":"https:\/\/schema.org","@graph":[{"@type":"Article","@id":"https:\/\/arjenoticias.com.mx\/?p=7331#article","isPartOf":{"@id":"https:\/\/arjenoticias.com.mx\/?p=7331"},"author":{"name":"Tomas Trueba","@id":"https:\/\/arjenoticias.com.mx\/#\/schema\/person\/b62ec58c2fef0166751899d01844f81f"},"headline":"Humanismo contra populismo,: Tom\u00e1s Trueba Graci\u00e1n","datePublished":"2025-11-18T13:11:06+00:00","mainEntityOfPage":{"@id":"https:\/\/arjenoticias.com.mx\/?p=7331"},"wordCount":613,"publisher":{"@id":"https:\/\/arjenoticias.com.mx\/#organization"},"image":{"@id":"https:\/\/arjenoticias.com.mx\/?p=7331#primaryimage"},"thumbnailUrl":"","articleSection":["Opini\u00f3n","Pol\u00edtica"],"inLanguage":"es"},{"@type":"WebPage","@id":"https:\/\/arjenoticias.com.mx\/?p=7331","url":"https:\/\/arjenoticias.com.mx\/?p=7331","name":"Humanismo contra populismo,: Tom\u00e1s Trueba Graci\u00e1n -","isPartOf":{"@id":"https:\/\/arjenoticias.com.mx\/#website"},"primaryImageOfPage":{"@id":"https:\/\/arjenoticias.com.mx\/?p=7331#primaryimage"},"image":{"@id":"https:\/\/arjenoticias.com.mx\/?p=7331#primaryimage"},"thumbnailUrl":"","datePublished":"2025-11-18T13:11:06+00:00","description":"Humanismo sostiene la primac\u00eda de las personas sobre las cosas, de la \u00e9tica sobre la t\u00e9cnica y del esp\u00edritu por encima de la materia, dec\u00eda Manuel G\u00f3mez Mor\u00edn.","breadcrumb":{"@id":"https:\/\/arjenoticias.com.mx\/?p=7331#breadcrumb"},"inLanguage":"es","potentialAction":[{"@type":"ReadAction","target":["https:\/\/arjenoticias.com.mx\/?p=7331"]}]},{"@type":"ImageObject","inLanguage":"es","@id":"https:\/\/arjenoticias.com.mx\/?p=7331#primaryimage","url":"","contentUrl":""},{"@type":"BreadcrumbList","@id":"https:\/\/arjenoticias.com.mx\/?p=7331#breadcrumb","itemListElement":[{"@type":"ListItem","position":1,"name":"Inicio","item":"https:\/\/arjenoticias.com.mx\/"},{"@type":"ListItem","position":2,"name":"Humanismo contra populismo,: Tom\u00e1s Trueba Graci\u00e1n"}]},{"@type":"WebSite","@id":"https:\/\/arjenoticias.com.mx\/#website","url":"https:\/\/arjenoticias.com.mx\/","name":"arjenoticias.com.mx","description":"","publisher":{"@id":"https:\/\/arjenoticias.com.mx\/#organization"},"potentialAction":[{"@type":"SearchAction","target":{"@type":"EntryPoint","urlTemplate":"https:\/\/arjenoticias.com.mx\/?s={search_term_string}"},"query-input":{"@type":"PropertyValueSpecification","valueRequired":true,"valueName":"search_term_string"}}],"inLanguage":"es"},{"@type":"Organization","@id":"https:\/\/arjenoticias.com.mx\/#organization","name":"Arj\u00e9 de M\u00e9xico Noticias","url":"https:\/\/arjenoticias.com.mx\/","logo":{"@type":"ImageObject","inLanguage":"es","@id":"https:\/\/arjenoticias.com.mx\/#\/schema\/logo\/image\/","url":"https:\/\/arjenoticias.com.mx\/wp-content\/uploads\/2025\/07\/cropped-logo-scaled-1.png","contentUrl":"https:\/\/arjenoticias.com.mx\/wp-content\/uploads\/2025\/07\/cropped-logo-scaled-1.png","width":2558,"height":558,"caption":"Arj\u00e9 de M\u00e9xico Noticias"},"image":{"@id":"https:\/\/arjenoticias.com.mx\/#\/schema\/logo\/image\/"}},{"@type":"Person","@id":"https:\/\/arjenoticias.com.mx\/#\/schema\/person\/b62ec58c2fef0166751899d01844f81f","name":"Tomas Trueba","image":{"@type":"ImageObject","inLanguage":"es","@id":"https:\/\/secure.gravatar.com\/avatar\/1c56a468f8a7c6a6457990fa923319e3fbd7da41f6aa89e30ebd298d77ce5c33?s=96&d=mm&r=g","url":"https:\/\/secure.gravatar.com\/avatar\/1c56a468f8a7c6a6457990fa923319e3fbd7da41f6aa89e30ebd298d77ce5c33?s=96&d=mm&r=g","contentUrl":"https:\/\/secure.gravatar.com\/avatar\/1c56a468f8a7c6a6457990fa923319e3fbd7da41f6aa89e30ebd298d77ce5c33?s=96&d=mm&r=g","caption":"Tomas Trueba"},"url":"https:\/\/arjenoticias.com.mx\/?author=84"}]}},"_links":{"self":[{"href":"https:\/\/arjenoticias.com.mx\/index.php?rest_route=\/wp\/v2\/posts\/7331","targetHints":{"allow":["GET"]}}],"collection":[{"href":"https:\/\/arjenoticias.com.mx\/index.php?rest_route=\/wp\/v2\/posts"}],"about":[{"href":"https:\/\/arjenoticias.com.mx\/index.php?rest_route=\/wp\/v2\/types\/post"}],"author":[{"embeddable":true,"href":"https:\/\/arjenoticias.com.mx\/index.php?rest_route=\/wp\/v2\/users\/84"}],"replies":[{"embeddable":true,"href":"https:\/\/arjenoticias.com.mx\/index.php?rest_route=%2Fwp%2Fv2%2Fcomments&post=7331"}],"version-history":[{"count":0,"href":"https:\/\/arjenoticias.com.mx\/index.php?rest_route=\/wp\/v2\/posts\/7331\/revisions"}],"wp:attachment":[{"href":"https:\/\/arjenoticias.com.mx\/index.php?rest_route=%2Fwp%2Fv2%2Fmedia&parent=7331"}],"wp:term":[{"taxonomy":"category","embeddable":true,"href":"https:\/\/arjenoticias.com.mx\/index.php?rest_route=%2Fwp%2Fv2%2Fcategories&post=7331"},{"taxonomy":"post_tag","embeddable":true,"href":"https:\/\/arjenoticias.com.mx\/index.php?rest_route=%2Fwp%2Fv2%2Ftags&post=7331"}],"curies":[{"name":"wp","href":"https:\/\/api.w.org\/{rel}","templated":true}]}}