{"id":7261,"date":"2025-11-15T09:38:09","date_gmt":"2025-11-15T15:38:09","guid":{"rendered":"https:\/\/arjenoticias.com\/?p=7261"},"modified":"2025-11-15T09:38:09","modified_gmt":"2025-11-15T15:38:09","slug":"prediabetes-y-universidad-de-guanajuato","status":"publish","type":"post","link":"https:\/\/arjenoticias.com.mx\/?p=7261","title":{"rendered":"PreDiabetes y Universidad de Guanajuato"},"content":{"rendered":"\n<p class=\"wp-block-paragraph\">La prediabetes: reto urgente para la salud p\u00fablica en Guanajuato y la acci\u00f3n educativa de la Universidad<\/p>\n\n\n\n<p class=\"wp-block-paragraph\">&#8220;<em>La educaci\u00f3n es el arma m\u00e1s poderosa para cambiar el mundo<\/em>\u201d Nelson Mandela<\/p>\n\n\n\n<p class=\"wp-block-paragraph\">En Guanajuato, la diabetes mellitus tipo 2 (DM2) y, sobre todo, la prediabetes se han consolidado como una de las principales problem\u00e1ticas de salud p\u00fablica. No s\u00f3lo comprometen la vida y la salud, tambi\u00e9n afectan la productividad y el bienestar de m\u00e1s de medio mill\u00f3n de personas adultas. Los datos m\u00e1s recientes de la ENSANUT Continua Guanajuato muestran la magnitud y la urgencia del problema y, al mismo tiempo, respaldan la necesidad de estrategias educativas y de pol\u00edticas p\u00fablicas innovadoras como el&nbsp;<a href=\"https:\/\/evida.ugto.mx\/catalogo\/diplomado-en-educacion-terapeutica-en-diabetes\/\"><u>Diplomadoen Educaci\u00f3n Terap\u00e9utica y Promoci\u00f3n de la Vida Saludable en Diabetes<\/u><\/a>, que se desarrolla en el Campus Le\u00f3n de la Universidad de Guanajuato (UG).<\/p>\n\n\n\n<p class=\"wp-block-paragraph\">Este diplomado, liderado por el Rector del Campus Le\u00f3n, Dr. Mauro Napsuciale Mendivil, el Dr. Sergio M\u00e1rquez Gami\u00f1o y la Lic. Carolina Cabrera de la Cruz en coordinaci\u00f3n con la Asociaci\u00f3n Mexicana de Diabetes en Guanajuato A.C., se ha convertido en un pilar acad\u00e9mico que dialoga directamente con las pol\u00edticas p\u00fablicas estatales de prevenci\u00f3n, detecci\u00f3n y control de la enfermedad. Es un ejemplo concreto de c\u00f3mo la Universidad se vincula con la sociedad y con el sistema de salud.<\/p>\n\n\n\n<p class=\"wp-block-paragraph\">Por su parte, el Secretario de Salud de Guanajuato, Dr. Gabriel Cort\u00e9s Alcal\u00e1, encabeza un sistema estatal que desde hace a\u00f1os mantiene a la entidad como l\u00edder nacional en detecci\u00f3n, atenci\u00f3n y control de la diabetes:&nbsp;m\u00e1s de 479 mil nuevas detecciones y alrededor de 65 mil pacientes en tratamiento activo.&nbsp;Estos logros son resultado de pol\u00edticas p\u00fablicas sostenidas, pero el reto sigue siendo enorme: capacitar de forma continua al personal de salud \u2014por ejemplo, a trav\u00e9s del Diplomado\u2014 y educar a la poblaci\u00f3n para reducir la carga de enfermedad: infartos, ceguera, falla renal, amputaciones y muerte prematura que ocurre en 96 personas por cada 100 mil habitantes.<\/p>\n\n\n\n<p class=\"wp-block-paragraph\">\u00bfQu\u00e9 es la prediabetes?&nbsp;Seg\u00fan el Protocolo Nacional de Atenci\u00f3n M\u00e9dica (PRONAM), la prediabetes es el estado en el que los niveles de glucosa en sangre est\u00e1n por encima de lo normal, pero a\u00fan no cumplen los criterios diagn\u00f3sticos de DM2. Es, literalmente, la \u201c\u00faltima llamada\u201d para cambiar el rumbo.<\/p>\n\n\n\n<p class=\"wp-block-paragraph\">En Guanajuato, 22% de las personas adultas tienen prediabetes, pero 7 de cada 10 no lo saben.&nbsp;Y quien no sabe, no puede prevenir. Sin diagn\u00f3stico, no hay oportunidad de modificar el estilo de vida, m\u00e1xime si existen otros factores de riesgo metab\u00f3lico como antecedente familiar de diabetes, sobrepeso u obesidad. La recomendaci\u00f3n es clara y urgente: no espere. Vaya y h\u00e1gase el estudio hoy, hoy, hoy, como dir\u00eda el cl\u00e1sico.<\/p>\n\n\n\n<p class=\"wp-block-paragraph\">\u00bfC\u00f3mo saber si usted tiene prediabetes?&nbsp;Acuda a un laboratorio cl\u00ednico o a su instituci\u00f3n de salud y solicite la medici\u00f3n en sangre de la Hemoglobina Glucosilada (HbA1c) que refleja c\u00f3mo ha estado su glucosa en sangre los \u00faltimos tres meses y: a) Si el resultado es menor de&nbsp;5.7%, no tiene prediabetes. b) Si est\u00e1 entre 5.7% y 6.4%, tiene prediabetes. c) Si es mayor de 6.4%, ya se considera DM2.<\/p>\n\n\n\n<p class=\"wp-block-paragraph\">La HbA1c es la prueba m\u00e1s precisa para detectar la prediabetes y, seg\u00fan el resultado, usted debe acudir con su m\u00e9dico y\/o con un educador en estilo de vida saludable para recibir orientaci\u00f3n. Detectar a tiempo significa ganar a\u00f1os de vida con calidad.<\/p>\n\n\n\n<p class=\"wp-block-paragraph\">Un dato cr\u00edtico adicional es que casi 30% de las personas adultas con DM2 en Guanajuato no han sido diagnosticadas.&nbsp;De ah\u00ed la importancia de campa\u00f1as educativas permanentes y de llevar la detecci\u00f3n a donde la gente vive y trabaja: escuelas, colonias y, de manera especial, los centros de trabajo, donde la detecci\u00f3n temprana incide de manera directa en la salud y en la econom\u00eda de las familias.<\/p>\n\n\n\n<p class=\"wp-block-paragraph\">El D\u00eda Mundial de la Diabetes 2025 pone foco en el impacto de la DM2 a nivel laboral se\u00f1alando que la DM2 no s\u00f3lo incrementa el ausentismo y la incapacidad laboral; tambi\u00e9n disminuye la productividad, dificulta el acceso oportuno a tratamientos y, en ocasiones, genera exclusi\u00f3n o estigmatizaci\u00f3n en el entorno laboral.&nbsp;Estudios recientes muestran que, entre trabajadores: 37% tiene un riesgo bajo de desarrollar DM2 en los pr\u00f3ximos 10 a\u00f1os; 36% presenta un riesgo ligeramente elevado, y el 17% ya tiene un riesgo moderado.<\/p>\n\n\n\n<p class=\"wp-block-paragraph\">Estas cifras reflejan la tendencia del ambiente laboral guanajuatense, pero tambi\u00e9n se\u00f1alan una ventana de oportunidad: la prediabetes es el momento ideal para intervenir con educaci\u00f3n, acompa\u00f1amiento y pol\u00edticas que favorezcan estilos de vida saludables en las empresas y en las instituciones p\u00fablicas.<\/p>\n\n\n\n<p class=\"wp-block-paragraph\">En 2026, el diplomado de la UG seguir\u00e1 diversificando su oferta educativa, con modalidades presencial y en l\u00ednea, manteniendo el compromiso de aportar soluciones y dos generaciones m\u00e1s a uno de los problemas de salud m\u00e1s serios que enfrenta M\u00e9xico.&nbsp;En definitiva, invertir en educaci\u00f3n terap\u00e9utica para diabetes es invertir en productividad, inclusi\u00f3n y calidad de vida para toda la sociedad.<\/p>\n","protected":false},"excerpt":{"rendered":"<p>La prediabetes: reto urgente para la salud p\u00fablica en Guanajuato y la acci\u00f3n educativa de&#8230;<\/p>\n","protected":false},"author":82,"featured_media":7262,"comment_status":"closed","ping_status":"closed","sticky":false,"template":"","format":"standard","meta":{"footnotes":""},"categories":[14],"tags":[],"class_list":["post-7261","post","type-post","status-publish","format-standard","has-post-thumbnail","hentry","category-salud"],"yoast_head":"<!-- This site is optimized with the Yoast SEO plugin v28.4 - https:\/\/yoast.com\/product\/yoast-seo-wordpress\/ -->\n<title>PreDiabetes y Universidad de Guanajuato -<\/title>\n<meta name=\"description\" content=\"la prediabetes es el estado en el que los niveles de glucosa en sangre est\u00e1n por encima de lo normal, pero a\u00fan no cumplen los criterios diagn\u00f3sticos de DM2.\" \/>\n<meta name=\"robots\" content=\"index, follow, max-snippet:-1, max-image-preview:large, max-video-preview:-1\" \/>\n<link rel=\"canonical\" href=\"https:\/\/arjenoticias.com.mx\/?p=7261\" \/>\n<meta property=\"og:locale\" content=\"es_MX\" \/>\n<meta property=\"og:type\" content=\"article\" \/>\n<meta property=\"og:title\" content=\"PreDiabetes y Universidad de Guanajuato -\" \/>\n<meta property=\"og:description\" content=\"la prediabetes es el estado en el que los niveles de glucosa en sangre est\u00e1n por encima de lo normal, pero a\u00fan no cumplen los criterios diagn\u00f3sticos de DM2.\" \/>\n<meta property=\"og:url\" content=\"https:\/\/arjenoticias.com.mx\/?p=7261\" \/>\n<meta property=\"article:published_time\" content=\"2025-11-15T15:38:09+00:00\" \/>\n<meta name=\"author\" content=\"\u00c9ctor Jaime Ram\u00edrez Barba\" \/>\n<meta name=\"twitter:card\" content=\"summary_large_image\" \/>\n<meta name=\"twitter:label1\" content=\"Escrito por\" \/>\n\t<meta name=\"twitter:data1\" content=\"\u00c9ctor Jaime Ram\u00edrez Barba\" \/>\n\t<meta name=\"twitter:label2\" content=\"Tiempo de lectura\" \/>\n\t<meta name=\"twitter:data2\" content=\"4 minutos\" \/>\n<script type=\"application\/ld+json\" class=\"yoast-schema-graph\">{\"@context\":\"https:\\\/\\\/schema.org\",\"@graph\":[{\"@type\":\"Article\",\"@id\":\"https:\\\/\\\/arjenoticias.com.mx\\\/?p=7261#article\",\"isPartOf\":{\"@id\":\"https:\\\/\\\/arjenoticias.com.mx\\\/?p=7261\"},\"author\":{\"name\":\"\u00c9ctor Jaime Ram\u00edrez Barba\",\"@id\":\"https:\\\/\\\/arjenoticias.com.mx\\\/#\\\/schema\\\/person\\\/f5b5959b9ff21ef2898206bff32b3ada\"},\"headline\":\"PreDiabetes y Universidad de Guanajuato\",\"datePublished\":\"2025-11-15T15:38:09+00:00\",\"mainEntityOfPage\":{\"@id\":\"https:\\\/\\\/arjenoticias.com.mx\\\/?p=7261\"},\"wordCount\":903,\"publisher\":{\"@id\":\"https:\\\/\\\/arjenoticias.com.mx\\\/#organization\"},\"image\":{\"@id\":\"https:\\\/\\\/arjenoticias.com.mx\\\/?p=7261#primaryimage\"},\"thumbnailUrl\":\"\",\"articleSection\":[\"Salud\"],\"inLanguage\":\"es\"},{\"@type\":\"WebPage\",\"@id\":\"https:\\\/\\\/arjenoticias.com.mx\\\/?p=7261\",\"url\":\"https:\\\/\\\/arjenoticias.com.mx\\\/?p=7261\",\"name\":\"PreDiabetes y Universidad de Guanajuato -\",\"isPartOf\":{\"@id\":\"https:\\\/\\\/arjenoticias.com.mx\\\/#website\"},\"primaryImageOfPage\":{\"@id\":\"https:\\\/\\\/arjenoticias.com.mx\\\/?p=7261#primaryimage\"},\"image\":{\"@id\":\"https:\\\/\\\/arjenoticias.com.mx\\\/?p=7261#primaryimage\"},\"thumbnailUrl\":\"\",\"datePublished\":\"2025-11-15T15:38:09+00:00\",\"description\":\"la prediabetes es el estado en el que los niveles de glucosa en sangre est\u00e1n por encima de lo normal, pero a\u00fan no cumplen los criterios diagn\u00f3sticos de DM2.\",\"breadcrumb\":{\"@id\":\"https:\\\/\\\/arjenoticias.com.mx\\\/?p=7261#breadcrumb\"},\"inLanguage\":\"es\",\"potentialAction\":[{\"@type\":\"ReadAction\",\"target\":[\"https:\\\/\\\/arjenoticias.com.mx\\\/?p=7261\"]}]},{\"@type\":\"ImageObject\",\"inLanguage\":\"es\",\"@id\":\"https:\\\/\\\/arjenoticias.com.mx\\\/?p=7261#primaryimage\",\"url\":\"\",\"contentUrl\":\"\"},{\"@type\":\"BreadcrumbList\",\"@id\":\"https:\\\/\\\/arjenoticias.com.mx\\\/?p=7261#breadcrumb\",\"itemListElement\":[{\"@type\":\"ListItem\",\"position\":1,\"name\":\"Inicio\",\"item\":\"https:\\\/\\\/arjenoticias.com.mx\\\/\"},{\"@type\":\"ListItem\",\"position\":2,\"name\":\"PreDiabetes y Universidad de Guanajuato\"}]},{\"@type\":\"WebSite\",\"@id\":\"https:\\\/\\\/arjenoticias.com.mx\\\/#website\",\"url\":\"https:\\\/\\\/arjenoticias.com.mx\\\/\",\"name\":\"arjenoticias.com.mx\",\"description\":\"\",\"publisher\":{\"@id\":\"https:\\\/\\\/arjenoticias.com.mx\\\/#organization\"},\"potentialAction\":[{\"@type\":\"SearchAction\",\"target\":{\"@type\":\"EntryPoint\",\"urlTemplate\":\"https:\\\/\\\/arjenoticias.com.mx\\\/?s={search_term_string}\"},\"query-input\":{\"@type\":\"PropertyValueSpecification\",\"valueRequired\":true,\"valueName\":\"search_term_string\"}}],\"inLanguage\":\"es\"},{\"@type\":\"Organization\",\"@id\":\"https:\\\/\\\/arjenoticias.com.mx\\\/#organization\",\"name\":\"Arj\u00e9 de M\u00e9xico Noticias\",\"url\":\"https:\\\/\\\/arjenoticias.com.mx\\\/\",\"logo\":{\"@type\":\"ImageObject\",\"inLanguage\":\"es\",\"@id\":\"https:\\\/\\\/arjenoticias.com.mx\\\/#\\\/schema\\\/logo\\\/image\\\/\",\"url\":\"https:\\\/\\\/arjenoticias.com.mx\\\/wp-content\\\/uploads\\\/2025\\\/07\\\/cropped-logo-scaled-1.png\",\"contentUrl\":\"https:\\\/\\\/arjenoticias.com.mx\\\/wp-content\\\/uploads\\\/2025\\\/07\\\/cropped-logo-scaled-1.png\",\"width\":2558,\"height\":558,\"caption\":\"Arj\u00e9 de M\u00e9xico Noticias\"},\"image\":{\"@id\":\"https:\\\/\\\/arjenoticias.com.mx\\\/#\\\/schema\\\/logo\\\/image\\\/\"}},{\"@type\":\"Person\",\"@id\":\"https:\\\/\\\/arjenoticias.com.mx\\\/#\\\/schema\\\/person\\\/f5b5959b9ff21ef2898206bff32b3ada\",\"name\":\"\u00c9ctor Jaime Ram\u00edrez Barba\",\"image\":{\"@type\":\"ImageObject\",\"inLanguage\":\"es\",\"@id\":\"https:\\\/\\\/secure.gravatar.com\\\/avatar\\\/65b1d1a969019200bb5e053668c2c2ed6da28a39bdd212471195336215b64c5e?s=96&d=mm&r=g\",\"url\":\"https:\\\/\\\/secure.gravatar.com\\\/avatar\\\/65b1d1a969019200bb5e053668c2c2ed6da28a39bdd212471195336215b64c5e?s=96&d=mm&r=g\",\"contentUrl\":\"https:\\\/\\\/secure.gravatar.com\\\/avatar\\\/65b1d1a969019200bb5e053668c2c2ed6da28a39bdd212471195336215b64c5e?s=96&d=mm&r=g\",\"caption\":\"\u00c9ctor Jaime Ram\u00edrez Barba\"},\"url\":\"https:\\\/\\\/arjenoticias.com.mx\\\/?author=82\"}]}<\/script>\n<!-- \/ Yoast SEO plugin. -->","yoast_head_json":{"title":"PreDiabetes y Universidad de Guanajuato -","description":"la prediabetes es el estado en el que los niveles de glucosa en sangre est\u00e1n por encima de lo normal, pero a\u00fan no cumplen los criterios diagn\u00f3sticos de DM2.","robots":{"index":"index","follow":"follow","max-snippet":"max-snippet:-1","max-image-preview":"max-image-preview:large","max-video-preview":"max-video-preview:-1"},"canonical":"https:\/\/arjenoticias.com.mx\/?p=7261","og_locale":"es_MX","og_type":"article","og_title":"PreDiabetes y Universidad de Guanajuato -","og_description":"la prediabetes es el estado en el que los niveles de glucosa en sangre est\u00e1n por encima de lo normal, pero a\u00fan no cumplen los criterios diagn\u00f3sticos de DM2.","og_url":"https:\/\/arjenoticias.com.mx\/?p=7261","article_published_time":"2025-11-15T15:38:09+00:00","author":"\u00c9ctor Jaime Ram\u00edrez Barba","twitter_card":"summary_large_image","twitter_misc":{"Escrito por":"\u00c9ctor Jaime Ram\u00edrez Barba","Tiempo de lectura":"4 minutos"},"schema":{"@context":"https:\/\/schema.org","@graph":[{"@type":"Article","@id":"https:\/\/arjenoticias.com.mx\/?p=7261#article","isPartOf":{"@id":"https:\/\/arjenoticias.com.mx\/?p=7261"},"author":{"name":"\u00c9ctor Jaime Ram\u00edrez Barba","@id":"https:\/\/arjenoticias.com.mx\/#\/schema\/person\/f5b5959b9ff21ef2898206bff32b3ada"},"headline":"PreDiabetes y Universidad de Guanajuato","datePublished":"2025-11-15T15:38:09+00:00","mainEntityOfPage":{"@id":"https:\/\/arjenoticias.com.mx\/?p=7261"},"wordCount":903,"publisher":{"@id":"https:\/\/arjenoticias.com.mx\/#organization"},"image":{"@id":"https:\/\/arjenoticias.com.mx\/?p=7261#primaryimage"},"thumbnailUrl":"","articleSection":["Salud"],"inLanguage":"es"},{"@type":"WebPage","@id":"https:\/\/arjenoticias.com.mx\/?p=7261","url":"https:\/\/arjenoticias.com.mx\/?p=7261","name":"PreDiabetes y Universidad de Guanajuato -","isPartOf":{"@id":"https:\/\/arjenoticias.com.mx\/#website"},"primaryImageOfPage":{"@id":"https:\/\/arjenoticias.com.mx\/?p=7261#primaryimage"},"image":{"@id":"https:\/\/arjenoticias.com.mx\/?p=7261#primaryimage"},"thumbnailUrl":"","datePublished":"2025-11-15T15:38:09+00:00","description":"la prediabetes es el estado en el que los niveles de glucosa en sangre est\u00e1n por encima de lo normal, pero a\u00fan no cumplen los criterios diagn\u00f3sticos de DM2.","breadcrumb":{"@id":"https:\/\/arjenoticias.com.mx\/?p=7261#breadcrumb"},"inLanguage":"es","potentialAction":[{"@type":"ReadAction","target":["https:\/\/arjenoticias.com.mx\/?p=7261"]}]},{"@type":"ImageObject","inLanguage":"es","@id":"https:\/\/arjenoticias.com.mx\/?p=7261#primaryimage","url":"","contentUrl":""},{"@type":"BreadcrumbList","@id":"https:\/\/arjenoticias.com.mx\/?p=7261#breadcrumb","itemListElement":[{"@type":"ListItem","position":1,"name":"Inicio","item":"https:\/\/arjenoticias.com.mx\/"},{"@type":"ListItem","position":2,"name":"PreDiabetes y Universidad de Guanajuato"}]},{"@type":"WebSite","@id":"https:\/\/arjenoticias.com.mx\/#website","url":"https:\/\/arjenoticias.com.mx\/","name":"arjenoticias.com.mx","description":"","publisher":{"@id":"https:\/\/arjenoticias.com.mx\/#organization"},"potentialAction":[{"@type":"SearchAction","target":{"@type":"EntryPoint","urlTemplate":"https:\/\/arjenoticias.com.mx\/?s={search_term_string}"},"query-input":{"@type":"PropertyValueSpecification","valueRequired":true,"valueName":"search_term_string"}}],"inLanguage":"es"},{"@type":"Organization","@id":"https:\/\/arjenoticias.com.mx\/#organization","name":"Arj\u00e9 de M\u00e9xico Noticias","url":"https:\/\/arjenoticias.com.mx\/","logo":{"@type":"ImageObject","inLanguage":"es","@id":"https:\/\/arjenoticias.com.mx\/#\/schema\/logo\/image\/","url":"https:\/\/arjenoticias.com.mx\/wp-content\/uploads\/2025\/07\/cropped-logo-scaled-1.png","contentUrl":"https:\/\/arjenoticias.com.mx\/wp-content\/uploads\/2025\/07\/cropped-logo-scaled-1.png","width":2558,"height":558,"caption":"Arj\u00e9 de M\u00e9xico Noticias"},"image":{"@id":"https:\/\/arjenoticias.com.mx\/#\/schema\/logo\/image\/"}},{"@type":"Person","@id":"https:\/\/arjenoticias.com.mx\/#\/schema\/person\/f5b5959b9ff21ef2898206bff32b3ada","name":"\u00c9ctor Jaime Ram\u00edrez Barba","image":{"@type":"ImageObject","inLanguage":"es","@id":"https:\/\/secure.gravatar.com\/avatar\/65b1d1a969019200bb5e053668c2c2ed6da28a39bdd212471195336215b64c5e?s=96&d=mm&r=g","url":"https:\/\/secure.gravatar.com\/avatar\/65b1d1a969019200bb5e053668c2c2ed6da28a39bdd212471195336215b64c5e?s=96&d=mm&r=g","contentUrl":"https:\/\/secure.gravatar.com\/avatar\/65b1d1a969019200bb5e053668c2c2ed6da28a39bdd212471195336215b64c5e?s=96&d=mm&r=g","caption":"\u00c9ctor Jaime Ram\u00edrez Barba"},"url":"https:\/\/arjenoticias.com.mx\/?author=82"}]}},"_links":{"self":[{"href":"https:\/\/arjenoticias.com.mx\/index.php?rest_route=\/wp\/v2\/posts\/7261","targetHints":{"allow":["GET"]}}],"collection":[{"href":"https:\/\/arjenoticias.com.mx\/index.php?rest_route=\/wp\/v2\/posts"}],"about":[{"href":"https:\/\/arjenoticias.com.mx\/index.php?rest_route=\/wp\/v2\/types\/post"}],"author":[{"embeddable":true,"href":"https:\/\/arjenoticias.com.mx\/index.php?rest_route=\/wp\/v2\/users\/82"}],"replies":[{"embeddable":true,"href":"https:\/\/arjenoticias.com.mx\/index.php?rest_route=%2Fwp%2Fv2%2Fcomments&post=7261"}],"version-history":[{"count":0,"href":"https:\/\/arjenoticias.com.mx\/index.php?rest_route=\/wp\/v2\/posts\/7261\/revisions"}],"wp:attachment":[{"href":"https:\/\/arjenoticias.com.mx\/index.php?rest_route=%2Fwp%2Fv2%2Fmedia&parent=7261"}],"wp:term":[{"taxonomy":"category","embeddable":true,"href":"https:\/\/arjenoticias.com.mx\/index.php?rest_route=%2Fwp%2Fv2%2Fcategories&post=7261"},{"taxonomy":"post_tag","embeddable":true,"href":"https:\/\/arjenoticias.com.mx\/index.php?rest_route=%2Fwp%2Fv2%2Ftags&post=7261"}],"curies":[{"name":"wp","href":"https:\/\/api.w.org\/{rel}","templated":true}]}}