{"id":7258,"date":"2025-11-14T17:20:00","date_gmt":"2025-11-14T23:20:00","guid":{"rendered":"https:\/\/arjenoticias.com\/?p=7258"},"modified":"2025-11-14T17:20:00","modified_gmt":"2025-11-14T23:20:00","slug":"sociedad-civil-de-a-pie-esta-con-generacion-z-ale-moran-raul-monter","status":"publish","type":"post","link":"https:\/\/arjenoticias.com.mx\/?p=7258","title":{"rendered":"Sociedad civil de a pie esta con Generaci\u00f3n Z: Ale Moran"},"content":{"rendered":"\n<figure class=\"wp-block-embed is-type-video is-provider-youtube wp-block-embed-youtube wp-embed-aspect-16-9 wp-has-aspect-ratio\"><div class=\"wp-block-embed__wrapper\">\n<iframe title=\"Entrevista con Ale Moran\" width=\"640\" height=\"360\" src=\"https:\/\/www.youtube.com\/embed\/W27534EmbcU?feature=oembed\" frameborder=\"0\" allow=\"accelerometer; autoplay; clipboard-write; encrypted-media; gyroscope; picture-in-picture; web-share\" referrerpolicy=\"strict-origin-when-cross-origin\" allowfullscreen><\/iframe>\n<\/div><\/figure>\n\n\n\n<p class=\"wp-block-paragraph\">Conversar con Alejandra Moran es encontrar el vivo sentimiento de la sociedad que esta inconforme con los partidos pol\u00edticos, con el gobierno, con los grupos del poder que quieren seguir manipulando al pais<\/p>\n\n\n\n<p class=\"wp-block-paragraph\">Moran dice: &#8220;desde hace a\u00f1os he sido activista social, he vivido de todo, fracasos, pero tambien muchas satisfacciones, ya que nuestras organizaciones est\u00e1n contacto con la gente mas vulnerable, caminamos y nos ensuciamos los pies para ayudar y encontrar la soluci\u00f3n a problemas que el gobierno y la gente del poder han sido omisos e indiferentes. Estamos hartos de tener miedo.&#8221;<\/p>\n\n\n\n<p class=\"wp-block-paragraph\">Desde su natal Tula, Hidalgo coordina docenas de grupos de la sociedad civil que hacen labor para ayudar a su comunidad y exigen a las autoridades a cumplir con su responsabilidad de servir a la comunidad. Ale menciona con firmeza: &#8220;estoy apoyando la convocatoria de la Generaci\u00f3n Z para la marcha de este s\u00e1bado 15 de noviembre en la Ciudad de M\u00e9xico y mas 90 localidades ubicadas a lo largo y ancho de nuestra naci\u00f3n. Veo con satisfacci\u00f3n como estos j\u00f3venes en forma espontanea y autentica desea expresar su repudio a la violencia del crimen organizado y la ineficiencia y omisi\u00f3n de los tres niveles de gobierno, por ello y por el contenido de su Pliego Petitorio que expresa el sentir del pueblo y de estos valientes j\u00f3venes. Ah\u00ed estar\u00e9 en la marcha, sin protagonismo, pero con el convencimiento que este movimiento puede ser el camino que nos lleve a realmente construir un pa\u00eds justo para todos&#8221;<\/p>\n\n\n\n<p class=\"wp-block-paragraph\">Ir\u00e1 viniendo, iremos viendo el resultado de ma\u00f1ana 15 de noviembre en mas de 90 ciudades, deseo que se desarrolle en paz y se siembre la semilla de la conciliacion nacional. <\/p>\n","protected":false},"excerpt":{"rendered":"<p>Conversar con Alejandra Moran es encontrar el vivo sentimiento de la sociedad que esta inconforme&#8230;<\/p>\n","protected":false},"author":68,"featured_media":7259,"comment_status":"closed","ping_status":"closed","sticky":false,"template":"","format":"standard","meta":{"footnotes":""},"categories":[7],"tags":[],"class_list":["post-7258","post","type-post","status-publish","format-standard","has-post-thumbnail","hentry","category-lo-mas-relevante"],"yoast_head":"<!-- This site is optimized with the Yoast SEO plugin v28.4 - https:\/\/yoast.com\/product\/yoast-seo-wordpress\/ -->\n<title>Sociedad civil de a pie esta con Generaci\u00f3n Z: Ale Moran -<\/title>\n<meta name=\"robots\" content=\"index, follow, max-snippet:-1, max-image-preview:large, max-video-preview:-1\" \/>\n<link rel=\"canonical\" href=\"https:\/\/arjenoticias.com.mx\/?p=7258\" \/>\n<meta property=\"og:locale\" content=\"es_MX\" \/>\n<meta property=\"og:type\" content=\"article\" \/>\n<meta property=\"og:title\" content=\"Sociedad civil de a pie esta con Generaci\u00f3n Z: Ale Moran -\" \/>\n<meta property=\"og:description\" content=\"Conversar con Alejandra Moran es encontrar el vivo sentimiento de la sociedad que esta inconforme...\" \/>\n<meta property=\"og:url\" content=\"https:\/\/arjenoticias.com.mx\/?p=7258\" \/>\n<meta property=\"article:published_time\" content=\"2025-11-14T23:20:00+00:00\" \/>\n<meta name=\"author\" content=\"Ra\u00fal Monter Ortega\" \/>\n<meta name=\"twitter:card\" content=\"summary_large_image\" \/>\n<meta name=\"twitter:label1\" content=\"Escrito por\" \/>\n\t<meta name=\"twitter:data1\" content=\"Ra\u00fal Monter Ortega\" \/>\n\t<meta name=\"twitter:label2\" content=\"Tiempo de lectura\" \/>\n\t<meta name=\"twitter:data2\" content=\"2 minutos\" \/>\n<script type=\"application\/ld+json\" class=\"yoast-schema-graph\">{\"@context\":\"https:\\\/\\\/schema.org\",\"@graph\":[{\"@type\":\"Article\",\"@id\":\"https:\\\/\\\/arjenoticias.com.mx\\\/?p=7258#article\",\"isPartOf\":{\"@id\":\"https:\\\/\\\/arjenoticias.com.mx\\\/?p=7258\"},\"author\":{\"name\":\"Ra\u00fal Monter Ortega\",\"@id\":\"https:\\\/\\\/arjenoticias.com.mx\\\/#\\\/schema\\\/person\\\/f48bc28476b38490cbe82bd109c72b24\"},\"headline\":\"Sociedad civil de a pie esta con Generaci\u00f3n Z: Ale Moran\",\"datePublished\":\"2025-11-14T23:20:00+00:00\",\"mainEntityOfPage\":{\"@id\":\"https:\\\/\\\/arjenoticias.com.mx\\\/?p=7258\"},\"wordCount\":309,\"publisher\":{\"@id\":\"https:\\\/\\\/arjenoticias.com.mx\\\/#organization\"},\"image\":{\"@id\":\"https:\\\/\\\/arjenoticias.com.mx\\\/?p=7258#primaryimage\"},\"thumbnailUrl\":\"\",\"articleSection\":[\"Lo m\u00e1s relevante\"],\"inLanguage\":\"es\"},{\"@type\":\"WebPage\",\"@id\":\"https:\\\/\\\/arjenoticias.com.mx\\\/?p=7258\",\"url\":\"https:\\\/\\\/arjenoticias.com.mx\\\/?p=7258\",\"name\":\"Sociedad civil de a pie esta con Generaci\u00f3n Z: Ale Moran -\",\"isPartOf\":{\"@id\":\"https:\\\/\\\/arjenoticias.com.mx\\\/#website\"},\"primaryImageOfPage\":{\"@id\":\"https:\\\/\\\/arjenoticias.com.mx\\\/?p=7258#primaryimage\"},\"image\":{\"@id\":\"https:\\\/\\\/arjenoticias.com.mx\\\/?p=7258#primaryimage\"},\"thumbnailUrl\":\"\",\"datePublished\":\"2025-11-14T23:20:00+00:00\",\"breadcrumb\":{\"@id\":\"https:\\\/\\\/arjenoticias.com.mx\\\/?p=7258#breadcrumb\"},\"inLanguage\":\"es\",\"potentialAction\":[{\"@type\":\"ReadAction\",\"target\":[\"https:\\\/\\\/arjenoticias.com.mx\\\/?p=7258\"]}]},{\"@type\":\"ImageObject\",\"inLanguage\":\"es\",\"@id\":\"https:\\\/\\\/arjenoticias.com.mx\\\/?p=7258#primaryimage\",\"url\":\"\",\"contentUrl\":\"\"},{\"@type\":\"BreadcrumbList\",\"@id\":\"https:\\\/\\\/arjenoticias.com.mx\\\/?p=7258#breadcrumb\",\"itemListElement\":[{\"@type\":\"ListItem\",\"position\":1,\"name\":\"Inicio\",\"item\":\"https:\\\/\\\/arjenoticias.com.mx\\\/\"},{\"@type\":\"ListItem\",\"position\":2,\"name\":\"Sociedad civil de a pie esta con Generaci\u00f3n Z: Ale Moran\"}]},{\"@type\":\"WebSite\",\"@id\":\"https:\\\/\\\/arjenoticias.com.mx\\\/#website\",\"url\":\"https:\\\/\\\/arjenoticias.com.mx\\\/\",\"name\":\"arjenoticias.com.mx\",\"description\":\"\",\"publisher\":{\"@id\":\"https:\\\/\\\/arjenoticias.com.mx\\\/#organization\"},\"potentialAction\":[{\"@type\":\"SearchAction\",\"target\":{\"@type\":\"EntryPoint\",\"urlTemplate\":\"https:\\\/\\\/arjenoticias.com.mx\\\/?s={search_term_string}\"},\"query-input\":{\"@type\":\"PropertyValueSpecification\",\"valueRequired\":true,\"valueName\":\"search_term_string\"}}],\"inLanguage\":\"es\"},{\"@type\":\"Organization\",\"@id\":\"https:\\\/\\\/arjenoticias.com.mx\\\/#organization\",\"name\":\"Arj\u00e9 de M\u00e9xico Noticias\",\"url\":\"https:\\\/\\\/arjenoticias.com.mx\\\/\",\"logo\":{\"@type\":\"ImageObject\",\"inLanguage\":\"es\",\"@id\":\"https:\\\/\\\/arjenoticias.com.mx\\\/#\\\/schema\\\/logo\\\/image\\\/\",\"url\":\"https:\\\/\\\/arjenoticias.com.mx\\\/wp-content\\\/uploads\\\/2025\\\/07\\\/cropped-logo-scaled-1.png\",\"contentUrl\":\"https:\\\/\\\/arjenoticias.com.mx\\\/wp-content\\\/uploads\\\/2025\\\/07\\\/cropped-logo-scaled-1.png\",\"width\":2558,\"height\":558,\"caption\":\"Arj\u00e9 de M\u00e9xico Noticias\"},\"image\":{\"@id\":\"https:\\\/\\\/arjenoticias.com.mx\\\/#\\\/schema\\\/logo\\\/image\\\/\"}},{\"@type\":\"Person\",\"@id\":\"https:\\\/\\\/arjenoticias.com.mx\\\/#\\\/schema\\\/person\\\/f48bc28476b38490cbe82bd109c72b24\",\"name\":\"Ra\u00fal Monter Ortega\",\"image\":{\"@type\":\"ImageObject\",\"inLanguage\":\"es\",\"@id\":\"https:\\\/\\\/secure.gravatar.com\\\/avatar\\\/1616403283ceadc5d9a2d98c21703f217676e6be6595972f5d3d26ff78793f9d?s=96&d=mm&r=g\",\"url\":\"https:\\\/\\\/secure.gravatar.com\\\/avatar\\\/1616403283ceadc5d9a2d98c21703f217676e6be6595972f5d3d26ff78793f9d?s=96&d=mm&r=g\",\"contentUrl\":\"https:\\\/\\\/secure.gravatar.com\\\/avatar\\\/1616403283ceadc5d9a2d98c21703f217676e6be6595972f5d3d26ff78793f9d?s=96&d=mm&r=g\",\"caption\":\"Ra\u00fal Monter Ortega\"},\"url\":\"https:\\\/\\\/arjenoticias.com.mx\\\/?author=68\"}]}<\/script>\n<!-- \/ Yoast SEO plugin. -->","yoast_head_json":{"title":"Sociedad civil de a pie esta con Generaci\u00f3n Z: Ale Moran -","robots":{"index":"index","follow":"follow","max-snippet":"max-snippet:-1","max-image-preview":"max-image-preview:large","max-video-preview":"max-video-preview:-1"},"canonical":"https:\/\/arjenoticias.com.mx\/?p=7258","og_locale":"es_MX","og_type":"article","og_title":"Sociedad civil de a pie esta con Generaci\u00f3n Z: Ale Moran -","og_description":"Conversar con Alejandra Moran es encontrar el vivo sentimiento de la sociedad que esta inconforme...","og_url":"https:\/\/arjenoticias.com.mx\/?p=7258","article_published_time":"2025-11-14T23:20:00+00:00","author":"Ra\u00fal Monter Ortega","twitter_card":"summary_large_image","twitter_misc":{"Escrito por":"Ra\u00fal Monter Ortega","Tiempo de lectura":"2 minutos"},"schema":{"@context":"https:\/\/schema.org","@graph":[{"@type":"Article","@id":"https:\/\/arjenoticias.com.mx\/?p=7258#article","isPartOf":{"@id":"https:\/\/arjenoticias.com.mx\/?p=7258"},"author":{"name":"Ra\u00fal Monter Ortega","@id":"https:\/\/arjenoticias.com.mx\/#\/schema\/person\/f48bc28476b38490cbe82bd109c72b24"},"headline":"Sociedad civil de a pie esta con Generaci\u00f3n Z: Ale Moran","datePublished":"2025-11-14T23:20:00+00:00","mainEntityOfPage":{"@id":"https:\/\/arjenoticias.com.mx\/?p=7258"},"wordCount":309,"publisher":{"@id":"https:\/\/arjenoticias.com.mx\/#organization"},"image":{"@id":"https:\/\/arjenoticias.com.mx\/?p=7258#primaryimage"},"thumbnailUrl":"","articleSection":["Lo m\u00e1s relevante"],"inLanguage":"es"},{"@type":"WebPage","@id":"https:\/\/arjenoticias.com.mx\/?p=7258","url":"https:\/\/arjenoticias.com.mx\/?p=7258","name":"Sociedad civil de a pie esta con Generaci\u00f3n Z: Ale Moran -","isPartOf":{"@id":"https:\/\/arjenoticias.com.mx\/#website"},"primaryImageOfPage":{"@id":"https:\/\/arjenoticias.com.mx\/?p=7258#primaryimage"},"image":{"@id":"https:\/\/arjenoticias.com.mx\/?p=7258#primaryimage"},"thumbnailUrl":"","datePublished":"2025-11-14T23:20:00+00:00","breadcrumb":{"@id":"https:\/\/arjenoticias.com.mx\/?p=7258#breadcrumb"},"inLanguage":"es","potentialAction":[{"@type":"ReadAction","target":["https:\/\/arjenoticias.com.mx\/?p=7258"]}]},{"@type":"ImageObject","inLanguage":"es","@id":"https:\/\/arjenoticias.com.mx\/?p=7258#primaryimage","url":"","contentUrl":""},{"@type":"BreadcrumbList","@id":"https:\/\/arjenoticias.com.mx\/?p=7258#breadcrumb","itemListElement":[{"@type":"ListItem","position":1,"name":"Inicio","item":"https:\/\/arjenoticias.com.mx\/"},{"@type":"ListItem","position":2,"name":"Sociedad civil de a pie esta con Generaci\u00f3n Z: Ale Moran"}]},{"@type":"WebSite","@id":"https:\/\/arjenoticias.com.mx\/#website","url":"https:\/\/arjenoticias.com.mx\/","name":"arjenoticias.com.mx","description":"","publisher":{"@id":"https:\/\/arjenoticias.com.mx\/#organization"},"potentialAction":[{"@type":"SearchAction","target":{"@type":"EntryPoint","urlTemplate":"https:\/\/arjenoticias.com.mx\/?s={search_term_string}"},"query-input":{"@type":"PropertyValueSpecification","valueRequired":true,"valueName":"search_term_string"}}],"inLanguage":"es"},{"@type":"Organization","@id":"https:\/\/arjenoticias.com.mx\/#organization","name":"Arj\u00e9 de M\u00e9xico Noticias","url":"https:\/\/arjenoticias.com.mx\/","logo":{"@type":"ImageObject","inLanguage":"es","@id":"https:\/\/arjenoticias.com.mx\/#\/schema\/logo\/image\/","url":"https:\/\/arjenoticias.com.mx\/wp-content\/uploads\/2025\/07\/cropped-logo-scaled-1.png","contentUrl":"https:\/\/arjenoticias.com.mx\/wp-content\/uploads\/2025\/07\/cropped-logo-scaled-1.png","width":2558,"height":558,"caption":"Arj\u00e9 de M\u00e9xico Noticias"},"image":{"@id":"https:\/\/arjenoticias.com.mx\/#\/schema\/logo\/image\/"}},{"@type":"Person","@id":"https:\/\/arjenoticias.com.mx\/#\/schema\/person\/f48bc28476b38490cbe82bd109c72b24","name":"Ra\u00fal Monter Ortega","image":{"@type":"ImageObject","inLanguage":"es","@id":"https:\/\/secure.gravatar.com\/avatar\/1616403283ceadc5d9a2d98c21703f217676e6be6595972f5d3d26ff78793f9d?s=96&d=mm&r=g","url":"https:\/\/secure.gravatar.com\/avatar\/1616403283ceadc5d9a2d98c21703f217676e6be6595972f5d3d26ff78793f9d?s=96&d=mm&r=g","contentUrl":"https:\/\/secure.gravatar.com\/avatar\/1616403283ceadc5d9a2d98c21703f217676e6be6595972f5d3d26ff78793f9d?s=96&d=mm&r=g","caption":"Ra\u00fal Monter Ortega"},"url":"https:\/\/arjenoticias.com.mx\/?author=68"}]}},"_links":{"self":[{"href":"https:\/\/arjenoticias.com.mx\/index.php?rest_route=\/wp\/v2\/posts\/7258","targetHints":{"allow":["GET"]}}],"collection":[{"href":"https:\/\/arjenoticias.com.mx\/index.php?rest_route=\/wp\/v2\/posts"}],"about":[{"href":"https:\/\/arjenoticias.com.mx\/index.php?rest_route=\/wp\/v2\/types\/post"}],"author":[{"embeddable":true,"href":"https:\/\/arjenoticias.com.mx\/index.php?rest_route=\/wp\/v2\/users\/68"}],"replies":[{"embeddable":true,"href":"https:\/\/arjenoticias.com.mx\/index.php?rest_route=%2Fwp%2Fv2%2Fcomments&post=7258"}],"version-history":[{"count":0,"href":"https:\/\/arjenoticias.com.mx\/index.php?rest_route=\/wp\/v2\/posts\/7258\/revisions"}],"wp:attachment":[{"href":"https:\/\/arjenoticias.com.mx\/index.php?rest_route=%2Fwp%2Fv2%2Fmedia&parent=7258"}],"wp:term":[{"taxonomy":"category","embeddable":true,"href":"https:\/\/arjenoticias.com.mx\/index.php?rest_route=%2Fwp%2Fv2%2Fcategories&post=7258"},{"taxonomy":"post_tag","embeddable":true,"href":"https:\/\/arjenoticias.com.mx\/index.php?rest_route=%2Fwp%2Fv2%2Ftags&post=7258"}],"curies":[{"name":"wp","href":"https:\/\/api.w.org\/{rel}","templated":true}]}}