{"id":7254,"date":"2025-11-14T15:45:53","date_gmt":"2025-11-14T21:45:53","guid":{"rendered":"https:\/\/arjenoticias.com\/?p=7254"},"modified":"2025-11-14T15:45:53","modified_gmt":"2025-11-14T21:45:53","slug":"gobierno-de-mexico-presenta-frijoles-bienestar-teresa-sepulveda","status":"publish","type":"post","link":"https:\/\/arjenoticias.com.mx\/?p=7254","title":{"rendered":"Gobierno de M\u00e9xico presenta Frijoles Bienestar"},"content":{"rendered":"\n<p class=\"wp-block-paragraph\">En el marco del&nbsp;<strong>D\u00eda Nacional del Frijol<\/strong>, el Gobierno de M\u00e9xico, a trav\u00e9s de Alimentaci\u00f3n para el Bienestar, present\u00f3&nbsp;<strong>Frijoles Bienestar<\/strong>, en sus variedades negro y pinto, que tiene el objetivo es garantizar la conservaci\u00f3n de las semillas y que los productores vivan bien, para ello se implementan acciones como la compra de las cosechas con precios justos y su distribuci\u00f3n a trav\u00e9s de las Tiendas Bienestar, con un precio de 30 pesos por kilo.<\/p>\n\n\n\n<p class=\"wp-block-paragraph\">La Presidenta de M\u00e9xico, Claudia Sheinbaum Pardo, como parte de las acciones de Frijoles para el Bienestar, invit\u00f3 a las mexicanas y mexicanos a asistir y participar en la<strong>&nbsp;Feria del Frijol y la Agrobiodiversidad&nbsp;<\/strong>que se realizar\u00e1, este 14 y 15 de noviembre en el Monumento a la Revoluci\u00f3n, de 10:00 a 18:00 horas, donde se tendr\u00e1 la presencia de&nbsp; productoras y productores de Zacatecas, Durango y Nayarit, adem\u00e1s de que habr\u00e1 exposiciones, degustaciones, talleres, m\u00fasica, venta, juegos, intercambio de saberes, expoventa, entre otras actividades.<\/p>\n\n\n\n<p class=\"wp-block-paragraph\">\u201cCon la Feria del Frijol lo que presentamos es el trabajo que se ha estado haciendo con precios de garant\u00eda, principalmente para Zacatecas, aunque tambi\u00e9n para Durango y Nayarit que son los principales productores de frijol. Como bien dijo Mar\u00eda Luisa (Albores, titular de Alimentaci\u00f3n para el Bienestar), hemos dejado de consumir frijol en nuestro pa\u00eds y el frijol es muy alimenticio. Entonces, el programa es el mismo: garantizar la conservaci\u00f3n de nuestras semillas, y que los productores de frijol vivan bien. \u00bfC\u00f3mo? A trav\u00e9s de este esquema de Frijol del Bienestar. \u00bfEn qu\u00e9 consiste? Para los peque\u00f1os productores la adquisici\u00f3n de frijol, se criba, se pone en bolsa y se distribuye de tal manera que no hay intermediarios. \u00bfEn d\u00f3nde? Principalmente en las Tiendas Bienestar.<\/p>\n\n\n\n<p class=\"wp-block-paragraph\">\u201cA trav\u00e9s de este programa que atiende a un n\u00famero importante de productores lo que queremos es garantizar un precio justo para las y los productores y un precio justo para el consumidor. Entonces, vayan a la Feria del Frijol\u201d, destac\u00f3 en la conferencia matutina: \u201cLas ma\u00f1aneras del pueblo\u201d.<\/p>\n\n\n\n<p class=\"wp-block-paragraph\">La titular de Alimentaci\u00f3n para el Bienestar, Mar\u00eda Luisa Albores, puntualiz\u00f3 que conmemorar el&nbsp;<strong>D\u00eda Nacional del Frijol<\/strong>&nbsp;tiene como prop\u00f3sito visibilizar y reconocer la importancia de este grano en la construcci\u00f3n de la identidad y la gastronom\u00eda mexicana. Destac\u00f3 que M\u00e9xico es considerado el centro de origen y domesticaci\u00f3n del frijol, ya que de 150 especies que existen, 57 est\u00e1n en M\u00e9xico y 31 son end\u00e9micas.<\/p>\n\n\n\n<figure class=\"wp-block-image size-full\"><img decoding=\"async\" src=\"https:\/\/arjenoticias.com.mx\/wp-content\/uploads\/2025\/11\/image-20.png\" alt=\"\" class=\"wp-image-7255\"\/><\/figure>\n\n\n\n<p class=\"wp-block-paragraph\">Record\u00f3 que la producci\u00f3n de frijol est\u00e1 inmersa en el Plan M\u00e9xico que plantea la autosuficiencia alimentaria, para lo cual, a trav\u00e9s de Alimentaci\u00f3n para el Bienestar se tendr\u00e1n dos cribadoras, as\u00ed como una embolsadora para que el frijol pueda llevarse directamente con la marca Bienestar desde Zacatecas y Durango a todo el pa\u00eds, pagando precios justos a las y los productores.<\/p>\n\n\n\n<p class=\"wp-block-paragraph\">Detall\u00f3 que el frijol aporta innumerables beneficios a la salud, ya que es fuente de prote\u00ednas, carbohidratos, vitaminas, minerales y \u00e1cidos grasos saludables, tiene alto contenido de fibra soluble, la cual ayuda a controlar los niveles de az\u00facar en la sangre, reduce el colesterol y mejora la microbiota intestinal, contribuye a la nutrici\u00f3n de la piel, del sistema nervioso y de los \u00f3rganos intervienen en la digesti\u00f3n gracias a su contenido de niacina, su contenido de \u00e1cido f\u00f3lico y hierro promueve el metabolismo de las prote\u00ednas y la prevenci\u00f3n de la anemia, adem\u00e1s su consumo frente a prote\u00ednas de origen animal reduce el riesgo de enfermedades cardiovasculares.<\/p>\n","protected":false},"excerpt":{"rendered":"<p>En el marco del&nbsp;D\u00eda Nacional del Frijol, el Gobierno de M\u00e9xico, a trav\u00e9s de Alimentaci\u00f3n&#8230;<\/p>\n","protected":false},"author":66,"featured_media":10315,"comment_status":"closed","ping_status":"closed","sticky":false,"template":"","format":"standard","meta":{"footnotes":""},"categories":[7,13],"tags":[997],"class_list":["post-7254","post","type-post","status-publish","format-standard","has-post-thumbnail","hentry","category-lo-mas-relevante","category-politica","tag-feria-del-frijol"],"yoast_head":"<!-- This site is optimized with the Yoast SEO plugin v28.4 - https:\/\/yoast.com\/product\/yoast-seo-wordpress\/ -->\n<title>Gobierno de M\u00e9xico presenta Frijoles Bienestar -<\/title>\n<meta name=\"description\" content=\"Conmemorar el D\u00eda Internacional del Frijol visibiliza y reconoce la importancia de este grano en la construcci\u00f3n de la identidad y la gastronom\u00eda mexicana: existen 150 especies de frijol, de las cuales 31 son end\u00e9micas de M\u00e9xico\" \/>\n<meta name=\"robots\" content=\"index, follow, max-snippet:-1, max-image-preview:large, max-video-preview:-1\" \/>\n<link rel=\"canonical\" href=\"https:\/\/arjenoticias.com.mx\/?p=7254\" \/>\n<meta property=\"og:locale\" content=\"es_MX\" \/>\n<meta property=\"og:type\" content=\"article\" \/>\n<meta property=\"og:title\" content=\"Gobierno de M\u00e9xico presenta Frijoles Bienestar -\" \/>\n<meta property=\"og:description\" content=\"Conmemorar el D\u00eda Internacional del Frijol visibiliza y reconoce la importancia de este grano en la construcci\u00f3n de la identidad y la gastronom\u00eda mexicana: existen 150 especies de frijol, de las cuales 31 son end\u00e9micas de M\u00e9xico\" \/>\n<meta property=\"og:url\" content=\"https:\/\/arjenoticias.com.mx\/?p=7254\" \/>\n<meta property=\"article:published_time\" content=\"2025-11-14T21:45:53+00:00\" \/>\n<meta name=\"author\" content=\"Arj\u00e9 Noticias\" \/>\n<meta name=\"twitter:card\" content=\"summary_large_image\" \/>\n<meta name=\"twitter:label1\" content=\"Escrito por\" \/>\n\t<meta name=\"twitter:data1\" content=\"Arj\u00e9 Noticias\" \/>\n\t<meta name=\"twitter:label2\" content=\"Tiempo de lectura\" \/>\n\t<meta name=\"twitter:data2\" content=\"4 minutos\" \/>\n<script type=\"application\/ld+json\" class=\"yoast-schema-graph\">{\"@context\":\"https:\\\/\\\/schema.org\",\"@graph\":[{\"@type\":\"Article\",\"@id\":\"https:\\\/\\\/arjenoticias.com.mx\\\/?p=7254#article\",\"isPartOf\":{\"@id\":\"https:\\\/\\\/arjenoticias.com.mx\\\/?p=7254\"},\"author\":{\"name\":\"Arj\u00e9 Noticias\",\"@id\":\"https:\\\/\\\/arjenoticias.com.mx\\\/#\\\/schema\\\/person\\\/83f9fb68162b16794b69a8186dd31bc0\"},\"headline\":\"Gobierno de M\u00e9xico presenta Frijoles Bienestar\",\"datePublished\":\"2025-11-14T21:45:53+00:00\",\"mainEntityOfPage\":{\"@id\":\"https:\\\/\\\/arjenoticias.com.mx\\\/?p=7254\"},\"wordCount\":630,\"publisher\":{\"@id\":\"https:\\\/\\\/arjenoticias.com.mx\\\/#organization\"},\"image\":{\"@id\":\"https:\\\/\\\/arjenoticias.com.mx\\\/?p=7254#primaryimage\"},\"thumbnailUrl\":\"https:\\\/\\\/arjenoticias.com.mx\\\/wp-content\\\/uploads\\\/2026\\\/02\\\/image-20.png\",\"keywords\":[\"Feria del Frijol\"],\"articleSection\":[\"Lo m\u00e1s relevante\",\"Pol\u00edtica\"],\"inLanguage\":\"es\"},{\"@type\":\"WebPage\",\"@id\":\"https:\\\/\\\/arjenoticias.com.mx\\\/?p=7254\",\"url\":\"https:\\\/\\\/arjenoticias.com.mx\\\/?p=7254\",\"name\":\"Gobierno de M\u00e9xico presenta Frijoles Bienestar -\",\"isPartOf\":{\"@id\":\"https:\\\/\\\/arjenoticias.com.mx\\\/#website\"},\"primaryImageOfPage\":{\"@id\":\"https:\\\/\\\/arjenoticias.com.mx\\\/?p=7254#primaryimage\"},\"image\":{\"@id\":\"https:\\\/\\\/arjenoticias.com.mx\\\/?p=7254#primaryimage\"},\"thumbnailUrl\":\"https:\\\/\\\/arjenoticias.com.mx\\\/wp-content\\\/uploads\\\/2026\\\/02\\\/image-20.png\",\"datePublished\":\"2025-11-14T21:45:53+00:00\",\"description\":\"Conmemorar el D\u00eda Internacional del Frijol visibiliza y reconoce la importancia de este grano en la construcci\u00f3n de la identidad y la gastronom\u00eda mexicana: existen 150 especies de frijol, de las cuales 31 son end\u00e9micas de M\u00e9xico\",\"breadcrumb\":{\"@id\":\"https:\\\/\\\/arjenoticias.com.mx\\\/?p=7254#breadcrumb\"},\"inLanguage\":\"es\",\"potentialAction\":[{\"@type\":\"ReadAction\",\"target\":[\"https:\\\/\\\/arjenoticias.com.mx\\\/?p=7254\"]}]},{\"@type\":\"ImageObject\",\"inLanguage\":\"es\",\"@id\":\"https:\\\/\\\/arjenoticias.com.mx\\\/?p=7254#primaryimage\",\"url\":\"https:\\\/\\\/arjenoticias.com.mx\\\/wp-content\\\/uploads\\\/2026\\\/02\\\/image-20.png\",\"contentUrl\":\"https:\\\/\\\/arjenoticias.com.mx\\\/wp-content\\\/uploads\\\/2026\\\/02\\\/image-20.png\",\"width\":940,\"height\":492},{\"@type\":\"BreadcrumbList\",\"@id\":\"https:\\\/\\\/arjenoticias.com.mx\\\/?p=7254#breadcrumb\",\"itemListElement\":[{\"@type\":\"ListItem\",\"position\":1,\"name\":\"Inicio\",\"item\":\"https:\\\/\\\/arjenoticias.com.mx\\\/\"},{\"@type\":\"ListItem\",\"position\":2,\"name\":\"Gobierno de M\u00e9xico presenta Frijoles Bienestar\"}]},{\"@type\":\"WebSite\",\"@id\":\"https:\\\/\\\/arjenoticias.com.mx\\\/#website\",\"url\":\"https:\\\/\\\/arjenoticias.com.mx\\\/\",\"name\":\"arjenoticias.com.mx\",\"description\":\"\",\"publisher\":{\"@id\":\"https:\\\/\\\/arjenoticias.com.mx\\\/#organization\"},\"potentialAction\":[{\"@type\":\"SearchAction\",\"target\":{\"@type\":\"EntryPoint\",\"urlTemplate\":\"https:\\\/\\\/arjenoticias.com.mx\\\/?s={search_term_string}\"},\"query-input\":{\"@type\":\"PropertyValueSpecification\",\"valueRequired\":true,\"valueName\":\"search_term_string\"}}],\"inLanguage\":\"es\"},{\"@type\":\"Organization\",\"@id\":\"https:\\\/\\\/arjenoticias.com.mx\\\/#organization\",\"name\":\"Arj\u00e9 de M\u00e9xico Noticias\",\"url\":\"https:\\\/\\\/arjenoticias.com.mx\\\/\",\"logo\":{\"@type\":\"ImageObject\",\"inLanguage\":\"es\",\"@id\":\"https:\\\/\\\/arjenoticias.com.mx\\\/#\\\/schema\\\/logo\\\/image\\\/\",\"url\":\"https:\\\/\\\/arjenoticias.com.mx\\\/wp-content\\\/uploads\\\/2025\\\/07\\\/cropped-logo-scaled-1.png\",\"contentUrl\":\"https:\\\/\\\/arjenoticias.com.mx\\\/wp-content\\\/uploads\\\/2025\\\/07\\\/cropped-logo-scaled-1.png\",\"width\":2558,\"height\":558,\"caption\":\"Arj\u00e9 de M\u00e9xico Noticias\"},\"image\":{\"@id\":\"https:\\\/\\\/arjenoticias.com.mx\\\/#\\\/schema\\\/logo\\\/image\\\/\"}},{\"@type\":\"Person\",\"@id\":\"https:\\\/\\\/arjenoticias.com.mx\\\/#\\\/schema\\\/person\\\/83f9fb68162b16794b69a8186dd31bc0\",\"name\":\"Arj\u00e9 Noticias\",\"image\":{\"@type\":\"ImageObject\",\"inLanguage\":\"es\",\"@id\":\"https:\\\/\\\/secure.gravatar.com\\\/avatar\\\/f604b88a0e24c04f3f89fae6b5400bfd6093d0999292a64803d3651d9d4a35a5?s=96&d=mm&r=g\",\"url\":\"https:\\\/\\\/secure.gravatar.com\\\/avatar\\\/f604b88a0e24c04f3f89fae6b5400bfd6093d0999292a64803d3651d9d4a35a5?s=96&d=mm&r=g\",\"contentUrl\":\"https:\\\/\\\/secure.gravatar.com\\\/avatar\\\/f604b88a0e24c04f3f89fae6b5400bfd6093d0999292a64803d3651d9d4a35a5?s=96&d=mm&r=g\",\"caption\":\"Arj\u00e9 Noticias\"},\"url\":\"https:\\\/\\\/arjenoticias.com.mx\\\/?author=66\"}]}<\/script>\n<!-- \/ Yoast SEO plugin. -->","yoast_head_json":{"title":"Gobierno de M\u00e9xico presenta Frijoles Bienestar -","description":"Conmemorar el D\u00eda Internacional del Frijol visibiliza y reconoce la importancia de este grano en la construcci\u00f3n de la identidad y la gastronom\u00eda mexicana: existen 150 especies de frijol, de las cuales 31 son end\u00e9micas de M\u00e9xico","robots":{"index":"index","follow":"follow","max-snippet":"max-snippet:-1","max-image-preview":"max-image-preview:large","max-video-preview":"max-video-preview:-1"},"canonical":"https:\/\/arjenoticias.com.mx\/?p=7254","og_locale":"es_MX","og_type":"article","og_title":"Gobierno de M\u00e9xico presenta Frijoles Bienestar -","og_description":"Conmemorar el D\u00eda Internacional del Frijol visibiliza y reconoce la importancia de este grano en la construcci\u00f3n de la identidad y la gastronom\u00eda mexicana: existen 150 especies de frijol, de las cuales 31 son end\u00e9micas de M\u00e9xico","og_url":"https:\/\/arjenoticias.com.mx\/?p=7254","article_published_time":"2025-11-14T21:45:53+00:00","author":"Arj\u00e9 Noticias","twitter_card":"summary_large_image","twitter_misc":{"Escrito por":"Arj\u00e9 Noticias","Tiempo de lectura":"4 minutos"},"schema":{"@context":"https:\/\/schema.org","@graph":[{"@type":"Article","@id":"https:\/\/arjenoticias.com.mx\/?p=7254#article","isPartOf":{"@id":"https:\/\/arjenoticias.com.mx\/?p=7254"},"author":{"name":"Arj\u00e9 Noticias","@id":"https:\/\/arjenoticias.com.mx\/#\/schema\/person\/83f9fb68162b16794b69a8186dd31bc0"},"headline":"Gobierno de M\u00e9xico presenta Frijoles Bienestar","datePublished":"2025-11-14T21:45:53+00:00","mainEntityOfPage":{"@id":"https:\/\/arjenoticias.com.mx\/?p=7254"},"wordCount":630,"publisher":{"@id":"https:\/\/arjenoticias.com.mx\/#organization"},"image":{"@id":"https:\/\/arjenoticias.com.mx\/?p=7254#primaryimage"},"thumbnailUrl":"https:\/\/arjenoticias.com.mx\/wp-content\/uploads\/2026\/02\/image-20.png","keywords":["Feria del Frijol"],"articleSection":["Lo m\u00e1s relevante","Pol\u00edtica"],"inLanguage":"es"},{"@type":"WebPage","@id":"https:\/\/arjenoticias.com.mx\/?p=7254","url":"https:\/\/arjenoticias.com.mx\/?p=7254","name":"Gobierno de M\u00e9xico presenta Frijoles Bienestar -","isPartOf":{"@id":"https:\/\/arjenoticias.com.mx\/#website"},"primaryImageOfPage":{"@id":"https:\/\/arjenoticias.com.mx\/?p=7254#primaryimage"},"image":{"@id":"https:\/\/arjenoticias.com.mx\/?p=7254#primaryimage"},"thumbnailUrl":"https:\/\/arjenoticias.com.mx\/wp-content\/uploads\/2026\/02\/image-20.png","datePublished":"2025-11-14T21:45:53+00:00","description":"Conmemorar el D\u00eda Internacional del Frijol visibiliza y reconoce la importancia de este grano en la construcci\u00f3n de la identidad y la gastronom\u00eda mexicana: existen 150 especies de frijol, de las cuales 31 son end\u00e9micas de M\u00e9xico","breadcrumb":{"@id":"https:\/\/arjenoticias.com.mx\/?p=7254#breadcrumb"},"inLanguage":"es","potentialAction":[{"@type":"ReadAction","target":["https:\/\/arjenoticias.com.mx\/?p=7254"]}]},{"@type":"ImageObject","inLanguage":"es","@id":"https:\/\/arjenoticias.com.mx\/?p=7254#primaryimage","url":"https:\/\/arjenoticias.com.mx\/wp-content\/uploads\/2026\/02\/image-20.png","contentUrl":"https:\/\/arjenoticias.com.mx\/wp-content\/uploads\/2026\/02\/image-20.png","width":940,"height":492},{"@type":"BreadcrumbList","@id":"https:\/\/arjenoticias.com.mx\/?p=7254#breadcrumb","itemListElement":[{"@type":"ListItem","position":1,"name":"Inicio","item":"https:\/\/arjenoticias.com.mx\/"},{"@type":"ListItem","position":2,"name":"Gobierno de M\u00e9xico presenta Frijoles Bienestar"}]},{"@type":"WebSite","@id":"https:\/\/arjenoticias.com.mx\/#website","url":"https:\/\/arjenoticias.com.mx\/","name":"arjenoticias.com.mx","description":"","publisher":{"@id":"https:\/\/arjenoticias.com.mx\/#organization"},"potentialAction":[{"@type":"SearchAction","target":{"@type":"EntryPoint","urlTemplate":"https:\/\/arjenoticias.com.mx\/?s={search_term_string}"},"query-input":{"@type":"PropertyValueSpecification","valueRequired":true,"valueName":"search_term_string"}}],"inLanguage":"es"},{"@type":"Organization","@id":"https:\/\/arjenoticias.com.mx\/#organization","name":"Arj\u00e9 de M\u00e9xico Noticias","url":"https:\/\/arjenoticias.com.mx\/","logo":{"@type":"ImageObject","inLanguage":"es","@id":"https:\/\/arjenoticias.com.mx\/#\/schema\/logo\/image\/","url":"https:\/\/arjenoticias.com.mx\/wp-content\/uploads\/2025\/07\/cropped-logo-scaled-1.png","contentUrl":"https:\/\/arjenoticias.com.mx\/wp-content\/uploads\/2025\/07\/cropped-logo-scaled-1.png","width":2558,"height":558,"caption":"Arj\u00e9 de M\u00e9xico Noticias"},"image":{"@id":"https:\/\/arjenoticias.com.mx\/#\/schema\/logo\/image\/"}},{"@type":"Person","@id":"https:\/\/arjenoticias.com.mx\/#\/schema\/person\/83f9fb68162b16794b69a8186dd31bc0","name":"Arj\u00e9 Noticias","image":{"@type":"ImageObject","inLanguage":"es","@id":"https:\/\/secure.gravatar.com\/avatar\/f604b88a0e24c04f3f89fae6b5400bfd6093d0999292a64803d3651d9d4a35a5?s=96&d=mm&r=g","url":"https:\/\/secure.gravatar.com\/avatar\/f604b88a0e24c04f3f89fae6b5400bfd6093d0999292a64803d3651d9d4a35a5?s=96&d=mm&r=g","contentUrl":"https:\/\/secure.gravatar.com\/avatar\/f604b88a0e24c04f3f89fae6b5400bfd6093d0999292a64803d3651d9d4a35a5?s=96&d=mm&r=g","caption":"Arj\u00e9 Noticias"},"url":"https:\/\/arjenoticias.com.mx\/?author=66"}]}},"_links":{"self":[{"href":"https:\/\/arjenoticias.com.mx\/index.php?rest_route=\/wp\/v2\/posts\/7254","targetHints":{"allow":["GET"]}}],"collection":[{"href":"https:\/\/arjenoticias.com.mx\/index.php?rest_route=\/wp\/v2\/posts"}],"about":[{"href":"https:\/\/arjenoticias.com.mx\/index.php?rest_route=\/wp\/v2\/types\/post"}],"author":[{"embeddable":true,"href":"https:\/\/arjenoticias.com.mx\/index.php?rest_route=\/wp\/v2\/users\/66"}],"replies":[{"embeddable":true,"href":"https:\/\/arjenoticias.com.mx\/index.php?rest_route=%2Fwp%2Fv2%2Fcomments&post=7254"}],"version-history":[{"count":0,"href":"https:\/\/arjenoticias.com.mx\/index.php?rest_route=\/wp\/v2\/posts\/7254\/revisions"}],"wp:featuredmedia":[{"embeddable":true,"href":"https:\/\/arjenoticias.com.mx\/index.php?rest_route=\/wp\/v2\/media\/10315"}],"wp:attachment":[{"href":"https:\/\/arjenoticias.com.mx\/index.php?rest_route=%2Fwp%2Fv2%2Fmedia&parent=7254"}],"wp:term":[{"taxonomy":"category","embeddable":true,"href":"https:\/\/arjenoticias.com.mx\/index.php?rest_route=%2Fwp%2Fv2%2Fcategories&post=7254"},{"taxonomy":"post_tag","embeddable":true,"href":"https:\/\/arjenoticias.com.mx\/index.php?rest_route=%2Fwp%2Fv2%2Ftags&post=7254"}],"curies":[{"name":"wp","href":"https:\/\/api.w.org\/{rel}","templated":true}]}}