{"id":7248,"date":"2025-11-14T11:47:38","date_gmt":"2025-11-14T17:47:38","guid":{"rendered":"https:\/\/arjenoticias.com\/?p=7248"},"modified":"2025-11-14T11:47:39","modified_gmt":"2025-11-14T17:47:39","slug":"todos-somos-generacion-z-rafael-morgan","status":"publish","type":"post","link":"https:\/\/arjenoticias.com.mx\/politica\/todos-somos-generacion-z-rafael-morgan\/","title":{"rendered":"Todos somos \u201cgeneraci\u00f3n Z\u201d: Rafael Morgan"},"content":{"rendered":"\n<p class=\"wp-block-paragraph\">Ahora que los j\u00f3venes, considerados la \u201cgeneraci\u00f3n Z\u201d, han convocado a quienes est\u00e1n<br>entre los 15 y 30 a\u00f1os, a manifestar su descontento ante la multitud de problemas que<br>est\u00e1n sufriendo en su vida familiar y social, desde la terrible violencia que ha costado<br>miles de vidas, de padres, abuelos, hermanos y hermanas de esos j\u00f3venes de la<br>\u201cgeneraci\u00f3n Z\u201d, o bien por los miles de desaparecidos, muchos de los cuales jam\u00e1s se<br>encontrar\u00e1n con vida; igualmente por el incremento en los feminicidios, infanticidios y<br>\u201cda\u00f1os colaterales\u201d, todo esto y muchos casos m\u00e1s, todo lo cual finalmente ha llevado<br>al hartazgo y a la desesperaci\u00f3n de los j\u00f3venes para exigir a las autoridades, que son<br>los responsables de atender y resolver en primer lugar la inseguridad en la que vivimos<br>los ciudadanos y en la que el \u201cderecho a la vida\u201dse ha disminuido y hasta se ha perdido,<br>no s\u00f3lo por el propio gobierno, sino hasta en la sociedad misma.<br>Perd\u00f3n por la innecesaria explicaci\u00f3n sobre \u00bfqu\u00e9 es la \u201cgeneraci\u00f3n Z\u201d?: Se refiere a la<br>\u00faltima generaci\u00f3n, la que est\u00e1 llegando a ejercer plenamente sus derechos y a cumplir<br>sus obligaciones ciudadanas; se le llama \u201cZ\u201d porque tambi\u00e9n es la \u00faltima letra del<br>alfabeto latino, tal vez en referencia a la menci\u00f3n antigua en la civilizaci\u00f3n grecoromana de \u201cel alfa y omega\u201d de su alfabeto, para se\u00f1alar al primero y al \u00faltimo<br>ciudadano a quien se le reconoce en autoridad y poder, lo que tambi\u00e9n se encuentra<br>en los textos b\u00edblicos para referirse a Cristo como \u201cel alfa y omega\u201d, el primero y el<br>\u00faltimo en divinidad y poder.<br>Pero \u00bfpor qu\u00e9 el t\u00edtulo de \u201ctodos somos \u2018generaci\u00f3n Z\u2019\u201d? Porque todas las dem\u00e1s<br>generaciones, las de adultos de 30 a 60 a\u00f1os, que siguen trabajando y aportando ideas<br>e impuestos al gobierno y que tambi\u00e9n est\u00e1n sufriendo las consecuencias de la<br>violencia y dem\u00e1s crisis que afectan la vida y el trabajo; la familia, la diversi\u00f3n y la<br>educaci\u00f3n, por eso son tambi\u00e9n \u201cgeneraci\u00f3n Z\u201d, pero, adem\u00e1s la letra Z, la \u00faltima del<br>alfabeto, tambi\u00e9n incluye a la \u00faltima generaci\u00f3n, las de adultos mayores, los de 60 y<br>m\u00e1s a\u00f1os.<br>\u00bfPor qu\u00e9 protestan las \u201cgeneraciones Z\u201d, as\u00ed en plural? Pues no s\u00f3lo por la incesante e<br>incontrolable violencia, sino tambi\u00e9n por la impunidad en que quedan los miles de<br>delitos; protestan por las extorsiones, el robo de veh\u00edculos, masacres, etc., que parece<br>no tener fin.<br>Protestan tambi\u00e9n las \u201cgeneraciones Z\u201d por la falta de empleos decentes, por la pobre<br>soluci\u00f3n al desempleo que son los empleos informales que representan m\u00e1s del 52%<br>del empleo total; protestan por una deuda p\u00fablica que \u201cse traga\u201d1.2 billones del gasto<br>p\u00fablico para cubrir los intereses de la misma; protestan por la falta de inversi\u00f3n publica<br>y privada en nuevas empresas y por la r\u00e9mora en que se ha convertido Pemex por su<br>corrupci\u00f3n interna y por su ineficacia e ineficiencia en el negocio petrolero, en la que<br>todas las empresas del mundo ganan millones de d\u00f3lares y s\u00f3lo M\u00e9xico los pierde.<br>Protestan igualmente por la falta de oportunidades en la educaci\u00f3n, por la crisis<br>educativa que est\u00e1 afectando el futuro de los j\u00f3venes mexicanos; por el atraso<br>tecnol\u00f3gico y la falta de innovaci\u00f3n y productividad en la econom\u00eda nacional, que lleva<br>a\u00f1os sin aumentar el Producto Interno Bruto por encima del incremento en la<br>poblaci\u00f3n; protestan porque sus hermanos y sus hijos en la educaci\u00f3n b\u00e1sica cada vez<br>aprenden menos y salen reprobados en matem\u00e1ticas, lectura y aprendizaje en general<br>y llegan a la universidad con un atraso que dif\u00edcilmente se puede remediar.<br>Protestan adem\u00e1s por el deterioro del clima en M\u00e9xico, cuyo gobierno no cumple sus<br>compromisos internacionales de no atender el control y saneamiento del aire, el<br>aprovechamiento y cuidado del agua dulce, el control de la tala de bosques y montes<br>que ha afectado, posiblemente en forma irremediable, nuestra riqueza forestal.<br>Y protestan por el deterioro en el servicio p\u00fablico urbano, en carreteras, en puertos y<br>aeropuertos; por la falta de atenci\u00f3n ante el peligro de perder el Tratado de Libre<br>Comercio por el autoritarismo del Presidente Trump, que est\u00e1 exigiendo se subsanen<br>los errores de L\u00f3pez Obrador en cuanto a migraci\u00f3n y combate a los carteles de las<br>drogas.<br>Y tambi\u00e9n protestan por la corrupci\u00f3n de tantos funcionarios p\u00fablicos como los del<br>\u201chuachicol fiscal\u201d, los de Segalmex y los parientes del ex presidente AMLO.<br>Es decir, hay mucho por qu\u00e9 protestar, por eso iremos todos a la marcha de la<br>\u201cgeneraci\u00f3n Z\u201d, aunque levanten altas y gruesas vallas en el Z\u00f3calo.<\/p>\n","protected":false},"excerpt":{"rendered":"<p>Ahora que los j\u00f3venes, considerados la \u201cgeneraci\u00f3n Z\u201d, han convocado a quienes est\u00e1nentre los 15&#8230;<\/p>\n","protected":false},"author":31,"featured_media":7249,"comment_status":"closed","ping_status":"closed","sticky":false,"template":"","format":"standard","meta":{"footnotes":""},"categories":[7],"tags":[],"class_list":["post-7248","post","type-post","status-publish","format-standard","has-post-thumbnail","hentry","category-politica"],"yoast_head":"<!-- This site is optimized with the Yoast SEO plugin v28.4 - https:\/\/yoast.com\/product\/yoast-seo-wordpress\/ -->\n<title>Todos somos \u201cgeneraci\u00f3n Z\u201d: Rafael Morgan -<\/title>\n<meta name=\"description\" content=\"multitud de problemas que est\u00e1n sufriendo en su vida familiar y social, desde la terrible violencia que ha costado miles de vidas, de padres, abuelos, hermanos y hermanas de esos j\u00f3venes\" \/>\n<meta name=\"robots\" content=\"index, follow, max-snippet:-1, max-image-preview:large, max-video-preview:-1\" \/>\n<link rel=\"canonical\" href=\"https:\/\/arjenoticias.com.mx\/politica\/todos-somos-generacion-z-rafael-morgan\/\" \/>\n<meta property=\"og:locale\" content=\"es_ES\" \/>\n<meta property=\"og:type\" content=\"article\" \/>\n<meta property=\"og:title\" content=\"Todos somos \u201cgeneraci\u00f3n Z\u201d: Rafael Morgan -\" \/>\n<meta property=\"og:description\" content=\"multitud de problemas que est\u00e1n sufriendo en su vida familiar y social, desde la terrible violencia que ha costado miles de vidas, de padres, abuelos, hermanos y hermanas de esos j\u00f3venes\" \/>\n<meta property=\"og:url\" content=\"https:\/\/arjenoticias.com.mx\/politica\/todos-somos-generacion-z-rafael-morgan\/\" \/>\n<meta property=\"article:publisher\" content=\"https:\/\/www.facebook.com\/ArjeNoticiasMX\" \/>\n<meta property=\"article:published_time\" content=\"2025-11-14T17:47:38+00:00\" \/>\n<meta property=\"article:modified_time\" content=\"2025-11-14T17:47:39+00:00\" \/>\n<meta property=\"og:image\" content=\"https:\/\/arjenoticias.com.mx\/wp-content\/uploads\/2025\/11\/Rafael-Morgan-3.png\" \/>\n\t<meta property=\"og:image:width\" content=\"600\" \/>\n\t<meta property=\"og:image:height\" content=\"400\" \/>\n\t<meta property=\"og:image:type\" content=\"image\/png\" \/>\n<meta name=\"author\" content=\"Rafael Morgan Rios\" \/>\n<meta name=\"twitter:card\" content=\"summary_large_image\" \/>\n<meta name=\"twitter:creator\" content=\"@ArjeNoticias\" \/>\n<meta name=\"twitter:site\" content=\"@ArjeNoticias\" \/>\n<meta name=\"twitter:label1\" content=\"Escrito por\" \/>\n\t<meta name=\"twitter:data1\" content=\"Rafael Morgan Rios\" \/>\n\t<meta name=\"twitter:label2\" content=\"Tiempo de lectura\" \/>\n\t<meta name=\"twitter:data2\" content=\"4 minutos\" \/>\n<script type=\"application\/ld+json\" class=\"yoast-schema-graph\">{\"@context\":\"https:\\\/\\\/schema.org\",\"@graph\":[{\"@type\":\"Article\",\"@id\":\"https:\\\/\\\/arjenoticias.com.mx\\\/politica\\\/todos-somos-generacion-z-rafael-morgan\\\/#article\",\"isPartOf\":{\"@id\":\"https:\\\/\\\/arjenoticias.com.mx\\\/politica\\\/todos-somos-generacion-z-rafael-morgan\\\/\"},\"author\":{\"name\":\"Rafael Morgan Rios\",\"@id\":\"https:\\\/\\\/arjenoticias.com.mx\\\/#\\\/schema\\\/person\\\/47659c07793a364cec9bb577b933c169\"},\"headline\":\"Todos somos \u201cgeneraci\u00f3n Z\u201d: Rafael Morgan\",\"datePublished\":\"2025-11-14T17:47:38+00:00\",\"dateModified\":\"2025-11-14T17:47:39+00:00\",\"mainEntityOfPage\":{\"@id\":\"https:\\\/\\\/arjenoticias.com.mx\\\/politica\\\/todos-somos-generacion-z-rafael-morgan\\\/\"},\"wordCount\":801,\"publisher\":{\"@id\":\"https:\\\/\\\/arjenoticias.com.mx\\\/#organization\"},\"image\":{\"@id\":\"https:\\\/\\\/arjenoticias.com.mx\\\/politica\\\/todos-somos-generacion-z-rafael-morgan\\\/#primaryimage\"},\"thumbnailUrl\":\"https:\\\/\\\/arjenoticias.com.mx\\\/wp-content\\\/uploads\\\/2025\\\/11\\\/Rafael-Morgan-3.png\",\"articleSection\":[\"Pol\u00edtica\"],\"inLanguage\":\"es\"},{\"@type\":\"WebPage\",\"@id\":\"https:\\\/\\\/arjenoticias.com.mx\\\/politica\\\/todos-somos-generacion-z-rafael-morgan\\\/\",\"url\":\"https:\\\/\\\/arjenoticias.com.mx\\\/politica\\\/todos-somos-generacion-z-rafael-morgan\\\/\",\"name\":\"Todos somos \u201cgeneraci\u00f3n Z\u201d: Rafael Morgan -\",\"isPartOf\":{\"@id\":\"https:\\\/\\\/arjenoticias.com.mx\\\/#website\"},\"primaryImageOfPage\":{\"@id\":\"https:\\\/\\\/arjenoticias.com.mx\\\/politica\\\/todos-somos-generacion-z-rafael-morgan\\\/#primaryimage\"},\"image\":{\"@id\":\"https:\\\/\\\/arjenoticias.com.mx\\\/politica\\\/todos-somos-generacion-z-rafael-morgan\\\/#primaryimage\"},\"thumbnailUrl\":\"https:\\\/\\\/arjenoticias.com.mx\\\/wp-content\\\/uploads\\\/2025\\\/11\\\/Rafael-Morgan-3.png\",\"datePublished\":\"2025-11-14T17:47:38+00:00\",\"dateModified\":\"2025-11-14T17:47:39+00:00\",\"description\":\"multitud de problemas que est\u00e1n sufriendo en su vida familiar y social, desde la terrible violencia que ha costado miles de vidas, de padres, abuelos, hermanos y hermanas de esos j\u00f3venes\",\"breadcrumb\":{\"@id\":\"https:\\\/\\\/arjenoticias.com.mx\\\/politica\\\/todos-somos-generacion-z-rafael-morgan\\\/#breadcrumb\"},\"inLanguage\":\"es\",\"potentialAction\":[{\"@type\":\"ReadAction\",\"target\":[\"https:\\\/\\\/arjenoticias.com.mx\\\/politica\\\/todos-somos-generacion-z-rafael-morgan\\\/\"]}]},{\"@type\":\"ImageObject\",\"inLanguage\":\"es\",\"@id\":\"https:\\\/\\\/arjenoticias.com.mx\\\/politica\\\/todos-somos-generacion-z-rafael-morgan\\\/#primaryimage\",\"url\":\"https:\\\/\\\/arjenoticias.com.mx\\\/wp-content\\\/uploads\\\/2025\\\/11\\\/Rafael-Morgan-3.png\",\"contentUrl\":\"https:\\\/\\\/arjenoticias.com.mx\\\/wp-content\\\/uploads\\\/2025\\\/11\\\/Rafael-Morgan-3.png\",\"width\":600,\"height\":400,\"caption\":\"\u201ctodos somos \u2018generaci\u00f3n Z\u2019\u201d? Porque todas las dem\u00e1s generaciones, las de adultos de 30 a 60 a\u00f1os, que siguen trabajando y aportando ideas e impuestos al gobierno y que tambi\u00e9n est\u00e1n sufriendo las consecuencias de la violencia\"},{\"@type\":\"BreadcrumbList\",\"@id\":\"https:\\\/\\\/arjenoticias.com.mx\\\/politica\\\/todos-somos-generacion-z-rafael-morgan\\\/#breadcrumb\",\"itemListElement\":[{\"@type\":\"ListItem\",\"position\":1,\"name\":\"Portada\",\"item\":\"https:\\\/\\\/arjenoticias.com.mx\\\/\"},{\"@type\":\"ListItem\",\"position\":2,\"name\":\"Todos somos \u201cgeneraci\u00f3n Z\u201d: Rafael Morgan\"}]},{\"@type\":\"WebSite\",\"@id\":\"https:\\\/\\\/arjenoticias.com.mx\\\/#website\",\"url\":\"https:\\\/\\\/arjenoticias.com.mx\\\/\",\"name\":\"Arj\u00e9 M\u00e9xico\",\"description\":\"\",\"publisher\":{\"@id\":\"https:\\\/\\\/arjenoticias.com.mx\\\/#organization\"},\"potentialAction\":[{\"@type\":\"SearchAction\",\"target\":{\"@type\":\"EntryPoint\",\"urlTemplate\":\"https:\\\/\\\/arjenoticias.com.mx\\\/?s={search_term_string}\"},\"query-input\":{\"@type\":\"PropertyValueSpecification\",\"valueRequired\":true,\"valueName\":\"search_term_string\"}}],\"inLanguage\":\"es\"},{\"@type\":\"Organization\",\"@id\":\"https:\\\/\\\/arjenoticias.com.mx\\\/#organization\",\"name\":\"Arj\u00e9 M\u00e9xico\",\"url\":\"https:\\\/\\\/arjenoticias.com.mx\\\/\",\"logo\":{\"@type\":\"ImageObject\",\"inLanguage\":\"es\",\"@id\":\"https:\\\/\\\/arjenoticias.com.mx\\\/#\\\/schema\\\/logo\\\/image\\\/\",\"url\":\"https:\\\/\\\/arjenoticias.com\\\/wp-content\\\/uploads\\\/2026\\\/04\\\/cropped-cropped-logo-inverted-1-scaled-1.png\",\"contentUrl\":\"https:\\\/\\\/arjenoticias.com\\\/wp-content\\\/uploads\\\/2026\\\/04\\\/cropped-cropped-logo-inverted-1-scaled-1.png\",\"width\":2556,\"height\":549,\"caption\":\"Arj\u00e9 M\u00e9xico\"},\"image\":{\"@id\":\"https:\\\/\\\/arjenoticias.com.mx\\\/#\\\/schema\\\/logo\\\/image\\\/\"},\"sameAs\":[\"https:\\\/\\\/www.facebook.com\\\/ArjeNoticiasMX\",\"https:\\\/\\\/x.com\\\/ArjeNoticias\"]},{\"@type\":\"Person\",\"@id\":\"https:\\\/\\\/arjenoticias.com.mx\\\/#\\\/schema\\\/person\\\/47659c07793a364cec9bb577b933c169\",\"name\":\"Rafael Morgan Rios\",\"image\":{\"@type\":\"ImageObject\",\"inLanguage\":\"es\",\"@id\":\"https:\\\/\\\/arjenoticias.com\\\/wp-content\\\/uploads\\\/2026\\\/04\\\/Rafael-Morgan-2-96x96.png\",\"url\":\"https:\\\/\\\/arjenoticias.com\\\/wp-content\\\/uploads\\\/2026\\\/04\\\/Rafael-Morgan-2-96x96.png\",\"contentUrl\":\"https:\\\/\\\/arjenoticias.com\\\/wp-content\\\/uploads\\\/2026\\\/04\\\/Rafael-Morgan-2-96x96.png\",\"caption\":\"Rafael Morgan Rios\"},\"url\":\"https:\\\/\\\/arjenoticias.com.mx\\\/author\\\/rafael-morgan-rios\\\/\"}]}<\/script>\n<!-- \/ Yoast SEO plugin. -->","yoast_head_json":{"title":"Todos somos \u201cgeneraci\u00f3n Z\u201d: Rafael Morgan -","description":"multitud de problemas que est\u00e1n sufriendo en su vida familiar y social, desde la terrible violencia que ha costado miles de vidas, de padres, abuelos, hermanos y hermanas de esos j\u00f3venes","robots":{"index":"index","follow":"follow","max-snippet":"max-snippet:-1","max-image-preview":"max-image-preview:large","max-video-preview":"max-video-preview:-1"},"canonical":"https:\/\/arjenoticias.com.mx\/politica\/todos-somos-generacion-z-rafael-morgan\/","og_locale":"es_ES","og_type":"article","og_title":"Todos somos \u201cgeneraci\u00f3n Z\u201d: Rafael Morgan -","og_description":"multitud de problemas que est\u00e1n sufriendo en su vida familiar y social, desde la terrible violencia que ha costado miles de vidas, de padres, abuelos, hermanos y hermanas de esos j\u00f3venes","og_url":"https:\/\/arjenoticias.com.mx\/politica\/todos-somos-generacion-z-rafael-morgan\/","article_publisher":"https:\/\/www.facebook.com\/ArjeNoticiasMX","article_published_time":"2025-11-14T17:47:38+00:00","article_modified_time":"2025-11-14T17:47:39+00:00","og_image":[{"width":600,"height":400,"url":"https:\/\/arjenoticias.com.mx\/wp-content\/uploads\/2025\/11\/Rafael-Morgan-3.png","type":"image\/png"}],"author":"Rafael Morgan Rios","twitter_card":"summary_large_image","twitter_creator":"@ArjeNoticias","twitter_site":"@ArjeNoticias","twitter_misc":{"Escrito por":"Rafael Morgan Rios","Tiempo de lectura":"4 minutos"},"schema":{"@context":"https:\/\/schema.org","@graph":[{"@type":"Article","@id":"https:\/\/arjenoticias.com.mx\/politica\/todos-somos-generacion-z-rafael-morgan\/#article","isPartOf":{"@id":"https:\/\/arjenoticias.com.mx\/politica\/todos-somos-generacion-z-rafael-morgan\/"},"author":{"name":"Rafael Morgan Rios","@id":"https:\/\/arjenoticias.com.mx\/#\/schema\/person\/47659c07793a364cec9bb577b933c169"},"headline":"Todos somos \u201cgeneraci\u00f3n Z\u201d: Rafael Morgan","datePublished":"2025-11-14T17:47:38+00:00","dateModified":"2025-11-14T17:47:39+00:00","mainEntityOfPage":{"@id":"https:\/\/arjenoticias.com.mx\/politica\/todos-somos-generacion-z-rafael-morgan\/"},"wordCount":801,"publisher":{"@id":"https:\/\/arjenoticias.com.mx\/#organization"},"image":{"@id":"https:\/\/arjenoticias.com.mx\/politica\/todos-somos-generacion-z-rafael-morgan\/#primaryimage"},"thumbnailUrl":"https:\/\/arjenoticias.com.mx\/wp-content\/uploads\/2025\/11\/Rafael-Morgan-3.png","articleSection":["Pol\u00edtica"],"inLanguage":"es"},{"@type":"WebPage","@id":"https:\/\/arjenoticias.com.mx\/politica\/todos-somos-generacion-z-rafael-morgan\/","url":"https:\/\/arjenoticias.com.mx\/politica\/todos-somos-generacion-z-rafael-morgan\/","name":"Todos somos \u201cgeneraci\u00f3n Z\u201d: Rafael Morgan -","isPartOf":{"@id":"https:\/\/arjenoticias.com.mx\/#website"},"primaryImageOfPage":{"@id":"https:\/\/arjenoticias.com.mx\/politica\/todos-somos-generacion-z-rafael-morgan\/#primaryimage"},"image":{"@id":"https:\/\/arjenoticias.com.mx\/politica\/todos-somos-generacion-z-rafael-morgan\/#primaryimage"},"thumbnailUrl":"https:\/\/arjenoticias.com.mx\/wp-content\/uploads\/2025\/11\/Rafael-Morgan-3.png","datePublished":"2025-11-14T17:47:38+00:00","dateModified":"2025-11-14T17:47:39+00:00","description":"multitud de problemas que est\u00e1n sufriendo en su vida familiar y social, desde la terrible violencia que ha costado miles de vidas, de padres, abuelos, hermanos y hermanas de esos j\u00f3venes","breadcrumb":{"@id":"https:\/\/arjenoticias.com.mx\/politica\/todos-somos-generacion-z-rafael-morgan\/#breadcrumb"},"inLanguage":"es","potentialAction":[{"@type":"ReadAction","target":["https:\/\/arjenoticias.com.mx\/politica\/todos-somos-generacion-z-rafael-morgan\/"]}]},{"@type":"ImageObject","inLanguage":"es","@id":"https:\/\/arjenoticias.com.mx\/politica\/todos-somos-generacion-z-rafael-morgan\/#primaryimage","url":"https:\/\/arjenoticias.com.mx\/wp-content\/uploads\/2025\/11\/Rafael-Morgan-3.png","contentUrl":"https:\/\/arjenoticias.com.mx\/wp-content\/uploads\/2025\/11\/Rafael-Morgan-3.png","width":600,"height":400,"caption":"\u201ctodos somos \u2018generaci\u00f3n Z\u2019\u201d? Porque todas las dem\u00e1s generaciones, las de adultos de 30 a 60 a\u00f1os, que siguen trabajando y aportando ideas e impuestos al gobierno y que tambi\u00e9n est\u00e1n sufriendo las consecuencias de la violencia"},{"@type":"BreadcrumbList","@id":"https:\/\/arjenoticias.com.mx\/politica\/todos-somos-generacion-z-rafael-morgan\/#breadcrumb","itemListElement":[{"@type":"ListItem","position":1,"name":"Portada","item":"https:\/\/arjenoticias.com.mx\/"},{"@type":"ListItem","position":2,"name":"Todos somos \u201cgeneraci\u00f3n Z\u201d: Rafael Morgan"}]},{"@type":"WebSite","@id":"https:\/\/arjenoticias.com.mx\/#website","url":"https:\/\/arjenoticias.com.mx\/","name":"Arj\u00e9 M\u00e9xico","description":"","publisher":{"@id":"https:\/\/arjenoticias.com.mx\/#organization"},"potentialAction":[{"@type":"SearchAction","target":{"@type":"EntryPoint","urlTemplate":"https:\/\/arjenoticias.com.mx\/?s={search_term_string}"},"query-input":{"@type":"PropertyValueSpecification","valueRequired":true,"valueName":"search_term_string"}}],"inLanguage":"es"},{"@type":"Organization","@id":"https:\/\/arjenoticias.com.mx\/#organization","name":"Arj\u00e9 M\u00e9xico","url":"https:\/\/arjenoticias.com.mx\/","logo":{"@type":"ImageObject","inLanguage":"es","@id":"https:\/\/arjenoticias.com.mx\/#\/schema\/logo\/image\/","url":"https:\/\/arjenoticias.com\/wp-content\/uploads\/2026\/04\/cropped-cropped-logo-inverted-1-scaled-1.png","contentUrl":"https:\/\/arjenoticias.com\/wp-content\/uploads\/2026\/04\/cropped-cropped-logo-inverted-1-scaled-1.png","width":2556,"height":549,"caption":"Arj\u00e9 M\u00e9xico"},"image":{"@id":"https:\/\/arjenoticias.com.mx\/#\/schema\/logo\/image\/"},"sameAs":["https:\/\/www.facebook.com\/ArjeNoticiasMX","https:\/\/x.com\/ArjeNoticias"]},{"@type":"Person","@id":"https:\/\/arjenoticias.com.mx\/#\/schema\/person\/47659c07793a364cec9bb577b933c169","name":"Rafael Morgan Rios","image":{"@type":"ImageObject","inLanguage":"es","@id":"https:\/\/arjenoticias.com\/wp-content\/uploads\/2026\/04\/Rafael-Morgan-2-96x96.png","url":"https:\/\/arjenoticias.com\/wp-content\/uploads\/2026\/04\/Rafael-Morgan-2-96x96.png","contentUrl":"https:\/\/arjenoticias.com\/wp-content\/uploads\/2026\/04\/Rafael-Morgan-2-96x96.png","caption":"Rafael Morgan Rios"},"url":"https:\/\/arjenoticias.com.mx\/author\/rafael-morgan-rios\/"}]}},"featured_image_urls":{"full":["https:\/\/arjenoticias.com.mx\/wp-content\/uploads\/2025\/11\/Rafael-Morgan-3.png",600,400,false],"thumbnail":["https:\/\/arjenoticias.com.mx\/wp-content\/uploads\/2025\/11\/Rafael-Morgan-3-150x150.png",150,150,true],"medium":["https:\/\/arjenoticias.com.mx\/wp-content\/uploads\/2025\/11\/Rafael-Morgan-3-300x200.png",300,200,true],"medium_large":["https:\/\/arjenoticias.com.mx\/wp-content\/uploads\/2025\/11\/Rafael-Morgan-3.png",600,400,false],"large":["https:\/\/arjenoticias.com.mx\/wp-content\/uploads\/2025\/11\/Rafael-Morgan-3.png",600,400,false],"1536x1536":["https:\/\/arjenoticias.com.mx\/wp-content\/uploads\/2025\/11\/Rafael-Morgan-3.png",600,400,false],"2048x2048":["https:\/\/arjenoticias.com.mx\/wp-content\/uploads\/2025\/11\/Rafael-Morgan-3.png",600,400,false],"covernews-featured":["https:\/\/arjenoticias.com.mx\/wp-content\/uploads\/2025\/11\/Rafael-Morgan-3.png",600,400,false],"covernews-medium":["https:\/\/arjenoticias.com.mx\/wp-content\/uploads\/2025\/11\/Rafael-Morgan-3-540x340.png",540,340,true]},"author_info":{"info":["Rafael Morgan Rios"]},"category_info":"<a href=\"https:\/\/arjenoticias.com.mx\/category\/politica\/\" rel=\"category tag\">Pol\u00edtica<\/a>","tag_info":"Pol\u00edtica","comment_count":"0","_links":{"self":[{"href":"https:\/\/arjenoticias.com.mx\/wp-json\/wp\/v2\/posts\/7248","targetHints":{"allow":["GET"]}}],"collection":[{"href":"https:\/\/arjenoticias.com.mx\/wp-json\/wp\/v2\/posts"}],"about":[{"href":"https:\/\/arjenoticias.com.mx\/wp-json\/wp\/v2\/types\/post"}],"author":[{"embeddable":true,"href":"https:\/\/arjenoticias.com.mx\/wp-json\/wp\/v2\/users\/31"}],"replies":[{"embeddable":true,"href":"https:\/\/arjenoticias.com.mx\/wp-json\/wp\/v2\/comments?post=7248"}],"version-history":[{"count":1,"href":"https:\/\/arjenoticias.com.mx\/wp-json\/wp\/v2\/posts\/7248\/revisions"}],"predecessor-version":[{"id":7250,"href":"https:\/\/arjenoticias.com.mx\/wp-json\/wp\/v2\/posts\/7248\/revisions\/7250"}],"wp:featuredmedia":[{"embeddable":true,"href":"https:\/\/arjenoticias.com.mx\/wp-json\/wp\/v2\/media\/7249"}],"wp:attachment":[{"href":"https:\/\/arjenoticias.com.mx\/wp-json\/wp\/v2\/media?parent=7248"}],"wp:term":[{"taxonomy":"category","embeddable":true,"href":"https:\/\/arjenoticias.com.mx\/wp-json\/wp\/v2\/categories?post=7248"},{"taxonomy":"post_tag","embeddable":true,"href":"https:\/\/arjenoticias.com.mx\/wp-json\/wp\/v2\/tags?post=7248"}],"curies":[{"name":"wp","href":"https:\/\/api.w.org\/{rel}","templated":true}]}}