{"id":7142,"date":"2025-11-10T18:11:42","date_gmt":"2025-11-11T00:11:42","guid":{"rendered":"https:\/\/arjenoticias.com\/?p=7142"},"modified":"2025-11-10T18:11:42","modified_gmt":"2025-11-11T00:11:42","slug":"la-iniciativa-de-revocacion-de-mandato-se-pospone-marcela-guerra","status":"publish","type":"post","link":"https:\/\/arjenoticias.com.mx\/?p=7142","title":{"rendered":"La iniciativa de Revocaci\u00f3n de Mandato se pospone: Marcela Guerra"},"content":{"rendered":"\n<figure class=\"wp-block-embed is-type-video is-provider-youtube wp-block-embed-youtube wp-embed-aspect-16-9 wp-has-aspect-ratio\"><div class=\"wp-block-embed__wrapper\">\n<iframe title=\"Entrevista con Dip Marcela Guerra\" width=\"640\" height=\"360\" src=\"https:\/\/www.youtube.com\/embed\/6g3NWStSRlM?feature=oembed\" frameborder=\"0\" allow=\"accelerometer; autoplay; clipboard-write; encrypted-media; gyroscope; picture-in-picture; web-share\" referrerpolicy=\"strict-origin-when-cross-origin\" allowfullscreen><\/iframe>\n<\/div><\/figure>\n\n\n\n<p class=\"wp-block-paragraph\">Marcela Guerra legisladora del PRI con amplia experiencia dice: \u201cRicardo Monreal declaro que el an\u00e1lisis y discusi\u00f3n de esta iniciativa se pospone. La raz\u00f3n tiene como objetivo buscar y construir acuerdos entre los distintos grupos parlamentarios, sugiriendo que el tema a tratar requer\u00eda m\u00e1s consensos antes de ser debatido en la Comisi\u00f3n. A\u00fan no hay fecha de la nueva reuni\u00f3n\u201d.<br>Guerra a\u00f1ade: \u201cesta propuesta contiene un sinf\u00edn de factores que implican el deseo de Morena de acabar con la democracia en nuestro pais y alentar el abstencionismo, la confusi\u00f3n y sobre todo el manipuleo del proceso electoral del 2027, incluyendo el tema de la Revocaci\u00f3n de Mandato, para que la presidenta aparezca en la boleta y haga campa\u00f1a a favor de sus candidatos. Conclusi\u00f3n, se nota una vez la lucha dentro del partido en el gobierno, entre los \u201cpuros\u201d y los \u201cimpuros\u201d.<br>Ir\u00e1 viniendo, iremos viendo como se desarrolla esta lucha dentro de Morena, en la cual la presidenta Sheinbaum deber\u00e1 jugar un papel preponderante, para mantener el control de su gobierno, ya que hay y habr\u00e1 demasiados fierros en la lumbre, lo cual implica la toma de decisiones mas certeras y no dejarse llevar por las presiones de los grupos del poder de Morena hegem\u00f3nico.<\/p>\n\n\n\n<p class=\"wp-block-paragraph\"><\/p>\n","protected":false},"excerpt":{"rendered":"<p>Marcela Guerra legisladora del PRI con amplia experiencia dice: \u201cRicardo Monreal declaro que el an\u00e1lisis&#8230;<\/p>\n","protected":false},"author":68,"featured_media":7143,"comment_status":"closed","ping_status":"closed","sticky":false,"template":"","format":"standard","meta":{"footnotes":""},"categories":[13],"tags":[],"class_list":["post-7142","post","type-post","status-publish","format-standard","has-post-thumbnail","hentry","category-politica"],"yoast_head":"<!-- This site is optimized with the Yoast SEO plugin v28.4 - https:\/\/yoast.com\/product\/yoast-seo-wordpress\/ -->\n<title>La iniciativa de Revocaci\u00f3n de Mandato se pospone: Marcela Guerra -<\/title>\n<meta name=\"description\" content=\"el deseo de Morena de acabar con la democracia en nuestro pais y alentar el abstencionismo, la confusi\u00f3n y sobre todo el manipuleo del proceso electoral del 2027, incluyendo el tema de la Revocaci\u00f3n de Mandato\" \/>\n<meta name=\"robots\" content=\"index, follow, max-snippet:-1, max-image-preview:large, max-video-preview:-1\" \/>\n<link rel=\"canonical\" href=\"https:\/\/arjenoticias.com.mx\/?p=7142\" \/>\n<meta property=\"og:locale\" content=\"es_MX\" \/>\n<meta property=\"og:type\" content=\"article\" \/>\n<meta property=\"og:title\" content=\"La iniciativa de Revocaci\u00f3n de Mandato se pospone: Marcela Guerra -\" \/>\n<meta property=\"og:description\" content=\"el deseo de Morena de acabar con la democracia en nuestro pais y alentar el abstencionismo, la confusi\u00f3n y sobre todo el manipuleo del proceso electoral del 2027, incluyendo el tema de la Revocaci\u00f3n de Mandato\" \/>\n<meta property=\"og:url\" content=\"https:\/\/arjenoticias.com.mx\/?p=7142\" \/>\n<meta property=\"article:published_time\" content=\"2025-11-11T00:11:42+00:00\" \/>\n<meta name=\"author\" content=\"Ra\u00fal Monter Ortega\" \/>\n<meta name=\"twitter:card\" content=\"summary_large_image\" \/>\n<meta name=\"twitter:label1\" content=\"Escrito por\" \/>\n\t<meta name=\"twitter:data1\" content=\"Ra\u00fal Monter Ortega\" \/>\n\t<meta name=\"twitter:label2\" content=\"Tiempo de lectura\" \/>\n\t<meta name=\"twitter:data2\" content=\"2 minutos\" \/>\n<script type=\"application\/ld+json\" class=\"yoast-schema-graph\">{\"@context\":\"https:\\\/\\\/schema.org\",\"@graph\":[{\"@type\":\"Article\",\"@id\":\"https:\\\/\\\/arjenoticias.com.mx\\\/?p=7142#article\",\"isPartOf\":{\"@id\":\"https:\\\/\\\/arjenoticias.com.mx\\\/?p=7142\"},\"author\":{\"name\":\"Ra\u00fal Monter Ortega\",\"@id\":\"https:\\\/\\\/arjenoticias.com.mx\\\/#\\\/schema\\\/person\\\/f48bc28476b38490cbe82bd109c72b24\"},\"headline\":\"La iniciativa de Revocaci\u00f3n de Mandato se pospone: Marcela Guerra\",\"datePublished\":\"2025-11-11T00:11:42+00:00\",\"mainEntityOfPage\":{\"@id\":\"https:\\\/\\\/arjenoticias.com.mx\\\/?p=7142\"},\"wordCount\":236,\"publisher\":{\"@id\":\"https:\\\/\\\/arjenoticias.com.mx\\\/#organization\"},\"image\":{\"@id\":\"https:\\\/\\\/arjenoticias.com.mx\\\/?p=7142#primaryimage\"},\"thumbnailUrl\":\"\",\"articleSection\":[\"Pol\u00edtica\"],\"inLanguage\":\"es\"},{\"@type\":\"WebPage\",\"@id\":\"https:\\\/\\\/arjenoticias.com.mx\\\/?p=7142\",\"url\":\"https:\\\/\\\/arjenoticias.com.mx\\\/?p=7142\",\"name\":\"La iniciativa de Revocaci\u00f3n de Mandato se pospone: Marcela Guerra -\",\"isPartOf\":{\"@id\":\"https:\\\/\\\/arjenoticias.com.mx\\\/#website\"},\"primaryImageOfPage\":{\"@id\":\"https:\\\/\\\/arjenoticias.com.mx\\\/?p=7142#primaryimage\"},\"image\":{\"@id\":\"https:\\\/\\\/arjenoticias.com.mx\\\/?p=7142#primaryimage\"},\"thumbnailUrl\":\"\",\"datePublished\":\"2025-11-11T00:11:42+00:00\",\"description\":\"el deseo de Morena de acabar con la democracia en nuestro pais y alentar el abstencionismo, la confusi\u00f3n y sobre todo el manipuleo del proceso electoral del 2027, incluyendo el tema de la Revocaci\u00f3n de Mandato\",\"breadcrumb\":{\"@id\":\"https:\\\/\\\/arjenoticias.com.mx\\\/?p=7142#breadcrumb\"},\"inLanguage\":\"es\",\"potentialAction\":[{\"@type\":\"ReadAction\",\"target\":[\"https:\\\/\\\/arjenoticias.com.mx\\\/?p=7142\"]}]},{\"@type\":\"ImageObject\",\"inLanguage\":\"es\",\"@id\":\"https:\\\/\\\/arjenoticias.com.mx\\\/?p=7142#primaryimage\",\"url\":\"\",\"contentUrl\":\"\"},{\"@type\":\"BreadcrumbList\",\"@id\":\"https:\\\/\\\/arjenoticias.com.mx\\\/?p=7142#breadcrumb\",\"itemListElement\":[{\"@type\":\"ListItem\",\"position\":1,\"name\":\"Inicio\",\"item\":\"https:\\\/\\\/arjenoticias.com.mx\\\/\"},{\"@type\":\"ListItem\",\"position\":2,\"name\":\"La iniciativa de Revocaci\u00f3n de Mandato se pospone: Marcela Guerra\"}]},{\"@type\":\"WebSite\",\"@id\":\"https:\\\/\\\/arjenoticias.com.mx\\\/#website\",\"url\":\"https:\\\/\\\/arjenoticias.com.mx\\\/\",\"name\":\"arjenoticias.com.mx\",\"description\":\"\",\"publisher\":{\"@id\":\"https:\\\/\\\/arjenoticias.com.mx\\\/#organization\"},\"potentialAction\":[{\"@type\":\"SearchAction\",\"target\":{\"@type\":\"EntryPoint\",\"urlTemplate\":\"https:\\\/\\\/arjenoticias.com.mx\\\/?s={search_term_string}\"},\"query-input\":{\"@type\":\"PropertyValueSpecification\",\"valueRequired\":true,\"valueName\":\"search_term_string\"}}],\"inLanguage\":\"es\"},{\"@type\":\"Organization\",\"@id\":\"https:\\\/\\\/arjenoticias.com.mx\\\/#organization\",\"name\":\"Arj\u00e9 de M\u00e9xico Noticias\",\"url\":\"https:\\\/\\\/arjenoticias.com.mx\\\/\",\"logo\":{\"@type\":\"ImageObject\",\"inLanguage\":\"es\",\"@id\":\"https:\\\/\\\/arjenoticias.com.mx\\\/#\\\/schema\\\/logo\\\/image\\\/\",\"url\":\"https:\\\/\\\/arjenoticias.com.mx\\\/wp-content\\\/uploads\\\/2025\\\/07\\\/cropped-logo-scaled-1.png\",\"contentUrl\":\"https:\\\/\\\/arjenoticias.com.mx\\\/wp-content\\\/uploads\\\/2025\\\/07\\\/cropped-logo-scaled-1.png\",\"width\":2558,\"height\":558,\"caption\":\"Arj\u00e9 de M\u00e9xico Noticias\"},\"image\":{\"@id\":\"https:\\\/\\\/arjenoticias.com.mx\\\/#\\\/schema\\\/logo\\\/image\\\/\"}},{\"@type\":\"Person\",\"@id\":\"https:\\\/\\\/arjenoticias.com.mx\\\/#\\\/schema\\\/person\\\/f48bc28476b38490cbe82bd109c72b24\",\"name\":\"Ra\u00fal Monter Ortega\",\"image\":{\"@type\":\"ImageObject\",\"inLanguage\":\"es\",\"@id\":\"https:\\\/\\\/secure.gravatar.com\\\/avatar\\\/1616403283ceadc5d9a2d98c21703f217676e6be6595972f5d3d26ff78793f9d?s=96&d=mm&r=g\",\"url\":\"https:\\\/\\\/secure.gravatar.com\\\/avatar\\\/1616403283ceadc5d9a2d98c21703f217676e6be6595972f5d3d26ff78793f9d?s=96&d=mm&r=g\",\"contentUrl\":\"https:\\\/\\\/secure.gravatar.com\\\/avatar\\\/1616403283ceadc5d9a2d98c21703f217676e6be6595972f5d3d26ff78793f9d?s=96&d=mm&r=g\",\"caption\":\"Ra\u00fal Monter Ortega\"},\"url\":\"https:\\\/\\\/arjenoticias.com.mx\\\/?author=68\"}]}<\/script>\n<!-- \/ Yoast SEO plugin. -->","yoast_head_json":{"title":"La iniciativa de Revocaci\u00f3n de Mandato se pospone: Marcela Guerra -","description":"el deseo de Morena de acabar con la democracia en nuestro pais y alentar el abstencionismo, la confusi\u00f3n y sobre todo el manipuleo del proceso electoral del 2027, incluyendo el tema de la Revocaci\u00f3n de Mandato","robots":{"index":"index","follow":"follow","max-snippet":"max-snippet:-1","max-image-preview":"max-image-preview:large","max-video-preview":"max-video-preview:-1"},"canonical":"https:\/\/arjenoticias.com.mx\/?p=7142","og_locale":"es_MX","og_type":"article","og_title":"La iniciativa de Revocaci\u00f3n de Mandato se pospone: Marcela Guerra -","og_description":"el deseo de Morena de acabar con la democracia en nuestro pais y alentar el abstencionismo, la confusi\u00f3n y sobre todo el manipuleo del proceso electoral del 2027, incluyendo el tema de la Revocaci\u00f3n de Mandato","og_url":"https:\/\/arjenoticias.com.mx\/?p=7142","article_published_time":"2025-11-11T00:11:42+00:00","author":"Ra\u00fal Monter Ortega","twitter_card":"summary_large_image","twitter_misc":{"Escrito por":"Ra\u00fal Monter Ortega","Tiempo de lectura":"2 minutos"},"schema":{"@context":"https:\/\/schema.org","@graph":[{"@type":"Article","@id":"https:\/\/arjenoticias.com.mx\/?p=7142#article","isPartOf":{"@id":"https:\/\/arjenoticias.com.mx\/?p=7142"},"author":{"name":"Ra\u00fal Monter Ortega","@id":"https:\/\/arjenoticias.com.mx\/#\/schema\/person\/f48bc28476b38490cbe82bd109c72b24"},"headline":"La iniciativa de Revocaci\u00f3n de Mandato se pospone: Marcela Guerra","datePublished":"2025-11-11T00:11:42+00:00","mainEntityOfPage":{"@id":"https:\/\/arjenoticias.com.mx\/?p=7142"},"wordCount":236,"publisher":{"@id":"https:\/\/arjenoticias.com.mx\/#organization"},"image":{"@id":"https:\/\/arjenoticias.com.mx\/?p=7142#primaryimage"},"thumbnailUrl":"","articleSection":["Pol\u00edtica"],"inLanguage":"es"},{"@type":"WebPage","@id":"https:\/\/arjenoticias.com.mx\/?p=7142","url":"https:\/\/arjenoticias.com.mx\/?p=7142","name":"La iniciativa de Revocaci\u00f3n de Mandato se pospone: Marcela Guerra -","isPartOf":{"@id":"https:\/\/arjenoticias.com.mx\/#website"},"primaryImageOfPage":{"@id":"https:\/\/arjenoticias.com.mx\/?p=7142#primaryimage"},"image":{"@id":"https:\/\/arjenoticias.com.mx\/?p=7142#primaryimage"},"thumbnailUrl":"","datePublished":"2025-11-11T00:11:42+00:00","description":"el deseo de Morena de acabar con la democracia en nuestro pais y alentar el abstencionismo, la confusi\u00f3n y sobre todo el manipuleo del proceso electoral del 2027, incluyendo el tema de la Revocaci\u00f3n de Mandato","breadcrumb":{"@id":"https:\/\/arjenoticias.com.mx\/?p=7142#breadcrumb"},"inLanguage":"es","potentialAction":[{"@type":"ReadAction","target":["https:\/\/arjenoticias.com.mx\/?p=7142"]}]},{"@type":"ImageObject","inLanguage":"es","@id":"https:\/\/arjenoticias.com.mx\/?p=7142#primaryimage","url":"","contentUrl":""},{"@type":"BreadcrumbList","@id":"https:\/\/arjenoticias.com.mx\/?p=7142#breadcrumb","itemListElement":[{"@type":"ListItem","position":1,"name":"Inicio","item":"https:\/\/arjenoticias.com.mx\/"},{"@type":"ListItem","position":2,"name":"La iniciativa de Revocaci\u00f3n de Mandato se pospone: Marcela Guerra"}]},{"@type":"WebSite","@id":"https:\/\/arjenoticias.com.mx\/#website","url":"https:\/\/arjenoticias.com.mx\/","name":"arjenoticias.com.mx","description":"","publisher":{"@id":"https:\/\/arjenoticias.com.mx\/#organization"},"potentialAction":[{"@type":"SearchAction","target":{"@type":"EntryPoint","urlTemplate":"https:\/\/arjenoticias.com.mx\/?s={search_term_string}"},"query-input":{"@type":"PropertyValueSpecification","valueRequired":true,"valueName":"search_term_string"}}],"inLanguage":"es"},{"@type":"Organization","@id":"https:\/\/arjenoticias.com.mx\/#organization","name":"Arj\u00e9 de M\u00e9xico Noticias","url":"https:\/\/arjenoticias.com.mx\/","logo":{"@type":"ImageObject","inLanguage":"es","@id":"https:\/\/arjenoticias.com.mx\/#\/schema\/logo\/image\/","url":"https:\/\/arjenoticias.com.mx\/wp-content\/uploads\/2025\/07\/cropped-logo-scaled-1.png","contentUrl":"https:\/\/arjenoticias.com.mx\/wp-content\/uploads\/2025\/07\/cropped-logo-scaled-1.png","width":2558,"height":558,"caption":"Arj\u00e9 de M\u00e9xico Noticias"},"image":{"@id":"https:\/\/arjenoticias.com.mx\/#\/schema\/logo\/image\/"}},{"@type":"Person","@id":"https:\/\/arjenoticias.com.mx\/#\/schema\/person\/f48bc28476b38490cbe82bd109c72b24","name":"Ra\u00fal Monter Ortega","image":{"@type":"ImageObject","inLanguage":"es","@id":"https:\/\/secure.gravatar.com\/avatar\/1616403283ceadc5d9a2d98c21703f217676e6be6595972f5d3d26ff78793f9d?s=96&d=mm&r=g","url":"https:\/\/secure.gravatar.com\/avatar\/1616403283ceadc5d9a2d98c21703f217676e6be6595972f5d3d26ff78793f9d?s=96&d=mm&r=g","contentUrl":"https:\/\/secure.gravatar.com\/avatar\/1616403283ceadc5d9a2d98c21703f217676e6be6595972f5d3d26ff78793f9d?s=96&d=mm&r=g","caption":"Ra\u00fal Monter Ortega"},"url":"https:\/\/arjenoticias.com.mx\/?author=68"}]}},"_links":{"self":[{"href":"https:\/\/arjenoticias.com.mx\/index.php?rest_route=\/wp\/v2\/posts\/7142","targetHints":{"allow":["GET"]}}],"collection":[{"href":"https:\/\/arjenoticias.com.mx\/index.php?rest_route=\/wp\/v2\/posts"}],"about":[{"href":"https:\/\/arjenoticias.com.mx\/index.php?rest_route=\/wp\/v2\/types\/post"}],"author":[{"embeddable":true,"href":"https:\/\/arjenoticias.com.mx\/index.php?rest_route=\/wp\/v2\/users\/68"}],"replies":[{"embeddable":true,"href":"https:\/\/arjenoticias.com.mx\/index.php?rest_route=%2Fwp%2Fv2%2Fcomments&post=7142"}],"version-history":[{"count":0,"href":"https:\/\/arjenoticias.com.mx\/index.php?rest_route=\/wp\/v2\/posts\/7142\/revisions"}],"wp:attachment":[{"href":"https:\/\/arjenoticias.com.mx\/index.php?rest_route=%2Fwp%2Fv2%2Fmedia&parent=7142"}],"wp:term":[{"taxonomy":"category","embeddable":true,"href":"https:\/\/arjenoticias.com.mx\/index.php?rest_route=%2Fwp%2Fv2%2Fcategories&post=7142"},{"taxonomy":"post_tag","embeddable":true,"href":"https:\/\/arjenoticias.com.mx\/index.php?rest_route=%2Fwp%2Fv2%2Ftags&post=7142"}],"curies":[{"name":"wp","href":"https:\/\/api.w.org\/{rel}","templated":true}]}}