{"id":7121,"date":"2025-11-10T11:55:19","date_gmt":"2025-11-10T17:55:19","guid":{"rendered":"https:\/\/arjenoticias.com\/?p=7121"},"modified":"2025-11-10T11:55:19","modified_gmt":"2025-11-10T17:55:19","slug":"nuevos-impuestos-en-mexico-entre-la-necesidad-fiscal-y-el-costo-ciudadano-teresa-sepulveda","status":"publish","type":"post","link":"https:\/\/arjenoticias.com.mx\/?p=7121","title":{"rendered":"Nuevos impuestos en M\u00e9xico, entre la necesidad fiscal  y el costo ciudadano"},"content":{"rendered":"\n<p class=\"wp-block-paragraph\"><br>Alejandra Reyes Shields (Editorialista invitada de Plumas Azules)<\/p>\n\n\n\n<p class=\"wp-block-paragraph\">En M\u00e9xico, los nuevos impuestos han vuelto al centro del debate p\u00fablico. Cada anuncio de ajuste fiscal provoca inquietud en hogares, comercios y empresas que sienten c\u00f3mo sus bolsillos se estrechan. Detr\u00e1s de cada medida recaudatoria hay una intenci\u00f3n de fortalecer las finanzas del pa\u00eds, pero tambi\u00e9n una tensi\u00f3n evidente entre la necesidad del Estado y la capacidad real de la ciudadan\u00eda para soportar nuevas cargas.<\/p>\n\n\n\n<p class=\"wp-block-paragraph\">El gobierno ha justificado la creaci\u00f3n o ampliaci\u00f3n de impuestos (como los aplicados a plataformas digitales, bebidas azucaradas, tabacos y ciertos servicios) bajo el argumento de mejorar la recaudaci\u00f3n y sostener programas sociales. M\u00e9xico, con una base tributaria hist\u00f3ricamente reducida y una econom\u00eda informal que supera el 50% de la poblaci\u00f3n activa, necesita m\u00e1s ingresos para cubrir sus compromisos p\u00fablicos.<\/p>\n\n\n\n<p class=\"wp-block-paragraph\">Sin embargo, la discusi\u00f3n no puede reducirse a cu\u00e1nto se recauda, sino a c\u00f3mo y en qu\u00e9 se gasta. En un pa\u00eds donde la confianza en las instituciones es fr\u00e1gil, muchos ciudadanos perciben los nuevos impuestos como castigos, no como instrumentos de desarrollo.<\/p>\n\n\n\n<p class=\"wp-block-paragraph\">Para peque\u00f1os negocios y trabajadores por cuenta propia, los cambios fiscales suelen representar un desaf\u00edo mayor. Las obligaciones electr\u00f3nicas, los reportes ante el SAT y el aumento de ciertos grav\u00e1menes complican la operaci\u00f3n de quienes apenas sobreviven con m\u00e1rgenes estrechos. Lo que puede provocar que los contribuyentes se vean empujados hacia la informalidad, justo lo contrario de lo que se busca.<\/p>\n\n\n\n<p class=\"wp-block-paragraph\">Aun as\u00ed, la necesidad de una reforma integral es innegable. M\u00e9xico recauda menos del promedio latinoamericano en proporci\u00f3n a su PIB, lo que limita la capacidad del Estado para invertir en salud, educaci\u00f3n e infraestructura. Los nuevos impuestos, en teor\u00eda, buscan cerrar esa brecha. Pero su efectividad depende de algo m\u00e1s que cifras: requiere transparencia, rendici\u00f3n de cuentas y una administraci\u00f3n p\u00fablica eficiente.<\/p>\n\n\n\n<p class=\"wp-block-paragraph\"><strong>En un pa\u00eds con profundas desigualdades, la pol\u00edtica fiscal deber\u00eda tener un rostro m\u00e1s humano.<\/strong> Cada impuesto deber\u00eda responder a un principio de equidad: que quien m\u00e1s tiene, m\u00e1s aporte; y que los recursos recaudados realmente regresen a la sociedad en forma de bien com\u00fan tangible.<\/p>\n\n\n\n<p class=\"wp-block-paragraph\">Al final, los nuevos impuestos reflejan la relaci\u00f3n entre el Estado y sus ciudadanos. Si la recaudaci\u00f3n se traduce en servicios p\u00fablicos de calidad, la gente paga con menos resistencia. Si, por el contrario, los recursos se diluyen en la opacidad o la ineficiencia, cada reforma fiscal se convierte en una nueva herida a la confianza social, tal como ha pasado en los \u00faltimos a\u00f1os.<\/p>\n\n\n\n<p class=\"wp-block-paragraph\">M\u00e9xico no solo necesita recaudar m\u00e1s. Necesita convencer m\u00e1s. <strong>Un sistema tributario justo no se impone: se construye con transparencia, \u00e9tica y resultados visibles<\/strong>. Solo entonces, los impuestos dejar\u00e1n de verse como un peso, y empezar\u00e1n a sentirse como una inversi\u00f3n en el pa\u00eds que todos compartimos.<\/p>\n","protected":false},"excerpt":{"rendered":"<p>Alejandra Reyes Shields (Editorialista invitada de Plumas Azules) En M\u00e9xico, los nuevos impuestos han vuelto&#8230;<\/p>\n","protected":false},"author":66,"featured_media":7122,"comment_status":"closed","ping_status":"closed","sticky":false,"template":"","format":"standard","meta":{"footnotes":""},"categories":[12],"tags":[],"class_list":["post-7121","post","type-post","status-publish","format-standard","has-post-thumbnail","hentry","category-opinion"],"yoast_head":"<!-- This site is optimized with the Yoast SEO plugin v28.4 - https:\/\/yoast.com\/product\/yoast-seo-wordpress\/ -->\n<title>Nuevos impuestos en M\u00e9xico, entre la necesidad fiscal y el costo ciudadano -<\/title>\n<meta name=\"robots\" content=\"index, follow, max-snippet:-1, max-image-preview:large, max-video-preview:-1\" \/>\n<link rel=\"canonical\" href=\"https:\/\/arjenoticias.com.mx\/?p=7121\" \/>\n<meta property=\"og:locale\" content=\"es_MX\" \/>\n<meta property=\"og:type\" content=\"article\" \/>\n<meta property=\"og:title\" content=\"Nuevos impuestos en M\u00e9xico, entre la necesidad fiscal y el costo ciudadano -\" \/>\n<meta property=\"og:description\" content=\"Alejandra Reyes Shields (Editorialista invitada de Plumas Azules) En M\u00e9xico, los nuevos impuestos han vuelto...\" \/>\n<meta property=\"og:url\" content=\"https:\/\/arjenoticias.com.mx\/?p=7121\" \/>\n<meta property=\"article:published_time\" content=\"2025-11-10T17:55:19+00:00\" \/>\n<meta name=\"author\" content=\"Arj\u00e9 Noticias\" \/>\n<meta name=\"twitter:card\" content=\"summary_large_image\" \/>\n<meta name=\"twitter:label1\" content=\"Escrito por\" \/>\n\t<meta name=\"twitter:data1\" content=\"Arj\u00e9 Noticias\" \/>\n\t<meta name=\"twitter:label2\" content=\"Tiempo de lectura\" \/>\n\t<meta name=\"twitter:data2\" content=\"3 minutos\" \/>\n<script type=\"application\/ld+json\" class=\"yoast-schema-graph\">{\"@context\":\"https:\\\/\\\/schema.org\",\"@graph\":[{\"@type\":\"Article\",\"@id\":\"https:\\\/\\\/arjenoticias.com.mx\\\/?p=7121#article\",\"isPartOf\":{\"@id\":\"https:\\\/\\\/arjenoticias.com.mx\\\/?p=7121\"},\"author\":{\"name\":\"Arj\u00e9 Noticias\",\"@id\":\"https:\\\/\\\/arjenoticias.com.mx\\\/#\\\/schema\\\/person\\\/83f9fb68162b16794b69a8186dd31bc0\"},\"headline\":\"Nuevos impuestos en M\u00e9xico, entre la necesidad fiscal y el costo ciudadano\",\"datePublished\":\"2025-11-10T17:55:19+00:00\",\"mainEntityOfPage\":{\"@id\":\"https:\\\/\\\/arjenoticias.com.mx\\\/?p=7121\"},\"wordCount\":527,\"publisher\":{\"@id\":\"https:\\\/\\\/arjenoticias.com.mx\\\/#organization\"},\"image\":{\"@id\":\"https:\\\/\\\/arjenoticias.com.mx\\\/?p=7121#primaryimage\"},\"thumbnailUrl\":\"\",\"articleSection\":[\"Opini\u00f3n\"],\"inLanguage\":\"es\"},{\"@type\":\"WebPage\",\"@id\":\"https:\\\/\\\/arjenoticias.com.mx\\\/?p=7121\",\"url\":\"https:\\\/\\\/arjenoticias.com.mx\\\/?p=7121\",\"name\":\"Nuevos impuestos en M\u00e9xico, entre la necesidad fiscal y el costo ciudadano -\",\"isPartOf\":{\"@id\":\"https:\\\/\\\/arjenoticias.com.mx\\\/#website\"},\"primaryImageOfPage\":{\"@id\":\"https:\\\/\\\/arjenoticias.com.mx\\\/?p=7121#primaryimage\"},\"image\":{\"@id\":\"https:\\\/\\\/arjenoticias.com.mx\\\/?p=7121#primaryimage\"},\"thumbnailUrl\":\"\",\"datePublished\":\"2025-11-10T17:55:19+00:00\",\"breadcrumb\":{\"@id\":\"https:\\\/\\\/arjenoticias.com.mx\\\/?p=7121#breadcrumb\"},\"inLanguage\":\"es\",\"potentialAction\":[{\"@type\":\"ReadAction\",\"target\":[\"https:\\\/\\\/arjenoticias.com.mx\\\/?p=7121\"]}]},{\"@type\":\"ImageObject\",\"inLanguage\":\"es\",\"@id\":\"https:\\\/\\\/arjenoticias.com.mx\\\/?p=7121#primaryimage\",\"url\":\"\",\"contentUrl\":\"\"},{\"@type\":\"BreadcrumbList\",\"@id\":\"https:\\\/\\\/arjenoticias.com.mx\\\/?p=7121#breadcrumb\",\"itemListElement\":[{\"@type\":\"ListItem\",\"position\":1,\"name\":\"Inicio\",\"item\":\"https:\\\/\\\/arjenoticias.com.mx\\\/\"},{\"@type\":\"ListItem\",\"position\":2,\"name\":\"Nuevos impuestos en M\u00e9xico, entre la necesidad fiscal y el costo ciudadano\"}]},{\"@type\":\"WebSite\",\"@id\":\"https:\\\/\\\/arjenoticias.com.mx\\\/#website\",\"url\":\"https:\\\/\\\/arjenoticias.com.mx\\\/\",\"name\":\"arjenoticias.com.mx\",\"description\":\"\",\"publisher\":{\"@id\":\"https:\\\/\\\/arjenoticias.com.mx\\\/#organization\"},\"potentialAction\":[{\"@type\":\"SearchAction\",\"target\":{\"@type\":\"EntryPoint\",\"urlTemplate\":\"https:\\\/\\\/arjenoticias.com.mx\\\/?s={search_term_string}\"},\"query-input\":{\"@type\":\"PropertyValueSpecification\",\"valueRequired\":true,\"valueName\":\"search_term_string\"}}],\"inLanguage\":\"es\"},{\"@type\":\"Organization\",\"@id\":\"https:\\\/\\\/arjenoticias.com.mx\\\/#organization\",\"name\":\"Arj\u00e9 de M\u00e9xico Noticias\",\"url\":\"https:\\\/\\\/arjenoticias.com.mx\\\/\",\"logo\":{\"@type\":\"ImageObject\",\"inLanguage\":\"es\",\"@id\":\"https:\\\/\\\/arjenoticias.com.mx\\\/#\\\/schema\\\/logo\\\/image\\\/\",\"url\":\"https:\\\/\\\/arjenoticias.com.mx\\\/wp-content\\\/uploads\\\/2025\\\/07\\\/cropped-logo-scaled-1.png\",\"contentUrl\":\"https:\\\/\\\/arjenoticias.com.mx\\\/wp-content\\\/uploads\\\/2025\\\/07\\\/cropped-logo-scaled-1.png\",\"width\":2558,\"height\":558,\"caption\":\"Arj\u00e9 de M\u00e9xico Noticias\"},\"image\":{\"@id\":\"https:\\\/\\\/arjenoticias.com.mx\\\/#\\\/schema\\\/logo\\\/image\\\/\"}},{\"@type\":\"Person\",\"@id\":\"https:\\\/\\\/arjenoticias.com.mx\\\/#\\\/schema\\\/person\\\/83f9fb68162b16794b69a8186dd31bc0\",\"name\":\"Arj\u00e9 Noticias\",\"image\":{\"@type\":\"ImageObject\",\"inLanguage\":\"es\",\"@id\":\"https:\\\/\\\/secure.gravatar.com\\\/avatar\\\/f604b88a0e24c04f3f89fae6b5400bfd6093d0999292a64803d3651d9d4a35a5?s=96&d=mm&r=g\",\"url\":\"https:\\\/\\\/secure.gravatar.com\\\/avatar\\\/f604b88a0e24c04f3f89fae6b5400bfd6093d0999292a64803d3651d9d4a35a5?s=96&d=mm&r=g\",\"contentUrl\":\"https:\\\/\\\/secure.gravatar.com\\\/avatar\\\/f604b88a0e24c04f3f89fae6b5400bfd6093d0999292a64803d3651d9d4a35a5?s=96&d=mm&r=g\",\"caption\":\"Arj\u00e9 Noticias\"},\"url\":\"https:\\\/\\\/arjenoticias.com.mx\\\/?author=66\"}]}<\/script>\n<!-- \/ Yoast SEO plugin. -->","yoast_head_json":{"title":"Nuevos impuestos en M\u00e9xico, entre la necesidad fiscal y el costo ciudadano -","robots":{"index":"index","follow":"follow","max-snippet":"max-snippet:-1","max-image-preview":"max-image-preview:large","max-video-preview":"max-video-preview:-1"},"canonical":"https:\/\/arjenoticias.com.mx\/?p=7121","og_locale":"es_MX","og_type":"article","og_title":"Nuevos impuestos en M\u00e9xico, entre la necesidad fiscal y el costo ciudadano -","og_description":"Alejandra Reyes Shields (Editorialista invitada de Plumas Azules) En M\u00e9xico, los nuevos impuestos han vuelto...","og_url":"https:\/\/arjenoticias.com.mx\/?p=7121","article_published_time":"2025-11-10T17:55:19+00:00","author":"Arj\u00e9 Noticias","twitter_card":"summary_large_image","twitter_misc":{"Escrito por":"Arj\u00e9 Noticias","Tiempo de lectura":"3 minutos"},"schema":{"@context":"https:\/\/schema.org","@graph":[{"@type":"Article","@id":"https:\/\/arjenoticias.com.mx\/?p=7121#article","isPartOf":{"@id":"https:\/\/arjenoticias.com.mx\/?p=7121"},"author":{"name":"Arj\u00e9 Noticias","@id":"https:\/\/arjenoticias.com.mx\/#\/schema\/person\/83f9fb68162b16794b69a8186dd31bc0"},"headline":"Nuevos impuestos en M\u00e9xico, entre la necesidad fiscal y el costo ciudadano","datePublished":"2025-11-10T17:55:19+00:00","mainEntityOfPage":{"@id":"https:\/\/arjenoticias.com.mx\/?p=7121"},"wordCount":527,"publisher":{"@id":"https:\/\/arjenoticias.com.mx\/#organization"},"image":{"@id":"https:\/\/arjenoticias.com.mx\/?p=7121#primaryimage"},"thumbnailUrl":"","articleSection":["Opini\u00f3n"],"inLanguage":"es"},{"@type":"WebPage","@id":"https:\/\/arjenoticias.com.mx\/?p=7121","url":"https:\/\/arjenoticias.com.mx\/?p=7121","name":"Nuevos impuestos en M\u00e9xico, entre la necesidad fiscal y el costo ciudadano -","isPartOf":{"@id":"https:\/\/arjenoticias.com.mx\/#website"},"primaryImageOfPage":{"@id":"https:\/\/arjenoticias.com.mx\/?p=7121#primaryimage"},"image":{"@id":"https:\/\/arjenoticias.com.mx\/?p=7121#primaryimage"},"thumbnailUrl":"","datePublished":"2025-11-10T17:55:19+00:00","breadcrumb":{"@id":"https:\/\/arjenoticias.com.mx\/?p=7121#breadcrumb"},"inLanguage":"es","potentialAction":[{"@type":"ReadAction","target":["https:\/\/arjenoticias.com.mx\/?p=7121"]}]},{"@type":"ImageObject","inLanguage":"es","@id":"https:\/\/arjenoticias.com.mx\/?p=7121#primaryimage","url":"","contentUrl":""},{"@type":"BreadcrumbList","@id":"https:\/\/arjenoticias.com.mx\/?p=7121#breadcrumb","itemListElement":[{"@type":"ListItem","position":1,"name":"Inicio","item":"https:\/\/arjenoticias.com.mx\/"},{"@type":"ListItem","position":2,"name":"Nuevos impuestos en M\u00e9xico, entre la necesidad fiscal y el costo ciudadano"}]},{"@type":"WebSite","@id":"https:\/\/arjenoticias.com.mx\/#website","url":"https:\/\/arjenoticias.com.mx\/","name":"arjenoticias.com.mx","description":"","publisher":{"@id":"https:\/\/arjenoticias.com.mx\/#organization"},"potentialAction":[{"@type":"SearchAction","target":{"@type":"EntryPoint","urlTemplate":"https:\/\/arjenoticias.com.mx\/?s={search_term_string}"},"query-input":{"@type":"PropertyValueSpecification","valueRequired":true,"valueName":"search_term_string"}}],"inLanguage":"es"},{"@type":"Organization","@id":"https:\/\/arjenoticias.com.mx\/#organization","name":"Arj\u00e9 de M\u00e9xico Noticias","url":"https:\/\/arjenoticias.com.mx\/","logo":{"@type":"ImageObject","inLanguage":"es","@id":"https:\/\/arjenoticias.com.mx\/#\/schema\/logo\/image\/","url":"https:\/\/arjenoticias.com.mx\/wp-content\/uploads\/2025\/07\/cropped-logo-scaled-1.png","contentUrl":"https:\/\/arjenoticias.com.mx\/wp-content\/uploads\/2025\/07\/cropped-logo-scaled-1.png","width":2558,"height":558,"caption":"Arj\u00e9 de M\u00e9xico Noticias"},"image":{"@id":"https:\/\/arjenoticias.com.mx\/#\/schema\/logo\/image\/"}},{"@type":"Person","@id":"https:\/\/arjenoticias.com.mx\/#\/schema\/person\/83f9fb68162b16794b69a8186dd31bc0","name":"Arj\u00e9 Noticias","image":{"@type":"ImageObject","inLanguage":"es","@id":"https:\/\/secure.gravatar.com\/avatar\/f604b88a0e24c04f3f89fae6b5400bfd6093d0999292a64803d3651d9d4a35a5?s=96&d=mm&r=g","url":"https:\/\/secure.gravatar.com\/avatar\/f604b88a0e24c04f3f89fae6b5400bfd6093d0999292a64803d3651d9d4a35a5?s=96&d=mm&r=g","contentUrl":"https:\/\/secure.gravatar.com\/avatar\/f604b88a0e24c04f3f89fae6b5400bfd6093d0999292a64803d3651d9d4a35a5?s=96&d=mm&r=g","caption":"Arj\u00e9 Noticias"},"url":"https:\/\/arjenoticias.com.mx\/?author=66"}]}},"_links":{"self":[{"href":"https:\/\/arjenoticias.com.mx\/index.php?rest_route=\/wp\/v2\/posts\/7121","targetHints":{"allow":["GET"]}}],"collection":[{"href":"https:\/\/arjenoticias.com.mx\/index.php?rest_route=\/wp\/v2\/posts"}],"about":[{"href":"https:\/\/arjenoticias.com.mx\/index.php?rest_route=\/wp\/v2\/types\/post"}],"author":[{"embeddable":true,"href":"https:\/\/arjenoticias.com.mx\/index.php?rest_route=\/wp\/v2\/users\/66"}],"replies":[{"embeddable":true,"href":"https:\/\/arjenoticias.com.mx\/index.php?rest_route=%2Fwp%2Fv2%2Fcomments&post=7121"}],"version-history":[{"count":0,"href":"https:\/\/arjenoticias.com.mx\/index.php?rest_route=\/wp\/v2\/posts\/7121\/revisions"}],"wp:attachment":[{"href":"https:\/\/arjenoticias.com.mx\/index.php?rest_route=%2Fwp%2Fv2%2Fmedia&parent=7121"}],"wp:term":[{"taxonomy":"category","embeddable":true,"href":"https:\/\/arjenoticias.com.mx\/index.php?rest_route=%2Fwp%2Fv2%2Fcategories&post=7121"},{"taxonomy":"post_tag","embeddable":true,"href":"https:\/\/arjenoticias.com.mx\/index.php?rest_route=%2Fwp%2Fv2%2Ftags&post=7121"}],"curies":[{"name":"wp","href":"https:\/\/api.w.org\/{rel}","templated":true}]}}