{"id":7117,"date":"2025-11-10T11:37:56","date_gmt":"2025-11-10T17:37:56","guid":{"rendered":"https:\/\/arjenoticias.com\/?p=7117"},"modified":"2025-11-10T11:37:56","modified_gmt":"2025-11-10T17:37:56","slug":"doctrina-estrada-no-intervencion","status":"publish","type":"post","link":"https:\/\/arjenoticias.com.mx\/?p=7117","title":{"rendered":"Doctrina Estrada, No Intervenci\u00f3n"},"content":{"rendered":"\n<p class=\"wp-block-paragraph\">\u00bfQu\u00e9 es la famosa Doctrina Estrada? Es la posici\u00f3n oficial de M\u00e9xico desde 1930 sobre la no intromisi\u00f3n de un gobierno en los asuntos internos de otro. Genaro Estrada F\u00e9lix, entonces Secretario de Relaciones Exteriores y por su larga experiencia diplom\u00e1tica redact\u00f3 esa llamada Doctrina Estrada, en defensa de la soberan\u00eda de las naciones ante intervenciones extranjeras.<\/p>\n\n\n\n<p class=\"wp-block-paragraph\">Los principios de <strong>Libre Determinaci\u00f3n de los Pueblos y su correlativo de No Intervenci\u00f3n en los Asuntos Internos de los Estados<\/strong> est\u00e1n consagrados en nuestra Constituci\u00f3n Pol\u00edtica y en la Carta [constitutiva] y en las Resoluciones de la ONU y de la OEA.<\/p>\n\n\n\n<p class=\"wp-block-paragraph\">Extracto de la Doctrina Estrada:<\/p>\n\n\n\n<p class=\"wp-block-paragraph\">\u201c<em>M\u00e9xico no se pronuncia en el sentido de otorgar reconocimientos, porque considera que \u00e9sta es una pr\u00e1ctica denigrante que, sobre herir la soberan\u00eda de otras naciones, coloca a \u00e9stas en el caso de que sus asuntos interiores puedan ser calificados en cualquier sentido por otros Gobiernos, quienes, de hecho, asumen una actitud de cr\u00edtica al decidir, favorable o desfavorablemente, sobre la capacidad legal de reg\u00edmenes extranjeros\u201d.<\/em><\/p>\n\n\n\n<p class=\"wp-block-paragraph\">En 1917 Venustiano Carranza ya hab\u00eda declarado para M\u00e9xico: \u00abla igualdad, el mutuo respeto a las instituciones y a las leyes, y la firme y constante voluntad de no intervenir jam\u00e1s, bajo ning\u00fan pretexto, en los asuntos interiores de otros pa\u00edses [\u2026]\u00bb<\/p>\n\n\n\n<p class=\"wp-block-paragraph\">Andr\u00e9s Manuel L\u00f3pez Obrador y Claudia Sheinbaum Pardo, en su calidad de presidentes de M\u00e9xico, se han entrometido oficialmente en asuntos internos de otras naciones de Am\u00e9rica, y manifestando opiniones desfavorables contra gobiernos de las mismas, en abierta violaci\u00f3n del derecho de cada pa\u00eds de resolver sus asuntos pol\u00edticos internos sin intervenci\u00f3n de alg\u00fan tipo de gobiernos extranjeros.<\/p>\n\n\n\n<p class=\"wp-block-paragraph\">As\u00ed, las razones de Ecuador y Per\u00fa de romper relaciones diplom\u00e1ticas con M\u00e9xico han sido por indebidas declaraciones o actos (asilar extranjeros indiciados por sus gobiernos) en contra de sus gobiernos. A su vez M\u00e9xico rompi\u00f3 relaciones diplom\u00e1ticas con el gobierno de El Ecuador por haber violado su embajada en Quito.<\/p>\n\n\n\n<p class=\"wp-block-paragraph\">Amlo ya se hab\u00eda entrometido en asuntos internos de Argentina y Bolivia, entre otros. Dijo a Milei: \u201cNo comprendo c\u00f3mo los argentinos votaron por alguien que desprecia al pueblo\u201d. Y por dar asilo pol\u00edtico a Evo Morales, tuvo problemas con el gobierno boliviano, que declar\u00f3 \u201cpersona non grata\u201d a la embajadora mexicana.<\/p>\n\n\n\n<p class=\"wp-block-paragraph\">Recientemente el Congreso de Per\u00fa declar\u00f3 &#8220;persona non grata&#8221; a Claudia Sheinbaum por el asilo que M\u00e9xico le concedi\u00f3 a la ex primera ministra Betssy Ch\u00e1vez. El Congreso peruano fund\u00f3 su decisi\u00f3n por lo que calific\u00f3 como &#8220;inaceptable injerencia en los asuntos internos&#8221; por parte del gobierno mexicano.<\/p>\n\n\n\n<p class=\"wp-block-paragraph\">Durante decenios, los gobiernos mexicanos hab\u00edan se\u00f1alado que por respeto a lo que se conoce como \u201cDoctrina Estrada\u201d no har\u00edan declaraciones ni tomar\u00edan partido o tomado acciones por eventos pol\u00edticos internos de otras naciones. Amlo y Sheinbaum rompieron esa sana pol\u00edtica diplom\u00e1tica.<\/p>\n\n\n\n<p class=\"wp-block-paragraph\"><a><\/a> En 1917 Venustiano Carranza ya hab\u00eda declarado para M\u00e9xico: \u00abla igualdad, el mutuo respeto a las instituciones y a las leyes, y la firme y constante voluntad de no intervenir jam\u00e1s, bajo ning\u00fan pretexto, en los asuntos interiores de otros pa\u00edses [\u2026]\u00bb<\/p>\n","protected":false},"excerpt":{"rendered":"<p>\u00bfQu\u00e9 es la famosa Doctrina Estrada? Es la posici\u00f3n oficial de M\u00e9xico desde 1930 sobre&#8230;<\/p>\n","protected":false},"author":73,"featured_media":7118,"comment_status":"closed","ping_status":"closed","sticky":false,"template":"","format":"standard","meta":{"footnotes":""},"categories":[9],"tags":[179],"class_list":["post-7117","post","type-post","status-publish","format-standard","has-post-thumbnail","hentry","category-mundo","tag-amlo-y-sheinbaum-no-ha-respetado-la-doctrina-estrada"],"yoast_head":"<!-- This site is optimized with the Yoast SEO plugin v28.4 - https:\/\/yoast.com\/product\/yoast-seo-wordpress\/ -->\n<title>Doctrina Estrada, No Intervenci\u00f3n -<\/title>\n<meta name=\"description\" content=\"Andr\u00e9s Manuel L\u00f3pez Obrador y Claudia Sheinbaum Pardo, en su calidad de presidentes de M\u00e9xico, se han entrometido oficialmente en asuntos internos de otras naciones de Am\u00e9rica,\" \/>\n<meta name=\"robots\" content=\"index, follow, max-snippet:-1, max-image-preview:large, max-video-preview:-1\" \/>\n<link rel=\"canonical\" href=\"https:\/\/arjenoticias.com.mx\/?p=7117\" \/>\n<meta property=\"og:locale\" content=\"es_MX\" \/>\n<meta property=\"og:type\" content=\"article\" \/>\n<meta property=\"og:title\" content=\"Doctrina Estrada, No Intervenci\u00f3n -\" \/>\n<meta property=\"og:description\" content=\"Andr\u00e9s Manuel L\u00f3pez Obrador y Claudia Sheinbaum Pardo, en su calidad de presidentes de M\u00e9xico, se han entrometido oficialmente en asuntos internos de otras naciones de Am\u00e9rica,\" \/>\n<meta property=\"og:url\" content=\"https:\/\/arjenoticias.com.mx\/?p=7117\" \/>\n<meta property=\"article:published_time\" content=\"2025-11-10T17:37:56+00:00\" \/>\n<meta name=\"author\" content=\"Salvador I. Reding Vida\u00f1a\" \/>\n<meta name=\"twitter:card\" content=\"summary_large_image\" \/>\n<meta name=\"twitter:label1\" content=\"Escrito por\" \/>\n\t<meta name=\"twitter:data1\" content=\"Salvador I. Reding Vida\u00f1a\" \/>\n\t<meta name=\"twitter:label2\" content=\"Tiempo de lectura\" \/>\n\t<meta name=\"twitter:data2\" content=\"3 minutos\" \/>\n<script type=\"application\/ld+json\" class=\"yoast-schema-graph\">{\"@context\":\"https:\\\/\\\/schema.org\",\"@graph\":[{\"@type\":\"Article\",\"@id\":\"https:\\\/\\\/arjenoticias.com.mx\\\/?p=7117#article\",\"isPartOf\":{\"@id\":\"https:\\\/\\\/arjenoticias.com.mx\\\/?p=7117\"},\"author\":{\"name\":\"Salvador I. Reding Vida\u00f1a\",\"@id\":\"https:\\\/\\\/arjenoticias.com.mx\\\/#\\\/schema\\\/person\\\/880d2723d0a1d9a423b3508e994ecc0a\"},\"headline\":\"Doctrina Estrada, No Intervenci\u00f3n\",\"datePublished\":\"2025-11-10T17:37:56+00:00\",\"mainEntityOfPage\":{\"@id\":\"https:\\\/\\\/arjenoticias.com.mx\\\/?p=7117\"},\"wordCount\":558,\"publisher\":{\"@id\":\"https:\\\/\\\/arjenoticias.com.mx\\\/#organization\"},\"image\":{\"@id\":\"https:\\\/\\\/arjenoticias.com.mx\\\/?p=7117#primaryimage\"},\"thumbnailUrl\":\"\",\"keywords\":[\"AMLO y Sheinbaum no ha respetado la doctrina Estrada\"],\"articleSection\":[\"Mundo\"],\"inLanguage\":\"es\"},{\"@type\":\"WebPage\",\"@id\":\"https:\\\/\\\/arjenoticias.com.mx\\\/?p=7117\",\"url\":\"https:\\\/\\\/arjenoticias.com.mx\\\/?p=7117\",\"name\":\"Doctrina Estrada, No Intervenci\u00f3n -\",\"isPartOf\":{\"@id\":\"https:\\\/\\\/arjenoticias.com.mx\\\/#website\"},\"primaryImageOfPage\":{\"@id\":\"https:\\\/\\\/arjenoticias.com.mx\\\/?p=7117#primaryimage\"},\"image\":{\"@id\":\"https:\\\/\\\/arjenoticias.com.mx\\\/?p=7117#primaryimage\"},\"thumbnailUrl\":\"\",\"datePublished\":\"2025-11-10T17:37:56+00:00\",\"description\":\"Andr\u00e9s Manuel L\u00f3pez Obrador y Claudia Sheinbaum Pardo, en su calidad de presidentes de M\u00e9xico, se han entrometido oficialmente en asuntos internos de otras naciones de Am\u00e9rica,\",\"breadcrumb\":{\"@id\":\"https:\\\/\\\/arjenoticias.com.mx\\\/?p=7117#breadcrumb\"},\"inLanguage\":\"es\",\"potentialAction\":[{\"@type\":\"ReadAction\",\"target\":[\"https:\\\/\\\/arjenoticias.com.mx\\\/?p=7117\"]}]},{\"@type\":\"ImageObject\",\"inLanguage\":\"es\",\"@id\":\"https:\\\/\\\/arjenoticias.com.mx\\\/?p=7117#primaryimage\",\"url\":\"\",\"contentUrl\":\"\"},{\"@type\":\"BreadcrumbList\",\"@id\":\"https:\\\/\\\/arjenoticias.com.mx\\\/?p=7117#breadcrumb\",\"itemListElement\":[{\"@type\":\"ListItem\",\"position\":1,\"name\":\"Inicio\",\"item\":\"https:\\\/\\\/arjenoticias.com.mx\\\/\"},{\"@type\":\"ListItem\",\"position\":2,\"name\":\"Doctrina Estrada, No Intervenci\u00f3n\"}]},{\"@type\":\"WebSite\",\"@id\":\"https:\\\/\\\/arjenoticias.com.mx\\\/#website\",\"url\":\"https:\\\/\\\/arjenoticias.com.mx\\\/\",\"name\":\"arjenoticias.com.mx\",\"description\":\"\",\"publisher\":{\"@id\":\"https:\\\/\\\/arjenoticias.com.mx\\\/#organization\"},\"potentialAction\":[{\"@type\":\"SearchAction\",\"target\":{\"@type\":\"EntryPoint\",\"urlTemplate\":\"https:\\\/\\\/arjenoticias.com.mx\\\/?s={search_term_string}\"},\"query-input\":{\"@type\":\"PropertyValueSpecification\",\"valueRequired\":true,\"valueName\":\"search_term_string\"}}],\"inLanguage\":\"es\"},{\"@type\":\"Organization\",\"@id\":\"https:\\\/\\\/arjenoticias.com.mx\\\/#organization\",\"name\":\"Arj\u00e9 de M\u00e9xico Noticias\",\"url\":\"https:\\\/\\\/arjenoticias.com.mx\\\/\",\"logo\":{\"@type\":\"ImageObject\",\"inLanguage\":\"es\",\"@id\":\"https:\\\/\\\/arjenoticias.com.mx\\\/#\\\/schema\\\/logo\\\/image\\\/\",\"url\":\"https:\\\/\\\/arjenoticias.com.mx\\\/wp-content\\\/uploads\\\/2025\\\/07\\\/cropped-logo-scaled-1.png\",\"contentUrl\":\"https:\\\/\\\/arjenoticias.com.mx\\\/wp-content\\\/uploads\\\/2025\\\/07\\\/cropped-logo-scaled-1.png\",\"width\":2558,\"height\":558,\"caption\":\"Arj\u00e9 de M\u00e9xico Noticias\"},\"image\":{\"@id\":\"https:\\\/\\\/arjenoticias.com.mx\\\/#\\\/schema\\\/logo\\\/image\\\/\"}},{\"@type\":\"Person\",\"@id\":\"https:\\\/\\\/arjenoticias.com.mx\\\/#\\\/schema\\\/person\\\/880d2723d0a1d9a423b3508e994ecc0a\",\"name\":\"Salvador I. Reding Vida\u00f1a\",\"image\":{\"@type\":\"ImageObject\",\"inLanguage\":\"es\",\"@id\":\"https:\\\/\\\/secure.gravatar.com\\\/avatar\\\/5d50a133fa926121c1b0c9ea74327086b88f3048a538f056e2ec3833ae0215dd?s=96&d=mm&r=g\",\"url\":\"https:\\\/\\\/secure.gravatar.com\\\/avatar\\\/5d50a133fa926121c1b0c9ea74327086b88f3048a538f056e2ec3833ae0215dd?s=96&d=mm&r=g\",\"contentUrl\":\"https:\\\/\\\/secure.gravatar.com\\\/avatar\\\/5d50a133fa926121c1b0c9ea74327086b88f3048a538f056e2ec3833ae0215dd?s=96&d=mm&r=g\",\"caption\":\"Salvador I. Reding Vida\u00f1a\"},\"url\":\"https:\\\/\\\/arjenoticias.com.mx\\\/?author=73\"}]}<\/script>\n<!-- \/ Yoast SEO plugin. -->","yoast_head_json":{"title":"Doctrina Estrada, No Intervenci\u00f3n -","description":"Andr\u00e9s Manuel L\u00f3pez Obrador y Claudia Sheinbaum Pardo, en su calidad de presidentes de M\u00e9xico, se han entrometido oficialmente en asuntos internos de otras naciones de Am\u00e9rica,","robots":{"index":"index","follow":"follow","max-snippet":"max-snippet:-1","max-image-preview":"max-image-preview:large","max-video-preview":"max-video-preview:-1"},"canonical":"https:\/\/arjenoticias.com.mx\/?p=7117","og_locale":"es_MX","og_type":"article","og_title":"Doctrina Estrada, No Intervenci\u00f3n -","og_description":"Andr\u00e9s Manuel L\u00f3pez Obrador y Claudia Sheinbaum Pardo, en su calidad de presidentes de M\u00e9xico, se han entrometido oficialmente en asuntos internos de otras naciones de Am\u00e9rica,","og_url":"https:\/\/arjenoticias.com.mx\/?p=7117","article_published_time":"2025-11-10T17:37:56+00:00","author":"Salvador I. Reding Vida\u00f1a","twitter_card":"summary_large_image","twitter_misc":{"Escrito por":"Salvador I. Reding Vida\u00f1a","Tiempo de lectura":"3 minutos"},"schema":{"@context":"https:\/\/schema.org","@graph":[{"@type":"Article","@id":"https:\/\/arjenoticias.com.mx\/?p=7117#article","isPartOf":{"@id":"https:\/\/arjenoticias.com.mx\/?p=7117"},"author":{"name":"Salvador I. Reding Vida\u00f1a","@id":"https:\/\/arjenoticias.com.mx\/#\/schema\/person\/880d2723d0a1d9a423b3508e994ecc0a"},"headline":"Doctrina Estrada, No Intervenci\u00f3n","datePublished":"2025-11-10T17:37:56+00:00","mainEntityOfPage":{"@id":"https:\/\/arjenoticias.com.mx\/?p=7117"},"wordCount":558,"publisher":{"@id":"https:\/\/arjenoticias.com.mx\/#organization"},"image":{"@id":"https:\/\/arjenoticias.com.mx\/?p=7117#primaryimage"},"thumbnailUrl":"","keywords":["AMLO y Sheinbaum no ha respetado la doctrina Estrada"],"articleSection":["Mundo"],"inLanguage":"es"},{"@type":"WebPage","@id":"https:\/\/arjenoticias.com.mx\/?p=7117","url":"https:\/\/arjenoticias.com.mx\/?p=7117","name":"Doctrina Estrada, No Intervenci\u00f3n -","isPartOf":{"@id":"https:\/\/arjenoticias.com.mx\/#website"},"primaryImageOfPage":{"@id":"https:\/\/arjenoticias.com.mx\/?p=7117#primaryimage"},"image":{"@id":"https:\/\/arjenoticias.com.mx\/?p=7117#primaryimage"},"thumbnailUrl":"","datePublished":"2025-11-10T17:37:56+00:00","description":"Andr\u00e9s Manuel L\u00f3pez Obrador y Claudia Sheinbaum Pardo, en su calidad de presidentes de M\u00e9xico, se han entrometido oficialmente en asuntos internos de otras naciones de Am\u00e9rica,","breadcrumb":{"@id":"https:\/\/arjenoticias.com.mx\/?p=7117#breadcrumb"},"inLanguage":"es","potentialAction":[{"@type":"ReadAction","target":["https:\/\/arjenoticias.com.mx\/?p=7117"]}]},{"@type":"ImageObject","inLanguage":"es","@id":"https:\/\/arjenoticias.com.mx\/?p=7117#primaryimage","url":"","contentUrl":""},{"@type":"BreadcrumbList","@id":"https:\/\/arjenoticias.com.mx\/?p=7117#breadcrumb","itemListElement":[{"@type":"ListItem","position":1,"name":"Inicio","item":"https:\/\/arjenoticias.com.mx\/"},{"@type":"ListItem","position":2,"name":"Doctrina Estrada, No Intervenci\u00f3n"}]},{"@type":"WebSite","@id":"https:\/\/arjenoticias.com.mx\/#website","url":"https:\/\/arjenoticias.com.mx\/","name":"arjenoticias.com.mx","description":"","publisher":{"@id":"https:\/\/arjenoticias.com.mx\/#organization"},"potentialAction":[{"@type":"SearchAction","target":{"@type":"EntryPoint","urlTemplate":"https:\/\/arjenoticias.com.mx\/?s={search_term_string}"},"query-input":{"@type":"PropertyValueSpecification","valueRequired":true,"valueName":"search_term_string"}}],"inLanguage":"es"},{"@type":"Organization","@id":"https:\/\/arjenoticias.com.mx\/#organization","name":"Arj\u00e9 de M\u00e9xico Noticias","url":"https:\/\/arjenoticias.com.mx\/","logo":{"@type":"ImageObject","inLanguage":"es","@id":"https:\/\/arjenoticias.com.mx\/#\/schema\/logo\/image\/","url":"https:\/\/arjenoticias.com.mx\/wp-content\/uploads\/2025\/07\/cropped-logo-scaled-1.png","contentUrl":"https:\/\/arjenoticias.com.mx\/wp-content\/uploads\/2025\/07\/cropped-logo-scaled-1.png","width":2558,"height":558,"caption":"Arj\u00e9 de M\u00e9xico Noticias"},"image":{"@id":"https:\/\/arjenoticias.com.mx\/#\/schema\/logo\/image\/"}},{"@type":"Person","@id":"https:\/\/arjenoticias.com.mx\/#\/schema\/person\/880d2723d0a1d9a423b3508e994ecc0a","name":"Salvador I. Reding Vida\u00f1a","image":{"@type":"ImageObject","inLanguage":"es","@id":"https:\/\/secure.gravatar.com\/avatar\/5d50a133fa926121c1b0c9ea74327086b88f3048a538f056e2ec3833ae0215dd?s=96&d=mm&r=g","url":"https:\/\/secure.gravatar.com\/avatar\/5d50a133fa926121c1b0c9ea74327086b88f3048a538f056e2ec3833ae0215dd?s=96&d=mm&r=g","contentUrl":"https:\/\/secure.gravatar.com\/avatar\/5d50a133fa926121c1b0c9ea74327086b88f3048a538f056e2ec3833ae0215dd?s=96&d=mm&r=g","caption":"Salvador I. Reding Vida\u00f1a"},"url":"https:\/\/arjenoticias.com.mx\/?author=73"}]}},"_links":{"self":[{"href":"https:\/\/arjenoticias.com.mx\/index.php?rest_route=\/wp\/v2\/posts\/7117","targetHints":{"allow":["GET"]}}],"collection":[{"href":"https:\/\/arjenoticias.com.mx\/index.php?rest_route=\/wp\/v2\/posts"}],"about":[{"href":"https:\/\/arjenoticias.com.mx\/index.php?rest_route=\/wp\/v2\/types\/post"}],"author":[{"embeddable":true,"href":"https:\/\/arjenoticias.com.mx\/index.php?rest_route=\/wp\/v2\/users\/73"}],"replies":[{"embeddable":true,"href":"https:\/\/arjenoticias.com.mx\/index.php?rest_route=%2Fwp%2Fv2%2Fcomments&post=7117"}],"version-history":[{"count":0,"href":"https:\/\/arjenoticias.com.mx\/index.php?rest_route=\/wp\/v2\/posts\/7117\/revisions"}],"wp:attachment":[{"href":"https:\/\/arjenoticias.com.mx\/index.php?rest_route=%2Fwp%2Fv2%2Fmedia&parent=7117"}],"wp:term":[{"taxonomy":"category","embeddable":true,"href":"https:\/\/arjenoticias.com.mx\/index.php?rest_route=%2Fwp%2Fv2%2Fcategories&post=7117"},{"taxonomy":"post_tag","embeddable":true,"href":"https:\/\/arjenoticias.com.mx\/index.php?rest_route=%2Fwp%2Fv2%2Ftags&post=7117"}],"curies":[{"name":"wp","href":"https:\/\/api.w.org\/{rel}","templated":true}]}}