{"id":7106,"date":"2025-11-10T11:09:26","date_gmt":"2025-11-10T17:09:26","guid":{"rendered":"https:\/\/arjenoticias.com\/?p=7106"},"modified":"2025-11-10T11:09:26","modified_gmt":"2025-11-10T17:09:26","slug":"candidatos-con-a-de-amlo","status":"publish","type":"post","link":"https:\/\/arjenoticias.com.mx\/?p=7106","title":{"rendered":"\u00bfCandidatos con A de AMLO?"},"content":{"rendered":"\n<p class=\"wp-block-paragraph\">Dentro de un a\u00f1o, la mayor\u00eda de las candidaturas para las elecciones intermedias de 2027 estar\u00e1n listas. Con las reglas actuales, se disputar\u00e1n 5,692 puestos de elecci\u00f3n popular: 17 gubernaturas, 500 curules en la C\u00e1mara de Diputados; 1,090 diputaciones locales; 4,085 presidencias municipales, m\u00e1s regidores, jueces y hasta la votaci\u00f3n para la revocaci\u00f3n de mandato. Todo esto con la intenci\u00f3n de que Claudia Sheinbaum aparezca en las boletas del 6 de junio de 2027.<\/p>\n\n\n\n<p class=\"wp-block-paragraph\">En este escenario pol\u00edtico, la candidatura de Carlos Manzo, el alcalde asesinado en Uruapan, se hab\u00eda vuelto invencible. Era el favorito para conquistar la gubernatura de Michoac\u00e1n, seg\u00fan la periodista Mar\u00eda Idalia en <em>Aristegui Noticias<\/em>. Manzo planeaba lanzar su candidatura en marzo de 2026, y su popularidad \u2014respaldada por encuestas\u2014 lo convert\u00eda en una amenaza mortal para la hegemon\u00eda de Morena en el estado. \u00bfEl resultado? Su marcha fue detenida\u2026 de manera violenta.<\/p>\n\n\n\n<p class=\"wp-block-paragraph\">Morena no pierde el tiempo. Est\u00e1 en una cruzada de afiliaci\u00f3n para sumar 10 millones de seguidores, ha capturado al \u00e1rbitro electoral (el INE) y, para no correr riesgos, planea reformar la ley electoral. El encargado: Pablo G\u00f3mez, un estalinista de ultraizquierda (t\u00e9rmino que nadie usa en los medios, pero que aqu\u00ed encaja como anillo al dedo). La meta: desaparecer a las minor\u00edas en el Congreso y apostar por el el acarreo del voto duro, como en los buenos tiempos del PRI, operar el <em>\u201ccarro completo\u201d.<\/em><\/p>\n\n\n\n<p class=\"wp-block-paragraph\">Si 2025 fue un a\u00f1o de esc\u00e1ndalos, 2026 ser\u00e1 un terremoto. Los candidatos de Morena no ser\u00e1n ungidos en Palacio Nacional, sino en Palenque. S\u00ed, le\u00edste bien: AMLO planea regresar con el pretexto de lanzar su libro y recorrer el pa\u00eds en plazas p\u00fablicas, rodeado de sus elegidos, seg\u00fan lo revelado por Ciro G\u00f3mez Leyva. Esto desgastar\u00e1 a\u00fan m\u00e1s la figura de Sheinbaum, que ya pinta para ser recordada como \u201cla Presidenta con A\u2026 si, con A de AMLO\u201d.<\/p>\n\n\n\n<p class=\"wp-block-paragraph\">La historia se repite. Como en el Maximato de Calles, cuando dec\u00edan: <em>\u201cAqu\u00ed vive el Presidente, pero el que manda vive enfrente\u201d<\/em>. Ahora ser\u00e1: <em>\u201cAqu\u00ed vive la Presidente, pero el que manda est\u00e1 en Palenque\u201d<\/em>.<\/p>\n\n\n\n<p class=\"wp-block-paragraph\">Veremos una guerra interna entre una Presidenta que quiera imponer sus fichas y un exmandatario que, como l\u00edder m\u00e1ximo, buscar\u00e1 seguir moviendo los hilos.<\/p>\n\n\n\n<p class=\"wp-block-paragraph\">Para la oposici\u00f3n, el mensaje es claro: \u00a1l\u00e1ncense ya! no pierdan tiempo. El tiempo es el \u00fanico recurso que no se recupera, y competirle a los candidatos de la Presidenta con A de AMLO requerir\u00e1 estrategia, audacia y posicionamiento temprano.<\/p>\n","protected":false},"excerpt":{"rendered":"<p>Dentro de un a\u00f1o, la mayor\u00eda de las candidaturas para las elecciones intermedias de 2027&#8230;<\/p>\n","protected":false},"author":110,"featured_media":7109,"comment_status":"closed","ping_status":"closed","sticky":false,"template":"","format":"standard","meta":{"footnotes":""},"categories":[13],"tags":[],"class_list":["post-7106","post","type-post","status-publish","format-standard","has-post-thumbnail","hentry","category-politica"],"yoast_head":"<!-- This site is optimized with the Yoast SEO plugin v28.4 - https:\/\/yoast.com\/product\/yoast-seo-wordpress\/ -->\n<title>\u00bfCandidatos con A de AMLO? -<\/title>\n<meta name=\"description\" content=\"AMLO planea regresar con el pretexto de lanzar su libro y recorrer el pa\u00eds en plazas p\u00fablicas, rodeado de sus elegidos\" \/>\n<meta name=\"robots\" content=\"index, follow, max-snippet:-1, max-image-preview:large, max-video-preview:-1\" \/>\n<link rel=\"canonical\" href=\"https:\/\/arjenoticias.com.mx\/?p=7106\" \/>\n<meta property=\"og:locale\" content=\"es_MX\" \/>\n<meta property=\"og:type\" content=\"article\" \/>\n<meta property=\"og:title\" content=\"\u00bfCandidatos con A de AMLO? -\" \/>\n<meta property=\"og:description\" content=\"AMLO planea regresar con el pretexto de lanzar su libro y recorrer el pa\u00eds en plazas p\u00fablicas, rodeado de sus elegidos\" \/>\n<meta property=\"og:url\" content=\"https:\/\/arjenoticias.com.mx\/?p=7106\" \/>\n<meta property=\"article:published_time\" content=\"2025-11-10T17:09:26+00:00\" \/>\n<meta name=\"author\" content=\"Dar\u00edo Mendoza\" \/>\n<meta name=\"twitter:card\" content=\"summary_large_image\" \/>\n<meta name=\"twitter:label1\" content=\"Escrito por\" \/>\n\t<meta name=\"twitter:data1\" content=\"Dar\u00edo Mendoza\" \/>\n\t<meta name=\"twitter:label2\" content=\"Tiempo de lectura\" \/>\n\t<meta name=\"twitter:data2\" content=\"3 minutos\" \/>\n<script type=\"application\/ld+json\" class=\"yoast-schema-graph\">{\"@context\":\"https:\\\/\\\/schema.org\",\"@graph\":[{\"@type\":\"Article\",\"@id\":\"https:\\\/\\\/arjenoticias.com.mx\\\/?p=7106#article\",\"isPartOf\":{\"@id\":\"https:\\\/\\\/arjenoticias.com.mx\\\/?p=7106\"},\"author\":{\"name\":\"Dar\u00edo Mendoza\",\"@id\":\"https:\\\/\\\/arjenoticias.com.mx\\\/#\\\/schema\\\/person\\\/c4476dc5fce7609a57870e766747cf71\"},\"headline\":\"\u00bfCandidatos con A de AMLO?\",\"datePublished\":\"2025-11-10T17:09:26+00:00\",\"mainEntityOfPage\":{\"@id\":\"https:\\\/\\\/arjenoticias.com.mx\\\/?p=7106\"},\"wordCount\":440,\"publisher\":{\"@id\":\"https:\\\/\\\/arjenoticias.com.mx\\\/#organization\"},\"image\":{\"@id\":\"https:\\\/\\\/arjenoticias.com.mx\\\/?p=7106#primaryimage\"},\"thumbnailUrl\":\"\",\"articleSection\":[\"Pol\u00edtica\"],\"inLanguage\":\"es\"},{\"@type\":\"WebPage\",\"@id\":\"https:\\\/\\\/arjenoticias.com.mx\\\/?p=7106\",\"url\":\"https:\\\/\\\/arjenoticias.com.mx\\\/?p=7106\",\"name\":\"\u00bfCandidatos con A de AMLO? -\",\"isPartOf\":{\"@id\":\"https:\\\/\\\/arjenoticias.com.mx\\\/#website\"},\"primaryImageOfPage\":{\"@id\":\"https:\\\/\\\/arjenoticias.com.mx\\\/?p=7106#primaryimage\"},\"image\":{\"@id\":\"https:\\\/\\\/arjenoticias.com.mx\\\/?p=7106#primaryimage\"},\"thumbnailUrl\":\"\",\"datePublished\":\"2025-11-10T17:09:26+00:00\",\"description\":\"AMLO planea regresar con el pretexto de lanzar su libro y recorrer el pa\u00eds en plazas p\u00fablicas, rodeado de sus elegidos\",\"breadcrumb\":{\"@id\":\"https:\\\/\\\/arjenoticias.com.mx\\\/?p=7106#breadcrumb\"},\"inLanguage\":\"es\",\"potentialAction\":[{\"@type\":\"ReadAction\",\"target\":[\"https:\\\/\\\/arjenoticias.com.mx\\\/?p=7106\"]}]},{\"@type\":\"ImageObject\",\"inLanguage\":\"es\",\"@id\":\"https:\\\/\\\/arjenoticias.com.mx\\\/?p=7106#primaryimage\",\"url\":\"\",\"contentUrl\":\"\"},{\"@type\":\"BreadcrumbList\",\"@id\":\"https:\\\/\\\/arjenoticias.com.mx\\\/?p=7106#breadcrumb\",\"itemListElement\":[{\"@type\":\"ListItem\",\"position\":1,\"name\":\"Inicio\",\"item\":\"https:\\\/\\\/arjenoticias.com.mx\\\/\"},{\"@type\":\"ListItem\",\"position\":2,\"name\":\"\u00bfCandidatos con A de AMLO?\"}]},{\"@type\":\"WebSite\",\"@id\":\"https:\\\/\\\/arjenoticias.com.mx\\\/#website\",\"url\":\"https:\\\/\\\/arjenoticias.com.mx\\\/\",\"name\":\"arjenoticias.com.mx\",\"description\":\"\",\"publisher\":{\"@id\":\"https:\\\/\\\/arjenoticias.com.mx\\\/#organization\"},\"potentialAction\":[{\"@type\":\"SearchAction\",\"target\":{\"@type\":\"EntryPoint\",\"urlTemplate\":\"https:\\\/\\\/arjenoticias.com.mx\\\/?s={search_term_string}\"},\"query-input\":{\"@type\":\"PropertyValueSpecification\",\"valueRequired\":true,\"valueName\":\"search_term_string\"}}],\"inLanguage\":\"es\"},{\"@type\":\"Organization\",\"@id\":\"https:\\\/\\\/arjenoticias.com.mx\\\/#organization\",\"name\":\"Arj\u00e9 de M\u00e9xico Noticias\",\"url\":\"https:\\\/\\\/arjenoticias.com.mx\\\/\",\"logo\":{\"@type\":\"ImageObject\",\"inLanguage\":\"es\",\"@id\":\"https:\\\/\\\/arjenoticias.com.mx\\\/#\\\/schema\\\/logo\\\/image\\\/\",\"url\":\"https:\\\/\\\/arjenoticias.com.mx\\\/wp-content\\\/uploads\\\/2025\\\/07\\\/cropped-logo-scaled-1.png\",\"contentUrl\":\"https:\\\/\\\/arjenoticias.com.mx\\\/wp-content\\\/uploads\\\/2025\\\/07\\\/cropped-logo-scaled-1.png\",\"width\":2558,\"height\":558,\"caption\":\"Arj\u00e9 de M\u00e9xico Noticias\"},\"image\":{\"@id\":\"https:\\\/\\\/arjenoticias.com.mx\\\/#\\\/schema\\\/logo\\\/image\\\/\"}},{\"@type\":\"Person\",\"@id\":\"https:\\\/\\\/arjenoticias.com.mx\\\/#\\\/schema\\\/person\\\/c4476dc5fce7609a57870e766747cf71\",\"name\":\"Dar\u00edo Mendoza\",\"image\":{\"@type\":\"ImageObject\",\"inLanguage\":\"es\",\"@id\":\"https:\\\/\\\/secure.gravatar.com\\\/avatar\\\/8c5e77208236ecd5de2f7ba5d685bc38d61a0026a4021594adb1b3353fcf385b?s=96&d=mm&r=g\",\"url\":\"https:\\\/\\\/secure.gravatar.com\\\/avatar\\\/8c5e77208236ecd5de2f7ba5d685bc38d61a0026a4021594adb1b3353fcf385b?s=96&d=mm&r=g\",\"contentUrl\":\"https:\\\/\\\/secure.gravatar.com\\\/avatar\\\/8c5e77208236ecd5de2f7ba5d685bc38d61a0026a4021594adb1b3353fcf385b?s=96&d=mm&r=g\",\"caption\":\"Dar\u00edo Mendoza\"},\"url\":\"https:\\\/\\\/arjenoticias.com.mx\\\/?author=110\"}]}<\/script>\n<!-- \/ Yoast SEO plugin. -->","yoast_head_json":{"title":"\u00bfCandidatos con A de AMLO? -","description":"AMLO planea regresar con el pretexto de lanzar su libro y recorrer el pa\u00eds en plazas p\u00fablicas, rodeado de sus elegidos","robots":{"index":"index","follow":"follow","max-snippet":"max-snippet:-1","max-image-preview":"max-image-preview:large","max-video-preview":"max-video-preview:-1"},"canonical":"https:\/\/arjenoticias.com.mx\/?p=7106","og_locale":"es_MX","og_type":"article","og_title":"\u00bfCandidatos con A de AMLO? -","og_description":"AMLO planea regresar con el pretexto de lanzar su libro y recorrer el pa\u00eds en plazas p\u00fablicas, rodeado de sus elegidos","og_url":"https:\/\/arjenoticias.com.mx\/?p=7106","article_published_time":"2025-11-10T17:09:26+00:00","author":"Dar\u00edo Mendoza","twitter_card":"summary_large_image","twitter_misc":{"Escrito por":"Dar\u00edo Mendoza","Tiempo de lectura":"3 minutos"},"schema":{"@context":"https:\/\/schema.org","@graph":[{"@type":"Article","@id":"https:\/\/arjenoticias.com.mx\/?p=7106#article","isPartOf":{"@id":"https:\/\/arjenoticias.com.mx\/?p=7106"},"author":{"name":"Dar\u00edo Mendoza","@id":"https:\/\/arjenoticias.com.mx\/#\/schema\/person\/c4476dc5fce7609a57870e766747cf71"},"headline":"\u00bfCandidatos con A de AMLO?","datePublished":"2025-11-10T17:09:26+00:00","mainEntityOfPage":{"@id":"https:\/\/arjenoticias.com.mx\/?p=7106"},"wordCount":440,"publisher":{"@id":"https:\/\/arjenoticias.com.mx\/#organization"},"image":{"@id":"https:\/\/arjenoticias.com.mx\/?p=7106#primaryimage"},"thumbnailUrl":"","articleSection":["Pol\u00edtica"],"inLanguage":"es"},{"@type":"WebPage","@id":"https:\/\/arjenoticias.com.mx\/?p=7106","url":"https:\/\/arjenoticias.com.mx\/?p=7106","name":"\u00bfCandidatos con A de AMLO? -","isPartOf":{"@id":"https:\/\/arjenoticias.com.mx\/#website"},"primaryImageOfPage":{"@id":"https:\/\/arjenoticias.com.mx\/?p=7106#primaryimage"},"image":{"@id":"https:\/\/arjenoticias.com.mx\/?p=7106#primaryimage"},"thumbnailUrl":"","datePublished":"2025-11-10T17:09:26+00:00","description":"AMLO planea regresar con el pretexto de lanzar su libro y recorrer el pa\u00eds en plazas p\u00fablicas, rodeado de sus elegidos","breadcrumb":{"@id":"https:\/\/arjenoticias.com.mx\/?p=7106#breadcrumb"},"inLanguage":"es","potentialAction":[{"@type":"ReadAction","target":["https:\/\/arjenoticias.com.mx\/?p=7106"]}]},{"@type":"ImageObject","inLanguage":"es","@id":"https:\/\/arjenoticias.com.mx\/?p=7106#primaryimage","url":"","contentUrl":""},{"@type":"BreadcrumbList","@id":"https:\/\/arjenoticias.com.mx\/?p=7106#breadcrumb","itemListElement":[{"@type":"ListItem","position":1,"name":"Inicio","item":"https:\/\/arjenoticias.com.mx\/"},{"@type":"ListItem","position":2,"name":"\u00bfCandidatos con A de AMLO?"}]},{"@type":"WebSite","@id":"https:\/\/arjenoticias.com.mx\/#website","url":"https:\/\/arjenoticias.com.mx\/","name":"arjenoticias.com.mx","description":"","publisher":{"@id":"https:\/\/arjenoticias.com.mx\/#organization"},"potentialAction":[{"@type":"SearchAction","target":{"@type":"EntryPoint","urlTemplate":"https:\/\/arjenoticias.com.mx\/?s={search_term_string}"},"query-input":{"@type":"PropertyValueSpecification","valueRequired":true,"valueName":"search_term_string"}}],"inLanguage":"es"},{"@type":"Organization","@id":"https:\/\/arjenoticias.com.mx\/#organization","name":"Arj\u00e9 de M\u00e9xico Noticias","url":"https:\/\/arjenoticias.com.mx\/","logo":{"@type":"ImageObject","inLanguage":"es","@id":"https:\/\/arjenoticias.com.mx\/#\/schema\/logo\/image\/","url":"https:\/\/arjenoticias.com.mx\/wp-content\/uploads\/2025\/07\/cropped-logo-scaled-1.png","contentUrl":"https:\/\/arjenoticias.com.mx\/wp-content\/uploads\/2025\/07\/cropped-logo-scaled-1.png","width":2558,"height":558,"caption":"Arj\u00e9 de M\u00e9xico Noticias"},"image":{"@id":"https:\/\/arjenoticias.com.mx\/#\/schema\/logo\/image\/"}},{"@type":"Person","@id":"https:\/\/arjenoticias.com.mx\/#\/schema\/person\/c4476dc5fce7609a57870e766747cf71","name":"Dar\u00edo Mendoza","image":{"@type":"ImageObject","inLanguage":"es","@id":"https:\/\/secure.gravatar.com\/avatar\/8c5e77208236ecd5de2f7ba5d685bc38d61a0026a4021594adb1b3353fcf385b?s=96&d=mm&r=g","url":"https:\/\/secure.gravatar.com\/avatar\/8c5e77208236ecd5de2f7ba5d685bc38d61a0026a4021594adb1b3353fcf385b?s=96&d=mm&r=g","contentUrl":"https:\/\/secure.gravatar.com\/avatar\/8c5e77208236ecd5de2f7ba5d685bc38d61a0026a4021594adb1b3353fcf385b?s=96&d=mm&r=g","caption":"Dar\u00edo Mendoza"},"url":"https:\/\/arjenoticias.com.mx\/?author=110"}]}},"_links":{"self":[{"href":"https:\/\/arjenoticias.com.mx\/index.php?rest_route=\/wp\/v2\/posts\/7106","targetHints":{"allow":["GET"]}}],"collection":[{"href":"https:\/\/arjenoticias.com.mx\/index.php?rest_route=\/wp\/v2\/posts"}],"about":[{"href":"https:\/\/arjenoticias.com.mx\/index.php?rest_route=\/wp\/v2\/types\/post"}],"author":[{"embeddable":true,"href":"https:\/\/arjenoticias.com.mx\/index.php?rest_route=\/wp\/v2\/users\/110"}],"replies":[{"embeddable":true,"href":"https:\/\/arjenoticias.com.mx\/index.php?rest_route=%2Fwp%2Fv2%2Fcomments&post=7106"}],"version-history":[{"count":0,"href":"https:\/\/arjenoticias.com.mx\/index.php?rest_route=\/wp\/v2\/posts\/7106\/revisions"}],"wp:attachment":[{"href":"https:\/\/arjenoticias.com.mx\/index.php?rest_route=%2Fwp%2Fv2%2Fmedia&parent=7106"}],"wp:term":[{"taxonomy":"category","embeddable":true,"href":"https:\/\/arjenoticias.com.mx\/index.php?rest_route=%2Fwp%2Fv2%2Fcategories&post=7106"},{"taxonomy":"post_tag","embeddable":true,"href":"https:\/\/arjenoticias.com.mx\/index.php?rest_route=%2Fwp%2Fv2%2Ftags&post=7106"}],"curies":[{"name":"wp","href":"https:\/\/api.w.org\/{rel}","templated":true}]}}