{"id":7096,"date":"2025-11-10T10:52:02","date_gmt":"2025-11-10T16:52:02","guid":{"rendered":"https:\/\/arjenoticias.com\/?p=7096"},"modified":"2025-11-10T10:52:02","modified_gmt":"2025-11-10T16:52:02","slug":"por-la-perpetuidad-teresa-sepulveda","status":"publish","type":"post","link":"https:\/\/arjenoticias.com.mx\/?p=7096","title":{"rendered":"Por la perpetuidad"},"content":{"rendered":"\n<h2 class=\"wp-block-heading\">Ejercicios como la revocaci\u00f3n de mandato pueden contribuir m\u00e1s a reforzar las tendencias autoritarias de gobiernos populistas que a impulsar la ciudadanizaci\u00f3n de la pol\u00edtica.<\/h2>\n\n\n\n<p class=\"wp-block-paragraph\">Estamos a un d\u00eda de volver a constatar el costo de haber legitimado la sobrerrepresentaci\u00f3n en la C\u00e1mara de Diputados.<\/p>\n\n\n\n<p class=\"wp-block-paragraph\">El diputado Alfonso Ram\u00edrez Cu\u00e9llar anunci\u00f3 que presentar\u00e1 ma\u00f1ana una iniciativa para modificar el art\u00edculo 35 constitucional y con ello adelantar el ejercicio de revocaci\u00f3n de mandato previsto para 2028 y empatarlo con las elecciones intermedias del 2027.<\/p>\n\n\n\n<p class=\"wp-block-paragraph\">\u00bfPor qu\u00e9 tendr\u00edamos que prestar especial atenci\u00f3n a esto?<\/p>\n\n\n\n<p class=\"wp-block-paragraph\">Para responder, hay que recordar la deliberaci\u00f3n que se dio en 2019 cuando se aprob\u00f3 este ejercicio y se acord\u00f3 que se realizar\u00eda despu\u00e9s de haber concluido los tres a\u00f1os del periodo presidencial.<\/p>\n\n\n\n<p class=\"wp-block-paragraph\">La raz\u00f3n de ello era evitar que L\u00f3pez Obrador estuviera directamente involucrado en las boletas de las elecciones del 2021 y desde ah\u00ed influir directamente en el electorado so pretexto de su continuidad, pero realmente incidiendo en todos los procesos electorales involucrados.<\/p>\n\n\n\n<p class=\"wp-block-paragraph\">Lo anterior, en virtud de que el art\u00edculo 134 constitucional proh\u00edbe expresamente a los funcionarios utilizar su cargo y los recursos p\u00fablicos para incidir en los procesos electorales.<\/p>\n\n\n\n<p class=\"wp-block-paragraph\">Cuesti\u00f3n que L\u00f3pez Obrador, siendo oposici\u00f3n, propugn\u00f3 para que esa prohibici\u00f3n quedara expresa en el texto constitucional.<\/p>\n\n\n\n<p class=\"wp-block-paragraph\">Al aprobarse la revocaci\u00f3n de mandato, se abr\u00eda la posibilidad para que el presidente en turno se volviera un actor directamente involucrado en los procesos electorales, de ah\u00ed que este ejercicio se haya desfasado de cualquier elecci\u00f3n para evitar que el peso de la autoridad y recursos presidenciales contaminaran cualquier otra elecci\u00f3n.<\/p>\n\n\n\n<p class=\"wp-block-paragraph\">Los ejercicios de revocaci\u00f3n de mandato nunca me han parecido, ya que, desde mi punto de vista, atentan contra la institucionalidad democr\u00e1tica, pues si el resultado de una elecci\u00f3n fue contratar a un funcionario por un periodo determinado, el mismo debe respetarse, y en todo caso, la reprobaci\u00f3n a un mal ejercicio se presentar\u00e1 en las urnas en la siguiente elecci\u00f3n.<\/p>\n\n\n\n<p class=\"wp-block-paragraph\">Lo anterior supone construir equilibrios de poder y un fuerte Estado de derecho que pueda intervenir en casos extremos como traici\u00f3n a la patria o delitos de orden criminal del funcionario en turno.<\/p>\n\n\n\n<p class=\"wp-block-paragraph\">De aqu\u00ed mi convicci\u00f3n de que estos ejercicios pueden m\u00e1s bien contribuir a fortalecer las tendencias autoritarias de gobiernos populistas antes que a fortalecer la ciudadanizaci\u00f3n de la pol\u00edtica.<\/p>\n\n\n\n<p class=\"wp-block-paragraph\">Sobre todo, cuando el origen de la revocaci\u00f3n de mandato debe surgir de la ciudadan\u00eda inconforme con el gobierno y no del funcionario que promueve su ratificaci\u00f3n, como es el caso.<\/p>\n\n\n\n<p class=\"wp-block-paragraph\">La iniciativa que anunci\u00f3 Ram\u00edrez Cu\u00e9llar es un muy buen ejemplo de la intenci\u00f3n de perpetuarse en el poder.<\/p>\n\n\n\n<p class=\"wp-block-paragraph\">No se trata de cualquier diputado, sino de uno de los vicecoordinadores de la bancada de Morena y, seg\u00fan todos los dichos, el diputado de mayor confianza de la actual presidenta.<\/p>\n\n\n\n<p class=\"wp-block-paragraph\">De manera tal que no es una ocurrencia cualquiera, sino una iniciativa que cuenta con la venia de quien, so pretexto de ser evaluada y ratificada por \u201cel pueblo\u201d, lo que busca es usar su influencia, su poder y los recursos del Estado para incidir en las elecciones del 2027.<\/p>\n\n\n\n<p class=\"wp-block-paragraph\">Ese a\u00f1o se convocar\u00e1 a las elecciones m\u00e1s grandes y complejas que hayamos vivido.<\/p>\n\n\n\n<p class=\"wp-block-paragraph\">Se renovar\u00e1 la C\u00e1mara de Diputados, habr\u00e1 elecciones para gobernador en 17 estados, se renovar\u00e1n 30 Congresos locales, cerca de mil presidencias municipales en 30 entidades federativas y, adem\u00e1s, elecci\u00f3n de jueces y magistrados federales y locales. Y a esto, quieren sumarle una m\u00e1s, la de revocaci\u00f3n de mandato.<\/p>\n\n\n\n<p class=\"wp-block-paragraph\">Habr\u00e1 electores que tendr\u00e1n en sus manos 14 o m\u00e1s boletas, para lo cual requerir\u00e1n de acordeones para \u201cguiarse\u201d al estar en la mampara, cuesti\u00f3n que ha sido legitimada por la actual Sala Superior del Tribunal Electoral, que no solo valid\u00f3 la sobrerrepresentaci\u00f3n que hoy le permite a Morena hacer reformas constitucionales a su medida y sin contrapesos, sino adem\u00e1s utilizar recursos p\u00fablicos y claras herramientas de incidencia en la voluntad ciudadana.<\/p>\n\n\n\n<p class=\"wp-block-paragraph\">Las elecciones del 2027 ser\u00e1n cruciales para el futuro de nuestra democracia y de la Rep\u00fablica.<\/p>\n\n\n\n<p class=\"wp-block-paragraph\">Se abre la posibilidad de quitarle a Morena y sus aliados la mayor\u00eda calificada en la C\u00e1mara de Diputados y frenar con esto el cambio de r\u00e9gimen que est\u00e1 destruyendo la democracia, el equilibrio de poderes, el Estado de derecho y el federalismo.<\/p>\n\n\n\n<p class=\"wp-block-paragraph\">Esto implica el fortalecimiento de la oposici\u00f3n y la urgente y convencida participaci\u00f3n de la ciudadan\u00eda para la constituci\u00f3n de nuevas alternativas.<\/p>\n\n\n\n<p class=\"wp-block-paragraph\">Pasa tambi\u00e9n por no hacerle el juego a la pretendida revocaci\u00f3n del mandato y a la polarizaci\u00f3n que va a significar.<\/p>\n\n\n\n<p class=\"wp-block-paragraph\">De la misma manera, no podemos dejar de se\u00f1alar los riesgos que la reforma electoral en proceso traer\u00e1 consigo para restringir derechos y perpetuar el Estado autoritario que ya estamos viviendo.<\/p>\n\n\n\n<p class=\"wp-block-paragraph\">Revocaci\u00f3n de mandato y reforma electoral son piezas clave de la 4T para hacer de las elecciones del 2027 un punto de no retorno en su pretensi\u00f3n de perpetuarse y, por lo tanto, un punto de quiebre para la libertad y la democracia en nuestro pa\u00eds.<\/p>\n","protected":false},"excerpt":{"rendered":"<p>Ejercicios como la revocaci\u00f3n de mandato pueden contribuir m\u00e1s a reforzar las tendencias autoritarias de&#8230;<\/p>\n","protected":false},"author":92,"featured_media":7098,"comment_status":"closed","ping_status":"closed","sticky":false,"template":"","format":"standard","meta":{"footnotes":""},"categories":[13],"tags":[500],"class_list":["post-7096","post","type-post","status-publish","format-standard","has-post-thumbnail","hentry","category-politica","tag-constatar-el-costo-de-haber-legitimado-la-sobrerrepresentacion-en-la-camara-de-diputados"],"yoast_head":"<!-- This site is optimized with the Yoast SEO plugin v28.4 - https:\/\/yoast.com\/product\/yoast-seo-wordpress\/ -->\n<title>Por la perpetuidad -<\/title>\n<meta name=\"description\" content=\"Revocaci\u00f3n de mandato y reforma electoral son piezas clave de la 4T para hacer de las elecciones del 2027 un punto de no retorno en su pretensi\u00f3n de perpetuarse\" \/>\n<meta name=\"robots\" content=\"index, follow, max-snippet:-1, max-image-preview:large, max-video-preview:-1\" \/>\n<link rel=\"canonical\" href=\"https:\/\/arjenoticias.com.mx\/?p=7096\" \/>\n<meta property=\"og:locale\" content=\"es_MX\" \/>\n<meta property=\"og:type\" content=\"article\" \/>\n<meta property=\"og:title\" content=\"Por la perpetuidad -\" \/>\n<meta property=\"og:description\" content=\"Revocaci\u00f3n de mandato y reforma electoral son piezas clave de la 4T para hacer de las elecciones del 2027 un punto de no retorno en su pretensi\u00f3n de perpetuarse\" \/>\n<meta property=\"og:url\" content=\"https:\/\/arjenoticias.com.mx\/?p=7096\" \/>\n<meta property=\"article:published_time\" content=\"2025-11-10T16:52:02+00:00\" \/>\n<meta name=\"author\" content=\"Edmundo Jacobo Molina\" \/>\n<meta name=\"twitter:card\" content=\"summary_large_image\" \/>\n<meta name=\"twitter:label1\" content=\"Escrito por\" \/>\n\t<meta name=\"twitter:data1\" content=\"Edmundo Jacobo Molina\" \/>\n\t<meta name=\"twitter:label2\" content=\"Tiempo de lectura\" \/>\n\t<meta name=\"twitter:data2\" content=\"5 minutos\" \/>\n<script type=\"application\/ld+json\" class=\"yoast-schema-graph\">{\"@context\":\"https:\\\/\\\/schema.org\",\"@graph\":[{\"@type\":\"Article\",\"@id\":\"https:\\\/\\\/arjenoticias.com.mx\\\/?p=7096#article\",\"isPartOf\":{\"@id\":\"https:\\\/\\\/arjenoticias.com.mx\\\/?p=7096\"},\"author\":{\"name\":\"Edmundo Jacobo Molina\",\"@id\":\"https:\\\/\\\/arjenoticias.com.mx\\\/#\\\/schema\\\/person\\\/1a41465c296e9e3df18e71b7dee74397\"},\"headline\":\"Por la perpetuidad\",\"datePublished\":\"2025-11-10T16:52:02+00:00\",\"mainEntityOfPage\":{\"@id\":\"https:\\\/\\\/arjenoticias.com.mx\\\/?p=7096\"},\"wordCount\":901,\"publisher\":{\"@id\":\"https:\\\/\\\/arjenoticias.com.mx\\\/#organization\"},\"image\":{\"@id\":\"https:\\\/\\\/arjenoticias.com.mx\\\/?p=7096#primaryimage\"},\"thumbnailUrl\":\"\",\"keywords\":[\"constatar el costo de haber legitimado la sobrerrepresentaci\u00f3n en la C\u00e1mara de Diputados.\"],\"articleSection\":[\"Pol\u00edtica\"],\"inLanguage\":\"es\"},{\"@type\":\"WebPage\",\"@id\":\"https:\\\/\\\/arjenoticias.com.mx\\\/?p=7096\",\"url\":\"https:\\\/\\\/arjenoticias.com.mx\\\/?p=7096\",\"name\":\"Por la perpetuidad -\",\"isPartOf\":{\"@id\":\"https:\\\/\\\/arjenoticias.com.mx\\\/#website\"},\"primaryImageOfPage\":{\"@id\":\"https:\\\/\\\/arjenoticias.com.mx\\\/?p=7096#primaryimage\"},\"image\":{\"@id\":\"https:\\\/\\\/arjenoticias.com.mx\\\/?p=7096#primaryimage\"},\"thumbnailUrl\":\"\",\"datePublished\":\"2025-11-10T16:52:02+00:00\",\"description\":\"Revocaci\u00f3n de mandato y reforma electoral son piezas clave de la 4T para hacer de las elecciones del 2027 un punto de no retorno en su pretensi\u00f3n de perpetuarse\",\"breadcrumb\":{\"@id\":\"https:\\\/\\\/arjenoticias.com.mx\\\/?p=7096#breadcrumb\"},\"inLanguage\":\"es\",\"potentialAction\":[{\"@type\":\"ReadAction\",\"target\":[\"https:\\\/\\\/arjenoticias.com.mx\\\/?p=7096\"]}]},{\"@type\":\"ImageObject\",\"inLanguage\":\"es\",\"@id\":\"https:\\\/\\\/arjenoticias.com.mx\\\/?p=7096#primaryimage\",\"url\":\"\",\"contentUrl\":\"\"},{\"@type\":\"BreadcrumbList\",\"@id\":\"https:\\\/\\\/arjenoticias.com.mx\\\/?p=7096#breadcrumb\",\"itemListElement\":[{\"@type\":\"ListItem\",\"position\":1,\"name\":\"Inicio\",\"item\":\"https:\\\/\\\/arjenoticias.com.mx\\\/\"},{\"@type\":\"ListItem\",\"position\":2,\"name\":\"Por la perpetuidad\"}]},{\"@type\":\"WebSite\",\"@id\":\"https:\\\/\\\/arjenoticias.com.mx\\\/#website\",\"url\":\"https:\\\/\\\/arjenoticias.com.mx\\\/\",\"name\":\"arjenoticias.com.mx\",\"description\":\"\",\"publisher\":{\"@id\":\"https:\\\/\\\/arjenoticias.com.mx\\\/#organization\"},\"potentialAction\":[{\"@type\":\"SearchAction\",\"target\":{\"@type\":\"EntryPoint\",\"urlTemplate\":\"https:\\\/\\\/arjenoticias.com.mx\\\/?s={search_term_string}\"},\"query-input\":{\"@type\":\"PropertyValueSpecification\",\"valueRequired\":true,\"valueName\":\"search_term_string\"}}],\"inLanguage\":\"es\"},{\"@type\":\"Organization\",\"@id\":\"https:\\\/\\\/arjenoticias.com.mx\\\/#organization\",\"name\":\"Arj\u00e9 de M\u00e9xico Noticias\",\"url\":\"https:\\\/\\\/arjenoticias.com.mx\\\/\",\"logo\":{\"@type\":\"ImageObject\",\"inLanguage\":\"es\",\"@id\":\"https:\\\/\\\/arjenoticias.com.mx\\\/#\\\/schema\\\/logo\\\/image\\\/\",\"url\":\"https:\\\/\\\/arjenoticias.com.mx\\\/wp-content\\\/uploads\\\/2025\\\/07\\\/cropped-logo-scaled-1.png\",\"contentUrl\":\"https:\\\/\\\/arjenoticias.com.mx\\\/wp-content\\\/uploads\\\/2025\\\/07\\\/cropped-logo-scaled-1.png\",\"width\":2558,\"height\":558,\"caption\":\"Arj\u00e9 de M\u00e9xico Noticias\"},\"image\":{\"@id\":\"https:\\\/\\\/arjenoticias.com.mx\\\/#\\\/schema\\\/logo\\\/image\\\/\"}},{\"@type\":\"Person\",\"@id\":\"https:\\\/\\\/arjenoticias.com.mx\\\/#\\\/schema\\\/person\\\/1a41465c296e9e3df18e71b7dee74397\",\"name\":\"Edmundo Jacobo Molina\",\"image\":{\"@type\":\"ImageObject\",\"inLanguage\":\"es\",\"@id\":\"https:\\\/\\\/secure.gravatar.com\\\/avatar\\\/f2461446ec50fd3e1cde6a8b1c088e4507436d93ef72d758a4f583b3dcb40f56?s=96&d=mm&r=g\",\"url\":\"https:\\\/\\\/secure.gravatar.com\\\/avatar\\\/f2461446ec50fd3e1cde6a8b1c088e4507436d93ef72d758a4f583b3dcb40f56?s=96&d=mm&r=g\",\"contentUrl\":\"https:\\\/\\\/secure.gravatar.com\\\/avatar\\\/f2461446ec50fd3e1cde6a8b1c088e4507436d93ef72d758a4f583b3dcb40f56?s=96&d=mm&r=g\",\"caption\":\"Edmundo Jacobo Molina\"},\"url\":\"https:\\\/\\\/arjenoticias.com.mx\\\/?author=92\"}]}<\/script>\n<!-- \/ Yoast SEO plugin. -->","yoast_head_json":{"title":"Por la perpetuidad -","description":"Revocaci\u00f3n de mandato y reforma electoral son piezas clave de la 4T para hacer de las elecciones del 2027 un punto de no retorno en su pretensi\u00f3n de perpetuarse","robots":{"index":"index","follow":"follow","max-snippet":"max-snippet:-1","max-image-preview":"max-image-preview:large","max-video-preview":"max-video-preview:-1"},"canonical":"https:\/\/arjenoticias.com.mx\/?p=7096","og_locale":"es_MX","og_type":"article","og_title":"Por la perpetuidad -","og_description":"Revocaci\u00f3n de mandato y reforma electoral son piezas clave de la 4T para hacer de las elecciones del 2027 un punto de no retorno en su pretensi\u00f3n de perpetuarse","og_url":"https:\/\/arjenoticias.com.mx\/?p=7096","article_published_time":"2025-11-10T16:52:02+00:00","author":"Edmundo Jacobo Molina","twitter_card":"summary_large_image","twitter_misc":{"Escrito por":"Edmundo Jacobo Molina","Tiempo de lectura":"5 minutos"},"schema":{"@context":"https:\/\/schema.org","@graph":[{"@type":"Article","@id":"https:\/\/arjenoticias.com.mx\/?p=7096#article","isPartOf":{"@id":"https:\/\/arjenoticias.com.mx\/?p=7096"},"author":{"name":"Edmundo Jacobo Molina","@id":"https:\/\/arjenoticias.com.mx\/#\/schema\/person\/1a41465c296e9e3df18e71b7dee74397"},"headline":"Por la perpetuidad","datePublished":"2025-11-10T16:52:02+00:00","mainEntityOfPage":{"@id":"https:\/\/arjenoticias.com.mx\/?p=7096"},"wordCount":901,"publisher":{"@id":"https:\/\/arjenoticias.com.mx\/#organization"},"image":{"@id":"https:\/\/arjenoticias.com.mx\/?p=7096#primaryimage"},"thumbnailUrl":"","keywords":["constatar el costo de haber legitimado la sobrerrepresentaci\u00f3n en la C\u00e1mara de Diputados."],"articleSection":["Pol\u00edtica"],"inLanguage":"es"},{"@type":"WebPage","@id":"https:\/\/arjenoticias.com.mx\/?p=7096","url":"https:\/\/arjenoticias.com.mx\/?p=7096","name":"Por la perpetuidad -","isPartOf":{"@id":"https:\/\/arjenoticias.com.mx\/#website"},"primaryImageOfPage":{"@id":"https:\/\/arjenoticias.com.mx\/?p=7096#primaryimage"},"image":{"@id":"https:\/\/arjenoticias.com.mx\/?p=7096#primaryimage"},"thumbnailUrl":"","datePublished":"2025-11-10T16:52:02+00:00","description":"Revocaci\u00f3n de mandato y reforma electoral son piezas clave de la 4T para hacer de las elecciones del 2027 un punto de no retorno en su pretensi\u00f3n de perpetuarse","breadcrumb":{"@id":"https:\/\/arjenoticias.com.mx\/?p=7096#breadcrumb"},"inLanguage":"es","potentialAction":[{"@type":"ReadAction","target":["https:\/\/arjenoticias.com.mx\/?p=7096"]}]},{"@type":"ImageObject","inLanguage":"es","@id":"https:\/\/arjenoticias.com.mx\/?p=7096#primaryimage","url":"","contentUrl":""},{"@type":"BreadcrumbList","@id":"https:\/\/arjenoticias.com.mx\/?p=7096#breadcrumb","itemListElement":[{"@type":"ListItem","position":1,"name":"Inicio","item":"https:\/\/arjenoticias.com.mx\/"},{"@type":"ListItem","position":2,"name":"Por la perpetuidad"}]},{"@type":"WebSite","@id":"https:\/\/arjenoticias.com.mx\/#website","url":"https:\/\/arjenoticias.com.mx\/","name":"arjenoticias.com.mx","description":"","publisher":{"@id":"https:\/\/arjenoticias.com.mx\/#organization"},"potentialAction":[{"@type":"SearchAction","target":{"@type":"EntryPoint","urlTemplate":"https:\/\/arjenoticias.com.mx\/?s={search_term_string}"},"query-input":{"@type":"PropertyValueSpecification","valueRequired":true,"valueName":"search_term_string"}}],"inLanguage":"es"},{"@type":"Organization","@id":"https:\/\/arjenoticias.com.mx\/#organization","name":"Arj\u00e9 de M\u00e9xico Noticias","url":"https:\/\/arjenoticias.com.mx\/","logo":{"@type":"ImageObject","inLanguage":"es","@id":"https:\/\/arjenoticias.com.mx\/#\/schema\/logo\/image\/","url":"https:\/\/arjenoticias.com.mx\/wp-content\/uploads\/2025\/07\/cropped-logo-scaled-1.png","contentUrl":"https:\/\/arjenoticias.com.mx\/wp-content\/uploads\/2025\/07\/cropped-logo-scaled-1.png","width":2558,"height":558,"caption":"Arj\u00e9 de M\u00e9xico Noticias"},"image":{"@id":"https:\/\/arjenoticias.com.mx\/#\/schema\/logo\/image\/"}},{"@type":"Person","@id":"https:\/\/arjenoticias.com.mx\/#\/schema\/person\/1a41465c296e9e3df18e71b7dee74397","name":"Edmundo Jacobo Molina","image":{"@type":"ImageObject","inLanguage":"es","@id":"https:\/\/secure.gravatar.com\/avatar\/f2461446ec50fd3e1cde6a8b1c088e4507436d93ef72d758a4f583b3dcb40f56?s=96&d=mm&r=g","url":"https:\/\/secure.gravatar.com\/avatar\/f2461446ec50fd3e1cde6a8b1c088e4507436d93ef72d758a4f583b3dcb40f56?s=96&d=mm&r=g","contentUrl":"https:\/\/secure.gravatar.com\/avatar\/f2461446ec50fd3e1cde6a8b1c088e4507436d93ef72d758a4f583b3dcb40f56?s=96&d=mm&r=g","caption":"Edmundo Jacobo Molina"},"url":"https:\/\/arjenoticias.com.mx\/?author=92"}]}},"_links":{"self":[{"href":"https:\/\/arjenoticias.com.mx\/index.php?rest_route=\/wp\/v2\/posts\/7096","targetHints":{"allow":["GET"]}}],"collection":[{"href":"https:\/\/arjenoticias.com.mx\/index.php?rest_route=\/wp\/v2\/posts"}],"about":[{"href":"https:\/\/arjenoticias.com.mx\/index.php?rest_route=\/wp\/v2\/types\/post"}],"author":[{"embeddable":true,"href":"https:\/\/arjenoticias.com.mx\/index.php?rest_route=\/wp\/v2\/users\/92"}],"replies":[{"embeddable":true,"href":"https:\/\/arjenoticias.com.mx\/index.php?rest_route=%2Fwp%2Fv2%2Fcomments&post=7096"}],"version-history":[{"count":0,"href":"https:\/\/arjenoticias.com.mx\/index.php?rest_route=\/wp\/v2\/posts\/7096\/revisions"}],"wp:attachment":[{"href":"https:\/\/arjenoticias.com.mx\/index.php?rest_route=%2Fwp%2Fv2%2Fmedia&parent=7096"}],"wp:term":[{"taxonomy":"category","embeddable":true,"href":"https:\/\/arjenoticias.com.mx\/index.php?rest_route=%2Fwp%2Fv2%2Fcategories&post=7096"},{"taxonomy":"post_tag","embeddable":true,"href":"https:\/\/arjenoticias.com.mx\/index.php?rest_route=%2Fwp%2Fv2%2Ftags&post=7096"}],"curies":[{"name":"wp","href":"https:\/\/api.w.org\/{rel}","templated":true}]}}