{"id":7092,"date":"2025-11-10T10:30:00","date_gmt":"2025-11-10T16:30:00","guid":{"rendered":"https:\/\/arjenoticias.com\/?p=7092"},"modified":"2025-11-20T11:57:49","modified_gmt":"2025-11-20T17:57:49","slug":"carlos-manzo-teresa-sepulveda","status":"publish","type":"post","link":"https:\/\/arjenoticias.com.mx\/politica\/carlos-manzo-teresa-sepulveda\/","title":{"rendered":"Carlos Manzo y Grecia Quiroz, su sentido del honor convoca"},"content":{"rendered":"\n<p class=\"wp-block-paragraph\">Carlos Manzo Rodr\u00edguez y Grecia Quiroz Garc\u00eda son hoy un referente \u00e9tico y pol\u00edtico en M\u00e9xico. El homicidio del alcalde de Uruapan, y el relevo, por su esposa, en la presidencia de ese municipio, resuenan. Las im\u00e1genes del alcalde con sus hijos en brazos, minutos antes de ser asesinado por sicario adolescente, y el mensaje de su esposa tomando la estafeta el siguiente mi\u00e9rcoles, conmueven. El coraje de ambos para defender a su gente, a su tierra, es ejemplar. Llegaron al cargo por v\u00eda independiente de partidos pol\u00edticos. Su paso puede marcar un antes y un despu\u00e9s; un detonar las reservas de valor civil que queden. Ojal\u00e1 los j\u00f3venes asuman el destino com\u00fan con ese sentido del honor.<br>Manzo fue excepcional alcalde del pa\u00eds al decidir enfrentar, de manera directa, visible, con solo su polic\u00eda municipal, a los grupos de delincuencia organizada que se disputan tiempo ha el espacio de vida com\u00fan y el producto del trabajo de los dem\u00e1s. No se escud\u00f3 en que esa tarea compete a otros \u00e1mbitos de gobierno. Asumi\u00f3 la emergencia ante el podrido gobierno estatal y el abandono o desprecio de Sheinbaum, quien se neg\u00f3 a recibirlo. Se sabe que hizo decomisos y captur\u00f3 personalmente a jefe de plaza de cartel de Jalisco, mafia que le exigi\u00f3 antes las direcciones de seguridad, obras p\u00fablicas y tesorer\u00eda municipales.<br>A inicios de 1999, el presidente Zedillo nos inform\u00f3, en Los Pinos, a los diputados panistas Carlos Medina, Francisco Paoli y a m\u00ed que, en las elecciones de alcaldes de Michoac\u00e1n del a\u00f1o anterior, la delincuencia organizada financi\u00f3 campa\u00f1as a cambio de electos les entregaran las tres direcciones que a\u00f1os despu\u00e9s exig\u00edan al alcalde Manzo. Anot\u00e9 los casos de Aquila, Aguililla, y otros de Tierra Caliente. En el mapa de riesgos pa\u00eds el CISEN registraba datos. Sugiri\u00f3 pol\u00edticas para contener el empoderamiento criminal. Desde entonces -va para tres d\u00e9cadas-, la delincuencia extend\u00eda su control de cargos p\u00fablicos, territorios y patrimonios ajenos. En 2007, el gobernador de Michoac\u00e1n, L\u00e1zaro C\u00e1rdenas Batel (hoy en gabinete federal), urgi\u00f3 al presidente Calder\u00f3n, lo apoyara a contener delincuencia, y lo apoy\u00f3. Con la pol\u00edtica obradorista de \u201cabrazos, no balazos\u201d a los delincuentes, el predominio criminal se extendi\u00f3 a la mayor parte del pa\u00eds. El gobernador actual lleg\u00f3 financiado por la delincuencia.<br>Ante el homicidio de Manzo, Sheinbaum reaccion\u00f3 encorajinada. Se tard\u00f3 horas en manifestarse. Luego, furibunda, ech\u00f3 la culpa a Calder\u00f3n, a los neoliberales, descalific\u00f3 a periodistas, se victimiz\u00f3 y escud\u00f3 en la polarizaci\u00f3n. Esa actitud obradorista de negar su responsabilidad, culpar a los anteriores, descalificar a los medios y dividir, se agot\u00f3. Al d\u00eda siguiente, menos alterada, anunci\u00f3 propuestas de pol\u00edticas muy parecidas a las del \u201cPlan Michoac\u00e1n\u201d de Pe\u00f1a Nieto.<br>Guillermo Vald\u00e9s Castellanos, en su ensayo \u201cLas lecciones del asesinato de un alcalde bueno\u201d (\u201cLetras Libres\u201d, noviembre 6) escribe: \u201cAs\u00ed es como se llega a otra lecci\u00f3n de este terrible homicidio. Las pol\u00edticas y estrategias de seguridad no son solo un asunto t\u00e9cnico, de habilidades policiales y capacidades de inteligente. Su eficacia tambi\u00e9n requiere necesariamente de congruencia \u00e9tica, de una visi\u00f3n no sectaria de la sociedad y de la pol\u00edtica; de la voluntad radical de aplicar la ley; de honestidad cabal. La terca determinaci\u00f3n de Carlos Manzo de defender con su vida a sus gobernados revel\u00f3 esas carencias de la pol\u00edtica de seguridad de Sheinbaum. Sin esos intangibles, no tendr\u00e1 credibilidad ni se beneficiar\u00e1 de la confianza social. Y una pol\u00edtica de seguridad que no tiene la capacidad de convocar a la sociedad para que aporte todos sus recursos, se quedar\u00e1 muy lejos de resolver el problema. El gobierno solo no podr\u00e1\u201d.<br>Caminos de Michoac\u00e1n mi padre nos llev\u00f3 a recorrer en nuestra infancia. Nos hablaba de Tata Vasco de Quiroga, quien camin\u00f3 tambi\u00e9n por el Baj\u00edo, tierra de chichimecas, para llevar hospitalidad a los m\u00e1s desvalidos. En Irapuato levant\u00f3 otro \u201chospital\u201d para hospedar y ense\u00f1ar oficios. \u201cPara don Vasco todos \u00e9ramos iguales. A los pur\u00e9pechas nos hizo ver hacia arriba, no hacia abajo\u201d (E. Soto). Manzo tambi\u00e9n nos hace ver hacia arriba.<\/p>\n","protected":false},"excerpt":{"rendered":"<p>Carlos Manzo Rodr\u00edguez y Grecia Quiroz Garc\u00eda son hoy un referente \u00e9tico y pol\u00edtico en&#8230;<\/p>\n","protected":false},"author":5,"featured_media":0,"comment_status":"closed","ping_status":"closed","sticky":false,"template":"","format":"standard","meta":{"footnotes":""},"categories":[605,7],"tags":[740],"class_list":["post-7092","post","type-post","status-publish","format-standard","hentry","category-lo-mas-relevante","category-politica","tag-manzo-y-quiroz-son-un-referente-etico-y-politico"],"yoast_head":"<!-- This site is optimized with the Yoast SEO plugin v28.4 - https:\/\/yoast.com\/product\/yoast-seo-wordpress\/ -->\n<title>Carlos Manzo y Grecia Quiroz, su sentido del honor convoca -<\/title>\n<meta name=\"robots\" content=\"index, follow, max-snippet:-1, max-image-preview:large, max-video-preview:-1\" \/>\n<link rel=\"canonical\" href=\"https:\/\/arjenoticias.com.mx\/politica\/carlos-manzo-teresa-sepulveda\/\" \/>\n<meta property=\"og:locale\" content=\"es_ES\" \/>\n<meta property=\"og:type\" content=\"article\" \/>\n<meta property=\"og:title\" content=\"Carlos Manzo y Grecia Quiroz, su sentido del honor convoca -\" \/>\n<meta property=\"og:description\" content=\"Carlos Manzo Rodr\u00edguez y Grecia Quiroz Garc\u00eda son hoy un referente \u00e9tico y pol\u00edtico en...\" \/>\n<meta property=\"og:url\" content=\"https:\/\/arjenoticias.com.mx\/politica\/carlos-manzo-teresa-sepulveda\/\" \/>\n<meta property=\"article:publisher\" content=\"https:\/\/www.facebook.com\/ArjeNoticiasMX\" \/>\n<meta property=\"article:published_time\" content=\"2025-11-10T16:30:00+00:00\" \/>\n<meta property=\"article:modified_time\" content=\"2025-11-20T17:57:49+00:00\" \/>\n<meta name=\"author\" content=\"Juan Miguel Alc\u00e1ntara Soria\" \/>\n<meta name=\"twitter:card\" content=\"summary_large_image\" \/>\n<meta name=\"twitter:creator\" content=\"@ArjeNoticias\" \/>\n<meta name=\"twitter:site\" content=\"@ArjeNoticias\" \/>\n<meta name=\"twitter:label1\" content=\"Escrito por\" \/>\n\t<meta name=\"twitter:data1\" content=\"Juan Miguel Alc\u00e1ntara Soria\" \/>\n\t<meta name=\"twitter:label2\" content=\"Tiempo de lectura\" \/>\n\t<meta name=\"twitter:data2\" content=\"4 minutos\" \/>\n<script type=\"application\/ld+json\" class=\"yoast-schema-graph\">{\"@context\":\"https:\\\/\\\/schema.org\",\"@graph\":[{\"@type\":\"Article\",\"@id\":\"https:\\\/\\\/arjenoticias.com.mx\\\/politica\\\/carlos-manzo-teresa-sepulveda\\\/#article\",\"isPartOf\":{\"@id\":\"https:\\\/\\\/arjenoticias.com.mx\\\/politica\\\/carlos-manzo-teresa-sepulveda\\\/\"},\"author\":{\"name\":\"Juan Miguel Alc\u00e1ntara Soria\",\"@id\":\"https:\\\/\\\/arjenoticias.com.mx\\\/#\\\/schema\\\/person\\\/269b2b52b24bcc0f09eb6a57914f268e\"},\"headline\":\"Carlos Manzo y Grecia Quiroz, su sentido del honor convoca\",\"datePublished\":\"2025-11-10T16:30:00+00:00\",\"dateModified\":\"2025-11-20T17:57:49+00:00\",\"mainEntityOfPage\":{\"@id\":\"https:\\\/\\\/arjenoticias.com.mx\\\/politica\\\/carlos-manzo-teresa-sepulveda\\\/\"},\"wordCount\":737,\"publisher\":{\"@id\":\"https:\\\/\\\/arjenoticias.com.mx\\\/#organization\"},\"keywords\":[\"Manzo y Quiroz son un referente \u00e9tico y pol\u00edtico\"],\"articleSection\":[\"Lo m\u00e1s relevante\",\"Pol\u00edtica\"],\"inLanguage\":\"es\"},{\"@type\":\"WebPage\",\"@id\":\"https:\\\/\\\/arjenoticias.com.mx\\\/politica\\\/carlos-manzo-teresa-sepulveda\\\/\",\"url\":\"https:\\\/\\\/arjenoticias.com.mx\\\/politica\\\/carlos-manzo-teresa-sepulveda\\\/\",\"name\":\"Carlos Manzo y Grecia Quiroz, su sentido del honor convoca -\",\"isPartOf\":{\"@id\":\"https:\\\/\\\/arjenoticias.com.mx\\\/#website\"},\"datePublished\":\"2025-11-10T16:30:00+00:00\",\"dateModified\":\"2025-11-20T17:57:49+00:00\",\"breadcrumb\":{\"@id\":\"https:\\\/\\\/arjenoticias.com.mx\\\/politica\\\/carlos-manzo-teresa-sepulveda\\\/#breadcrumb\"},\"inLanguage\":\"es\",\"potentialAction\":[{\"@type\":\"ReadAction\",\"target\":[\"https:\\\/\\\/arjenoticias.com.mx\\\/politica\\\/carlos-manzo-teresa-sepulveda\\\/\"]}]},{\"@type\":\"BreadcrumbList\",\"@id\":\"https:\\\/\\\/arjenoticias.com.mx\\\/politica\\\/carlos-manzo-teresa-sepulveda\\\/#breadcrumb\",\"itemListElement\":[{\"@type\":\"ListItem\",\"position\":1,\"name\":\"Portada\",\"item\":\"https:\\\/\\\/arjenoticias.com.mx\\\/\"},{\"@type\":\"ListItem\",\"position\":2,\"name\":\"Carlos Manzo y Grecia Quiroz, su sentido del honor convoca\"}]},{\"@type\":\"WebSite\",\"@id\":\"https:\\\/\\\/arjenoticias.com.mx\\\/#website\",\"url\":\"https:\\\/\\\/arjenoticias.com.mx\\\/\",\"name\":\"Arj\u00e9 M\u00e9xico\",\"description\":\"\",\"publisher\":{\"@id\":\"https:\\\/\\\/arjenoticias.com.mx\\\/#organization\"},\"potentialAction\":[{\"@type\":\"SearchAction\",\"target\":{\"@type\":\"EntryPoint\",\"urlTemplate\":\"https:\\\/\\\/arjenoticias.com.mx\\\/?s={search_term_string}\"},\"query-input\":{\"@type\":\"PropertyValueSpecification\",\"valueRequired\":true,\"valueName\":\"search_term_string\"}}],\"inLanguage\":\"es\"},{\"@type\":\"Organization\",\"@id\":\"https:\\\/\\\/arjenoticias.com.mx\\\/#organization\",\"name\":\"Arj\u00e9 M\u00e9xico\",\"url\":\"https:\\\/\\\/arjenoticias.com.mx\\\/\",\"logo\":{\"@type\":\"ImageObject\",\"inLanguage\":\"es\",\"@id\":\"https:\\\/\\\/arjenoticias.com.mx\\\/#\\\/schema\\\/logo\\\/image\\\/\",\"url\":\"https:\\\/\\\/arjenoticias.com\\\/wp-content\\\/uploads\\\/2026\\\/04\\\/cropped-cropped-logo-inverted-1-scaled-1.png\",\"contentUrl\":\"https:\\\/\\\/arjenoticias.com\\\/wp-content\\\/uploads\\\/2026\\\/04\\\/cropped-cropped-logo-inverted-1-scaled-1.png\",\"width\":2556,\"height\":549,\"caption\":\"Arj\u00e9 M\u00e9xico\"},\"image\":{\"@id\":\"https:\\\/\\\/arjenoticias.com.mx\\\/#\\\/schema\\\/logo\\\/image\\\/\"},\"sameAs\":[\"https:\\\/\\\/www.facebook.com\\\/ArjeNoticiasMX\",\"https:\\\/\\\/x.com\\\/ArjeNoticias\"]},{\"@type\":\"Person\",\"@id\":\"https:\\\/\\\/arjenoticias.com.mx\\\/#\\\/schema\\\/person\\\/269b2b52b24bcc0f09eb6a57914f268e\",\"name\":\"Juan Miguel Alc\u00e1ntara Soria\",\"image\":{\"@type\":\"ImageObject\",\"inLanguage\":\"es\",\"@id\":\"https:\\\/\\\/arjenoticias.com\\\/wp-content\\\/uploads\\\/2026\\\/04\\\/JUAN-MIGUIEL-ALCANTARA-96x96.png\",\"url\":\"https:\\\/\\\/arjenoticias.com\\\/wp-content\\\/uploads\\\/2026\\\/04\\\/JUAN-MIGUIEL-ALCANTARA-96x96.png\",\"contentUrl\":\"https:\\\/\\\/arjenoticias.com\\\/wp-content\\\/uploads\\\/2026\\\/04\\\/JUAN-MIGUIEL-ALCANTARA-96x96.png\",\"caption\":\"Juan Miguel Alc\u00e1ntara Soria\"},\"description\":\"Abogado y pol\u00edtico mexicano, del PAN. Ocup\u00f3 numerosos cargos, entre ellos dos veces diputado federal y procurador de Guanajuato.\",\"url\":\"https:\\\/\\\/arjenoticias.com.mx\\\/author\\\/juan-miguel-alcantara-soria\\\/\"}]}<\/script>\n<!-- \/ Yoast SEO plugin. -->","yoast_head_json":{"title":"Carlos Manzo y Grecia Quiroz, su sentido del honor convoca -","robots":{"index":"index","follow":"follow","max-snippet":"max-snippet:-1","max-image-preview":"max-image-preview:large","max-video-preview":"max-video-preview:-1"},"canonical":"https:\/\/arjenoticias.com.mx\/politica\/carlos-manzo-teresa-sepulveda\/","og_locale":"es_ES","og_type":"article","og_title":"Carlos Manzo y Grecia Quiroz, su sentido del honor convoca -","og_description":"Carlos Manzo Rodr\u00edguez y Grecia Quiroz Garc\u00eda son hoy un referente \u00e9tico y pol\u00edtico en...","og_url":"https:\/\/arjenoticias.com.mx\/politica\/carlos-manzo-teresa-sepulveda\/","article_publisher":"https:\/\/www.facebook.com\/ArjeNoticiasMX","article_published_time":"2025-11-10T16:30:00+00:00","article_modified_time":"2025-11-20T17:57:49+00:00","author":"Juan Miguel Alc\u00e1ntara Soria","twitter_card":"summary_large_image","twitter_creator":"@ArjeNoticias","twitter_site":"@ArjeNoticias","twitter_misc":{"Escrito por":"Juan Miguel Alc\u00e1ntara Soria","Tiempo de lectura":"4 minutos"},"schema":{"@context":"https:\/\/schema.org","@graph":[{"@type":"Article","@id":"https:\/\/arjenoticias.com.mx\/politica\/carlos-manzo-teresa-sepulveda\/#article","isPartOf":{"@id":"https:\/\/arjenoticias.com.mx\/politica\/carlos-manzo-teresa-sepulveda\/"},"author":{"name":"Juan Miguel Alc\u00e1ntara Soria","@id":"https:\/\/arjenoticias.com.mx\/#\/schema\/person\/269b2b52b24bcc0f09eb6a57914f268e"},"headline":"Carlos Manzo y Grecia Quiroz, su sentido del honor convoca","datePublished":"2025-11-10T16:30:00+00:00","dateModified":"2025-11-20T17:57:49+00:00","mainEntityOfPage":{"@id":"https:\/\/arjenoticias.com.mx\/politica\/carlos-manzo-teresa-sepulveda\/"},"wordCount":737,"publisher":{"@id":"https:\/\/arjenoticias.com.mx\/#organization"},"keywords":["Manzo y Quiroz son un referente \u00e9tico y pol\u00edtico"],"articleSection":["Lo m\u00e1s relevante","Pol\u00edtica"],"inLanguage":"es"},{"@type":"WebPage","@id":"https:\/\/arjenoticias.com.mx\/politica\/carlos-manzo-teresa-sepulveda\/","url":"https:\/\/arjenoticias.com.mx\/politica\/carlos-manzo-teresa-sepulveda\/","name":"Carlos Manzo y Grecia Quiroz, su sentido del honor convoca -","isPartOf":{"@id":"https:\/\/arjenoticias.com.mx\/#website"},"datePublished":"2025-11-10T16:30:00+00:00","dateModified":"2025-11-20T17:57:49+00:00","breadcrumb":{"@id":"https:\/\/arjenoticias.com.mx\/politica\/carlos-manzo-teresa-sepulveda\/#breadcrumb"},"inLanguage":"es","potentialAction":[{"@type":"ReadAction","target":["https:\/\/arjenoticias.com.mx\/politica\/carlos-manzo-teresa-sepulveda\/"]}]},{"@type":"BreadcrumbList","@id":"https:\/\/arjenoticias.com.mx\/politica\/carlos-manzo-teresa-sepulveda\/#breadcrumb","itemListElement":[{"@type":"ListItem","position":1,"name":"Portada","item":"https:\/\/arjenoticias.com.mx\/"},{"@type":"ListItem","position":2,"name":"Carlos Manzo y Grecia Quiroz, su sentido del honor convoca"}]},{"@type":"WebSite","@id":"https:\/\/arjenoticias.com.mx\/#website","url":"https:\/\/arjenoticias.com.mx\/","name":"Arj\u00e9 M\u00e9xico","description":"","publisher":{"@id":"https:\/\/arjenoticias.com.mx\/#organization"},"potentialAction":[{"@type":"SearchAction","target":{"@type":"EntryPoint","urlTemplate":"https:\/\/arjenoticias.com.mx\/?s={search_term_string}"},"query-input":{"@type":"PropertyValueSpecification","valueRequired":true,"valueName":"search_term_string"}}],"inLanguage":"es"},{"@type":"Organization","@id":"https:\/\/arjenoticias.com.mx\/#organization","name":"Arj\u00e9 M\u00e9xico","url":"https:\/\/arjenoticias.com.mx\/","logo":{"@type":"ImageObject","inLanguage":"es","@id":"https:\/\/arjenoticias.com.mx\/#\/schema\/logo\/image\/","url":"https:\/\/arjenoticias.com\/wp-content\/uploads\/2026\/04\/cropped-cropped-logo-inverted-1-scaled-1.png","contentUrl":"https:\/\/arjenoticias.com\/wp-content\/uploads\/2026\/04\/cropped-cropped-logo-inverted-1-scaled-1.png","width":2556,"height":549,"caption":"Arj\u00e9 M\u00e9xico"},"image":{"@id":"https:\/\/arjenoticias.com.mx\/#\/schema\/logo\/image\/"},"sameAs":["https:\/\/www.facebook.com\/ArjeNoticiasMX","https:\/\/x.com\/ArjeNoticias"]},{"@type":"Person","@id":"https:\/\/arjenoticias.com.mx\/#\/schema\/person\/269b2b52b24bcc0f09eb6a57914f268e","name":"Juan Miguel Alc\u00e1ntara Soria","image":{"@type":"ImageObject","inLanguage":"es","@id":"https:\/\/arjenoticias.com\/wp-content\/uploads\/2026\/04\/JUAN-MIGUIEL-ALCANTARA-96x96.png","url":"https:\/\/arjenoticias.com\/wp-content\/uploads\/2026\/04\/JUAN-MIGUIEL-ALCANTARA-96x96.png","contentUrl":"https:\/\/arjenoticias.com\/wp-content\/uploads\/2026\/04\/JUAN-MIGUIEL-ALCANTARA-96x96.png","caption":"Juan Miguel Alc\u00e1ntara Soria"},"description":"Abogado y pol\u00edtico mexicano, del PAN. Ocup\u00f3 numerosos cargos, entre ellos dos veces diputado federal y procurador de Guanajuato.","url":"https:\/\/arjenoticias.com.mx\/author\/juan-miguel-alcantara-soria\/"}]}},"featured_image_urls":{"full":"","thumbnail":"","medium":"","medium_large":"","large":"","1536x1536":"","2048x2048":"","covernews-featured":"","covernews-medium":""},"author_info":{"info":["Juan Miguel Alc\u00e1ntara Soria"]},"category_info":"<a href=\"https:\/\/arjenoticias.com.mx\/category\/lo-mas-relevante\/\" rel=\"category tag\">Lo m\u00e1s relevante<\/a> <a href=\"https:\/\/arjenoticias.com.mx\/category\/politica\/\" rel=\"category tag\">Pol\u00edtica<\/a>","tag_info":"Pol\u00edtica","comment_count":"0","_links":{"self":[{"href":"https:\/\/arjenoticias.com.mx\/wp-json\/wp\/v2\/posts\/7092","targetHints":{"allow":["GET"]}}],"collection":[{"href":"https:\/\/arjenoticias.com.mx\/wp-json\/wp\/v2\/posts"}],"about":[{"href":"https:\/\/arjenoticias.com.mx\/wp-json\/wp\/v2\/types\/post"}],"author":[{"embeddable":true,"href":"https:\/\/arjenoticias.com.mx\/wp-json\/wp\/v2\/users\/5"}],"replies":[{"embeddable":true,"href":"https:\/\/arjenoticias.com.mx\/wp-json\/wp\/v2\/comments?post=7092"}],"version-history":[{"count":1,"href":"https:\/\/arjenoticias.com.mx\/wp-json\/wp\/v2\/posts\/7092\/revisions"}],"predecessor-version":[{"id":7094,"href":"https:\/\/arjenoticias.com.mx\/wp-json\/wp\/v2\/posts\/7092\/revisions\/7094"}],"wp:attachment":[{"href":"https:\/\/arjenoticias.com.mx\/wp-json\/wp\/v2\/media?parent=7092"}],"wp:term":[{"taxonomy":"category","embeddable":true,"href":"https:\/\/arjenoticias.com.mx\/wp-json\/wp\/v2\/categories?post=7092"},{"taxonomy":"post_tag","embeddable":true,"href":"https:\/\/arjenoticias.com.mx\/wp-json\/wp\/v2\/tags?post=7092"}],"curies":[{"name":"wp","href":"https:\/\/api.w.org\/{rel}","templated":true}]}}