{"id":6957,"date":"2025-11-05T18:20:31","date_gmt":"2025-11-06T00:20:31","guid":{"rendered":"https:\/\/arjenoticias.com\/?p=6957"},"modified":"2025-11-05T18:20:31","modified_gmt":"2025-11-06T00:20:31","slug":"los-beneficiarios-del-asesinato-de-carlos-manzo","status":"publish","type":"post","link":"https:\/\/arjenoticias.com.mx\/?p=6957","title":{"rendered":"Los beneficiarios del asesinato de Carlos Manzo"},"content":{"rendered":"\n<p class=\"wp-block-paragraph\">El crimen del alcalde podr\u00eda simbolizar la reacci\u00f3n de esos poderes subterr\u00e1neos que se resisten a ser desplazados.<\/p>\n\n\n\n<p class=\"wp-block-paragraph\">No se equivocaba Porfirio Mu\u00f1oz Ledo cuando insist\u00eda en que los pactos con el crimen organizado no se heredan, refiri\u00e9ndose a la din\u00e1mica de ingobernabilidad que padecer\u00eda Claudia Sheinbaum una vez que Andr\u00e9s Manuel L\u00f3pez Obrador dejara la silla presidencial. En ese sentido, el asesinato del alcalde de Uruapan, Carlos Manzo, ha despertado varias preguntas entre los c\u00edrculos del poder pero la que m\u00e1s se repite es \u00bfqui\u00e9n o qui\u00e9nes son los beneficiaros de la crisis que enfrenta la mandataria? Aunque desde Palacio Nacional se busca minimizar el tema, el caso est\u00e1 listo para convertirse en un punto de no retorno para su sexenio.<\/p>\n\n\n\n<p class=\"wp-block-paragraph\">Justo cuando la presidenta parec\u00eda decidida a desarticular la poderosa red transnacional de huachicol -integrada por empresarios, gobernadores, legisladores, gatilleros y cientos de bur\u00f3cratas que desviaron m\u00e1s de 600 mil millones de pesos- estalla la crisis. Claudia Sheinbuam tiene raz\u00f3n cuando advierte que los buitres la rondan pero falla en su diagn\u00f3stico cuando acusa a la derecha. Sus malquerientes est\u00e1n m\u00e1s cerca de lo que informa y ella lo sabe.<\/p>\n\n\n\n<p class=\"wp-block-paragraph\">La estrategia de depuraci\u00f3n interna, con la que busca consolidar su poder al cruzar el primer a\u00f1o de gobierno, comienza a tener consecuencias. A inicios del mes pasado advert\u00ed en un texto en este espacio sobre el riesgo de ingobernabilidad que corr\u00eda el pa\u00eds y su gesti\u00f3n cuando, de manera deliberada, la presidenta empuja el desgaste de los diques que le dej\u00f3 sembrados en el tablero pol\u00edtico Andr\u00e9s Manuel L\u00f3pez Obrador. \u00bfTiene calculado quedarse sola?<\/p>\n\n\n\n<p class=\"wp-block-paragraph\">&#8220;Ricardo Monreal, Ad\u00e1n Augusto, Gerardo Fern\u00e1ndez Noro\u00f1a, Mario Delgado, Andy L\u00f3pez Beltr\u00e1n, Octavio Oropeza, Raquel Buenrostro, Rub\u00e9n Rocha Moya y otros personajes de segundo nivel -todav\u00eda- representan los diques y contrapesos colocados por AMLO. Su desgaste, en buena medida consecuencia de su propia ineptitud y petulancia, ha sido tambi\u00e9n alentado por un grupo de propagandistas disfrazados de periodistas cercanos a Palacio Nacional&#8221;, escrib\u00ed en aquella ocasi\u00f3n.<\/p>\n\n\n\n<p class=\"wp-block-paragraph\">El crimen organizado le dicta la agenda a la presidenta. El asesinato del alcalde de Uruapan exhibe la ineficacia de su administraci\u00f3n y con su respuesta, Sheinbaum perdi\u00f3 una vez m\u00e1s la oportunidad de configurarse como estadista y qued\u00f3 reducida a una militante ideol\u00f3gica.<\/p>\n\n\n\n<p class=\"wp-block-paragraph\">El riesgo de una mandataria que concibe el poder como patrimonio exclusivo se traduce en ingobernabilidad. La violencia, en este contexto, no es un desaf\u00edo externo, sino la manifestaci\u00f3n de una fractura dentro del propio sistema de poder. A estas alturas, lo que est\u00e1 en disputa no es un municipio ni una regi\u00f3n, sino la idea misma de autoridad: qui\u00e9n puede mandar y qui\u00e9n est\u00e1 dispuesto a obedecer.<\/p>\n\n\n\n<p class=\"wp-block-paragraph\">Sheinbaum gobierna sobre un tablero donde la lealtad vale m\u00e1s que la ley y donde las estructuras formales del Estado han sido colonizadas por intereses paralelos. Los pactos con el crimen organizado no se heredan, dir\u00eda Porfirio Mu\u00f1oz Ledo. \u00bfA qui\u00e9n les son fieles los beneficiarios del asesinato del alcalde? En ese contexto, pareciera que su intento de imponer disciplina enfrenta la resistencia de quienes prosperan en el desorden. El crimen de Manzo simboliza la reacci\u00f3n de esos poderes subterr\u00e1neos ante la amenaza de ser desplazados.<\/p>\n\n\n\n<p class=\"wp-block-paragraph\">El desaf\u00edo que enfrenta la presidenta va m\u00e1s all\u00e1 de castigar a los culpables: implica restaurar el principio de autoridad que hace posible el gobierno. Si no logra reconstituir la cadena de mando su sexenio podr\u00eda quedar marcado muy temprano y comprometer su imagen y &#8220;liderazgo&#8221;. Nada se resolver\u00e1 con un discurso polarizante y reduccionista que atribuya toda responsabilidad a la derecha o al pasado.<\/p>\n","protected":false},"excerpt":{"rendered":"<p>El crimen del alcalde podr\u00eda simbolizar la reacci\u00f3n de esos poderes subterr\u00e1neos que se resisten&#8230;<\/p>\n","protected":false},"author":66,"featured_media":6958,"comment_status":"closed","ping_status":"closed","sticky":false,"template":"","format":"standard","meta":{"footnotes":""},"categories":[7],"tags":[1557],"class_list":["post-6957","post","type-post","status-publish","format-standard","has-post-thumbnail","hentry","category-lo-mas-relevante","tag-los-pactos-con-el-crimen-organizado-no-se-heredan"],"yoast_head":"<!-- This site is optimized with the Yoast SEO plugin v28.4 - https:\/\/yoast.com\/product\/yoast-seo-wordpress\/ -->\n<title>Los beneficiarios del asesinato de Carlos Manzo -<\/title>\n<meta name=\"description\" content=\"Claudia Sheinbuam tiene raz\u00f3n cuando advierte que los buitres la rondan pero falla en su diagn\u00f3stico cuando acusa a la derecha. Sus malquerientes est\u00e1n m\u00e1s cerca de lo que informa y ella lo sabe.\" \/>\n<meta name=\"robots\" content=\"index, follow, max-snippet:-1, max-image-preview:large, max-video-preview:-1\" \/>\n<link rel=\"canonical\" href=\"https:\/\/arjenoticias.com.mx\/?p=6957\" \/>\n<meta property=\"og:locale\" content=\"es_MX\" \/>\n<meta property=\"og:type\" content=\"article\" \/>\n<meta property=\"og:title\" content=\"Los beneficiarios del asesinato de Carlos Manzo -\" \/>\n<meta property=\"og:description\" content=\"Claudia Sheinbuam tiene raz\u00f3n cuando advierte que los buitres la rondan pero falla en su diagn\u00f3stico cuando acusa a la derecha. Sus malquerientes est\u00e1n m\u00e1s cerca de lo que informa y ella lo sabe.\" \/>\n<meta property=\"og:url\" content=\"https:\/\/arjenoticias.com.mx\/?p=6957\" \/>\n<meta property=\"article:published_time\" content=\"2025-11-06T00:20:31+00:00\" \/>\n<meta name=\"author\" content=\"Arj\u00e9 Noticias\" \/>\n<meta name=\"twitter:card\" content=\"summary_large_image\" \/>\n<meta name=\"twitter:label1\" content=\"Escrito por\" \/>\n\t<meta name=\"twitter:data1\" content=\"Arj\u00e9 Noticias\" \/>\n\t<meta name=\"twitter:label2\" content=\"Tiempo de lectura\" \/>\n\t<meta name=\"twitter:data2\" content=\"3 minutos\" \/>\n<script type=\"application\/ld+json\" class=\"yoast-schema-graph\">{\"@context\":\"https:\\\/\\\/schema.org\",\"@graph\":[{\"@type\":\"Article\",\"@id\":\"https:\\\/\\\/arjenoticias.com.mx\\\/?p=6957#article\",\"isPartOf\":{\"@id\":\"https:\\\/\\\/arjenoticias.com.mx\\\/?p=6957\"},\"author\":{\"name\":\"Arj\u00e9 Noticias\",\"@id\":\"https:\\\/\\\/arjenoticias.com.mx\\\/#\\\/schema\\\/person\\\/83f9fb68162b16794b69a8186dd31bc0\"},\"headline\":\"Los beneficiarios del asesinato de Carlos Manzo\",\"datePublished\":\"2025-11-06T00:20:31+00:00\",\"mainEntityOfPage\":{\"@id\":\"https:\\\/\\\/arjenoticias.com.mx\\\/?p=6957\"},\"wordCount\":657,\"publisher\":{\"@id\":\"https:\\\/\\\/arjenoticias.com.mx\\\/#organization\"},\"image\":{\"@id\":\"https:\\\/\\\/arjenoticias.com.mx\\\/?p=6957#primaryimage\"},\"thumbnailUrl\":\"\",\"keywords\":[\"Los pactos con el crimen organizado no se heredan\"],\"articleSection\":[\"Lo m\u00e1s relevante\"],\"inLanguage\":\"es\"},{\"@type\":\"WebPage\",\"@id\":\"https:\\\/\\\/arjenoticias.com.mx\\\/?p=6957\",\"url\":\"https:\\\/\\\/arjenoticias.com.mx\\\/?p=6957\",\"name\":\"Los beneficiarios del asesinato de Carlos Manzo -\",\"isPartOf\":{\"@id\":\"https:\\\/\\\/arjenoticias.com.mx\\\/#website\"},\"primaryImageOfPage\":{\"@id\":\"https:\\\/\\\/arjenoticias.com.mx\\\/?p=6957#primaryimage\"},\"image\":{\"@id\":\"https:\\\/\\\/arjenoticias.com.mx\\\/?p=6957#primaryimage\"},\"thumbnailUrl\":\"\",\"datePublished\":\"2025-11-06T00:20:31+00:00\",\"description\":\"Claudia Sheinbuam tiene raz\u00f3n cuando advierte que los buitres la rondan pero falla en su diagn\u00f3stico cuando acusa a la derecha. Sus malquerientes est\u00e1n m\u00e1s cerca de lo que informa y ella lo sabe.\",\"breadcrumb\":{\"@id\":\"https:\\\/\\\/arjenoticias.com.mx\\\/?p=6957#breadcrumb\"},\"inLanguage\":\"es\",\"potentialAction\":[{\"@type\":\"ReadAction\",\"target\":[\"https:\\\/\\\/arjenoticias.com.mx\\\/?p=6957\"]}]},{\"@type\":\"ImageObject\",\"inLanguage\":\"es\",\"@id\":\"https:\\\/\\\/arjenoticias.com.mx\\\/?p=6957#primaryimage\",\"url\":\"\",\"contentUrl\":\"\"},{\"@type\":\"BreadcrumbList\",\"@id\":\"https:\\\/\\\/arjenoticias.com.mx\\\/?p=6957#breadcrumb\",\"itemListElement\":[{\"@type\":\"ListItem\",\"position\":1,\"name\":\"Inicio\",\"item\":\"https:\\\/\\\/arjenoticias.com.mx\\\/\"},{\"@type\":\"ListItem\",\"position\":2,\"name\":\"Los beneficiarios del asesinato de Carlos Manzo\"}]},{\"@type\":\"WebSite\",\"@id\":\"https:\\\/\\\/arjenoticias.com.mx\\\/#website\",\"url\":\"https:\\\/\\\/arjenoticias.com.mx\\\/\",\"name\":\"arjenoticias.com.mx\",\"description\":\"\",\"publisher\":{\"@id\":\"https:\\\/\\\/arjenoticias.com.mx\\\/#organization\"},\"potentialAction\":[{\"@type\":\"SearchAction\",\"target\":{\"@type\":\"EntryPoint\",\"urlTemplate\":\"https:\\\/\\\/arjenoticias.com.mx\\\/?s={search_term_string}\"},\"query-input\":{\"@type\":\"PropertyValueSpecification\",\"valueRequired\":true,\"valueName\":\"search_term_string\"}}],\"inLanguage\":\"es\"},{\"@type\":\"Organization\",\"@id\":\"https:\\\/\\\/arjenoticias.com.mx\\\/#organization\",\"name\":\"Arj\u00e9 de M\u00e9xico Noticias\",\"url\":\"https:\\\/\\\/arjenoticias.com.mx\\\/\",\"logo\":{\"@type\":\"ImageObject\",\"inLanguage\":\"es\",\"@id\":\"https:\\\/\\\/arjenoticias.com.mx\\\/#\\\/schema\\\/logo\\\/image\\\/\",\"url\":\"https:\\\/\\\/arjenoticias.com.mx\\\/wp-content\\\/uploads\\\/2025\\\/07\\\/cropped-logo-scaled-1.png\",\"contentUrl\":\"https:\\\/\\\/arjenoticias.com.mx\\\/wp-content\\\/uploads\\\/2025\\\/07\\\/cropped-logo-scaled-1.png\",\"width\":2558,\"height\":558,\"caption\":\"Arj\u00e9 de M\u00e9xico Noticias\"},\"image\":{\"@id\":\"https:\\\/\\\/arjenoticias.com.mx\\\/#\\\/schema\\\/logo\\\/image\\\/\"}},{\"@type\":\"Person\",\"@id\":\"https:\\\/\\\/arjenoticias.com.mx\\\/#\\\/schema\\\/person\\\/83f9fb68162b16794b69a8186dd31bc0\",\"name\":\"Arj\u00e9 Noticias\",\"image\":{\"@type\":\"ImageObject\",\"inLanguage\":\"es\",\"@id\":\"https:\\\/\\\/secure.gravatar.com\\\/avatar\\\/f604b88a0e24c04f3f89fae6b5400bfd6093d0999292a64803d3651d9d4a35a5?s=96&d=mm&r=g\",\"url\":\"https:\\\/\\\/secure.gravatar.com\\\/avatar\\\/f604b88a0e24c04f3f89fae6b5400bfd6093d0999292a64803d3651d9d4a35a5?s=96&d=mm&r=g\",\"contentUrl\":\"https:\\\/\\\/secure.gravatar.com\\\/avatar\\\/f604b88a0e24c04f3f89fae6b5400bfd6093d0999292a64803d3651d9d4a35a5?s=96&d=mm&r=g\",\"caption\":\"Arj\u00e9 Noticias\"},\"url\":\"https:\\\/\\\/arjenoticias.com.mx\\\/?author=66\"}]}<\/script>\n<!-- \/ Yoast SEO plugin. -->","yoast_head_json":{"title":"Los beneficiarios del asesinato de Carlos Manzo -","description":"Claudia Sheinbuam tiene raz\u00f3n cuando advierte que los buitres la rondan pero falla en su diagn\u00f3stico cuando acusa a la derecha. Sus malquerientes est\u00e1n m\u00e1s cerca de lo que informa y ella lo sabe.","robots":{"index":"index","follow":"follow","max-snippet":"max-snippet:-1","max-image-preview":"max-image-preview:large","max-video-preview":"max-video-preview:-1"},"canonical":"https:\/\/arjenoticias.com.mx\/?p=6957","og_locale":"es_MX","og_type":"article","og_title":"Los beneficiarios del asesinato de Carlos Manzo -","og_description":"Claudia Sheinbuam tiene raz\u00f3n cuando advierte que los buitres la rondan pero falla en su diagn\u00f3stico cuando acusa a la derecha. Sus malquerientes est\u00e1n m\u00e1s cerca de lo que informa y ella lo sabe.","og_url":"https:\/\/arjenoticias.com.mx\/?p=6957","article_published_time":"2025-11-06T00:20:31+00:00","author":"Arj\u00e9 Noticias","twitter_card":"summary_large_image","twitter_misc":{"Escrito por":"Arj\u00e9 Noticias","Tiempo de lectura":"3 minutos"},"schema":{"@context":"https:\/\/schema.org","@graph":[{"@type":"Article","@id":"https:\/\/arjenoticias.com.mx\/?p=6957#article","isPartOf":{"@id":"https:\/\/arjenoticias.com.mx\/?p=6957"},"author":{"name":"Arj\u00e9 Noticias","@id":"https:\/\/arjenoticias.com.mx\/#\/schema\/person\/83f9fb68162b16794b69a8186dd31bc0"},"headline":"Los beneficiarios del asesinato de Carlos Manzo","datePublished":"2025-11-06T00:20:31+00:00","mainEntityOfPage":{"@id":"https:\/\/arjenoticias.com.mx\/?p=6957"},"wordCount":657,"publisher":{"@id":"https:\/\/arjenoticias.com.mx\/#organization"},"image":{"@id":"https:\/\/arjenoticias.com.mx\/?p=6957#primaryimage"},"thumbnailUrl":"","keywords":["Los pactos con el crimen organizado no se heredan"],"articleSection":["Lo m\u00e1s relevante"],"inLanguage":"es"},{"@type":"WebPage","@id":"https:\/\/arjenoticias.com.mx\/?p=6957","url":"https:\/\/arjenoticias.com.mx\/?p=6957","name":"Los beneficiarios del asesinato de Carlos Manzo -","isPartOf":{"@id":"https:\/\/arjenoticias.com.mx\/#website"},"primaryImageOfPage":{"@id":"https:\/\/arjenoticias.com.mx\/?p=6957#primaryimage"},"image":{"@id":"https:\/\/arjenoticias.com.mx\/?p=6957#primaryimage"},"thumbnailUrl":"","datePublished":"2025-11-06T00:20:31+00:00","description":"Claudia Sheinbuam tiene raz\u00f3n cuando advierte que los buitres la rondan pero falla en su diagn\u00f3stico cuando acusa a la derecha. Sus malquerientes est\u00e1n m\u00e1s cerca de lo que informa y ella lo sabe.","breadcrumb":{"@id":"https:\/\/arjenoticias.com.mx\/?p=6957#breadcrumb"},"inLanguage":"es","potentialAction":[{"@type":"ReadAction","target":["https:\/\/arjenoticias.com.mx\/?p=6957"]}]},{"@type":"ImageObject","inLanguage":"es","@id":"https:\/\/arjenoticias.com.mx\/?p=6957#primaryimage","url":"","contentUrl":""},{"@type":"BreadcrumbList","@id":"https:\/\/arjenoticias.com.mx\/?p=6957#breadcrumb","itemListElement":[{"@type":"ListItem","position":1,"name":"Inicio","item":"https:\/\/arjenoticias.com.mx\/"},{"@type":"ListItem","position":2,"name":"Los beneficiarios del asesinato de Carlos Manzo"}]},{"@type":"WebSite","@id":"https:\/\/arjenoticias.com.mx\/#website","url":"https:\/\/arjenoticias.com.mx\/","name":"arjenoticias.com.mx","description":"","publisher":{"@id":"https:\/\/arjenoticias.com.mx\/#organization"},"potentialAction":[{"@type":"SearchAction","target":{"@type":"EntryPoint","urlTemplate":"https:\/\/arjenoticias.com.mx\/?s={search_term_string}"},"query-input":{"@type":"PropertyValueSpecification","valueRequired":true,"valueName":"search_term_string"}}],"inLanguage":"es"},{"@type":"Organization","@id":"https:\/\/arjenoticias.com.mx\/#organization","name":"Arj\u00e9 de M\u00e9xico Noticias","url":"https:\/\/arjenoticias.com.mx\/","logo":{"@type":"ImageObject","inLanguage":"es","@id":"https:\/\/arjenoticias.com.mx\/#\/schema\/logo\/image\/","url":"https:\/\/arjenoticias.com.mx\/wp-content\/uploads\/2025\/07\/cropped-logo-scaled-1.png","contentUrl":"https:\/\/arjenoticias.com.mx\/wp-content\/uploads\/2025\/07\/cropped-logo-scaled-1.png","width":2558,"height":558,"caption":"Arj\u00e9 de M\u00e9xico Noticias"},"image":{"@id":"https:\/\/arjenoticias.com.mx\/#\/schema\/logo\/image\/"}},{"@type":"Person","@id":"https:\/\/arjenoticias.com.mx\/#\/schema\/person\/83f9fb68162b16794b69a8186dd31bc0","name":"Arj\u00e9 Noticias","image":{"@type":"ImageObject","inLanguage":"es","@id":"https:\/\/secure.gravatar.com\/avatar\/f604b88a0e24c04f3f89fae6b5400bfd6093d0999292a64803d3651d9d4a35a5?s=96&d=mm&r=g","url":"https:\/\/secure.gravatar.com\/avatar\/f604b88a0e24c04f3f89fae6b5400bfd6093d0999292a64803d3651d9d4a35a5?s=96&d=mm&r=g","contentUrl":"https:\/\/secure.gravatar.com\/avatar\/f604b88a0e24c04f3f89fae6b5400bfd6093d0999292a64803d3651d9d4a35a5?s=96&d=mm&r=g","caption":"Arj\u00e9 Noticias"},"url":"https:\/\/arjenoticias.com.mx\/?author=66"}]}},"_links":{"self":[{"href":"https:\/\/arjenoticias.com.mx\/index.php?rest_route=\/wp\/v2\/posts\/6957","targetHints":{"allow":["GET"]}}],"collection":[{"href":"https:\/\/arjenoticias.com.mx\/index.php?rest_route=\/wp\/v2\/posts"}],"about":[{"href":"https:\/\/arjenoticias.com.mx\/index.php?rest_route=\/wp\/v2\/types\/post"}],"author":[{"embeddable":true,"href":"https:\/\/arjenoticias.com.mx\/index.php?rest_route=\/wp\/v2\/users\/66"}],"replies":[{"embeddable":true,"href":"https:\/\/arjenoticias.com.mx\/index.php?rest_route=%2Fwp%2Fv2%2Fcomments&post=6957"}],"version-history":[{"count":0,"href":"https:\/\/arjenoticias.com.mx\/index.php?rest_route=\/wp\/v2\/posts\/6957\/revisions"}],"wp:attachment":[{"href":"https:\/\/arjenoticias.com.mx\/index.php?rest_route=%2Fwp%2Fv2%2Fmedia&parent=6957"}],"wp:term":[{"taxonomy":"category","embeddable":true,"href":"https:\/\/arjenoticias.com.mx\/index.php?rest_route=%2Fwp%2Fv2%2Fcategories&post=6957"},{"taxonomy":"post_tag","embeddable":true,"href":"https:\/\/arjenoticias.com.mx\/index.php?rest_route=%2Fwp%2Fv2%2Ftags&post=6957"}],"curies":[{"name":"wp","href":"https:\/\/api.w.org\/{rel}","templated":true}]}}