{"id":6883,"date":"2025-11-03T15:53:44","date_gmt":"2025-11-03T21:53:44","guid":{"rendered":"https:\/\/arjenoticias.com\/?p=6883"},"modified":"2025-11-03T15:53:45","modified_gmt":"2025-11-03T21:53:45","slug":"cuando-quieren-matar-matan-el-problema-es-otro","status":"publish","type":"post","link":"https:\/\/arjenoticias.com.mx\/opinion\/cuando-quieren-matar-matan-el-problema-es-otro\/","title":{"rendered":"Cuando quieren matar, matan, el problema es otro"},"content":{"rendered":"\n<p class=\"wp-block-paragraph\">El 21 de agosto de 1983, en el aeropuerto de Manila, quien acaba de llegar en un vuelo anunciado, asesinaron al senador Benigno Aquino (con apodo de Ninoy) cuando estaba con enorme despliegue de protecci\u00f3n oficial. Aquino llevaba puesto su chaleco antibalas, y le pegaron un tiro en la cabeza, bajando una escalera, que penetr\u00f3 por la nuca y sali\u00f3 por la barbilla. Nunca y tras investigaciones y estudios en tribunales, se aclar\u00f3 realmente este asesinato pol\u00edtico. Que todo indicaba hab\u00eda sido planeado y ejecutado por el gobierno del dictador Ferdinand Marcos. Asesinaron tambi\u00e9n a un acompa\u00f1ante, Rolando Galman, y para despistar lo acusaron absurdamente de ser el asesino, cuando testigos aseguraron lo contrario.<\/p>\n\n\n\n<p class=\"wp-block-paragraph\">Y as\u00ed asesinaron a Carlos Manzo (\u201cel hombre del sombrero\u201d) en Uruapan, que aunque no tra\u00eda chaleco antibalas como s\u00ed Aquino, los disparos a corta distancia pudieron haber sido hechos a la cabeza. La imagen de Manzo en el piso herido (falleci\u00f3 despu\u00e9s) muestran una mano que se\u00f1ala los disparos en un peque\u00f1o espacio en medio de la espalda. Y tambi\u00e9n \u00e9l estaba bajo presencia y protecci\u00f3n oficiales. \u00bfA qu\u00e9 voy? A que si quieren matar a alguien, sobre todo con maquinaciones asesinas de gobiernos y sus c\u00f3mplices, lo har\u00e1n.<\/p>\n\n\n\n<p class=\"wp-block-paragraph\">En el mundo y en M\u00e9xico en particular, muchos pol\u00edticos en funciones o en campa\u00f1a, o hasta ya retirados han sido asesinados. A Indira Gandhi la asesin\u00f3 uno de sus custodios. Mo\u1e25amed Anwar al Sadat fue asesinado por un militar en pleno desfile. El asesinato de Luis Donaldo Colosio dej\u00f3 grandes huecos en las investigaciones, que s\u00f3lo terminaron con un encarcelado y nada m\u00e1s. Y hab\u00eda la razonable sospecha de que el partido en el poder estaba involucrado, igual sospecha que en el crimen de Carlos Manzo, por colusi\u00f3n entre Morena y la tal delincuencia organizada.<\/p>\n\n\n\n<p class=\"wp-block-paragraph\">Ya el gobierno federal, como en otros casos, ofreci\u00f3 investigaci\u00f3n del homicidio de Manzo, y castigo a los responsables, los \u201cactores intelectuales\u201d claro, el asesino material est\u00e1 muerto, y as\u00ed ya no puede hablar de qui\u00e9nes lo enviaron. \u00bfQu\u00e9 va a pasar? probablemente cierto tiempo, y nada o casi nada m\u00e1s, para variar; los ciudadanos tenemos esas experiencias. Carlos Manzo era un hombre muy valiente que hablaba claro, muy claro y eso era muy molesto, que quieran o no el gobierno estatal y el federal, adem\u00e1s de los c\u00e1rteles delincuenciales. No era realmente una amenaza, sino una voz, un liderazgo moral que dec\u00eda verdades gravemente inc\u00f3modas. Su asesinato puede servir para atemorizar otras voces semejantes.<\/p>\n\n\n\n<p class=\"wp-block-paragraph\">Lo que Carlos Manzo ped\u00eda y volv\u00eda a pedir no era su protecci\u00f3n personal, sab\u00eda que si deseaban asesinarlo lo har\u00edan, lo que ped\u00eda era protecci\u00f3n para el pueblo, desprotegido ante la inacci\u00f3n efectiva de los gobiernos, en especial el federal. El gobierno pasado de L\u00f3pez Obrador y el sucesorio suyo de Sheinbaum han hecho lo mismo, que es cruzarse de brazos ante los sicariatos de la delincuencia organizada de los grandes c\u00e1rteles (esos que antes eran de la droga y son ahora del crimen en muchos frentes).<\/p>\n\n\n\n<p class=\"wp-block-paragraph\">La pol\u00edtica reiterada y mantenida por Sheinbaum de \u201cabrazos, no balazos\u201d mantiene a las fuerzas armadas federales inactivas, para el pesar de los propios militares y marinos frustrados, porque muchas veces hasta les proh\u00edben defenderse. El pueblo mexicano est\u00e1 indefenso ante las bandas de sicarios que los atacan, los matan, hieren, desaparecen, se adue\u00f1an de sus tierras, los someten, los roban y extorsionan ante la inacci\u00f3n oficial ordenada desde la presidencia de la Rep\u00fablica y el nulo apoyo a polic\u00edas locales.<\/p>\n\n\n\n<p class=\"wp-block-paragraph\">Hay algo muy importante, y es que por m\u00e1s gente que recluten los capos y sus operadores, compren m\u00e1s armas y equipos, el Ej\u00e9rcito los supera enormemente. No es que como elucubran algunos desinformados, los narcos est\u00e1n mejor armados, No. Nuestro Ej\u00e9rcito (as\u00ed lo pongo con may\u00fascula) tiene tropas entrenadas, equipadas, armadas y con todo el parque necesario para las mismas.<\/p>\n\n\n\n<p class=\"wp-block-paragraph\">Tiene veh\u00edculos artillados, muchos blindados (y no \u201cartesanales\u201d), ca\u00f1ones, morteros, helic\u00f3pteros artillados y aviones de combate. Y en especial estrategia, disciplina, organizaci\u00f3n, inteligencia militar, sat\u00e9lites, sistemas de comunicaci\u00f3n, etc. Es den ir que tiene junto con la Marina todo lo necesario para localizar, destruir y acabar con las fuerzas armadas de la delincuencia y sus instalaciones. Y los militares y marinos lo saben, y est\u00e1n muchos frustrados porque no los dejan hacer su tarea de proteger a la poblaci\u00f3n.<\/p>\n\n\n\n<p class=\"wp-block-paragraph\">No. Carlos Manzo no ped\u00eda protecci\u00f3n personal, aunque eso era importante por su funci\u00f3n de alcalde y su gran liderazgo, lo que ped\u00eda no era s\u00f3lo presencia militar y de Guardia Nacional \u00a1ped\u00eda acci\u00f3n protectora! Militares y guardias estacionados sin que se les ordene (o al menos permita) defender al pueblo no son la respuesta. La acci\u00f3n es el combate. En ciertos casos su presencia ha sido y puede ser inhibidora de acci\u00f3n criminal, aunque no siempre es as\u00ed, ejemplo Culiac\u00e1n.<\/p>\n\n\n\n<p class=\"wp-block-paragraph\">Manzo dijo que si lo desaparec\u00edan a \u00e9l, despertar\u00edan a un tigre, el pueblo enfurecido. Y as\u00ed ser\u00e1, pero ese furor se estrellar\u00e1, lo m\u00e1s probable como hasta ahora, en la reiterada inacci\u00f3n de un gobierno que dice que no reprime. No, no reprime a los delincuentes o alborotadores callejeros, pero tampoco a los criminales armados o los emisarios que cobran derecho de piso. Hasta ahora, en siete a\u00f1os de goabrazos, no balazos.<\/p>\n\n\n\n<p class=\"wp-block-paragraph\">Considero que hay un punto que se debe aclarar de este gobierno, y es la actividad contra la delincuencia de Omar Garc\u00eda Harfuch y su gente. Este se\u00f1or no tiene las armas para enfrentar a los sicarios. Sus acciones de localizaci\u00f3n de laboratorios y otras instalaciones de los criminales, los decomisos de drogas, armas y equipos y detenci\u00f3n de personas debilitan los negocios de los c\u00e1rteles, pero no a sus bandas de sicarios que los protegen y apoyan contra el pueblo.<\/p>\n\n\n\n<p class=\"wp-block-paragraph\">M\u00e9xico tiene una amenaza de poder extranjero, el de Donald Trump que tantas advertencias ha hecho, de que o M\u00e9xico anula a los narcos o lo har\u00e1n ellos. Y no necesita enviar solados como advierte Sheinbaum de que habr\u00eda guerra (contra el m\u00e1s poderoso ej\u00e9rcito del mundo, s\u00ed c\u00f3mo no). Basta destruir laboratorios y m\u00e1s con misiles enviados desde su territorio, o desde aviones y barcos en aguas internacionales. Limpiar lo que los morenistas no hacen. \u00bfIlegal? lo ser\u00eda, pero acostumbrados por siglos a hacer lo que les pega la gana, bien podr\u00edan realizarlo en M\u00e9xico, que s\u00f3lo tendr\u00eda a su favor protestas diplom\u00e1ticas.<\/p>\n\n\n\n<p class=\"wp-block-paragraph\">, y s\u00f3lo se lograr\u00e1 si se ordena y permite a nuestras fuerzas armadas federales nulificarlo. Y que la muerte de Carlos Manzo y otros valientes no queden como historias de valor.biernos morenistas la delincuencia se apropia de regiones enteras con absoluta impunidad, por eso de los <\/p>\n\n\n\n<p class=\"wp-block-paragraph\"><\/p>\n","protected":false},"excerpt":{"rendered":"<p>El 21 de agosto de 1983, en el aeropuerto de Manila, quien acaba de llegar&#8230;<\/p>\n","protected":false},"author":2,"featured_media":6884,"comment_status":"closed","ping_status":"closed","sticky":false,"template":"","format":"standard","meta":{"footnotes":""},"categories":[59],"tags":[703,704,702],"class_list":["post-6883","post","type-post","status-publish","format-standard","has-post-thumbnail","hentry","category-opinion","tag-despertarian-a-un-tigre","tag-el-pueblo-enfurecido","tag-manzo-dijo-que-si-lo-desaparecian-a-el"],"yoast_head":"<!-- This site is optimized with the Yoast SEO plugin v28.4 - https:\/\/yoast.com\/product\/yoast-seo-wordpress\/ -->\n<title>Cuando quieren matar, matan, el problema es otro -<\/title>\n<meta name=\"description\" content=\"Manzo ped\u00eda protecci\u00f3n al pueblo no para el ,\" \/>\n<meta name=\"robots\" content=\"index, follow, max-snippet:-1, max-image-preview:large, max-video-preview:-1\" \/>\n<link rel=\"canonical\" href=\"https:\/\/arjenoticias.com.mx\/opinion\/cuando-quieren-matar-matan-el-problema-es-otro\/\" \/>\n<meta property=\"og:locale\" content=\"es_ES\" \/>\n<meta property=\"og:type\" content=\"article\" \/>\n<meta property=\"og:title\" content=\"Cuando quieren matar, matan, el problema es otro -\" \/>\n<meta property=\"og:description\" content=\"Manzo ped\u00eda protecci\u00f3n al pueblo no para el ,\" \/>\n<meta property=\"og:url\" content=\"https:\/\/arjenoticias.com.mx\/opinion\/cuando-quieren-matar-matan-el-problema-es-otro\/\" \/>\n<meta property=\"article:publisher\" content=\"https:\/\/www.facebook.com\/ArjeNoticiasMX\" \/>\n<meta property=\"article:published_time\" content=\"2025-11-03T21:53:44+00:00\" \/>\n<meta property=\"article:modified_time\" content=\"2025-11-03T21:53:45+00:00\" \/>\n<meta property=\"og:image\" content=\"https:\/\/arjenoticias.com.mx\/wp-content\/uploads\/2025\/11\/Salvador-Reding-Vidana-6.png\" \/>\n\t<meta property=\"og:image:width\" content=\"600\" \/>\n\t<meta property=\"og:image:height\" content=\"400\" \/>\n\t<meta property=\"og:image:type\" content=\"image\/png\" \/>\n<meta name=\"author\" content=\"Salvador I. Reding Vida\u00f1a\" \/>\n<meta name=\"twitter:card\" content=\"summary_large_image\" \/>\n<meta name=\"twitter:creator\" content=\"@ArjeNoticias\" \/>\n<meta name=\"twitter:site\" content=\"@ArjeNoticias\" \/>\n<meta name=\"twitter:label1\" content=\"Escrito por\" \/>\n\t<meta name=\"twitter:data1\" content=\"Salvador I. Reding Vida\u00f1a\" \/>\n\t<meta name=\"twitter:label2\" content=\"Tiempo de lectura\" \/>\n\t<meta name=\"twitter:data2\" content=\"6 minutos\" \/>\n<script type=\"application\/ld+json\" class=\"yoast-schema-graph\">{\"@context\":\"https:\\\/\\\/schema.org\",\"@graph\":[{\"@type\":\"Article\",\"@id\":\"https:\\\/\\\/arjenoticias.com.mx\\\/opinion\\\/cuando-quieren-matar-matan-el-problema-es-otro\\\/#article\",\"isPartOf\":{\"@id\":\"https:\\\/\\\/arjenoticias.com.mx\\\/opinion\\\/cuando-quieren-matar-matan-el-problema-es-otro\\\/\"},\"author\":{\"name\":\"Salvador I. Reding Vida\u00f1a\",\"@id\":\"https:\\\/\\\/arjenoticias.com.mx\\\/#\\\/schema\\\/person\\\/1d69db6d2ea69ca50a1257f712c9fe3c\"},\"headline\":\"Cuando quieren matar, matan, el problema es otro\",\"datePublished\":\"2025-11-03T21:53:44+00:00\",\"dateModified\":\"2025-11-03T21:53:45+00:00\",\"mainEntityOfPage\":{\"@id\":\"https:\\\/\\\/arjenoticias.com.mx\\\/opinion\\\/cuando-quieren-matar-matan-el-problema-es-otro\\\/\"},\"wordCount\":1209,\"publisher\":{\"@id\":\"https:\\\/\\\/arjenoticias.com.mx\\\/#organization\"},\"image\":{\"@id\":\"https:\\\/\\\/arjenoticias.com.mx\\\/opinion\\\/cuando-quieren-matar-matan-el-problema-es-otro\\\/#primaryimage\"},\"thumbnailUrl\":\"https:\\\/\\\/arjenoticias.com.mx\\\/wp-content\\\/uploads\\\/2025\\\/11\\\/Salvador-Reding-Vidana-6.png\",\"keywords\":[\"despertar\u00edan a un tigre\",\"el pueblo enfurecido.\",\"Manzo dijo que si lo desaparec\u00edan a \u00e9l\"],\"articleSection\":[\"Opini\u00f3n\"],\"inLanguage\":\"es\"},{\"@type\":\"WebPage\",\"@id\":\"https:\\\/\\\/arjenoticias.com.mx\\\/opinion\\\/cuando-quieren-matar-matan-el-problema-es-otro\\\/\",\"url\":\"https:\\\/\\\/arjenoticias.com.mx\\\/opinion\\\/cuando-quieren-matar-matan-el-problema-es-otro\\\/\",\"name\":\"Cuando quieren matar, matan, el problema es otro -\",\"isPartOf\":{\"@id\":\"https:\\\/\\\/arjenoticias.com.mx\\\/#website\"},\"primaryImageOfPage\":{\"@id\":\"https:\\\/\\\/arjenoticias.com.mx\\\/opinion\\\/cuando-quieren-matar-matan-el-problema-es-otro\\\/#primaryimage\"},\"image\":{\"@id\":\"https:\\\/\\\/arjenoticias.com.mx\\\/opinion\\\/cuando-quieren-matar-matan-el-problema-es-otro\\\/#primaryimage\"},\"thumbnailUrl\":\"https:\\\/\\\/arjenoticias.com.mx\\\/wp-content\\\/uploads\\\/2025\\\/11\\\/Salvador-Reding-Vidana-6.png\",\"datePublished\":\"2025-11-03T21:53:44+00:00\",\"dateModified\":\"2025-11-03T21:53:45+00:00\",\"description\":\"Manzo ped\u00eda protecci\u00f3n al pueblo no para el ,\",\"breadcrumb\":{\"@id\":\"https:\\\/\\\/arjenoticias.com.mx\\\/opinion\\\/cuando-quieren-matar-matan-el-problema-es-otro\\\/#breadcrumb\"},\"inLanguage\":\"es\",\"potentialAction\":[{\"@type\":\"ReadAction\",\"target\":[\"https:\\\/\\\/arjenoticias.com.mx\\\/opinion\\\/cuando-quieren-matar-matan-el-problema-es-otro\\\/\"]}]},{\"@type\":\"ImageObject\",\"inLanguage\":\"es\",\"@id\":\"https:\\\/\\\/arjenoticias.com.mx\\\/opinion\\\/cuando-quieren-matar-matan-el-problema-es-otro\\\/#primaryimage\",\"url\":\"https:\\\/\\\/arjenoticias.com.mx\\\/wp-content\\\/uploads\\\/2025\\\/11\\\/Salvador-Reding-Vidana-6.png\",\"contentUrl\":\"https:\\\/\\\/arjenoticias.com.mx\\\/wp-content\\\/uploads\\\/2025\\\/11\\\/Salvador-Reding-Vidana-6.png\",\"width\":600,\"height\":400,\"caption\":\"Carlos Manzo no ped\u00eda protecci\u00f3n personal, aunque eso era importante por su funci\u00f3n de alcalde y su gran liderazgo, lo que ped\u00eda no era s\u00f3lo presencia militar y de Guardia Nacional \u00a1ped\u00eda acci\u00f3n protectora! Militares y guardias estacionados sin que se les ordene (o al menos permita) defender al pueblo no son la respuesta.\"},{\"@type\":\"BreadcrumbList\",\"@id\":\"https:\\\/\\\/arjenoticias.com.mx\\\/opinion\\\/cuando-quieren-matar-matan-el-problema-es-otro\\\/#breadcrumb\",\"itemListElement\":[{\"@type\":\"ListItem\",\"position\":1,\"name\":\"Portada\",\"item\":\"https:\\\/\\\/arjenoticias.com.mx\\\/\"},{\"@type\":\"ListItem\",\"position\":2,\"name\":\"Cuando quieren matar, matan, el problema es otro\"}]},{\"@type\":\"WebSite\",\"@id\":\"https:\\\/\\\/arjenoticias.com.mx\\\/#website\",\"url\":\"https:\\\/\\\/arjenoticias.com.mx\\\/\",\"name\":\"Arj\u00e9 M\u00e9xico\",\"description\":\"\",\"publisher\":{\"@id\":\"https:\\\/\\\/arjenoticias.com.mx\\\/#organization\"},\"potentialAction\":[{\"@type\":\"SearchAction\",\"target\":{\"@type\":\"EntryPoint\",\"urlTemplate\":\"https:\\\/\\\/arjenoticias.com.mx\\\/?s={search_term_string}\"},\"query-input\":{\"@type\":\"PropertyValueSpecification\",\"valueRequired\":true,\"valueName\":\"search_term_string\"}}],\"inLanguage\":\"es\"},{\"@type\":\"Organization\",\"@id\":\"https:\\\/\\\/arjenoticias.com.mx\\\/#organization\",\"name\":\"Arj\u00e9 M\u00e9xico\",\"url\":\"https:\\\/\\\/arjenoticias.com.mx\\\/\",\"logo\":{\"@type\":\"ImageObject\",\"inLanguage\":\"es\",\"@id\":\"https:\\\/\\\/arjenoticias.com.mx\\\/#\\\/schema\\\/logo\\\/image\\\/\",\"url\":\"https:\\\/\\\/arjenoticias.com\\\/wp-content\\\/uploads\\\/2026\\\/04\\\/cropped-cropped-logo-inverted-1-scaled-1.png\",\"contentUrl\":\"https:\\\/\\\/arjenoticias.com\\\/wp-content\\\/uploads\\\/2026\\\/04\\\/cropped-cropped-logo-inverted-1-scaled-1.png\",\"width\":2556,\"height\":549,\"caption\":\"Arj\u00e9 M\u00e9xico\"},\"image\":{\"@id\":\"https:\\\/\\\/arjenoticias.com.mx\\\/#\\\/schema\\\/logo\\\/image\\\/\"},\"sameAs\":[\"https:\\\/\\\/www.facebook.com\\\/ArjeNoticiasMX\",\"https:\\\/\\\/x.com\\\/ArjeNoticias\"]},{\"@type\":\"Person\",\"@id\":\"https:\\\/\\\/arjenoticias.com.mx\\\/#\\\/schema\\\/person\\\/1d69db6d2ea69ca50a1257f712c9fe3c\",\"name\":\"Salvador I. Reding Vida\u00f1a\",\"image\":{\"@type\":\"ImageObject\",\"inLanguage\":\"es\",\"@id\":\"https:\\\/\\\/arjenoticias.com\\\/wp-content\\\/uploads\\\/2026\\\/04\\\/SALVADOR-REDING--96x96.png\",\"url\":\"https:\\\/\\\/arjenoticias.com\\\/wp-content\\\/uploads\\\/2026\\\/04\\\/SALVADOR-REDING--96x96.png\",\"contentUrl\":\"https:\\\/\\\/arjenoticias.com\\\/wp-content\\\/uploads\\\/2026\\\/04\\\/SALVADOR-REDING--96x96.png\",\"caption\":\"Salvador I. Reding Vida\u00f1a\"},\"description\":\"Doctor en Econom\u00eda, editorialista regiomontano y militante activo del PAN.\",\"url\":\"https:\\\/\\\/arjenoticias.com.mx\\\/author\\\/salvador-i-reding-vidana\\\/\"}]}<\/script>\n<!-- \/ Yoast SEO plugin. -->","yoast_head_json":{"title":"Cuando quieren matar, matan, el problema es otro -","description":"Manzo ped\u00eda protecci\u00f3n al pueblo no para el ,","robots":{"index":"index","follow":"follow","max-snippet":"max-snippet:-1","max-image-preview":"max-image-preview:large","max-video-preview":"max-video-preview:-1"},"canonical":"https:\/\/arjenoticias.com.mx\/opinion\/cuando-quieren-matar-matan-el-problema-es-otro\/","og_locale":"es_ES","og_type":"article","og_title":"Cuando quieren matar, matan, el problema es otro -","og_description":"Manzo ped\u00eda protecci\u00f3n al pueblo no para el ,","og_url":"https:\/\/arjenoticias.com.mx\/opinion\/cuando-quieren-matar-matan-el-problema-es-otro\/","article_publisher":"https:\/\/www.facebook.com\/ArjeNoticiasMX","article_published_time":"2025-11-03T21:53:44+00:00","article_modified_time":"2025-11-03T21:53:45+00:00","og_image":[{"width":600,"height":400,"url":"https:\/\/arjenoticias.com.mx\/wp-content\/uploads\/2025\/11\/Salvador-Reding-Vidana-6.png","type":"image\/png"}],"author":"Salvador I. Reding Vida\u00f1a","twitter_card":"summary_large_image","twitter_creator":"@ArjeNoticias","twitter_site":"@ArjeNoticias","twitter_misc":{"Escrito por":"Salvador I. Reding Vida\u00f1a","Tiempo de lectura":"6 minutos"},"schema":{"@context":"https:\/\/schema.org","@graph":[{"@type":"Article","@id":"https:\/\/arjenoticias.com.mx\/opinion\/cuando-quieren-matar-matan-el-problema-es-otro\/#article","isPartOf":{"@id":"https:\/\/arjenoticias.com.mx\/opinion\/cuando-quieren-matar-matan-el-problema-es-otro\/"},"author":{"name":"Salvador I. Reding Vida\u00f1a","@id":"https:\/\/arjenoticias.com.mx\/#\/schema\/person\/1d69db6d2ea69ca50a1257f712c9fe3c"},"headline":"Cuando quieren matar, matan, el problema es otro","datePublished":"2025-11-03T21:53:44+00:00","dateModified":"2025-11-03T21:53:45+00:00","mainEntityOfPage":{"@id":"https:\/\/arjenoticias.com.mx\/opinion\/cuando-quieren-matar-matan-el-problema-es-otro\/"},"wordCount":1209,"publisher":{"@id":"https:\/\/arjenoticias.com.mx\/#organization"},"image":{"@id":"https:\/\/arjenoticias.com.mx\/opinion\/cuando-quieren-matar-matan-el-problema-es-otro\/#primaryimage"},"thumbnailUrl":"https:\/\/arjenoticias.com.mx\/wp-content\/uploads\/2025\/11\/Salvador-Reding-Vidana-6.png","keywords":["despertar\u00edan a un tigre","el pueblo enfurecido.","Manzo dijo que si lo desaparec\u00edan a \u00e9l"],"articleSection":["Opini\u00f3n"],"inLanguage":"es"},{"@type":"WebPage","@id":"https:\/\/arjenoticias.com.mx\/opinion\/cuando-quieren-matar-matan-el-problema-es-otro\/","url":"https:\/\/arjenoticias.com.mx\/opinion\/cuando-quieren-matar-matan-el-problema-es-otro\/","name":"Cuando quieren matar, matan, el problema es otro -","isPartOf":{"@id":"https:\/\/arjenoticias.com.mx\/#website"},"primaryImageOfPage":{"@id":"https:\/\/arjenoticias.com.mx\/opinion\/cuando-quieren-matar-matan-el-problema-es-otro\/#primaryimage"},"image":{"@id":"https:\/\/arjenoticias.com.mx\/opinion\/cuando-quieren-matar-matan-el-problema-es-otro\/#primaryimage"},"thumbnailUrl":"https:\/\/arjenoticias.com.mx\/wp-content\/uploads\/2025\/11\/Salvador-Reding-Vidana-6.png","datePublished":"2025-11-03T21:53:44+00:00","dateModified":"2025-11-03T21:53:45+00:00","description":"Manzo ped\u00eda protecci\u00f3n al pueblo no para el ,","breadcrumb":{"@id":"https:\/\/arjenoticias.com.mx\/opinion\/cuando-quieren-matar-matan-el-problema-es-otro\/#breadcrumb"},"inLanguage":"es","potentialAction":[{"@type":"ReadAction","target":["https:\/\/arjenoticias.com.mx\/opinion\/cuando-quieren-matar-matan-el-problema-es-otro\/"]}]},{"@type":"ImageObject","inLanguage":"es","@id":"https:\/\/arjenoticias.com.mx\/opinion\/cuando-quieren-matar-matan-el-problema-es-otro\/#primaryimage","url":"https:\/\/arjenoticias.com.mx\/wp-content\/uploads\/2025\/11\/Salvador-Reding-Vidana-6.png","contentUrl":"https:\/\/arjenoticias.com.mx\/wp-content\/uploads\/2025\/11\/Salvador-Reding-Vidana-6.png","width":600,"height":400,"caption":"Carlos Manzo no ped\u00eda protecci\u00f3n personal, aunque eso era importante por su funci\u00f3n de alcalde y su gran liderazgo, lo que ped\u00eda no era s\u00f3lo presencia militar y de Guardia Nacional \u00a1ped\u00eda acci\u00f3n protectora! Militares y guardias estacionados sin que se les ordene (o al menos permita) defender al pueblo no son la respuesta."},{"@type":"BreadcrumbList","@id":"https:\/\/arjenoticias.com.mx\/opinion\/cuando-quieren-matar-matan-el-problema-es-otro\/#breadcrumb","itemListElement":[{"@type":"ListItem","position":1,"name":"Portada","item":"https:\/\/arjenoticias.com.mx\/"},{"@type":"ListItem","position":2,"name":"Cuando quieren matar, matan, el problema es otro"}]},{"@type":"WebSite","@id":"https:\/\/arjenoticias.com.mx\/#website","url":"https:\/\/arjenoticias.com.mx\/","name":"Arj\u00e9 M\u00e9xico","description":"","publisher":{"@id":"https:\/\/arjenoticias.com.mx\/#organization"},"potentialAction":[{"@type":"SearchAction","target":{"@type":"EntryPoint","urlTemplate":"https:\/\/arjenoticias.com.mx\/?s={search_term_string}"},"query-input":{"@type":"PropertyValueSpecification","valueRequired":true,"valueName":"search_term_string"}}],"inLanguage":"es"},{"@type":"Organization","@id":"https:\/\/arjenoticias.com.mx\/#organization","name":"Arj\u00e9 M\u00e9xico","url":"https:\/\/arjenoticias.com.mx\/","logo":{"@type":"ImageObject","inLanguage":"es","@id":"https:\/\/arjenoticias.com.mx\/#\/schema\/logo\/image\/","url":"https:\/\/arjenoticias.com\/wp-content\/uploads\/2026\/04\/cropped-cropped-logo-inverted-1-scaled-1.png","contentUrl":"https:\/\/arjenoticias.com\/wp-content\/uploads\/2026\/04\/cropped-cropped-logo-inverted-1-scaled-1.png","width":2556,"height":549,"caption":"Arj\u00e9 M\u00e9xico"},"image":{"@id":"https:\/\/arjenoticias.com.mx\/#\/schema\/logo\/image\/"},"sameAs":["https:\/\/www.facebook.com\/ArjeNoticiasMX","https:\/\/x.com\/ArjeNoticias"]},{"@type":"Person","@id":"https:\/\/arjenoticias.com.mx\/#\/schema\/person\/1d69db6d2ea69ca50a1257f712c9fe3c","name":"Salvador I. Reding Vida\u00f1a","image":{"@type":"ImageObject","inLanguage":"es","@id":"https:\/\/arjenoticias.com\/wp-content\/uploads\/2026\/04\/SALVADOR-REDING--96x96.png","url":"https:\/\/arjenoticias.com\/wp-content\/uploads\/2026\/04\/SALVADOR-REDING--96x96.png","contentUrl":"https:\/\/arjenoticias.com\/wp-content\/uploads\/2026\/04\/SALVADOR-REDING--96x96.png","caption":"Salvador I. Reding Vida\u00f1a"},"description":"Doctor en Econom\u00eda, editorialista regiomontano y militante activo del PAN.","url":"https:\/\/arjenoticias.com.mx\/author\/salvador-i-reding-vidana\/"}]}},"featured_image_urls":{"full":["https:\/\/arjenoticias.com.mx\/wp-content\/uploads\/2025\/11\/Salvador-Reding-Vidana-6.png",600,400,false],"thumbnail":["https:\/\/arjenoticias.com.mx\/wp-content\/uploads\/2025\/11\/Salvador-Reding-Vidana-6-150x150.png",150,150,true],"medium":["https:\/\/arjenoticias.com.mx\/wp-content\/uploads\/2025\/11\/Salvador-Reding-Vidana-6-300x200.png",300,200,true],"medium_large":["https:\/\/arjenoticias.com.mx\/wp-content\/uploads\/2025\/11\/Salvador-Reding-Vidana-6.png",600,400,false],"large":["https:\/\/arjenoticias.com.mx\/wp-content\/uploads\/2025\/11\/Salvador-Reding-Vidana-6.png",600,400,false],"1536x1536":["https:\/\/arjenoticias.com.mx\/wp-content\/uploads\/2025\/11\/Salvador-Reding-Vidana-6.png",600,400,false],"2048x2048":["https:\/\/arjenoticias.com.mx\/wp-content\/uploads\/2025\/11\/Salvador-Reding-Vidana-6.png",600,400,false],"covernews-featured":["https:\/\/arjenoticias.com.mx\/wp-content\/uploads\/2025\/11\/Salvador-Reding-Vidana-6.png",600,400,false],"covernews-medium":["https:\/\/arjenoticias.com.mx\/wp-content\/uploads\/2025\/11\/Salvador-Reding-Vidana-6-540x340.png",540,340,true]},"author_info":{"info":["Salvador I. Reding Vida\u00f1a"]},"category_info":"<a href=\"https:\/\/arjenoticias.com.mx\/category\/opinion\/\" rel=\"category tag\">Opini\u00f3n<\/a>","tag_info":"Opini\u00f3n","comment_count":"0","_links":{"self":[{"href":"https:\/\/arjenoticias.com.mx\/wp-json\/wp\/v2\/posts\/6883","targetHints":{"allow":["GET"]}}],"collection":[{"href":"https:\/\/arjenoticias.com.mx\/wp-json\/wp\/v2\/posts"}],"about":[{"href":"https:\/\/arjenoticias.com.mx\/wp-json\/wp\/v2\/types\/post"}],"author":[{"embeddable":true,"href":"https:\/\/arjenoticias.com.mx\/wp-json\/wp\/v2\/users\/2"}],"replies":[{"embeddable":true,"href":"https:\/\/arjenoticias.com.mx\/wp-json\/wp\/v2\/comments?post=6883"}],"version-history":[{"count":1,"href":"https:\/\/arjenoticias.com.mx\/wp-json\/wp\/v2\/posts\/6883\/revisions"}],"predecessor-version":[{"id":6885,"href":"https:\/\/arjenoticias.com.mx\/wp-json\/wp\/v2\/posts\/6883\/revisions\/6885"}],"wp:featuredmedia":[{"embeddable":true,"href":"https:\/\/arjenoticias.com.mx\/wp-json\/wp\/v2\/media\/6884"}],"wp:attachment":[{"href":"https:\/\/arjenoticias.com.mx\/wp-json\/wp\/v2\/media?parent=6883"}],"wp:term":[{"taxonomy":"category","embeddable":true,"href":"https:\/\/arjenoticias.com.mx\/wp-json\/wp\/v2\/categories?post=6883"},{"taxonomy":"post_tag","embeddable":true,"href":"https:\/\/arjenoticias.com.mx\/wp-json\/wp\/v2\/tags?post=6883"}],"curies":[{"name":"wp","href":"https:\/\/api.w.org\/{rel}","templated":true}]}}