{"id":6725,"date":"2025-10-29T11:47:05","date_gmt":"2025-10-29T17:47:05","guid":{"rendered":"https:\/\/arjenoticias.com\/?p=6725"},"modified":"2025-10-29T11:47:05","modified_gmt":"2025-10-29T17:47:05","slug":"rinde-escobedo-homenaje-a-los-grandes-maestros-del-teatro-de-nl-teresa-sepulveda","status":"publish","type":"post","link":"https:\/\/arjenoticias.com.mx\/?p=6725","title":{"rendered":"Rinde Escobedo homenaje a los grandes maestros del teatro de NL"},"content":{"rendered":"\n<p class=\"wp-block-paragraph\">La Capital de la Transformaci\u00f3n rindi\u00f3 este martes un emotivo homenaje a los principales decanos del teatro nuevoleoneses durante una ceremonia celebrada en el Teatro Digital Fidel Vel\u00e1zquez, donde se destac\u00f3 su legado art\u00edstico y su invaluable aportaci\u00f3n a la cultura del norte.<\/p>\n\n\n\n<p class=\"wp-block-paragraph\">En un ambiente lleno de aplausos, el Alcalde Andr\u00e9s Mijes entreg\u00f3 distinciones a<strong>&nbsp;Hern\u00e1n Galindo, Javier Serna, Delia Garda y Luis Mart\u00edn<\/strong>, cuatro figuras que han hecho del teatro una fuerza transformadora.<\/p>\n\n\n\n<p class=\"wp-block-paragraph\">En su mensaje, Mijes subray\u00f3 que en la 4T Norte\u00f1a la cultura florece cuando la econom\u00eda crece con justicia, recordando que el arte es motor de cohesi\u00f3n social y desarrollo humano.<\/p>\n\n\n\n<p class=\"wp-block-paragraph\">\u201cCuando el desarrollo es real, la cultura deja de ser adorno y se convierte en cimiento, en identidad compartida entre municipios, en energ\u00eda creativa que une al Estado\u201d.<\/p>\n\n\n\n<p class=\"wp-block-paragraph\">\u00abEl teatro, la m\u00fasica, la literatura y las artes son parte del mismo impulso que hoy est\u00e1 transformando a Nuevo Le\u00f3n desde sus ciudades, desde sus colonias y desde su gente\u00bb, expres\u00f3.<\/p>\n\n\n\n<p class=\"wp-block-paragraph\">A\u00f1adi\u00f3 que con la 4T Norte\u00f1a en Escobedo la econom\u00eda y cultura van de la mano, donde&nbsp;<strong>el teatro, la m\u00fasica, la literatura y las artes<\/strong>&nbsp;son parte del mismo impulso que hoy est\u00e1 transformando a Nuevo Le\u00f3n desde sus ciudades, desde sus colonias y desde su gente.<\/p>\n\n\n\n<p class=\"wp-block-paragraph\">El edil destac\u00f3 que el tributo a estos artistas es tambi\u00e9n un reconocimiento a su papel como&nbsp;<strong>transformadores norte\u00f1os<\/strong>, creadores cuya trayectoria ha dado nueva vida a la escena cultural del Estado y ha inspirado a nuevas generaciones de actores, dramaturgos y directores.<\/p>\n\n\n\n<p class=\"wp-block-paragraph\">Durante su mensaje, reiter\u00f3 que, en la&nbsp;<strong>Capital de la Transformaci\u00f3n<\/strong>, tal y como lo se\u00f1ala la Presidenta de M\u00e9xico,&nbsp;<strong>Claudia Sheinbaum Pardo<\/strong>, el crecimiento equitativo tambi\u00e9n se construye con cultura, inclusi\u00f3n y valores.<\/p>\n\n\n\n<p class=\"wp-block-paragraph\">Mijes enfatiz\u00f3 que la visi\u00f3n de Escobedo es seguir fortaleciendo el v\u00ednculo entre la fuerza econ\u00f3mica y la fuerza creativa de la metr\u00f3poli, entendiendo que ambas son esenciales para un desarrollo integral.<\/p>\n\n\n\n<p class=\"wp-block-paragraph\">Con este reconocimiento se reitera el compromiso del Municipio de Escobedo con la promoci\u00f3n cultural y con el reconocimiento a quienes, desde el escenario, han convertido al teatro en un espejo de identidad y un s\u00edmbolo de orgullo para todo Nuevo Le\u00f3n.<\/p>\n","protected":false},"excerpt":{"rendered":"<p>La Capital de la Transformaci\u00f3n rindi\u00f3 este martes un emotivo homenaje a los principales decanos&#8230;<\/p>\n","protected":false},"author":66,"featured_media":6726,"comment_status":"closed","ping_status":"closed","sticky":false,"template":"","format":"standard","meta":{"footnotes":""},"categories":[4],"tags":[896,1747],"class_list":["post-6725","post","type-post","status-publish","format-standard","has-post-thumbnail","hentry","category-ciudad","tag-escobedo","tag-mijes"],"yoast_head":"<!-- This site is optimized with the Yoast SEO plugin v28.4 - https:\/\/yoast.com\/product\/yoast-seo-wordpress\/ -->\n<title>Rinde Escobedo homenaje a los grandes maestros del teatro de NL -<\/title>\n<meta name=\"description\" content=\"El alcalde Andr\u00e9s Mijes reiter\u00f3 que, en la Capital de la Transformaci\u00f3n, tal y como lo se\u00f1ala la Presidenta de M\u00e9xico, Claudia Sheinbaum Pardo, el crecimiento equitativo tambi\u00e9n se construye con cultura, inclusi\u00f3n y valores.\" \/>\n<meta name=\"robots\" content=\"index, follow, max-snippet:-1, max-image-preview:large, max-video-preview:-1\" \/>\n<link rel=\"canonical\" href=\"https:\/\/arjenoticias.com.mx\/?p=6725\" \/>\n<meta property=\"og:locale\" content=\"es_MX\" \/>\n<meta property=\"og:type\" content=\"article\" \/>\n<meta property=\"og:title\" content=\"Rinde Escobedo homenaje a los grandes maestros del teatro de NL -\" \/>\n<meta property=\"og:description\" content=\"El alcalde Andr\u00e9s Mijes reiter\u00f3 que, en la Capital de la Transformaci\u00f3n, tal y como lo se\u00f1ala la Presidenta de M\u00e9xico, Claudia Sheinbaum Pardo, el crecimiento equitativo tambi\u00e9n se construye con cultura, inclusi\u00f3n y valores.\" \/>\n<meta property=\"og:url\" content=\"https:\/\/arjenoticias.com.mx\/?p=6725\" \/>\n<meta property=\"article:published_time\" content=\"2025-10-29T17:47:05+00:00\" \/>\n<meta name=\"author\" content=\"Arj\u00e9 Noticias\" \/>\n<meta name=\"twitter:card\" content=\"summary_large_image\" \/>\n<meta name=\"twitter:label1\" content=\"Escrito por\" \/>\n\t<meta name=\"twitter:data1\" content=\"Arj\u00e9 Noticias\" \/>\n\t<meta name=\"twitter:label2\" content=\"Tiempo de lectura\" \/>\n\t<meta name=\"twitter:data2\" content=\"2 minutos\" \/>\n<script type=\"application\/ld+json\" class=\"yoast-schema-graph\">{\"@context\":\"https:\\\/\\\/schema.org\",\"@graph\":[{\"@type\":\"Article\",\"@id\":\"https:\\\/\\\/arjenoticias.com.mx\\\/?p=6725#article\",\"isPartOf\":{\"@id\":\"https:\\\/\\\/arjenoticias.com.mx\\\/?p=6725\"},\"author\":{\"name\":\"Arj\u00e9 Noticias\",\"@id\":\"https:\\\/\\\/arjenoticias.com.mx\\\/#\\\/schema\\\/person\\\/83f9fb68162b16794b69a8186dd31bc0\"},\"headline\":\"Rinde Escobedo homenaje a los grandes maestros del teatro de NL\",\"datePublished\":\"2025-10-29T17:47:05+00:00\",\"mainEntityOfPage\":{\"@id\":\"https:\\\/\\\/arjenoticias.com.mx\\\/?p=6725\"},\"wordCount\":414,\"publisher\":{\"@id\":\"https:\\\/\\\/arjenoticias.com.mx\\\/#organization\"},\"image\":{\"@id\":\"https:\\\/\\\/arjenoticias.com.mx\\\/?p=6725#primaryimage\"},\"thumbnailUrl\":\"\",\"keywords\":[\"Escobedo\",\"MIjes\"],\"articleSection\":[\"Ciudad\"],\"inLanguage\":\"es\"},{\"@type\":\"WebPage\",\"@id\":\"https:\\\/\\\/arjenoticias.com.mx\\\/?p=6725\",\"url\":\"https:\\\/\\\/arjenoticias.com.mx\\\/?p=6725\",\"name\":\"Rinde Escobedo homenaje a los grandes maestros del teatro de NL -\",\"isPartOf\":{\"@id\":\"https:\\\/\\\/arjenoticias.com.mx\\\/#website\"},\"primaryImageOfPage\":{\"@id\":\"https:\\\/\\\/arjenoticias.com.mx\\\/?p=6725#primaryimage\"},\"image\":{\"@id\":\"https:\\\/\\\/arjenoticias.com.mx\\\/?p=6725#primaryimage\"},\"thumbnailUrl\":\"\",\"datePublished\":\"2025-10-29T17:47:05+00:00\",\"description\":\"El alcalde Andr\u00e9s Mijes reiter\u00f3 que, en la Capital de la Transformaci\u00f3n, tal y como lo se\u00f1ala la Presidenta de M\u00e9xico, Claudia Sheinbaum Pardo, el crecimiento equitativo tambi\u00e9n se construye con cultura, inclusi\u00f3n y valores.\",\"breadcrumb\":{\"@id\":\"https:\\\/\\\/arjenoticias.com.mx\\\/?p=6725#breadcrumb\"},\"inLanguage\":\"es\",\"potentialAction\":[{\"@type\":\"ReadAction\",\"target\":[\"https:\\\/\\\/arjenoticias.com.mx\\\/?p=6725\"]}]},{\"@type\":\"ImageObject\",\"inLanguage\":\"es\",\"@id\":\"https:\\\/\\\/arjenoticias.com.mx\\\/?p=6725#primaryimage\",\"url\":\"\",\"contentUrl\":\"\"},{\"@type\":\"BreadcrumbList\",\"@id\":\"https:\\\/\\\/arjenoticias.com.mx\\\/?p=6725#breadcrumb\",\"itemListElement\":[{\"@type\":\"ListItem\",\"position\":1,\"name\":\"Inicio\",\"item\":\"https:\\\/\\\/arjenoticias.com.mx\\\/\"},{\"@type\":\"ListItem\",\"position\":2,\"name\":\"Rinde Escobedo homenaje a los grandes maestros del teatro de NL\"}]},{\"@type\":\"WebSite\",\"@id\":\"https:\\\/\\\/arjenoticias.com.mx\\\/#website\",\"url\":\"https:\\\/\\\/arjenoticias.com.mx\\\/\",\"name\":\"arjenoticias.com.mx\",\"description\":\"\",\"publisher\":{\"@id\":\"https:\\\/\\\/arjenoticias.com.mx\\\/#organization\"},\"potentialAction\":[{\"@type\":\"SearchAction\",\"target\":{\"@type\":\"EntryPoint\",\"urlTemplate\":\"https:\\\/\\\/arjenoticias.com.mx\\\/?s={search_term_string}\"},\"query-input\":{\"@type\":\"PropertyValueSpecification\",\"valueRequired\":true,\"valueName\":\"search_term_string\"}}],\"inLanguage\":\"es\"},{\"@type\":\"Organization\",\"@id\":\"https:\\\/\\\/arjenoticias.com.mx\\\/#organization\",\"name\":\"Arj\u00e9 de M\u00e9xico Noticias\",\"url\":\"https:\\\/\\\/arjenoticias.com.mx\\\/\",\"logo\":{\"@type\":\"ImageObject\",\"inLanguage\":\"es\",\"@id\":\"https:\\\/\\\/arjenoticias.com.mx\\\/#\\\/schema\\\/logo\\\/image\\\/\",\"url\":\"https:\\\/\\\/arjenoticias.com.mx\\\/wp-content\\\/uploads\\\/2025\\\/07\\\/cropped-logo-scaled-1.png\",\"contentUrl\":\"https:\\\/\\\/arjenoticias.com.mx\\\/wp-content\\\/uploads\\\/2025\\\/07\\\/cropped-logo-scaled-1.png\",\"width\":2558,\"height\":558,\"caption\":\"Arj\u00e9 de M\u00e9xico Noticias\"},\"image\":{\"@id\":\"https:\\\/\\\/arjenoticias.com.mx\\\/#\\\/schema\\\/logo\\\/image\\\/\"}},{\"@type\":\"Person\",\"@id\":\"https:\\\/\\\/arjenoticias.com.mx\\\/#\\\/schema\\\/person\\\/83f9fb68162b16794b69a8186dd31bc0\",\"name\":\"Arj\u00e9 Noticias\",\"image\":{\"@type\":\"ImageObject\",\"inLanguage\":\"es\",\"@id\":\"https:\\\/\\\/secure.gravatar.com\\\/avatar\\\/f604b88a0e24c04f3f89fae6b5400bfd6093d0999292a64803d3651d9d4a35a5?s=96&d=mm&r=g\",\"url\":\"https:\\\/\\\/secure.gravatar.com\\\/avatar\\\/f604b88a0e24c04f3f89fae6b5400bfd6093d0999292a64803d3651d9d4a35a5?s=96&d=mm&r=g\",\"contentUrl\":\"https:\\\/\\\/secure.gravatar.com\\\/avatar\\\/f604b88a0e24c04f3f89fae6b5400bfd6093d0999292a64803d3651d9d4a35a5?s=96&d=mm&r=g\",\"caption\":\"Arj\u00e9 Noticias\"},\"url\":\"https:\\\/\\\/arjenoticias.com.mx\\\/?author=66\"}]}<\/script>\n<!-- \/ Yoast SEO plugin. -->","yoast_head_json":{"title":"Rinde Escobedo homenaje a los grandes maestros del teatro de NL -","description":"El alcalde Andr\u00e9s Mijes reiter\u00f3 que, en la Capital de la Transformaci\u00f3n, tal y como lo se\u00f1ala la Presidenta de M\u00e9xico, Claudia Sheinbaum Pardo, el crecimiento equitativo tambi\u00e9n se construye con cultura, inclusi\u00f3n y valores.","robots":{"index":"index","follow":"follow","max-snippet":"max-snippet:-1","max-image-preview":"max-image-preview:large","max-video-preview":"max-video-preview:-1"},"canonical":"https:\/\/arjenoticias.com.mx\/?p=6725","og_locale":"es_MX","og_type":"article","og_title":"Rinde Escobedo homenaje a los grandes maestros del teatro de NL -","og_description":"El alcalde Andr\u00e9s Mijes reiter\u00f3 que, en la Capital de la Transformaci\u00f3n, tal y como lo se\u00f1ala la Presidenta de M\u00e9xico, Claudia Sheinbaum Pardo, el crecimiento equitativo tambi\u00e9n se construye con cultura, inclusi\u00f3n y valores.","og_url":"https:\/\/arjenoticias.com.mx\/?p=6725","article_published_time":"2025-10-29T17:47:05+00:00","author":"Arj\u00e9 Noticias","twitter_card":"summary_large_image","twitter_misc":{"Escrito por":"Arj\u00e9 Noticias","Tiempo de lectura":"2 minutos"},"schema":{"@context":"https:\/\/schema.org","@graph":[{"@type":"Article","@id":"https:\/\/arjenoticias.com.mx\/?p=6725#article","isPartOf":{"@id":"https:\/\/arjenoticias.com.mx\/?p=6725"},"author":{"name":"Arj\u00e9 Noticias","@id":"https:\/\/arjenoticias.com.mx\/#\/schema\/person\/83f9fb68162b16794b69a8186dd31bc0"},"headline":"Rinde Escobedo homenaje a los grandes maestros del teatro de NL","datePublished":"2025-10-29T17:47:05+00:00","mainEntityOfPage":{"@id":"https:\/\/arjenoticias.com.mx\/?p=6725"},"wordCount":414,"publisher":{"@id":"https:\/\/arjenoticias.com.mx\/#organization"},"image":{"@id":"https:\/\/arjenoticias.com.mx\/?p=6725#primaryimage"},"thumbnailUrl":"","keywords":["Escobedo","MIjes"],"articleSection":["Ciudad"],"inLanguage":"es"},{"@type":"WebPage","@id":"https:\/\/arjenoticias.com.mx\/?p=6725","url":"https:\/\/arjenoticias.com.mx\/?p=6725","name":"Rinde Escobedo homenaje a los grandes maestros del teatro de NL -","isPartOf":{"@id":"https:\/\/arjenoticias.com.mx\/#website"},"primaryImageOfPage":{"@id":"https:\/\/arjenoticias.com.mx\/?p=6725#primaryimage"},"image":{"@id":"https:\/\/arjenoticias.com.mx\/?p=6725#primaryimage"},"thumbnailUrl":"","datePublished":"2025-10-29T17:47:05+00:00","description":"El alcalde Andr\u00e9s Mijes reiter\u00f3 que, en la Capital de la Transformaci\u00f3n, tal y como lo se\u00f1ala la Presidenta de M\u00e9xico, Claudia Sheinbaum Pardo, el crecimiento equitativo tambi\u00e9n se construye con cultura, inclusi\u00f3n y valores.","breadcrumb":{"@id":"https:\/\/arjenoticias.com.mx\/?p=6725#breadcrumb"},"inLanguage":"es","potentialAction":[{"@type":"ReadAction","target":["https:\/\/arjenoticias.com.mx\/?p=6725"]}]},{"@type":"ImageObject","inLanguage":"es","@id":"https:\/\/arjenoticias.com.mx\/?p=6725#primaryimage","url":"","contentUrl":""},{"@type":"BreadcrumbList","@id":"https:\/\/arjenoticias.com.mx\/?p=6725#breadcrumb","itemListElement":[{"@type":"ListItem","position":1,"name":"Inicio","item":"https:\/\/arjenoticias.com.mx\/"},{"@type":"ListItem","position":2,"name":"Rinde Escobedo homenaje a los grandes maestros del teatro de NL"}]},{"@type":"WebSite","@id":"https:\/\/arjenoticias.com.mx\/#website","url":"https:\/\/arjenoticias.com.mx\/","name":"arjenoticias.com.mx","description":"","publisher":{"@id":"https:\/\/arjenoticias.com.mx\/#organization"},"potentialAction":[{"@type":"SearchAction","target":{"@type":"EntryPoint","urlTemplate":"https:\/\/arjenoticias.com.mx\/?s={search_term_string}"},"query-input":{"@type":"PropertyValueSpecification","valueRequired":true,"valueName":"search_term_string"}}],"inLanguage":"es"},{"@type":"Organization","@id":"https:\/\/arjenoticias.com.mx\/#organization","name":"Arj\u00e9 de M\u00e9xico Noticias","url":"https:\/\/arjenoticias.com.mx\/","logo":{"@type":"ImageObject","inLanguage":"es","@id":"https:\/\/arjenoticias.com.mx\/#\/schema\/logo\/image\/","url":"https:\/\/arjenoticias.com.mx\/wp-content\/uploads\/2025\/07\/cropped-logo-scaled-1.png","contentUrl":"https:\/\/arjenoticias.com.mx\/wp-content\/uploads\/2025\/07\/cropped-logo-scaled-1.png","width":2558,"height":558,"caption":"Arj\u00e9 de M\u00e9xico Noticias"},"image":{"@id":"https:\/\/arjenoticias.com.mx\/#\/schema\/logo\/image\/"}},{"@type":"Person","@id":"https:\/\/arjenoticias.com.mx\/#\/schema\/person\/83f9fb68162b16794b69a8186dd31bc0","name":"Arj\u00e9 Noticias","image":{"@type":"ImageObject","inLanguage":"es","@id":"https:\/\/secure.gravatar.com\/avatar\/f604b88a0e24c04f3f89fae6b5400bfd6093d0999292a64803d3651d9d4a35a5?s=96&d=mm&r=g","url":"https:\/\/secure.gravatar.com\/avatar\/f604b88a0e24c04f3f89fae6b5400bfd6093d0999292a64803d3651d9d4a35a5?s=96&d=mm&r=g","contentUrl":"https:\/\/secure.gravatar.com\/avatar\/f604b88a0e24c04f3f89fae6b5400bfd6093d0999292a64803d3651d9d4a35a5?s=96&d=mm&r=g","caption":"Arj\u00e9 Noticias"},"url":"https:\/\/arjenoticias.com.mx\/?author=66"}]}},"_links":{"self":[{"href":"https:\/\/arjenoticias.com.mx\/index.php?rest_route=\/wp\/v2\/posts\/6725","targetHints":{"allow":["GET"]}}],"collection":[{"href":"https:\/\/arjenoticias.com.mx\/index.php?rest_route=\/wp\/v2\/posts"}],"about":[{"href":"https:\/\/arjenoticias.com.mx\/index.php?rest_route=\/wp\/v2\/types\/post"}],"author":[{"embeddable":true,"href":"https:\/\/arjenoticias.com.mx\/index.php?rest_route=\/wp\/v2\/users\/66"}],"replies":[{"embeddable":true,"href":"https:\/\/arjenoticias.com.mx\/index.php?rest_route=%2Fwp%2Fv2%2Fcomments&post=6725"}],"version-history":[{"count":0,"href":"https:\/\/arjenoticias.com.mx\/index.php?rest_route=\/wp\/v2\/posts\/6725\/revisions"}],"wp:attachment":[{"href":"https:\/\/arjenoticias.com.mx\/index.php?rest_route=%2Fwp%2Fv2%2Fmedia&parent=6725"}],"wp:term":[{"taxonomy":"category","embeddable":true,"href":"https:\/\/arjenoticias.com.mx\/index.php?rest_route=%2Fwp%2Fv2%2Fcategories&post=6725"},{"taxonomy":"post_tag","embeddable":true,"href":"https:\/\/arjenoticias.com.mx\/index.php?rest_route=%2Fwp%2Fv2%2Ftags&post=6725"}],"curies":[{"name":"wp","href":"https:\/\/api.w.org\/{rel}","templated":true}]}}