{"id":6259,"date":"2025-10-13T10:48:41","date_gmt":"2025-10-13T16:48:41","guid":{"rendered":"https:\/\/arjenoticias.com\/?p=6259"},"modified":"2025-10-13T10:48:41","modified_gmt":"2025-10-13T16:48:41","slug":"octubre-12-de-1885","status":"publish","type":"post","link":"https:\/\/arjenoticias.com.mx\/?p=6259","title":{"rendered":"Octubre 12 de 1885"},"content":{"rendered":"\n<h2 class=\"wp-block-heading\">Llega a Monterrey, por instrucci\u00f3n del presidente Porfirio D\u00edaz, el general Bernardo Reyes al frente del 10\u00ba Regimiento militar como Jefe de Operaciones Militares y desde luego para el control pol\u00edtico del Estado.<br>Desde enero de 1877, D\u00edaz ya se hab\u00eda hecho del poder en forma definitiva, aunque al principio no confiaba en Reyes por haber participado en su contra defendiendo a Lerdo en el Plan de Tuxtepec, pero la recomendaci\u00f3n del neoleon\u00e9s Mariano Escobedo y de otros altos mandos militares valieron para que el presidente D\u00edaz decidiera darle \u201cotra oportunidad\u201d.<\/h2>\n\n\n\n<p class=\"wp-block-paragraph\"><br>As\u00ed que, para probar su lealtad al gobierno, fue enviado a luchar en Sinaloa contra los lerdistas que se opon\u00edan a D\u00edaz, y Reyes los derrot\u00f3 con cierta facilidad, fue hasta entonces cuando Porfirio D\u00edaz le dio su confianza. <\/p>\n\n\n\n<p class=\"wp-block-paragraph\">Despu\u00e9s, en el gobierno porfirista de Manuel Gonz\u00e1lez le encargaron varias operaciones militares en Tepic y en San Luis Potos\u00ed, y por ello, del 13 de agosto de 1880 al 11 de marzo de 1883 fue el jefe militar en Sinaloa, Sonora y Baja California. All\u00ed los indios yaquis y mayos, habitantes de Sonora, viv\u00edan guerreando con los terratenientes de origen mexicano. Reyes advirti\u00f3 que el problema no era racial o de brutalidad de los nativos, sino un recurrente y cruel despojo de tierras. Como soluci\u00f3n, Reyes ofreci\u00f3 a los indios, tierras que, aunque malas y remotas, les protegi\u00f3 y logr\u00f3 una pacificaci\u00f3n temporal de la regi\u00f3n. Adem\u00e1s, en Sonora, Reyes expuls\u00f3 a los apaches invasores que ven\u00edan de Arizona huyendo de la persecuci\u00f3n en Estados Unidos. Esto lo acredit\u00f3 como un militar sensible y con talento para el manejo de crisis. <\/p>\n\n\n\n<p class=\"wp-block-paragraph\">As\u00ed que Porfirio D\u00edaz lo ponder\u00f3 favorablemente para empresas mayores.<br>Pol\u00edticamente, Reyes lleg\u00f3 a Nuevo Le\u00f3n representando a D\u00edaz, para equilibrar a los dos liderazgos locales: Jer\u00f3nimo Trevi\u00f1o y Genaro Garza Garc\u00eda, excombatientes de la Reforma y de la invasi\u00f3n francesa, y el grupo de L\u00e1zaro Garza Ayala.<\/p>\n\n\n\n<p class=\"wp-block-paragraph\"><br>Al ser Jefe de Operaciones Militares sustitu\u00eda al propio Jer\u00f3nimo Trevi\u00f1o, y era a\u00f1o electoral, pues se eleg\u00eda al Gobernador del Estado. El candidato fuerte era Genaro Garza Garc\u00eda, y como la presencia de Bernardo Reyes les hac\u00eda ruido a los pol\u00edticos locales, causaron disturbios creyendo perjudicarlo, pero sin pensarlo mucho, Reyes instaur\u00f3 la Ley Marcial, quedando la situaci\u00f3n favorable a los planes del centro del Pa\u00eds. As\u00ed, aunque Genaro Garza Garc\u00eda gan\u00f3 las elecciones, no pod\u00eda gobernar libremente pues con la Ley Marcial, el poder real lo ten\u00eda Reyes.<\/p>\n\n\n\n<p class=\"wp-block-paragraph\"> El nuevo gobernador Garza Garc\u00eda no aguant\u00f3 esa presi\u00f3n y pidi\u00f3 licencia a la gubernatura para viajar a M\u00e9xico a conferenciar con D\u00edaz sobre una posible soluci\u00f3n pol\u00edtica dejando en su lugar a Mauro Sep\u00falveda, quien fue f\u00e1cilmente dominado por Reyes. Sep\u00falveda, ya desesperado, disolvi\u00f3 la legislatura local, al sentir la presi\u00f3n de Reyes y del gobierno nacional para que renunciara, y como no lo hac\u00eda, ante la desaparici\u00f3n de los poderes del estado de Nuevo Le\u00f3n, el Senado de la Rep\u00fablica -a propuesta de D\u00edaz- nombr\u00f3 a Bernardo Reyes gobernador provisional del Estado. Y pese a que su funci\u00f3n constitucional deb\u00eda ser solamente llamar a elecciones, Reyes se qued\u00f3 hasta concluir el periodo de1885 a 1887. <\/p>\n\n\n\n<blockquote class=\"wp-block-quote is-layout-flow wp-block-quote-is-layout-flow\">\n<p class=\"wp-block-paragraph\">As\u00ed comienza la Era de Bernardo Reyes como gobernador de Nuevo Le\u00f3n. La suya fue una gubernatura hist\u00f3rica desde todos los puntos de vista, destacando el del impulso que le dio al desarrollo industrial del estado, aunque desafortunadamente no culmin\u00f3 favorablemente su prometedora carrera pol\u00edtica.<\/p>\n<\/blockquote>\n","protected":false},"excerpt":{"rendered":"<p>Llega a Monterrey, por instrucci\u00f3n del presidente Porfirio D\u00edaz, el general Bernardo Reyes al frente&#8230;<\/p>\n","protected":false},"author":103,"featured_media":6260,"comment_status":"closed","ping_status":"closed","sticky":false,"template":"","format":"standard","meta":{"footnotes":""},"categories":[12],"tags":[286],"class_list":["post-6259","post","type-post","status-publish","format-standard","has-post-thumbnail","hentry","category-opinion","tag-bernardo-reyes-gobernador-que-cambio-la-facha-de-de-monterrey"],"yoast_head":"<!-- This site is optimized with the Yoast SEO plugin v28.4 - https:\/\/yoast.com\/product\/yoast-seo-wordpress\/ -->\n<title>Octubre 12 de 1885 -<\/title>\n<meta name=\"description\" content=\"Reyes lleg\u00f3 a Nuevo Le\u00f3n representando a D\u00edaz, para equilibrar a los dos liderazgos locales: Jer\u00f3nimo Trevi\u00f1o y Genaro Garza Garc\u00eda, excombatientes de la Reforma y de la invasi\u00f3n francesa, y el grupo de L\u00e1zaro Garza Ayala.\" \/>\n<meta name=\"robots\" content=\"index, follow, max-snippet:-1, max-image-preview:large, max-video-preview:-1\" \/>\n<link rel=\"canonical\" href=\"https:\/\/arjenoticias.com.mx\/?p=6259\" \/>\n<meta property=\"og:locale\" content=\"es_MX\" \/>\n<meta property=\"og:type\" content=\"article\" \/>\n<meta property=\"og:title\" content=\"Octubre 12 de 1885 -\" \/>\n<meta property=\"og:description\" content=\"Reyes lleg\u00f3 a Nuevo Le\u00f3n representando a D\u00edaz, para equilibrar a los dos liderazgos locales: Jer\u00f3nimo Trevi\u00f1o y Genaro Garza Garc\u00eda, excombatientes de la Reforma y de la invasi\u00f3n francesa, y el grupo de L\u00e1zaro Garza Ayala.\" \/>\n<meta property=\"og:url\" content=\"https:\/\/arjenoticias.com.mx\/?p=6259\" \/>\n<meta property=\"article:published_time\" content=\"2025-10-13T16:48:41+00:00\" \/>\n<meta name=\"author\" content=\"Leopoldo Espinosa Benavides\" \/>\n<meta name=\"twitter:card\" content=\"summary_large_image\" \/>\n<meta name=\"twitter:label1\" content=\"Escrito por\" \/>\n\t<meta name=\"twitter:data1\" content=\"Leopoldo Espinosa Benavides\" \/>\n\t<meta name=\"twitter:label2\" content=\"Tiempo de lectura\" \/>\n\t<meta name=\"twitter:data2\" content=\"3 minutos\" \/>\n<script type=\"application\/ld+json\" class=\"yoast-schema-graph\">{\"@context\":\"https:\\\/\\\/schema.org\",\"@graph\":[{\"@type\":\"Article\",\"@id\":\"https:\\\/\\\/arjenoticias.com.mx\\\/?p=6259#article\",\"isPartOf\":{\"@id\":\"https:\\\/\\\/arjenoticias.com.mx\\\/?p=6259\"},\"author\":{\"name\":\"Leopoldo Espinosa Benavides\",\"@id\":\"https:\\\/\\\/arjenoticias.com.mx\\\/#\\\/schema\\\/person\\\/b22477254c5fe44bbc7e9bbb51432771\"},\"headline\":\"Octubre 12 de 1885\",\"datePublished\":\"2025-10-13T16:48:41+00:00\",\"mainEntityOfPage\":{\"@id\":\"https:\\\/\\\/arjenoticias.com.mx\\\/?p=6259\"},\"wordCount\":629,\"publisher\":{\"@id\":\"https:\\\/\\\/arjenoticias.com.mx\\\/#organization\"},\"image\":{\"@id\":\"https:\\\/\\\/arjenoticias.com.mx\\\/?p=6259#primaryimage\"},\"thumbnailUrl\":\"\",\"keywords\":[\"Bernardo Reyes gobernador que cambio la facha de de Monterrey\"],\"articleSection\":[\"Opini\u00f3n\"],\"inLanguage\":\"es\"},{\"@type\":\"WebPage\",\"@id\":\"https:\\\/\\\/arjenoticias.com.mx\\\/?p=6259\",\"url\":\"https:\\\/\\\/arjenoticias.com.mx\\\/?p=6259\",\"name\":\"Octubre 12 de 1885 -\",\"isPartOf\":{\"@id\":\"https:\\\/\\\/arjenoticias.com.mx\\\/#website\"},\"primaryImageOfPage\":{\"@id\":\"https:\\\/\\\/arjenoticias.com.mx\\\/?p=6259#primaryimage\"},\"image\":{\"@id\":\"https:\\\/\\\/arjenoticias.com.mx\\\/?p=6259#primaryimage\"},\"thumbnailUrl\":\"\",\"datePublished\":\"2025-10-13T16:48:41+00:00\",\"description\":\"Reyes lleg\u00f3 a Nuevo Le\u00f3n representando a D\u00edaz, para equilibrar a los dos liderazgos locales: Jer\u00f3nimo Trevi\u00f1o y Genaro Garza Garc\u00eda, excombatientes de la Reforma y de la invasi\u00f3n francesa, y el grupo de L\u00e1zaro Garza Ayala.\",\"breadcrumb\":{\"@id\":\"https:\\\/\\\/arjenoticias.com.mx\\\/?p=6259#breadcrumb\"},\"inLanguage\":\"es\",\"potentialAction\":[{\"@type\":\"ReadAction\",\"target\":[\"https:\\\/\\\/arjenoticias.com.mx\\\/?p=6259\"]}]},{\"@type\":\"ImageObject\",\"inLanguage\":\"es\",\"@id\":\"https:\\\/\\\/arjenoticias.com.mx\\\/?p=6259#primaryimage\",\"url\":\"\",\"contentUrl\":\"\"},{\"@type\":\"BreadcrumbList\",\"@id\":\"https:\\\/\\\/arjenoticias.com.mx\\\/?p=6259#breadcrumb\",\"itemListElement\":[{\"@type\":\"ListItem\",\"position\":1,\"name\":\"Inicio\",\"item\":\"https:\\\/\\\/arjenoticias.com.mx\\\/\"},{\"@type\":\"ListItem\",\"position\":2,\"name\":\"Octubre 12 de 1885\"}]},{\"@type\":\"WebSite\",\"@id\":\"https:\\\/\\\/arjenoticias.com.mx\\\/#website\",\"url\":\"https:\\\/\\\/arjenoticias.com.mx\\\/\",\"name\":\"arjenoticias.com.mx\",\"description\":\"\",\"publisher\":{\"@id\":\"https:\\\/\\\/arjenoticias.com.mx\\\/#organization\"},\"potentialAction\":[{\"@type\":\"SearchAction\",\"target\":{\"@type\":\"EntryPoint\",\"urlTemplate\":\"https:\\\/\\\/arjenoticias.com.mx\\\/?s={search_term_string}\"},\"query-input\":{\"@type\":\"PropertyValueSpecification\",\"valueRequired\":true,\"valueName\":\"search_term_string\"}}],\"inLanguage\":\"es\"},{\"@type\":\"Organization\",\"@id\":\"https:\\\/\\\/arjenoticias.com.mx\\\/#organization\",\"name\":\"Arj\u00e9 de M\u00e9xico Noticias\",\"url\":\"https:\\\/\\\/arjenoticias.com.mx\\\/\",\"logo\":{\"@type\":\"ImageObject\",\"inLanguage\":\"es\",\"@id\":\"https:\\\/\\\/arjenoticias.com.mx\\\/#\\\/schema\\\/logo\\\/image\\\/\",\"url\":\"https:\\\/\\\/arjenoticias.com.mx\\\/wp-content\\\/uploads\\\/2025\\\/07\\\/cropped-logo-scaled-1.png\",\"contentUrl\":\"https:\\\/\\\/arjenoticias.com.mx\\\/wp-content\\\/uploads\\\/2025\\\/07\\\/cropped-logo-scaled-1.png\",\"width\":2558,\"height\":558,\"caption\":\"Arj\u00e9 de M\u00e9xico Noticias\"},\"image\":{\"@id\":\"https:\\\/\\\/arjenoticias.com.mx\\\/#\\\/schema\\\/logo\\\/image\\\/\"}},{\"@type\":\"Person\",\"@id\":\"https:\\\/\\\/arjenoticias.com.mx\\\/#\\\/schema\\\/person\\\/b22477254c5fe44bbc7e9bbb51432771\",\"name\":\"Leopoldo Espinosa Benavides\",\"image\":{\"@type\":\"ImageObject\",\"inLanguage\":\"es\",\"@id\":\"https:\\\/\\\/secure.gravatar.com\\\/avatar\\\/138dd021239984aa31c4869255ae4b03e73edb0ecdca02ffde899a5db5e6bdb6?s=96&d=mm&r=g\",\"url\":\"https:\\\/\\\/secure.gravatar.com\\\/avatar\\\/138dd021239984aa31c4869255ae4b03e73edb0ecdca02ffde899a5db5e6bdb6?s=96&d=mm&r=g\",\"contentUrl\":\"https:\\\/\\\/secure.gravatar.com\\\/avatar\\\/138dd021239984aa31c4869255ae4b03e73edb0ecdca02ffde899a5db5e6bdb6?s=96&d=mm&r=g\",\"caption\":\"Leopoldo Espinosa Benavides\"},\"url\":\"https:\\\/\\\/arjenoticias.com.mx\\\/?author=103\"}]}<\/script>\n<!-- \/ Yoast SEO plugin. -->","yoast_head_json":{"title":"Octubre 12 de 1885 -","description":"Reyes lleg\u00f3 a Nuevo Le\u00f3n representando a D\u00edaz, para equilibrar a los dos liderazgos locales: Jer\u00f3nimo Trevi\u00f1o y Genaro Garza Garc\u00eda, excombatientes de la Reforma y de la invasi\u00f3n francesa, y el grupo de L\u00e1zaro Garza Ayala.","robots":{"index":"index","follow":"follow","max-snippet":"max-snippet:-1","max-image-preview":"max-image-preview:large","max-video-preview":"max-video-preview:-1"},"canonical":"https:\/\/arjenoticias.com.mx\/?p=6259","og_locale":"es_MX","og_type":"article","og_title":"Octubre 12 de 1885 -","og_description":"Reyes lleg\u00f3 a Nuevo Le\u00f3n representando a D\u00edaz, para equilibrar a los dos liderazgos locales: Jer\u00f3nimo Trevi\u00f1o y Genaro Garza Garc\u00eda, excombatientes de la Reforma y de la invasi\u00f3n francesa, y el grupo de L\u00e1zaro Garza Ayala.","og_url":"https:\/\/arjenoticias.com.mx\/?p=6259","article_published_time":"2025-10-13T16:48:41+00:00","author":"Leopoldo Espinosa Benavides","twitter_card":"summary_large_image","twitter_misc":{"Escrito por":"Leopoldo Espinosa Benavides","Tiempo de lectura":"3 minutos"},"schema":{"@context":"https:\/\/schema.org","@graph":[{"@type":"Article","@id":"https:\/\/arjenoticias.com.mx\/?p=6259#article","isPartOf":{"@id":"https:\/\/arjenoticias.com.mx\/?p=6259"},"author":{"name":"Leopoldo Espinosa Benavides","@id":"https:\/\/arjenoticias.com.mx\/#\/schema\/person\/b22477254c5fe44bbc7e9bbb51432771"},"headline":"Octubre 12 de 1885","datePublished":"2025-10-13T16:48:41+00:00","mainEntityOfPage":{"@id":"https:\/\/arjenoticias.com.mx\/?p=6259"},"wordCount":629,"publisher":{"@id":"https:\/\/arjenoticias.com.mx\/#organization"},"image":{"@id":"https:\/\/arjenoticias.com.mx\/?p=6259#primaryimage"},"thumbnailUrl":"","keywords":["Bernardo Reyes gobernador que cambio la facha de de Monterrey"],"articleSection":["Opini\u00f3n"],"inLanguage":"es"},{"@type":"WebPage","@id":"https:\/\/arjenoticias.com.mx\/?p=6259","url":"https:\/\/arjenoticias.com.mx\/?p=6259","name":"Octubre 12 de 1885 -","isPartOf":{"@id":"https:\/\/arjenoticias.com.mx\/#website"},"primaryImageOfPage":{"@id":"https:\/\/arjenoticias.com.mx\/?p=6259#primaryimage"},"image":{"@id":"https:\/\/arjenoticias.com.mx\/?p=6259#primaryimage"},"thumbnailUrl":"","datePublished":"2025-10-13T16:48:41+00:00","description":"Reyes lleg\u00f3 a Nuevo Le\u00f3n representando a D\u00edaz, para equilibrar a los dos liderazgos locales: Jer\u00f3nimo Trevi\u00f1o y Genaro Garza Garc\u00eda, excombatientes de la Reforma y de la invasi\u00f3n francesa, y el grupo de L\u00e1zaro Garza Ayala.","breadcrumb":{"@id":"https:\/\/arjenoticias.com.mx\/?p=6259#breadcrumb"},"inLanguage":"es","potentialAction":[{"@type":"ReadAction","target":["https:\/\/arjenoticias.com.mx\/?p=6259"]}]},{"@type":"ImageObject","inLanguage":"es","@id":"https:\/\/arjenoticias.com.mx\/?p=6259#primaryimage","url":"","contentUrl":""},{"@type":"BreadcrumbList","@id":"https:\/\/arjenoticias.com.mx\/?p=6259#breadcrumb","itemListElement":[{"@type":"ListItem","position":1,"name":"Inicio","item":"https:\/\/arjenoticias.com.mx\/"},{"@type":"ListItem","position":2,"name":"Octubre 12 de 1885"}]},{"@type":"WebSite","@id":"https:\/\/arjenoticias.com.mx\/#website","url":"https:\/\/arjenoticias.com.mx\/","name":"arjenoticias.com.mx","description":"","publisher":{"@id":"https:\/\/arjenoticias.com.mx\/#organization"},"potentialAction":[{"@type":"SearchAction","target":{"@type":"EntryPoint","urlTemplate":"https:\/\/arjenoticias.com.mx\/?s={search_term_string}"},"query-input":{"@type":"PropertyValueSpecification","valueRequired":true,"valueName":"search_term_string"}}],"inLanguage":"es"},{"@type":"Organization","@id":"https:\/\/arjenoticias.com.mx\/#organization","name":"Arj\u00e9 de M\u00e9xico Noticias","url":"https:\/\/arjenoticias.com.mx\/","logo":{"@type":"ImageObject","inLanguage":"es","@id":"https:\/\/arjenoticias.com.mx\/#\/schema\/logo\/image\/","url":"https:\/\/arjenoticias.com.mx\/wp-content\/uploads\/2025\/07\/cropped-logo-scaled-1.png","contentUrl":"https:\/\/arjenoticias.com.mx\/wp-content\/uploads\/2025\/07\/cropped-logo-scaled-1.png","width":2558,"height":558,"caption":"Arj\u00e9 de M\u00e9xico Noticias"},"image":{"@id":"https:\/\/arjenoticias.com.mx\/#\/schema\/logo\/image\/"}},{"@type":"Person","@id":"https:\/\/arjenoticias.com.mx\/#\/schema\/person\/b22477254c5fe44bbc7e9bbb51432771","name":"Leopoldo Espinosa Benavides","image":{"@type":"ImageObject","inLanguage":"es","@id":"https:\/\/secure.gravatar.com\/avatar\/138dd021239984aa31c4869255ae4b03e73edb0ecdca02ffde899a5db5e6bdb6?s=96&d=mm&r=g","url":"https:\/\/secure.gravatar.com\/avatar\/138dd021239984aa31c4869255ae4b03e73edb0ecdca02ffde899a5db5e6bdb6?s=96&d=mm&r=g","contentUrl":"https:\/\/secure.gravatar.com\/avatar\/138dd021239984aa31c4869255ae4b03e73edb0ecdca02ffde899a5db5e6bdb6?s=96&d=mm&r=g","caption":"Leopoldo Espinosa Benavides"},"url":"https:\/\/arjenoticias.com.mx\/?author=103"}]}},"_links":{"self":[{"href":"https:\/\/arjenoticias.com.mx\/index.php?rest_route=\/wp\/v2\/posts\/6259","targetHints":{"allow":["GET"]}}],"collection":[{"href":"https:\/\/arjenoticias.com.mx\/index.php?rest_route=\/wp\/v2\/posts"}],"about":[{"href":"https:\/\/arjenoticias.com.mx\/index.php?rest_route=\/wp\/v2\/types\/post"}],"author":[{"embeddable":true,"href":"https:\/\/arjenoticias.com.mx\/index.php?rest_route=\/wp\/v2\/users\/103"}],"replies":[{"embeddable":true,"href":"https:\/\/arjenoticias.com.mx\/index.php?rest_route=%2Fwp%2Fv2%2Fcomments&post=6259"}],"version-history":[{"count":0,"href":"https:\/\/arjenoticias.com.mx\/index.php?rest_route=\/wp\/v2\/posts\/6259\/revisions"}],"wp:attachment":[{"href":"https:\/\/arjenoticias.com.mx\/index.php?rest_route=%2Fwp%2Fv2%2Fmedia&parent=6259"}],"wp:term":[{"taxonomy":"category","embeddable":true,"href":"https:\/\/arjenoticias.com.mx\/index.php?rest_route=%2Fwp%2Fv2%2Fcategories&post=6259"},{"taxonomy":"post_tag","embeddable":true,"href":"https:\/\/arjenoticias.com.mx\/index.php?rest_route=%2Fwp%2Fv2%2Ftags&post=6259"}],"curies":[{"name":"wp","href":"https:\/\/api.w.org\/{rel}","templated":true}]}}