{"id":6252,"date":"2025-10-13T09:56:30","date_gmt":"2025-10-13T15:56:30","guid":{"rendered":"https:\/\/arjenoticias.com\/?p=6252"},"modified":"2025-10-13T09:56:30","modified_gmt":"2025-10-13T15:56:30","slug":"sin-comentarios","status":"publish","type":"post","link":"https:\/\/arjenoticias.com.mx\/?p=6252","title":{"rendered":"Sin comentarios\u2026"},"content":{"rendered":"\n<h2 class=\"wp-block-heading\">En una democracia es plausible que cada quien exprese sus muy personales puntos de vista, pero en el caso de Sheinbaum est\u00e1 hablando la jefa del Estado mexicano; con esa investidura deber\u00eda ser responsable y respetuosa de la sociedad.<\/h2>\n\n\n\n<p class=\"wp-block-paragraph\">Con la solemnidad correspondiente y con la emoci\u00f3n inocultable, Jorgen Wayne Frydnes, presidente del Comit\u00e9 Noruego del Nobel, pronunci\u00f3: \u201cEl Premio Nobel de la Paz 2025 fue concedido a la l\u00edder de la oposici\u00f3n venezolana Mar\u00eda Corina Machado.<\/p>\n\n\n\n<p class=\"wp-block-paragraph\">Una valiente y comprometida defensora de la paz\u2026 Una mujer que mantiene viva la llama de la democracia en medio de la creciente oscuridad\u201d.<\/p>\n\n\n\n<p class=\"wp-block-paragraph\">Una buena noticia para la democracia y un justo reconocimiento a la lucha por restaurarla, usando para ello las razones y herramientas de la propia democracia, la lucha pac\u00edfica, la expresi\u00f3n aut\u00e9ntica de la ciudadan\u00eda expresada en el voto, aunque al parecer se tenga todo en contra.<\/p>\n\n\n\n<p class=\"wp-block-paragraph\">Al menos tres cuestiones a resaltar en esta decisi\u00f3n: es justa, valiente y no podemos pasar desapercibida la referencia a la democracia y a la oscuridad.<\/p>\n\n\n\n<p class=\"wp-block-paragraph\">Me referir\u00e9 a cada una de estas cuestiones y posteriormente a la pobre pero esclarecedora recepci\u00f3n que mereci\u00f3 la noticia de parte de la doctora Sheinbaum.<\/p>\n\n\n\n<p class=\"wp-block-paragraph\">Es justa, ya que se trata de la valoraci\u00f3n de una trayectoria, no de quien pretende colgarse una medalla a partir de un incidente o de buenos prop\u00f3sitos, y menos cuando para ello amenace con el uso de la fuerza.<\/p>\n\n\n\n<p class=\"wp-block-paragraph\">Es justa, adem\u00e1s, ya que no se trata de derechas o de izquierdas, sino de dem\u00f3cratas, aunque haya quienes quieran colgarse la medalla.<\/p>\n\n\n\n<p class=\"wp-block-paragraph\">Es valiente, ya que resiste a la pretensi\u00f3n del se\u00f1or Trump y reconoce la valent\u00eda de quien se ha quedado en la trinchera aguantando y denunciando el autoritarismo.<\/p>\n\n\n\n<p class=\"wp-block-paragraph\">Es por dem\u00e1s ilustrativa la referencia a la oscuridad que vive el mundo, cruzado por conflagraciones, celebraci\u00f3n de los 80 a\u00f1os del t\u00e9rmino de la Segunda Guerra Mundial con demostraciones de m\u00e1s guerra.<\/p>\n\n\n\n<p class=\"wp-block-paragraph\">Avance de los reg\u00edmenes autoritarios con el correspondiente retroceso de las democracias, acompa\u00f1ado todo ello por el debilitamiento de los sistemas de partidos y el empobrecimiento del debate pol\u00edtico, la simplificaci\u00f3n de la complejidad en el lenguaje de la banalidad y el populismo maniqueo.<\/p>\n\n\n\n<p class=\"wp-block-paragraph\">El Nobel, en esta ocasi\u00f3n y en este momento, reivindica la b\u00fasqueda de la paz por la v\u00eda civilizada de la democracia. S\u00ed, D\u00edaz-Canel, el dictador cubano tiene raz\u00f3n; se trata de una decisi\u00f3n con una alta carga pol\u00edtica; es m\u00e1s, es la dignificaci\u00f3n de la pol\u00edtica.<\/p>\n\n\n\n<p class=\"wp-block-paragraph\">Por cierto, los \u00fanicos dos presidentes que acudieron a la tercera toma de posesi\u00f3n de Maduro en enero pasado fueron el cubano y el nicarag\u00fcense; m\u00e1s claro no pod\u00eda ser.<\/p>\n\n\n\n<p class=\"wp-block-paragraph\">El Nobel a la se\u00f1ora Machado mereci\u00f3 un amplio reconocimiento, por ejemplo, de Ursula von der Leyen, presidenta de la Comisi\u00f3n Europea, quien afirm\u00f3: \u201cEl galard\u00f3n env\u00eda un mensaje poderoso al reconocer que el esp\u00edritu de libertad no puede ser encarcelado y que la sed de democracia siempre prevalece\u201d.<\/p>\n\n\n\n<p class=\"wp-block-paragraph\">En nuestro continente, los presidentes de izquierda Gustavo Petro y Gabriel Boric han sido muy cr\u00edticos contra el r\u00e9gimen de Maduro, en particular despu\u00e9s de las fraudulentas elecciones del a\u00f1o pasado, lo que ha llevado a este \u00faltimo a romper de facto las relaciones diplom\u00e1ticas.<\/p>\n\n\n\n<p class=\"wp-block-paragraph\">El presidente colombiano, con la prudencia que ha debido sostener dada la amplia frontera que le es com\u00fan con Venezuela, felicit\u00f3 a Mar\u00eda Corina y afirm\u00f3: \u201c\u2026 espero que ayude a que su pa\u00eds consiga el di\u00e1logo para mantener la paz\u201d.<\/p>\n\n\n\n<p class=\"wp-block-paragraph\">Por otro lado, dice mucho una omisi\u00f3n involuntaria, pero dice m\u00e1s cuando expresamente un interlocutor se niega a tomar posici\u00f3n frente a un hecho o juicio, de ah\u00ed que la expresi\u00f3n \u201csin comentarios\u2026\u201d se use, entre otras acepciones, para decir que tengo opini\u00f3n, pero con mi silencio expreso mi desacuerdo; estamos frente a este caso.<\/p>\n\n\n\n<p class=\"wp-block-paragraph\">No hay mucho que interpretar; la presidenta Sheinbaum, a pregunta expresa, manifest\u00f3 su franco desacuerdo al otorgamiento del Nobel a Mar\u00eda Corina Machado.<\/p>\n\n\n\n<p class=\"wp-block-paragraph\">Sin duda, en una democracia es plausible que cada quien exprese sus muy personales puntos de vista, pero en este caso est\u00e1 hablando la jefa del Estado mexicano; con esa investidura deber\u00eda ser responsable y respetuosa de la sociedad toda, de sus pol\u00edticas y principios.<\/p>\n\n\n\n<p class=\"wp-block-paragraph\">As\u00ed como no tiene un comentario sobre la reci\u00e9n galardonada, s\u00ed lo tiene para el caso de Per\u00fa y califica la destituci\u00f3n del expresidente Castillo como un golpe de Estado y nada sobre Israel y Gaza.<\/p>\n\n\n\n<p class=\"wp-block-paragraph\">La \u201cDoctrina Estrada\u201d es usada como un clich\u00e9 que cobija cualquier cosa a contentillo de quien tiene el meg\u00e1fono en el p\u00falpito.<\/p>\n\n\n\n<p class=\"wp-block-paragraph\">Todo esto dibuja con claridad a la Dra. Sheinbaum, defiende impl\u00edcitamente a Maduro y tasa con diferente rasero a los gobiernos dependiendo de su cercan\u00eda ideol\u00f3gica y no necesariamente valorando las circunstancias espec\u00edficas, el contexto y sobre todo el respeto a la \u201cautodeterminaci\u00f3n de los pueblos\u201d y a su soberan\u00eda expresada en las contiendas democr\u00e1ticas.<\/p>\n\n\n\n<p class=\"wp-block-paragraph\">M\u00e1s all\u00e1 del reconocimiento, la lucha de la se\u00f1ora Machado est\u00e1 dejando lecciones por dem\u00e1s importantes.<\/p>\n\n\n\n<p class=\"wp-block-paragraph\">Una de ellas es que s\u00ed se puede combatir exitosamente contra las dictaduras siempre y cuando se propicie la unidad de la oposici\u00f3n y se reclame el derecho a elecciones libres y aut\u00e9nticas.<\/p>\n\n\n\n<p class=\"wp-block-paragraph\">Frente a la milicia y los recursos del dictador, la unidad de la oposici\u00f3n debe surgir de un amplio consenso \u2014como fue el caso de las pasadas elecciones en Venezuela\u2014 y a la par de propiciar que la ciudadan\u00eda se apropie del proceso electoral cuidando las urnas y haciendo respetar su voto.<\/p>\n","protected":false},"excerpt":{"rendered":"<p>En una democracia es plausible que cada quien exprese sus muy personales puntos de vista,&#8230;<\/p>\n","protected":false},"author":92,"featured_media":6254,"comment_status":"closed","ping_status":"closed","sticky":false,"template":"","format":"standard","meta":{"footnotes":""},"categories":[12],"tags":[],"class_list":["post-6252","post","type-post","status-publish","format-standard","has-post-thumbnail","hentry","category-opinion"],"yoast_head":"<!-- This site is optimized with the Yoast SEO plugin v28.4 - https:\/\/yoast.com\/product\/yoast-seo-wordpress\/ -->\n<title>Sin comentarios\u2026 -<\/title>\n<meta name=\"description\" content=\"Corina Machado valiente y comprometida defensora de la paz, mujer que mantiene viva la llama de la democracia en medio de la creciente oscuridad\u201d.\" \/>\n<meta name=\"robots\" content=\"index, follow, max-snippet:-1, max-image-preview:large, max-video-preview:-1\" \/>\n<link rel=\"canonical\" href=\"https:\/\/arjenoticias.com.mx\/?p=6252\" \/>\n<meta property=\"og:locale\" content=\"es_MX\" \/>\n<meta property=\"og:type\" content=\"article\" \/>\n<meta property=\"og:title\" content=\"Sin comentarios\u2026 -\" \/>\n<meta property=\"og:description\" content=\"Corina Machado valiente y comprometida defensora de la paz, mujer que mantiene viva la llama de la democracia en medio de la creciente oscuridad\u201d.\" \/>\n<meta property=\"og:url\" content=\"https:\/\/arjenoticias.com.mx\/?p=6252\" \/>\n<meta property=\"article:published_time\" content=\"2025-10-13T15:56:30+00:00\" \/>\n<meta name=\"author\" content=\"Edmundo Jacobo Molina\" \/>\n<meta name=\"twitter:card\" content=\"summary_large_image\" \/>\n<meta name=\"twitter:label1\" content=\"Escrito por\" \/>\n\t<meta name=\"twitter:data1\" content=\"Edmundo Jacobo Molina\" \/>\n\t<meta name=\"twitter:label2\" content=\"Tiempo de lectura\" \/>\n\t<meta name=\"twitter:data2\" content=\"5 minutos\" \/>\n<script type=\"application\/ld+json\" class=\"yoast-schema-graph\">{\"@context\":\"https:\\\/\\\/schema.org\",\"@graph\":[{\"@type\":\"Article\",\"@id\":\"https:\\\/\\\/arjenoticias.com.mx\\\/?p=6252#article\",\"isPartOf\":{\"@id\":\"https:\\\/\\\/arjenoticias.com.mx\\\/?p=6252\"},\"author\":{\"name\":\"Edmundo Jacobo Molina\",\"@id\":\"https:\\\/\\\/arjenoticias.com.mx\\\/#\\\/schema\\\/person\\\/1a41465c296e9e3df18e71b7dee74397\"},\"headline\":\"Sin comentarios\u2026\",\"datePublished\":\"2025-10-13T15:56:30+00:00\",\"mainEntityOfPage\":{\"@id\":\"https:\\\/\\\/arjenoticias.com.mx\\\/?p=6252\"},\"wordCount\":997,\"publisher\":{\"@id\":\"https:\\\/\\\/arjenoticias.com.mx\\\/#organization\"},\"image\":{\"@id\":\"https:\\\/\\\/arjenoticias.com.mx\\\/?p=6252#primaryimage\"},\"thumbnailUrl\":\"\",\"articleSection\":[\"Opini\u00f3n\"],\"inLanguage\":\"es\"},{\"@type\":\"WebPage\",\"@id\":\"https:\\\/\\\/arjenoticias.com.mx\\\/?p=6252\",\"url\":\"https:\\\/\\\/arjenoticias.com.mx\\\/?p=6252\",\"name\":\"Sin comentarios\u2026 -\",\"isPartOf\":{\"@id\":\"https:\\\/\\\/arjenoticias.com.mx\\\/#website\"},\"primaryImageOfPage\":{\"@id\":\"https:\\\/\\\/arjenoticias.com.mx\\\/?p=6252#primaryimage\"},\"image\":{\"@id\":\"https:\\\/\\\/arjenoticias.com.mx\\\/?p=6252#primaryimage\"},\"thumbnailUrl\":\"\",\"datePublished\":\"2025-10-13T15:56:30+00:00\",\"description\":\"Corina Machado valiente y comprometida defensora de la paz, mujer que mantiene viva la llama de la democracia en medio de la creciente oscuridad\u201d.\",\"breadcrumb\":{\"@id\":\"https:\\\/\\\/arjenoticias.com.mx\\\/?p=6252#breadcrumb\"},\"inLanguage\":\"es\",\"potentialAction\":[{\"@type\":\"ReadAction\",\"target\":[\"https:\\\/\\\/arjenoticias.com.mx\\\/?p=6252\"]}]},{\"@type\":\"ImageObject\",\"inLanguage\":\"es\",\"@id\":\"https:\\\/\\\/arjenoticias.com.mx\\\/?p=6252#primaryimage\",\"url\":\"\",\"contentUrl\":\"\"},{\"@type\":\"BreadcrumbList\",\"@id\":\"https:\\\/\\\/arjenoticias.com.mx\\\/?p=6252#breadcrumb\",\"itemListElement\":[{\"@type\":\"ListItem\",\"position\":1,\"name\":\"Inicio\",\"item\":\"https:\\\/\\\/arjenoticias.com.mx\\\/\"},{\"@type\":\"ListItem\",\"position\":2,\"name\":\"Sin comentarios\u2026\"}]},{\"@type\":\"WebSite\",\"@id\":\"https:\\\/\\\/arjenoticias.com.mx\\\/#website\",\"url\":\"https:\\\/\\\/arjenoticias.com.mx\\\/\",\"name\":\"arjenoticias.com.mx\",\"description\":\"\",\"publisher\":{\"@id\":\"https:\\\/\\\/arjenoticias.com.mx\\\/#organization\"},\"potentialAction\":[{\"@type\":\"SearchAction\",\"target\":{\"@type\":\"EntryPoint\",\"urlTemplate\":\"https:\\\/\\\/arjenoticias.com.mx\\\/?s={search_term_string}\"},\"query-input\":{\"@type\":\"PropertyValueSpecification\",\"valueRequired\":true,\"valueName\":\"search_term_string\"}}],\"inLanguage\":\"es\"},{\"@type\":\"Organization\",\"@id\":\"https:\\\/\\\/arjenoticias.com.mx\\\/#organization\",\"name\":\"Arj\u00e9 de M\u00e9xico Noticias\",\"url\":\"https:\\\/\\\/arjenoticias.com.mx\\\/\",\"logo\":{\"@type\":\"ImageObject\",\"inLanguage\":\"es\",\"@id\":\"https:\\\/\\\/arjenoticias.com.mx\\\/#\\\/schema\\\/logo\\\/image\\\/\",\"url\":\"https:\\\/\\\/arjenoticias.com.mx\\\/wp-content\\\/uploads\\\/2025\\\/07\\\/cropped-logo-scaled-1.png\",\"contentUrl\":\"https:\\\/\\\/arjenoticias.com.mx\\\/wp-content\\\/uploads\\\/2025\\\/07\\\/cropped-logo-scaled-1.png\",\"width\":2558,\"height\":558,\"caption\":\"Arj\u00e9 de M\u00e9xico Noticias\"},\"image\":{\"@id\":\"https:\\\/\\\/arjenoticias.com.mx\\\/#\\\/schema\\\/logo\\\/image\\\/\"}},{\"@type\":\"Person\",\"@id\":\"https:\\\/\\\/arjenoticias.com.mx\\\/#\\\/schema\\\/person\\\/1a41465c296e9e3df18e71b7dee74397\",\"name\":\"Edmundo Jacobo Molina\",\"image\":{\"@type\":\"ImageObject\",\"inLanguage\":\"es\",\"@id\":\"https:\\\/\\\/secure.gravatar.com\\\/avatar\\\/f2461446ec50fd3e1cde6a8b1c088e4507436d93ef72d758a4f583b3dcb40f56?s=96&d=mm&r=g\",\"url\":\"https:\\\/\\\/secure.gravatar.com\\\/avatar\\\/f2461446ec50fd3e1cde6a8b1c088e4507436d93ef72d758a4f583b3dcb40f56?s=96&d=mm&r=g\",\"contentUrl\":\"https:\\\/\\\/secure.gravatar.com\\\/avatar\\\/f2461446ec50fd3e1cde6a8b1c088e4507436d93ef72d758a4f583b3dcb40f56?s=96&d=mm&r=g\",\"caption\":\"Edmundo Jacobo Molina\"},\"url\":\"https:\\\/\\\/arjenoticias.com.mx\\\/?author=92\"}]}<\/script>\n<!-- \/ Yoast SEO plugin. -->","yoast_head_json":{"title":"Sin comentarios\u2026 -","description":"Corina Machado valiente y comprometida defensora de la paz, mujer que mantiene viva la llama de la democracia en medio de la creciente oscuridad\u201d.","robots":{"index":"index","follow":"follow","max-snippet":"max-snippet:-1","max-image-preview":"max-image-preview:large","max-video-preview":"max-video-preview:-1"},"canonical":"https:\/\/arjenoticias.com.mx\/?p=6252","og_locale":"es_MX","og_type":"article","og_title":"Sin comentarios\u2026 -","og_description":"Corina Machado valiente y comprometida defensora de la paz, mujer que mantiene viva la llama de la democracia en medio de la creciente oscuridad\u201d.","og_url":"https:\/\/arjenoticias.com.mx\/?p=6252","article_published_time":"2025-10-13T15:56:30+00:00","author":"Edmundo Jacobo Molina","twitter_card":"summary_large_image","twitter_misc":{"Escrito por":"Edmundo Jacobo Molina","Tiempo de lectura":"5 minutos"},"schema":{"@context":"https:\/\/schema.org","@graph":[{"@type":"Article","@id":"https:\/\/arjenoticias.com.mx\/?p=6252#article","isPartOf":{"@id":"https:\/\/arjenoticias.com.mx\/?p=6252"},"author":{"name":"Edmundo Jacobo Molina","@id":"https:\/\/arjenoticias.com.mx\/#\/schema\/person\/1a41465c296e9e3df18e71b7dee74397"},"headline":"Sin comentarios\u2026","datePublished":"2025-10-13T15:56:30+00:00","mainEntityOfPage":{"@id":"https:\/\/arjenoticias.com.mx\/?p=6252"},"wordCount":997,"publisher":{"@id":"https:\/\/arjenoticias.com.mx\/#organization"},"image":{"@id":"https:\/\/arjenoticias.com.mx\/?p=6252#primaryimage"},"thumbnailUrl":"","articleSection":["Opini\u00f3n"],"inLanguage":"es"},{"@type":"WebPage","@id":"https:\/\/arjenoticias.com.mx\/?p=6252","url":"https:\/\/arjenoticias.com.mx\/?p=6252","name":"Sin comentarios\u2026 -","isPartOf":{"@id":"https:\/\/arjenoticias.com.mx\/#website"},"primaryImageOfPage":{"@id":"https:\/\/arjenoticias.com.mx\/?p=6252#primaryimage"},"image":{"@id":"https:\/\/arjenoticias.com.mx\/?p=6252#primaryimage"},"thumbnailUrl":"","datePublished":"2025-10-13T15:56:30+00:00","description":"Corina Machado valiente y comprometida defensora de la paz, mujer que mantiene viva la llama de la democracia en medio de la creciente oscuridad\u201d.","breadcrumb":{"@id":"https:\/\/arjenoticias.com.mx\/?p=6252#breadcrumb"},"inLanguage":"es","potentialAction":[{"@type":"ReadAction","target":["https:\/\/arjenoticias.com.mx\/?p=6252"]}]},{"@type":"ImageObject","inLanguage":"es","@id":"https:\/\/arjenoticias.com.mx\/?p=6252#primaryimage","url":"","contentUrl":""},{"@type":"BreadcrumbList","@id":"https:\/\/arjenoticias.com.mx\/?p=6252#breadcrumb","itemListElement":[{"@type":"ListItem","position":1,"name":"Inicio","item":"https:\/\/arjenoticias.com.mx\/"},{"@type":"ListItem","position":2,"name":"Sin comentarios\u2026"}]},{"@type":"WebSite","@id":"https:\/\/arjenoticias.com.mx\/#website","url":"https:\/\/arjenoticias.com.mx\/","name":"arjenoticias.com.mx","description":"","publisher":{"@id":"https:\/\/arjenoticias.com.mx\/#organization"},"potentialAction":[{"@type":"SearchAction","target":{"@type":"EntryPoint","urlTemplate":"https:\/\/arjenoticias.com.mx\/?s={search_term_string}"},"query-input":{"@type":"PropertyValueSpecification","valueRequired":true,"valueName":"search_term_string"}}],"inLanguage":"es"},{"@type":"Organization","@id":"https:\/\/arjenoticias.com.mx\/#organization","name":"Arj\u00e9 de M\u00e9xico Noticias","url":"https:\/\/arjenoticias.com.mx\/","logo":{"@type":"ImageObject","inLanguage":"es","@id":"https:\/\/arjenoticias.com.mx\/#\/schema\/logo\/image\/","url":"https:\/\/arjenoticias.com.mx\/wp-content\/uploads\/2025\/07\/cropped-logo-scaled-1.png","contentUrl":"https:\/\/arjenoticias.com.mx\/wp-content\/uploads\/2025\/07\/cropped-logo-scaled-1.png","width":2558,"height":558,"caption":"Arj\u00e9 de M\u00e9xico Noticias"},"image":{"@id":"https:\/\/arjenoticias.com.mx\/#\/schema\/logo\/image\/"}},{"@type":"Person","@id":"https:\/\/arjenoticias.com.mx\/#\/schema\/person\/1a41465c296e9e3df18e71b7dee74397","name":"Edmundo Jacobo Molina","image":{"@type":"ImageObject","inLanguage":"es","@id":"https:\/\/secure.gravatar.com\/avatar\/f2461446ec50fd3e1cde6a8b1c088e4507436d93ef72d758a4f583b3dcb40f56?s=96&d=mm&r=g","url":"https:\/\/secure.gravatar.com\/avatar\/f2461446ec50fd3e1cde6a8b1c088e4507436d93ef72d758a4f583b3dcb40f56?s=96&d=mm&r=g","contentUrl":"https:\/\/secure.gravatar.com\/avatar\/f2461446ec50fd3e1cde6a8b1c088e4507436d93ef72d758a4f583b3dcb40f56?s=96&d=mm&r=g","caption":"Edmundo Jacobo Molina"},"url":"https:\/\/arjenoticias.com.mx\/?author=92"}]}},"_links":{"self":[{"href":"https:\/\/arjenoticias.com.mx\/index.php?rest_route=\/wp\/v2\/posts\/6252","targetHints":{"allow":["GET"]}}],"collection":[{"href":"https:\/\/arjenoticias.com.mx\/index.php?rest_route=\/wp\/v2\/posts"}],"about":[{"href":"https:\/\/arjenoticias.com.mx\/index.php?rest_route=\/wp\/v2\/types\/post"}],"author":[{"embeddable":true,"href":"https:\/\/arjenoticias.com.mx\/index.php?rest_route=\/wp\/v2\/users\/92"}],"replies":[{"embeddable":true,"href":"https:\/\/arjenoticias.com.mx\/index.php?rest_route=%2Fwp%2Fv2%2Fcomments&post=6252"}],"version-history":[{"count":0,"href":"https:\/\/arjenoticias.com.mx\/index.php?rest_route=\/wp\/v2\/posts\/6252\/revisions"}],"wp:attachment":[{"href":"https:\/\/arjenoticias.com.mx\/index.php?rest_route=%2Fwp%2Fv2%2Fmedia&parent=6252"}],"wp:term":[{"taxonomy":"category","embeddable":true,"href":"https:\/\/arjenoticias.com.mx\/index.php?rest_route=%2Fwp%2Fv2%2Fcategories&post=6252"},{"taxonomy":"post_tag","embeddable":true,"href":"https:\/\/arjenoticias.com.mx\/index.php?rest_route=%2Fwp%2Fv2%2Ftags&post=6252"}],"curies":[{"name":"wp","href":"https:\/\/api.w.org\/{rel}","templated":true}]}}