{"id":5987,"date":"2025-10-10T09:52:21","date_gmt":"2025-10-10T15:52:21","guid":{"rendered":"https:\/\/arjenoticias.com\/?p=5987"},"modified":"2025-10-10T09:52:21","modified_gmt":"2025-10-10T15:52:21","slug":"corina-machado-recibe-premio-nobel-de-la-paz-por-su-lucha-democratica-en-venezuela","status":"publish","type":"post","link":"https:\/\/arjenoticias.com.mx\/?p=5987","title":{"rendered":"Corina Machado recibe Premio Nobel de la Paz por su lucha democr\u00e1tica en Venezuela"},"content":{"rendered":"\n<p class=\"wp-block-paragraph\"><strong>Oslo, Noruega. \u2013<\/strong> La l\u00edder opositora venezolana <strong>Mar\u00eda Corina Machado<\/strong> fue galardonada este viernes con el <strong>Premio Nobel de la Paz 2025<\/strong>, en reconocimiento a su \u201cvaliente e incansable labor por la defensa de los derechos democr\u00e1ticos y civiles del pueblo venezolano\u201d, seg\u00fan anunci\u00f3 el Comit\u00e9 Noruego del Nobel.<\/p>\n\n\n\n<p class=\"wp-block-paragraph\">El jurado destac\u00f3 el papel de Machado en la promoci\u00f3n de una <strong>transici\u00f3n pac\u00edfica hacia la democracia<\/strong>, tras a\u00f1os de represi\u00f3n pol\u00edtica, crisis humanitaria y restricciones a las libertades en Venezuela.<\/p>\n\n\n\n<blockquote class=\"wp-block-quote is-layout-flow wp-block-quote-is-layout-flow\">\n<p class=\"wp-block-paragraph\">\u201cMachado ha demostrado un compromiso inquebrantable con la libertad, la justicia y la v\u00eda no violenta como camino hacia el cambio pol\u00edtico\u201d, se\u00f1al\u00f3 el comunicado oficial del Comit\u00e9.<\/p>\n<\/blockquote>\n\n\n\n<p class=\"wp-block-paragraph\">Desde su papel como fundadora del movimiento pol\u00edtico <strong>Vente Venezuela<\/strong>, Mar\u00eda Corina Machado ha sido una de las voces m\u00e1s visibles contra el r\u00e9gimen de Nicol\u00e1s Maduro. Su activismo le ha costado persecuci\u00f3n, inhabilitaciones pol\u00edticas y amenazas, sin que ello haya mermado su liderazgo dentro y fuera del pa\u00eds.<\/p>\n\n\n\n<p class=\"wp-block-paragraph\">La noticia gener\u00f3 reacciones inmediatas a nivel internacional. Gobiernos y organismos multilaterales celebraron el reconocimiento, consider\u00e1ndolo un mensaje de respaldo a las causas democr\u00e1ticas en Am\u00e9rica Latina.<\/p>\n\n\n\n<p class=\"wp-block-paragraph\">En Caracas, seguidores de la dirigente se congregaron espont\u00e1neamente en diversas plazas para celebrar el anuncio, ondeando banderas y coreando consignas por la libertad de Venezuela.<\/p>\n\n\n\n<p class=\"wp-block-paragraph\">Mar\u00eda Corina Machado, de 57 a\u00f1os, dedic\u00f3 el galard\u00f3n \u201ca todos los venezolanos que no se han rendido y que siguen so\u00f1ando con un pa\u00eds libre\u201d.<\/p>\n\n\n\n<blockquote class=\"wp-block-quote is-layout-flow wp-block-quote-is-layout-flow\">\n<p class=\"wp-block-paragraph\">\u201cEste premio no es para m\u00ed, sino para cada ciudadano que ha resistido con dignidad y esperanza. La lucha contin\u00faa, y ser\u00e1 siempre en paz\u201d, declar\u00f3 en un mensaje transmitido desde un lugar no revelado por motivos de seguridad.<\/p>\n<\/blockquote>\n\n\n\n<p class=\"wp-block-paragraph\">El <strong>Premio Nobel de la Paz 2025<\/strong> consolida a Machado como una de las figuras m\u00e1s influyentes de la pol\u00edtica latinoamericana contempor\u00e1nea y reaviva la atenci\u00f3n internacional sobre la situaci\u00f3n de derechos humanos en Venezuela.<\/p>\n\n\n\n<p class=\"wp-block-paragraph\"><\/p>\n","protected":false},"excerpt":{"rendered":"<p>Oslo, Noruega. \u2013 La l\u00edder opositora venezolana Mar\u00eda Corina Machado fue galardonada este viernes con&#8230;<\/p>\n","protected":false},"author":66,"featured_media":5988,"comment_status":"closed","ping_status":"closed","sticky":false,"template":"","format":"standard","meta":{"footnotes":""},"categories":[9],"tags":[2151],"class_list":["post-5987","post","type-post","status-publish","format-standard","has-post-thumbnail","hentry","category-mundo","tag-premio-nobel-de-la-paz"],"yoast_head":"<!-- This site is optimized with the Yoast SEO plugin v28.4 - https:\/\/yoast.com\/product\/yoast-seo-wordpress\/ -->\n<title>Corina Machado recibe Premio Nobel de la Paz por su lucha democr\u00e1tica en Venezuela -<\/title>\n<meta name=\"description\" content=\"La l\u00edder opositora venezolana Mar\u00eda Corina Machado fue galardonada este viernes con el Premio Nobel de la Paz 2025.\" \/>\n<meta name=\"robots\" content=\"index, follow, max-snippet:-1, max-image-preview:large, max-video-preview:-1\" \/>\n<link rel=\"canonical\" href=\"https:\/\/arjenoticias.com.mx\/?p=5987\" \/>\n<meta property=\"og:locale\" content=\"es_MX\" \/>\n<meta property=\"og:type\" content=\"article\" \/>\n<meta property=\"og:title\" content=\"Corina Machado recibe Premio Nobel de la Paz por su lucha democr\u00e1tica en Venezuela -\" \/>\n<meta property=\"og:description\" content=\"La l\u00edder opositora venezolana Mar\u00eda Corina Machado fue galardonada este viernes con el Premio Nobel de la Paz 2025.\" \/>\n<meta property=\"og:url\" content=\"https:\/\/arjenoticias.com.mx\/?p=5987\" \/>\n<meta property=\"article:published_time\" content=\"2025-10-10T15:52:21+00:00\" \/>\n<meta name=\"author\" content=\"Arj\u00e9 Noticias\" \/>\n<meta name=\"twitter:card\" content=\"summary_large_image\" \/>\n<meta name=\"twitter:label1\" content=\"Escrito por\" \/>\n\t<meta name=\"twitter:data1\" content=\"Arj\u00e9 Noticias\" \/>\n\t<meta name=\"twitter:label2\" content=\"Tiempo de lectura\" \/>\n\t<meta name=\"twitter:data2\" content=\"2 minutos\" \/>\n<script type=\"application\/ld+json\" class=\"yoast-schema-graph\">{\"@context\":\"https:\\\/\\\/schema.org\",\"@graph\":[{\"@type\":\"Article\",\"@id\":\"https:\\\/\\\/arjenoticias.com.mx\\\/?p=5987#article\",\"isPartOf\":{\"@id\":\"https:\\\/\\\/arjenoticias.com.mx\\\/?p=5987\"},\"author\":{\"name\":\"Arj\u00e9 Noticias\",\"@id\":\"https:\\\/\\\/arjenoticias.com.mx\\\/#\\\/schema\\\/person\\\/83f9fb68162b16794b69a8186dd31bc0\"},\"headline\":\"Corina Machado recibe Premio Nobel de la Paz por su lucha democr\u00e1tica en Venezuela\",\"datePublished\":\"2025-10-10T15:52:21+00:00\",\"mainEntityOfPage\":{\"@id\":\"https:\\\/\\\/arjenoticias.com.mx\\\/?p=5987\"},\"wordCount\":357,\"publisher\":{\"@id\":\"https:\\\/\\\/arjenoticias.com.mx\\\/#organization\"},\"image\":{\"@id\":\"https:\\\/\\\/arjenoticias.com.mx\\\/?p=5987#primaryimage\"},\"thumbnailUrl\":\"\",\"keywords\":[\"Premio Nobel de la Paz\"],\"articleSection\":[\"Mundo\"],\"inLanguage\":\"es\"},{\"@type\":\"WebPage\",\"@id\":\"https:\\\/\\\/arjenoticias.com.mx\\\/?p=5987\",\"url\":\"https:\\\/\\\/arjenoticias.com.mx\\\/?p=5987\",\"name\":\"Corina Machado recibe Premio Nobel de la Paz por su lucha democr\u00e1tica en Venezuela -\",\"isPartOf\":{\"@id\":\"https:\\\/\\\/arjenoticias.com.mx\\\/#website\"},\"primaryImageOfPage\":{\"@id\":\"https:\\\/\\\/arjenoticias.com.mx\\\/?p=5987#primaryimage\"},\"image\":{\"@id\":\"https:\\\/\\\/arjenoticias.com.mx\\\/?p=5987#primaryimage\"},\"thumbnailUrl\":\"\",\"datePublished\":\"2025-10-10T15:52:21+00:00\",\"description\":\"La l\u00edder opositora venezolana Mar\u00eda Corina Machado fue galardonada este viernes con el Premio Nobel de la Paz 2025.\",\"breadcrumb\":{\"@id\":\"https:\\\/\\\/arjenoticias.com.mx\\\/?p=5987#breadcrumb\"},\"inLanguage\":\"es\",\"potentialAction\":[{\"@type\":\"ReadAction\",\"target\":[\"https:\\\/\\\/arjenoticias.com.mx\\\/?p=5987\"]}]},{\"@type\":\"ImageObject\",\"inLanguage\":\"es\",\"@id\":\"https:\\\/\\\/arjenoticias.com.mx\\\/?p=5987#primaryimage\",\"url\":\"\",\"contentUrl\":\"\"},{\"@type\":\"BreadcrumbList\",\"@id\":\"https:\\\/\\\/arjenoticias.com.mx\\\/?p=5987#breadcrumb\",\"itemListElement\":[{\"@type\":\"ListItem\",\"position\":1,\"name\":\"Inicio\",\"item\":\"https:\\\/\\\/arjenoticias.com.mx\\\/\"},{\"@type\":\"ListItem\",\"position\":2,\"name\":\"Corina Machado recibe Premio Nobel de la Paz por su lucha democr\u00e1tica en Venezuela\"}]},{\"@type\":\"WebSite\",\"@id\":\"https:\\\/\\\/arjenoticias.com.mx\\\/#website\",\"url\":\"https:\\\/\\\/arjenoticias.com.mx\\\/\",\"name\":\"arjenoticias.com.mx\",\"description\":\"\",\"publisher\":{\"@id\":\"https:\\\/\\\/arjenoticias.com.mx\\\/#organization\"},\"potentialAction\":[{\"@type\":\"SearchAction\",\"target\":{\"@type\":\"EntryPoint\",\"urlTemplate\":\"https:\\\/\\\/arjenoticias.com.mx\\\/?s={search_term_string}\"},\"query-input\":{\"@type\":\"PropertyValueSpecification\",\"valueRequired\":true,\"valueName\":\"search_term_string\"}}],\"inLanguage\":\"es\"},{\"@type\":\"Organization\",\"@id\":\"https:\\\/\\\/arjenoticias.com.mx\\\/#organization\",\"name\":\"Arj\u00e9 de M\u00e9xico Noticias\",\"url\":\"https:\\\/\\\/arjenoticias.com.mx\\\/\",\"logo\":{\"@type\":\"ImageObject\",\"inLanguage\":\"es\",\"@id\":\"https:\\\/\\\/arjenoticias.com.mx\\\/#\\\/schema\\\/logo\\\/image\\\/\",\"url\":\"https:\\\/\\\/arjenoticias.com.mx\\\/wp-content\\\/uploads\\\/2025\\\/07\\\/cropped-logo-scaled-1.png\",\"contentUrl\":\"https:\\\/\\\/arjenoticias.com.mx\\\/wp-content\\\/uploads\\\/2025\\\/07\\\/cropped-logo-scaled-1.png\",\"width\":2558,\"height\":558,\"caption\":\"Arj\u00e9 de M\u00e9xico Noticias\"},\"image\":{\"@id\":\"https:\\\/\\\/arjenoticias.com.mx\\\/#\\\/schema\\\/logo\\\/image\\\/\"}},{\"@type\":\"Person\",\"@id\":\"https:\\\/\\\/arjenoticias.com.mx\\\/#\\\/schema\\\/person\\\/83f9fb68162b16794b69a8186dd31bc0\",\"name\":\"Arj\u00e9 Noticias\",\"image\":{\"@type\":\"ImageObject\",\"inLanguage\":\"es\",\"@id\":\"https:\\\/\\\/secure.gravatar.com\\\/avatar\\\/f604b88a0e24c04f3f89fae6b5400bfd6093d0999292a64803d3651d9d4a35a5?s=96&d=mm&r=g\",\"url\":\"https:\\\/\\\/secure.gravatar.com\\\/avatar\\\/f604b88a0e24c04f3f89fae6b5400bfd6093d0999292a64803d3651d9d4a35a5?s=96&d=mm&r=g\",\"contentUrl\":\"https:\\\/\\\/secure.gravatar.com\\\/avatar\\\/f604b88a0e24c04f3f89fae6b5400bfd6093d0999292a64803d3651d9d4a35a5?s=96&d=mm&r=g\",\"caption\":\"Arj\u00e9 Noticias\"},\"url\":\"https:\\\/\\\/arjenoticias.com.mx\\\/?author=66\"}]}<\/script>\n<!-- \/ Yoast SEO plugin. -->","yoast_head_json":{"title":"Corina Machado recibe Premio Nobel de la Paz por su lucha democr\u00e1tica en Venezuela -","description":"La l\u00edder opositora venezolana Mar\u00eda Corina Machado fue galardonada este viernes con el Premio Nobel de la Paz 2025.","robots":{"index":"index","follow":"follow","max-snippet":"max-snippet:-1","max-image-preview":"max-image-preview:large","max-video-preview":"max-video-preview:-1"},"canonical":"https:\/\/arjenoticias.com.mx\/?p=5987","og_locale":"es_MX","og_type":"article","og_title":"Corina Machado recibe Premio Nobel de la Paz por su lucha democr\u00e1tica en Venezuela -","og_description":"La l\u00edder opositora venezolana Mar\u00eda Corina Machado fue galardonada este viernes con el Premio Nobel de la Paz 2025.","og_url":"https:\/\/arjenoticias.com.mx\/?p=5987","article_published_time":"2025-10-10T15:52:21+00:00","author":"Arj\u00e9 Noticias","twitter_card":"summary_large_image","twitter_misc":{"Escrito por":"Arj\u00e9 Noticias","Tiempo de lectura":"2 minutos"},"schema":{"@context":"https:\/\/schema.org","@graph":[{"@type":"Article","@id":"https:\/\/arjenoticias.com.mx\/?p=5987#article","isPartOf":{"@id":"https:\/\/arjenoticias.com.mx\/?p=5987"},"author":{"name":"Arj\u00e9 Noticias","@id":"https:\/\/arjenoticias.com.mx\/#\/schema\/person\/83f9fb68162b16794b69a8186dd31bc0"},"headline":"Corina Machado recibe Premio Nobel de la Paz por su lucha democr\u00e1tica en Venezuela","datePublished":"2025-10-10T15:52:21+00:00","mainEntityOfPage":{"@id":"https:\/\/arjenoticias.com.mx\/?p=5987"},"wordCount":357,"publisher":{"@id":"https:\/\/arjenoticias.com.mx\/#organization"},"image":{"@id":"https:\/\/arjenoticias.com.mx\/?p=5987#primaryimage"},"thumbnailUrl":"","keywords":["Premio Nobel de la Paz"],"articleSection":["Mundo"],"inLanguage":"es"},{"@type":"WebPage","@id":"https:\/\/arjenoticias.com.mx\/?p=5987","url":"https:\/\/arjenoticias.com.mx\/?p=5987","name":"Corina Machado recibe Premio Nobel de la Paz por su lucha democr\u00e1tica en Venezuela -","isPartOf":{"@id":"https:\/\/arjenoticias.com.mx\/#website"},"primaryImageOfPage":{"@id":"https:\/\/arjenoticias.com.mx\/?p=5987#primaryimage"},"image":{"@id":"https:\/\/arjenoticias.com.mx\/?p=5987#primaryimage"},"thumbnailUrl":"","datePublished":"2025-10-10T15:52:21+00:00","description":"La l\u00edder opositora venezolana Mar\u00eda Corina Machado fue galardonada este viernes con el Premio Nobel de la Paz 2025.","breadcrumb":{"@id":"https:\/\/arjenoticias.com.mx\/?p=5987#breadcrumb"},"inLanguage":"es","potentialAction":[{"@type":"ReadAction","target":["https:\/\/arjenoticias.com.mx\/?p=5987"]}]},{"@type":"ImageObject","inLanguage":"es","@id":"https:\/\/arjenoticias.com.mx\/?p=5987#primaryimage","url":"","contentUrl":""},{"@type":"BreadcrumbList","@id":"https:\/\/arjenoticias.com.mx\/?p=5987#breadcrumb","itemListElement":[{"@type":"ListItem","position":1,"name":"Inicio","item":"https:\/\/arjenoticias.com.mx\/"},{"@type":"ListItem","position":2,"name":"Corina Machado recibe Premio Nobel de la Paz por su lucha democr\u00e1tica en Venezuela"}]},{"@type":"WebSite","@id":"https:\/\/arjenoticias.com.mx\/#website","url":"https:\/\/arjenoticias.com.mx\/","name":"arjenoticias.com.mx","description":"","publisher":{"@id":"https:\/\/arjenoticias.com.mx\/#organization"},"potentialAction":[{"@type":"SearchAction","target":{"@type":"EntryPoint","urlTemplate":"https:\/\/arjenoticias.com.mx\/?s={search_term_string}"},"query-input":{"@type":"PropertyValueSpecification","valueRequired":true,"valueName":"search_term_string"}}],"inLanguage":"es"},{"@type":"Organization","@id":"https:\/\/arjenoticias.com.mx\/#organization","name":"Arj\u00e9 de M\u00e9xico Noticias","url":"https:\/\/arjenoticias.com.mx\/","logo":{"@type":"ImageObject","inLanguage":"es","@id":"https:\/\/arjenoticias.com.mx\/#\/schema\/logo\/image\/","url":"https:\/\/arjenoticias.com.mx\/wp-content\/uploads\/2025\/07\/cropped-logo-scaled-1.png","contentUrl":"https:\/\/arjenoticias.com.mx\/wp-content\/uploads\/2025\/07\/cropped-logo-scaled-1.png","width":2558,"height":558,"caption":"Arj\u00e9 de M\u00e9xico Noticias"},"image":{"@id":"https:\/\/arjenoticias.com.mx\/#\/schema\/logo\/image\/"}},{"@type":"Person","@id":"https:\/\/arjenoticias.com.mx\/#\/schema\/person\/83f9fb68162b16794b69a8186dd31bc0","name":"Arj\u00e9 Noticias","image":{"@type":"ImageObject","inLanguage":"es","@id":"https:\/\/secure.gravatar.com\/avatar\/f604b88a0e24c04f3f89fae6b5400bfd6093d0999292a64803d3651d9d4a35a5?s=96&d=mm&r=g","url":"https:\/\/secure.gravatar.com\/avatar\/f604b88a0e24c04f3f89fae6b5400bfd6093d0999292a64803d3651d9d4a35a5?s=96&d=mm&r=g","contentUrl":"https:\/\/secure.gravatar.com\/avatar\/f604b88a0e24c04f3f89fae6b5400bfd6093d0999292a64803d3651d9d4a35a5?s=96&d=mm&r=g","caption":"Arj\u00e9 Noticias"},"url":"https:\/\/arjenoticias.com.mx\/?author=66"}]}},"_links":{"self":[{"href":"https:\/\/arjenoticias.com.mx\/index.php?rest_route=\/wp\/v2\/posts\/5987","targetHints":{"allow":["GET"]}}],"collection":[{"href":"https:\/\/arjenoticias.com.mx\/index.php?rest_route=\/wp\/v2\/posts"}],"about":[{"href":"https:\/\/arjenoticias.com.mx\/index.php?rest_route=\/wp\/v2\/types\/post"}],"author":[{"embeddable":true,"href":"https:\/\/arjenoticias.com.mx\/index.php?rest_route=\/wp\/v2\/users\/66"}],"replies":[{"embeddable":true,"href":"https:\/\/arjenoticias.com.mx\/index.php?rest_route=%2Fwp%2Fv2%2Fcomments&post=5987"}],"version-history":[{"count":0,"href":"https:\/\/arjenoticias.com.mx\/index.php?rest_route=\/wp\/v2\/posts\/5987\/revisions"}],"wp:attachment":[{"href":"https:\/\/arjenoticias.com.mx\/index.php?rest_route=%2Fwp%2Fv2%2Fmedia&parent=5987"}],"wp:term":[{"taxonomy":"category","embeddable":true,"href":"https:\/\/arjenoticias.com.mx\/index.php?rest_route=%2Fwp%2Fv2%2Fcategories&post=5987"},{"taxonomy":"post_tag","embeddable":true,"href":"https:\/\/arjenoticias.com.mx\/index.php?rest_route=%2Fwp%2Fv2%2Ftags&post=5987"}],"curies":[{"name":"wp","href":"https:\/\/api.w.org\/{rel}","templated":true}]}}