{"id":5917,"date":"2025-10-09T10:31:16","date_gmt":"2025-10-09T16:31:16","guid":{"rendered":"https:\/\/arjenoticias.com\/?p=5917"},"modified":"2025-10-09T10:31:16","modified_gmt":"2025-10-09T16:31:16","slug":"la-cosmovision-del-crimen-organizado","status":"publish","type":"post","link":"https:\/\/arjenoticias.com.mx\/?p=5917","title":{"rendered":"La cosmovisi\u00f3n del crimen organizado"},"content":{"rendered":"\n<p class=\"wp-block-paragraph\">El crimen organizado no solo opera a trav\u00e9s de la violencia o el control territorial, sino que se sustenta en un sistema de creencias que desaf\u00eda los valores tradicionales de la sociedad. Autores como Luis Astorga, Carlos Resa Nestares y Diego Gambetta han analizado esta \u201cmoral\u201d alternativa, un conjunto de normas y valores que trastoca lo que consideramos justo, leg\u00edtimo o bueno.&nbsp;<\/p>\n\n\n\n<p class=\"wp-block-paragraph\">Este sistema de pensamiento no solo define a las organizaciones criminales, sino que se ha infiltrado en la cultura, la pol\u00edtica, el mundo de los negocios y hasta la vida cotidiana de nuestras sociedades. A continuaci\u00f3n, exploramos sus caracter\u00edsticas principales y su impacto.<\/p>\n\n\n\n<p class=\"wp-block-paragraph\"><strong>Los pilares del pensamiento criminal<\/strong><\/p>\n\n\n\n<p class=\"wp-block-paragraph\">El crimen organizado opera bajo un c\u00f3digo propio que sustituye los valores \u00e9ticos tradicionales. Estas son sus caracter\u00edsticas esenciales:<\/p>\n\n\n\n<ol class=\"wp-block-list\">\n<li><strong>La lealtad al grupo por encima de la ley<\/strong>: La obediencia a las normas legales es reemplazada por una fidelidad absoluta al clan o la organizaci\u00f3n. La ley no es vista como un l\u00edmite, sino como un obst\u00e1culo para sus objetivos.<\/li>\n\n\n\n<li><strong>El poder como fin supremo<\/strong>: La b\u00fasqueda de control absoluto, sin importar los medios, sustituye valores como el trabajo honesto, el m\u00e9rito o la bondad. El poder se convierte en la medida del \u00e9xito.<\/li>\n\n\n\n<li><strong>El materialismo como meta<\/strong>: El \u00e9xito se mide en bienes materiales \u2014dinero, propiedades, lujos\u2014 que atraen a quienes forman parte de este sistema. La frase \u201ctroca, arma y vieja\u201d encapsula esta visi\u00f3n reduccionista.<\/li>\n\n\n\n<li><strong>La violencia como herramienta leg\u00edtima<\/strong>: Los medios, incluidos la intimidaci\u00f3n y el asesinato, se justifican como instrumentos de control o justicia interna.<\/li>\n\n\n\n<li><strong>La negaci\u00f3n de la trascendencia<\/strong>: En esta cosmovisi\u00f3n, no hay un sentido superior de la vida ni creencia en Dios. \u201cEl cielo y el infierno est\u00e1n aqu\u00ed\u201d, dicen, asumiendo la muerte como un destino inevitable y justificando el hedonismo desenfrenado.<\/li>\n\n\n\n<li><strong>Sustituci\u00f3n de Dios por \u00eddolos<\/strong>: En lugar de un compromiso \u00e9tico o espiritual con un Dios de bondad y bien, se recurre a deidades o pr\u00e1cticas que protejan o satisfagan sus deseos inmediatos, desde \u201climpias\u201d y chamanismos hasta rituales extremos, como sacrificios de sangre, que son m\u00e1s perurbadores.<\/li>\n\n\n\n<li><strong>La narcocultura como propaganda<\/strong>: Este sistema se glorifica a trav\u00e9s de canciones, series y pel\u00edculas que romantizan la vida criminal, proyectando sus valores como un estilo de vida aspiracional.<\/li>\n<\/ol>\n\n\n\n<p class=\"wp-block-paragraph\"><strong>El impacto en la sociedad<\/strong><\/p>\n\n\n\n<p class=\"wp-block-paragraph\">Esta cosmovisi\u00f3n no se limita a los c\u00e1rteles; ha permeado la cultura pol\u00edtica y empresarial, transformando la forma en que las personas entienden el \u00e9xito, la lealtad y la justicia. En un mundo donde el Estado y la familia fallan en proveer seguridad y valores, el crimen organizado llena el vac\u00edo, ofreciendo un modelo de vida que celebra el riesgo, la fuerza y el privilegio por encima de la cooperaci\u00f3n, la empat\u00eda o el bien com\u00fan.<\/p>\n\n\n\n<p class=\"wp-block-paragraph\">La moral tradicional, que promueve el equilibrio y la preservaci\u00f3n de la vida, pierde terreno frente a esta \u2018cultura\u2019 criminal. Donde la civilizaci\u00f3n establece l\u00edmites \u2014como sem\u00e1foros que regulan el caos\u2014, la narcocultura exalta el deseo sin freno, derribando toda norma en pos del control total. Un lugar donde la ley no es la ley.<\/p>\n\n\n\n<p class=\"wp-block-paragraph\">En ese vac\u00edo moral, el crimen no solo impone su ley: propone su propio modo de entender la vida.<\/p>\n","protected":false},"excerpt":{"rendered":"<p>El crimen organizado no solo opera a trav\u00e9s de la violencia o el control territorial,&#8230;<\/p>\n","protected":false},"author":110,"featured_media":5933,"comment_status":"closed","ping_status":"closed","sticky":false,"template":"","format":"standard","meta":{"footnotes":""},"categories":[12],"tags":[529],"class_list":["post-5917","post","type-post","status-publish","format-standard","has-post-thumbnail","hentry","category-opinion","tag-crimen-organizado-tiene-su-propio-microcosmo"],"yoast_head":"<!-- This site is optimized with the Yoast SEO plugin v28.4 - https:\/\/yoast.com\/product\/yoast-seo-wordpress\/ -->\n<title>La cosmovisi\u00f3n del crimen organizado -<\/title>\n<meta name=\"robots\" content=\"index, follow, max-snippet:-1, max-image-preview:large, max-video-preview:-1\" \/>\n<link rel=\"canonical\" href=\"https:\/\/arjenoticias.com.mx\/?p=5917\" \/>\n<meta property=\"og:locale\" content=\"es_MX\" \/>\n<meta property=\"og:type\" content=\"article\" \/>\n<meta property=\"og:title\" content=\"La cosmovisi\u00f3n del crimen organizado -\" \/>\n<meta property=\"og:description\" content=\"El crimen organizado no solo opera a trav\u00e9s de la violencia o el control territorial,...\" \/>\n<meta property=\"og:url\" content=\"https:\/\/arjenoticias.com.mx\/?p=5917\" \/>\n<meta property=\"article:published_time\" content=\"2025-10-09T16:31:16+00:00\" \/>\n<meta name=\"author\" content=\"Dar\u00edo Mendoza\" \/>\n<meta name=\"twitter:card\" content=\"summary_large_image\" \/>\n<meta name=\"twitter:label1\" content=\"Escrito por\" \/>\n\t<meta name=\"twitter:data1\" content=\"Dar\u00edo Mendoza\" \/>\n\t<meta name=\"twitter:label2\" content=\"Tiempo de lectura\" \/>\n\t<meta name=\"twitter:data2\" content=\"3 minutos\" \/>\n<script type=\"application\/ld+json\" class=\"yoast-schema-graph\">{\"@context\":\"https:\\\/\\\/schema.org\",\"@graph\":[{\"@type\":\"Article\",\"@id\":\"https:\\\/\\\/arjenoticias.com.mx\\\/?p=5917#article\",\"isPartOf\":{\"@id\":\"https:\\\/\\\/arjenoticias.com.mx\\\/?p=5917\"},\"author\":{\"name\":\"Dar\u00edo Mendoza\",\"@id\":\"https:\\\/\\\/arjenoticias.com.mx\\\/#\\\/schema\\\/person\\\/c4476dc5fce7609a57870e766747cf71\"},\"headline\":\"La cosmovisi\u00f3n del crimen organizado\",\"datePublished\":\"2025-10-09T16:31:16+00:00\",\"mainEntityOfPage\":{\"@id\":\"https:\\\/\\\/arjenoticias.com.mx\\\/?p=5917\"},\"wordCount\":574,\"publisher\":{\"@id\":\"https:\\\/\\\/arjenoticias.com.mx\\\/#organization\"},\"image\":{\"@id\":\"https:\\\/\\\/arjenoticias.com.mx\\\/?p=5917#primaryimage\"},\"thumbnailUrl\":\"\",\"keywords\":[\"Crimen organizado tiene su propio microcosmo\"],\"articleSection\":[\"Opini\u00f3n\"],\"inLanguage\":\"es\"},{\"@type\":\"WebPage\",\"@id\":\"https:\\\/\\\/arjenoticias.com.mx\\\/?p=5917\",\"url\":\"https:\\\/\\\/arjenoticias.com.mx\\\/?p=5917\",\"name\":\"La cosmovisi\u00f3n del crimen organizado -\",\"isPartOf\":{\"@id\":\"https:\\\/\\\/arjenoticias.com.mx\\\/#website\"},\"primaryImageOfPage\":{\"@id\":\"https:\\\/\\\/arjenoticias.com.mx\\\/?p=5917#primaryimage\"},\"image\":{\"@id\":\"https:\\\/\\\/arjenoticias.com.mx\\\/?p=5917#primaryimage\"},\"thumbnailUrl\":\"\",\"datePublished\":\"2025-10-09T16:31:16+00:00\",\"breadcrumb\":{\"@id\":\"https:\\\/\\\/arjenoticias.com.mx\\\/?p=5917#breadcrumb\"},\"inLanguage\":\"es\",\"potentialAction\":[{\"@type\":\"ReadAction\",\"target\":[\"https:\\\/\\\/arjenoticias.com.mx\\\/?p=5917\"]}]},{\"@type\":\"ImageObject\",\"inLanguage\":\"es\",\"@id\":\"https:\\\/\\\/arjenoticias.com.mx\\\/?p=5917#primaryimage\",\"url\":\"\",\"contentUrl\":\"\"},{\"@type\":\"BreadcrumbList\",\"@id\":\"https:\\\/\\\/arjenoticias.com.mx\\\/?p=5917#breadcrumb\",\"itemListElement\":[{\"@type\":\"ListItem\",\"position\":1,\"name\":\"Inicio\",\"item\":\"https:\\\/\\\/arjenoticias.com.mx\\\/\"},{\"@type\":\"ListItem\",\"position\":2,\"name\":\"La cosmovisi\u00f3n del crimen organizado\"}]},{\"@type\":\"WebSite\",\"@id\":\"https:\\\/\\\/arjenoticias.com.mx\\\/#website\",\"url\":\"https:\\\/\\\/arjenoticias.com.mx\\\/\",\"name\":\"arjenoticias.com.mx\",\"description\":\"\",\"publisher\":{\"@id\":\"https:\\\/\\\/arjenoticias.com.mx\\\/#organization\"},\"potentialAction\":[{\"@type\":\"SearchAction\",\"target\":{\"@type\":\"EntryPoint\",\"urlTemplate\":\"https:\\\/\\\/arjenoticias.com.mx\\\/?s={search_term_string}\"},\"query-input\":{\"@type\":\"PropertyValueSpecification\",\"valueRequired\":true,\"valueName\":\"search_term_string\"}}],\"inLanguage\":\"es\"},{\"@type\":\"Organization\",\"@id\":\"https:\\\/\\\/arjenoticias.com.mx\\\/#organization\",\"name\":\"Arj\u00e9 de M\u00e9xico Noticias\",\"url\":\"https:\\\/\\\/arjenoticias.com.mx\\\/\",\"logo\":{\"@type\":\"ImageObject\",\"inLanguage\":\"es\",\"@id\":\"https:\\\/\\\/arjenoticias.com.mx\\\/#\\\/schema\\\/logo\\\/image\\\/\",\"url\":\"https:\\\/\\\/arjenoticias.com.mx\\\/wp-content\\\/uploads\\\/2025\\\/07\\\/cropped-logo-scaled-1.png\",\"contentUrl\":\"https:\\\/\\\/arjenoticias.com.mx\\\/wp-content\\\/uploads\\\/2025\\\/07\\\/cropped-logo-scaled-1.png\",\"width\":2558,\"height\":558,\"caption\":\"Arj\u00e9 de M\u00e9xico Noticias\"},\"image\":{\"@id\":\"https:\\\/\\\/arjenoticias.com.mx\\\/#\\\/schema\\\/logo\\\/image\\\/\"}},{\"@type\":\"Person\",\"@id\":\"https:\\\/\\\/arjenoticias.com.mx\\\/#\\\/schema\\\/person\\\/c4476dc5fce7609a57870e766747cf71\",\"name\":\"Dar\u00edo Mendoza\",\"image\":{\"@type\":\"ImageObject\",\"inLanguage\":\"es\",\"@id\":\"https:\\\/\\\/secure.gravatar.com\\\/avatar\\\/8c5e77208236ecd5de2f7ba5d685bc38d61a0026a4021594adb1b3353fcf385b?s=96&d=mm&r=g\",\"url\":\"https:\\\/\\\/secure.gravatar.com\\\/avatar\\\/8c5e77208236ecd5de2f7ba5d685bc38d61a0026a4021594adb1b3353fcf385b?s=96&d=mm&r=g\",\"contentUrl\":\"https:\\\/\\\/secure.gravatar.com\\\/avatar\\\/8c5e77208236ecd5de2f7ba5d685bc38d61a0026a4021594adb1b3353fcf385b?s=96&d=mm&r=g\",\"caption\":\"Dar\u00edo Mendoza\"},\"url\":\"https:\\\/\\\/arjenoticias.com.mx\\\/?author=110\"}]}<\/script>\n<!-- \/ Yoast SEO plugin. -->","yoast_head_json":{"title":"La cosmovisi\u00f3n del crimen organizado -","robots":{"index":"index","follow":"follow","max-snippet":"max-snippet:-1","max-image-preview":"max-image-preview:large","max-video-preview":"max-video-preview:-1"},"canonical":"https:\/\/arjenoticias.com.mx\/?p=5917","og_locale":"es_MX","og_type":"article","og_title":"La cosmovisi\u00f3n del crimen organizado -","og_description":"El crimen organizado no solo opera a trav\u00e9s de la violencia o el control territorial,...","og_url":"https:\/\/arjenoticias.com.mx\/?p=5917","article_published_time":"2025-10-09T16:31:16+00:00","author":"Dar\u00edo Mendoza","twitter_card":"summary_large_image","twitter_misc":{"Escrito por":"Dar\u00edo Mendoza","Tiempo de lectura":"3 minutos"},"schema":{"@context":"https:\/\/schema.org","@graph":[{"@type":"Article","@id":"https:\/\/arjenoticias.com.mx\/?p=5917#article","isPartOf":{"@id":"https:\/\/arjenoticias.com.mx\/?p=5917"},"author":{"name":"Dar\u00edo Mendoza","@id":"https:\/\/arjenoticias.com.mx\/#\/schema\/person\/c4476dc5fce7609a57870e766747cf71"},"headline":"La cosmovisi\u00f3n del crimen organizado","datePublished":"2025-10-09T16:31:16+00:00","mainEntityOfPage":{"@id":"https:\/\/arjenoticias.com.mx\/?p=5917"},"wordCount":574,"publisher":{"@id":"https:\/\/arjenoticias.com.mx\/#organization"},"image":{"@id":"https:\/\/arjenoticias.com.mx\/?p=5917#primaryimage"},"thumbnailUrl":"","keywords":["Crimen organizado tiene su propio microcosmo"],"articleSection":["Opini\u00f3n"],"inLanguage":"es"},{"@type":"WebPage","@id":"https:\/\/arjenoticias.com.mx\/?p=5917","url":"https:\/\/arjenoticias.com.mx\/?p=5917","name":"La cosmovisi\u00f3n del crimen organizado -","isPartOf":{"@id":"https:\/\/arjenoticias.com.mx\/#website"},"primaryImageOfPage":{"@id":"https:\/\/arjenoticias.com.mx\/?p=5917#primaryimage"},"image":{"@id":"https:\/\/arjenoticias.com.mx\/?p=5917#primaryimage"},"thumbnailUrl":"","datePublished":"2025-10-09T16:31:16+00:00","breadcrumb":{"@id":"https:\/\/arjenoticias.com.mx\/?p=5917#breadcrumb"},"inLanguage":"es","potentialAction":[{"@type":"ReadAction","target":["https:\/\/arjenoticias.com.mx\/?p=5917"]}]},{"@type":"ImageObject","inLanguage":"es","@id":"https:\/\/arjenoticias.com.mx\/?p=5917#primaryimage","url":"","contentUrl":""},{"@type":"BreadcrumbList","@id":"https:\/\/arjenoticias.com.mx\/?p=5917#breadcrumb","itemListElement":[{"@type":"ListItem","position":1,"name":"Inicio","item":"https:\/\/arjenoticias.com.mx\/"},{"@type":"ListItem","position":2,"name":"La cosmovisi\u00f3n del crimen organizado"}]},{"@type":"WebSite","@id":"https:\/\/arjenoticias.com.mx\/#website","url":"https:\/\/arjenoticias.com.mx\/","name":"arjenoticias.com.mx","description":"","publisher":{"@id":"https:\/\/arjenoticias.com.mx\/#organization"},"potentialAction":[{"@type":"SearchAction","target":{"@type":"EntryPoint","urlTemplate":"https:\/\/arjenoticias.com.mx\/?s={search_term_string}"},"query-input":{"@type":"PropertyValueSpecification","valueRequired":true,"valueName":"search_term_string"}}],"inLanguage":"es"},{"@type":"Organization","@id":"https:\/\/arjenoticias.com.mx\/#organization","name":"Arj\u00e9 de M\u00e9xico Noticias","url":"https:\/\/arjenoticias.com.mx\/","logo":{"@type":"ImageObject","inLanguage":"es","@id":"https:\/\/arjenoticias.com.mx\/#\/schema\/logo\/image\/","url":"https:\/\/arjenoticias.com.mx\/wp-content\/uploads\/2025\/07\/cropped-logo-scaled-1.png","contentUrl":"https:\/\/arjenoticias.com.mx\/wp-content\/uploads\/2025\/07\/cropped-logo-scaled-1.png","width":2558,"height":558,"caption":"Arj\u00e9 de M\u00e9xico Noticias"},"image":{"@id":"https:\/\/arjenoticias.com.mx\/#\/schema\/logo\/image\/"}},{"@type":"Person","@id":"https:\/\/arjenoticias.com.mx\/#\/schema\/person\/c4476dc5fce7609a57870e766747cf71","name":"Dar\u00edo Mendoza","image":{"@type":"ImageObject","inLanguage":"es","@id":"https:\/\/secure.gravatar.com\/avatar\/8c5e77208236ecd5de2f7ba5d685bc38d61a0026a4021594adb1b3353fcf385b?s=96&d=mm&r=g","url":"https:\/\/secure.gravatar.com\/avatar\/8c5e77208236ecd5de2f7ba5d685bc38d61a0026a4021594adb1b3353fcf385b?s=96&d=mm&r=g","contentUrl":"https:\/\/secure.gravatar.com\/avatar\/8c5e77208236ecd5de2f7ba5d685bc38d61a0026a4021594adb1b3353fcf385b?s=96&d=mm&r=g","caption":"Dar\u00edo Mendoza"},"url":"https:\/\/arjenoticias.com.mx\/?author=110"}]}},"_links":{"self":[{"href":"https:\/\/arjenoticias.com.mx\/index.php?rest_route=\/wp\/v2\/posts\/5917","targetHints":{"allow":["GET"]}}],"collection":[{"href":"https:\/\/arjenoticias.com.mx\/index.php?rest_route=\/wp\/v2\/posts"}],"about":[{"href":"https:\/\/arjenoticias.com.mx\/index.php?rest_route=\/wp\/v2\/types\/post"}],"author":[{"embeddable":true,"href":"https:\/\/arjenoticias.com.mx\/index.php?rest_route=\/wp\/v2\/users\/110"}],"replies":[{"embeddable":true,"href":"https:\/\/arjenoticias.com.mx\/index.php?rest_route=%2Fwp%2Fv2%2Fcomments&post=5917"}],"version-history":[{"count":0,"href":"https:\/\/arjenoticias.com.mx\/index.php?rest_route=\/wp\/v2\/posts\/5917\/revisions"}],"wp:attachment":[{"href":"https:\/\/arjenoticias.com.mx\/index.php?rest_route=%2Fwp%2Fv2%2Fmedia&parent=5917"}],"wp:term":[{"taxonomy":"category","embeddable":true,"href":"https:\/\/arjenoticias.com.mx\/index.php?rest_route=%2Fwp%2Fv2%2Fcategories&post=5917"},{"taxonomy":"post_tag","embeddable":true,"href":"https:\/\/arjenoticias.com.mx\/index.php?rest_route=%2Fwp%2Fv2%2Ftags&post=5917"}],"curies":[{"name":"wp","href":"https:\/\/api.w.org\/{rel}","templated":true}]}}