{"id":5771,"date":"2025-10-07T16:15:11","date_gmt":"2025-10-07T22:15:11","guid":{"rendered":"https:\/\/arjenoticias.com\/?p=5771"},"modified":"2025-10-07T16:15:11","modified_gmt":"2025-10-07T22:15:11","slug":"secretaria-de-educacion-debe-informar-sobre-resultados-de-prevencion-perla-villarreal","status":"publish","type":"post","link":"https:\/\/arjenoticias.com.mx\/?p=5771","title":{"rendered":"Secretar\u00eda de Educaci\u00f3n debe informar sobre resultados de prevenci\u00f3n: Perla Villarreal"},"content":{"rendered":"\n<p class=\"wp-block-paragraph\">La Coordinadora del Grupo Legislativo del PRD, Perla Villarreal Valdez, conmin\u00f3 a la Secretar\u00eda de Educaci\u00f3n a que informe qu\u00e9 acciones emprendi\u00f3 en el marco de la Jornada de Concientizaci\u00f3n sobre la Gravedad del Abuso Sexual y el Maltrato Infantil, celebrada el pasado 8 de septiembre de 2025.<\/p>\n\n\n\n<p class=\"wp-block-paragraph\">En el documento le\u00eddo en tribuna, la presidenta de la Comisi\u00f3n de Educaci\u00f3n exigi\u00f3 que se den a conocer los resultados obtenidos y los avances en la elaboraci\u00f3n del protocolo estatal de prevenci\u00f3n, atenci\u00f3n y sanci\u00f3n de la violencia sexual infantil, ordenado por el Poder Judicial de la Federaci\u00f3n.<\/p>\n\n\n\n<p class=\"wp-block-paragraph\">&#8220;La Secretar\u00eda de Educaci\u00f3n debe mantenerse vigilante del cumplimiento de las obligaciones en materia de protecci\u00f3n, prevenci\u00f3n y garant\u00eda de los derechos de ni\u00f1as, ni\u00f1os y adolescentes, para asegurarles entornos seguros, libres de violencia y respetuosos de su dignidad&#8221;, reiter\u00f3.<\/p>\n\n\n\n<p class=\"wp-block-paragraph\">&#8220;La protecci\u00f3n de la infancia no puede depender de la improvisaci\u00f3n, ni de la voluntad individual. Es un compromiso institucional y moral. La violencia sexual infantil no se combate con discursos, sino con protocolos, formaci\u00f3n, justicia y voluntad pol\u00edtica&#8221;, expres\u00f3 la Coordinadora.<\/p>\n\n\n\n<p class=\"wp-block-paragraph\">Cabe mencionar que el Poder Judicial de la Federaci\u00f3n otorg\u00f3 una suspensi\u00f3n definitiva que obliga a la Presidencia de la Rep\u00fablica, a la Secretar\u00eda de Educaci\u00f3n P\u00fablica y a las autoridades estatales a implementar protocolos escolares de prevenci\u00f3n y atenci\u00f3n ante la violencia sexual infantil. Y el plazo l\u00edmite para informar a la autoridad judicial vence el pr\u00f3ximo 8 de octubre de 2025.<\/p>\n\n\n\n<p class=\"wp-block-paragraph\">En el exhorto que se aprob\u00f3 por unanimidad, Villarreal Valdez resalt\u00f3 que Nuevo Le\u00f3n ocupa el quinto lugar nacional con mayor n\u00famero de v\u00edctimas y que entre 2022 y 2023 la incidencia aument\u00f3 37.3%, evidenciando una tendencia preocupante.<\/p>\n\n\n\n<p class=\"wp-block-paragraph\">&#8220;El 95% de los delitos sexuales contra menores no se denuncian, y que seis de cada diez madres, padres y docentes no saben c\u00f3mo identificar ni actuar ante una situaci\u00f3n de abuso, lo que perpet\u00faa el silencio y la impunidad&#8221;, asegur\u00f3.<\/p>\n\n\n\n<p class=\"wp-block-paragraph\">&#8220;Uno de cada cuatro ni\u00f1as y uno de cada seis ni\u00f1os ha sufrido alg\u00fan tipo de violencia sexual, y el 85% de los casos son cometidos por personas cercanas&#8221;, agreg\u00f3.<\/p>\n\n\n\n<p class=\"wp-block-paragraph\">M\u00e9xico se encuentra entre los primeros lugares de la OCDE en incidencia de violencia sexual contra menores, y que los espacios escolares &#8211;que deber\u00edan ser entornos seguros&#8211; se han convertido, en muchos casos, en escenarios de agresi\u00f3n.<\/p>\n\n\n\n<p class=\"wp-block-paragraph\">En el documento le\u00eddo en tribuna, la presidenta de la Comisi\u00f3n de Educaci\u00f3n exigi\u00f3 que se den a conocer los resultados obtenidos y los avances en la elaboraci\u00f3n del protocolo estatal de prevenci\u00f3n, atenci\u00f3n y sanci\u00f3n de la violencia sexual infantil, ordenado por el Poder Judicial de la Federaci\u00f3n.<\/p>\n\n\n\n<p class=\"wp-block-paragraph\">&#8220;La Secretar\u00eda de Educaci\u00f3n debe mantenerse vigilante del cumplimiento de las obligaciones en materia de protecci\u00f3n, prevenci\u00f3n y garant\u00eda de los derechos de ni\u00f1as, ni\u00f1os y adolescentes, para asegurarles entornos seguros, libres de violencia y respetuosos de su dignidad&#8221;, reiter\u00f3.<\/p>\n\n\n\n<p class=\"wp-block-paragraph\">&#8220;La protecci\u00f3n de la infancia no puede depender de la improvisaci\u00f3n, ni de la voluntad individual. Es un compromiso institucional y moral. La violencia sexual infantil no se combate con discursos, sino con protocolos, formaci\u00f3n, justicia y voluntad pol\u00edtica&#8221;, expres\u00f3 la Coordinadora.<\/p>\n\n\n\n<p class=\"wp-block-paragraph\">Cabe mencionar que el Poder Judicial de la Federaci\u00f3n otorg\u00f3 una suspensi\u00f3n definitiva que obliga a la Presidencia de la Rep\u00fablica, a la Secretar\u00eda de Educaci\u00f3n P\u00fablica y a las autoridades estatales a implementar protocolos escolares de prevenci\u00f3n y atenci\u00f3n ante la violencia sexual infantil. Y el plazo l\u00edmite para informar a la autoridad judicial vence el pr\u00f3ximo 8 de octubre de 2025.<\/p>\n\n\n\n<p class=\"wp-block-paragraph\">En el exhorto que se aprob\u00f3 por unanimidad, Villarreal Valdez resalt\u00f3 que Nuevo Le\u00f3n ocupa el quinto lugar nacional con mayor n\u00famero de v\u00edctimas y que entre 2022 y 2023 la incidencia aument\u00f3 37.3%, evidenciando una tendencia preocupante.<\/p>\n\n\n\n<p class=\"wp-block-paragraph\">&#8220;El 95% de los delitos sexuales contra menores no se denuncian, y que seis de cada diez madres, padres y docentes no saben c\u00f3mo identificar ni actuar ante una situaci\u00f3n de abuso, lo que perpet\u00faa el silencio y la impunidad&#8221;, asegur\u00f3.<\/p>\n\n\n\n<p class=\"wp-block-paragraph\">&#8220;Uno de cada cuatro ni\u00f1as y uno de cada seis ni\u00f1os ha sufrido alg\u00fan tipo de violencia sexual, y el 85% de los casos son cometidos por personas cercanas&#8221;, agreg\u00f3.<\/p>\n\n\n\n<p class=\"wp-block-paragraph\">M\u00e9xico se encuentra entre los primeros lugares de la OCDE en incidencia de violencia sexual contra menores, y que los espacios escolares &#8211;que deber\u00edan ser entornos seguros&#8211; se han convertido, en muchos casos, en escenarios de agresi\u00f3n.<\/p>\n","protected":false},"excerpt":{"rendered":"<p>La Coordinadora del Grupo Legislativo del PRD, Perla Villarreal Valdez, conmin\u00f3 a la Secretar\u00eda de&#8230;<\/p>\n","protected":false},"author":67,"featured_media":5772,"comment_status":"closed","ping_status":"closed","sticky":false,"template":"","format":"standard","meta":{"footnotes":""},"categories":[4],"tags":[],"class_list":["post-5771","post","type-post","status-publish","format-standard","has-post-thumbnail","hentry","category-ciudad"],"yoast_head":"<!-- This site is optimized with the Yoast SEO plugin v28.4 - https:\/\/yoast.com\/product\/yoast-seo-wordpress\/ -->\n<title>Secretar\u00eda de Educaci\u00f3n debe informar sobre resultados de prevenci\u00f3n: Perla Villarreal -<\/title>\n<meta name=\"description\" content=\"En el documento le\u00eddo en tribuna, la presidenta de la Comisi\u00f3n de Educaci\u00f3n exigi\u00f3 que se den a conocer los resultados obtenidos y los avances en la elaboraci\u00f3n del protocolo estatal de prevenci\u00f3n, atenci\u00f3n y sanci\u00f3n de la violencia sexual infantil, ordenado por el Poder Judicial de la Federaci\u00f3n.\" \/>\n<meta name=\"robots\" content=\"index, follow, max-snippet:-1, max-image-preview:large, max-video-preview:-1\" \/>\n<link rel=\"canonical\" href=\"https:\/\/arjenoticias.com.mx\/?p=5771\" \/>\n<meta property=\"og:locale\" content=\"es_MX\" \/>\n<meta property=\"og:type\" content=\"article\" \/>\n<meta property=\"og:title\" content=\"Secretar\u00eda de Educaci\u00f3n debe informar sobre resultados de prevenci\u00f3n: Perla Villarreal -\" \/>\n<meta property=\"og:description\" content=\"En el documento le\u00eddo en tribuna, la presidenta de la Comisi\u00f3n de Educaci\u00f3n exigi\u00f3 que se den a conocer los resultados obtenidos y los avances en la elaboraci\u00f3n del protocolo estatal de prevenci\u00f3n, atenci\u00f3n y sanci\u00f3n de la violencia sexual infantil, ordenado por el Poder Judicial de la Federaci\u00f3n.\" \/>\n<meta property=\"og:url\" content=\"https:\/\/arjenoticias.com.mx\/?p=5771\" \/>\n<meta property=\"article:published_time\" content=\"2025-10-07T22:15:11+00:00\" \/>\n<meta name=\"author\" content=\"Teresa Sep\u00falveda Elizondo\" \/>\n<meta name=\"twitter:card\" content=\"summary_large_image\" \/>\n<meta name=\"twitter:label1\" content=\"Escrito por\" \/>\n\t<meta name=\"twitter:data1\" content=\"Teresa Sep\u00falveda Elizondo\" \/>\n\t<meta name=\"twitter:label2\" content=\"Tiempo de lectura\" \/>\n\t<meta name=\"twitter:data2\" content=\"4 minutos\" \/>\n<script type=\"application\/ld+json\" class=\"yoast-schema-graph\">{\"@context\":\"https:\\\/\\\/schema.org\",\"@graph\":[{\"@type\":\"Article\",\"@id\":\"https:\\\/\\\/arjenoticias.com.mx\\\/?p=5771#article\",\"isPartOf\":{\"@id\":\"https:\\\/\\\/arjenoticias.com.mx\\\/?p=5771\"},\"author\":{\"name\":\"Teresa Sep\u00falveda Elizondo\",\"@id\":\"https:\\\/\\\/arjenoticias.com.mx\\\/#\\\/schema\\\/person\\\/da5b96cdb3d0ca850682c4c74f9888d1\"},\"headline\":\"Secretar\u00eda de Educaci\u00f3n debe informar sobre resultados de prevenci\u00f3n: Perla Villarreal\",\"datePublished\":\"2025-10-07T22:15:11+00:00\",\"mainEntityOfPage\":{\"@id\":\"https:\\\/\\\/arjenoticias.com.mx\\\/?p=5771\"},\"wordCount\":811,\"publisher\":{\"@id\":\"https:\\\/\\\/arjenoticias.com.mx\\\/#organization\"},\"image\":{\"@id\":\"https:\\\/\\\/arjenoticias.com.mx\\\/?p=5771#primaryimage\"},\"thumbnailUrl\":\"\",\"articleSection\":[\"Ciudad\"],\"inLanguage\":\"es\"},{\"@type\":\"WebPage\",\"@id\":\"https:\\\/\\\/arjenoticias.com.mx\\\/?p=5771\",\"url\":\"https:\\\/\\\/arjenoticias.com.mx\\\/?p=5771\",\"name\":\"Secretar\u00eda de Educaci\u00f3n debe informar sobre resultados de prevenci\u00f3n: Perla Villarreal -\",\"isPartOf\":{\"@id\":\"https:\\\/\\\/arjenoticias.com.mx\\\/#website\"},\"primaryImageOfPage\":{\"@id\":\"https:\\\/\\\/arjenoticias.com.mx\\\/?p=5771#primaryimage\"},\"image\":{\"@id\":\"https:\\\/\\\/arjenoticias.com.mx\\\/?p=5771#primaryimage\"},\"thumbnailUrl\":\"\",\"datePublished\":\"2025-10-07T22:15:11+00:00\",\"description\":\"En el documento le\u00eddo en tribuna, la presidenta de la Comisi\u00f3n de Educaci\u00f3n exigi\u00f3 que se den a conocer los resultados obtenidos y los avances en la elaboraci\u00f3n del protocolo estatal de prevenci\u00f3n, atenci\u00f3n y sanci\u00f3n de la violencia sexual infantil, ordenado por el Poder Judicial de la Federaci\u00f3n.\",\"breadcrumb\":{\"@id\":\"https:\\\/\\\/arjenoticias.com.mx\\\/?p=5771#breadcrumb\"},\"inLanguage\":\"es\",\"potentialAction\":[{\"@type\":\"ReadAction\",\"target\":[\"https:\\\/\\\/arjenoticias.com.mx\\\/?p=5771\"]}]},{\"@type\":\"ImageObject\",\"inLanguage\":\"es\",\"@id\":\"https:\\\/\\\/arjenoticias.com.mx\\\/?p=5771#primaryimage\",\"url\":\"\",\"contentUrl\":\"\"},{\"@type\":\"BreadcrumbList\",\"@id\":\"https:\\\/\\\/arjenoticias.com.mx\\\/?p=5771#breadcrumb\",\"itemListElement\":[{\"@type\":\"ListItem\",\"position\":1,\"name\":\"Inicio\",\"item\":\"https:\\\/\\\/arjenoticias.com.mx\\\/\"},{\"@type\":\"ListItem\",\"position\":2,\"name\":\"Secretar\u00eda de Educaci\u00f3n debe informar sobre resultados de prevenci\u00f3n: Perla Villarreal\"}]},{\"@type\":\"WebSite\",\"@id\":\"https:\\\/\\\/arjenoticias.com.mx\\\/#website\",\"url\":\"https:\\\/\\\/arjenoticias.com.mx\\\/\",\"name\":\"arjenoticias.com.mx\",\"description\":\"\",\"publisher\":{\"@id\":\"https:\\\/\\\/arjenoticias.com.mx\\\/#organization\"},\"potentialAction\":[{\"@type\":\"SearchAction\",\"target\":{\"@type\":\"EntryPoint\",\"urlTemplate\":\"https:\\\/\\\/arjenoticias.com.mx\\\/?s={search_term_string}\"},\"query-input\":{\"@type\":\"PropertyValueSpecification\",\"valueRequired\":true,\"valueName\":\"search_term_string\"}}],\"inLanguage\":\"es\"},{\"@type\":\"Organization\",\"@id\":\"https:\\\/\\\/arjenoticias.com.mx\\\/#organization\",\"name\":\"Arj\u00e9 de M\u00e9xico Noticias\",\"url\":\"https:\\\/\\\/arjenoticias.com.mx\\\/\",\"logo\":{\"@type\":\"ImageObject\",\"inLanguage\":\"es\",\"@id\":\"https:\\\/\\\/arjenoticias.com.mx\\\/#\\\/schema\\\/logo\\\/image\\\/\",\"url\":\"https:\\\/\\\/arjenoticias.com.mx\\\/wp-content\\\/uploads\\\/2025\\\/07\\\/cropped-logo-scaled-1.png\",\"contentUrl\":\"https:\\\/\\\/arjenoticias.com.mx\\\/wp-content\\\/uploads\\\/2025\\\/07\\\/cropped-logo-scaled-1.png\",\"width\":2558,\"height\":558,\"caption\":\"Arj\u00e9 de M\u00e9xico Noticias\"},\"image\":{\"@id\":\"https:\\\/\\\/arjenoticias.com.mx\\\/#\\\/schema\\\/logo\\\/image\\\/\"}},{\"@type\":\"Person\",\"@id\":\"https:\\\/\\\/arjenoticias.com.mx\\\/#\\\/schema\\\/person\\\/da5b96cdb3d0ca850682c4c74f9888d1\",\"name\":\"Teresa Sep\u00falveda Elizondo\",\"image\":{\"@type\":\"ImageObject\",\"inLanguage\":\"es\",\"@id\":\"https:\\\/\\\/secure.gravatar.com\\\/avatar\\\/d028fefd8eb201705a23e8ddfe978fbf484e56c5190e4b37aa46229a4d471d39?s=96&d=mm&r=g\",\"url\":\"https:\\\/\\\/secure.gravatar.com\\\/avatar\\\/d028fefd8eb201705a23e8ddfe978fbf484e56c5190e4b37aa46229a4d471d39?s=96&d=mm&r=g\",\"contentUrl\":\"https:\\\/\\\/secure.gravatar.com\\\/avatar\\\/d028fefd8eb201705a23e8ddfe978fbf484e56c5190e4b37aa46229a4d471d39?s=96&d=mm&r=g\",\"caption\":\"Teresa Sep\u00falveda Elizondo\"},\"url\":\"https:\\\/\\\/arjenoticias.com.mx\\\/?author=67\"}]}<\/script>\n<!-- \/ Yoast SEO plugin. -->","yoast_head_json":{"title":"Secretar\u00eda de Educaci\u00f3n debe informar sobre resultados de prevenci\u00f3n: Perla Villarreal -","description":"En el documento le\u00eddo en tribuna, la presidenta de la Comisi\u00f3n de Educaci\u00f3n exigi\u00f3 que se den a conocer los resultados obtenidos y los avances en la elaboraci\u00f3n del protocolo estatal de prevenci\u00f3n, atenci\u00f3n y sanci\u00f3n de la violencia sexual infantil, ordenado por el Poder Judicial de la Federaci\u00f3n.","robots":{"index":"index","follow":"follow","max-snippet":"max-snippet:-1","max-image-preview":"max-image-preview:large","max-video-preview":"max-video-preview:-1"},"canonical":"https:\/\/arjenoticias.com.mx\/?p=5771","og_locale":"es_MX","og_type":"article","og_title":"Secretar\u00eda de Educaci\u00f3n debe informar sobre resultados de prevenci\u00f3n: Perla Villarreal -","og_description":"En el documento le\u00eddo en tribuna, la presidenta de la Comisi\u00f3n de Educaci\u00f3n exigi\u00f3 que se den a conocer los resultados obtenidos y los avances en la elaboraci\u00f3n del protocolo estatal de prevenci\u00f3n, atenci\u00f3n y sanci\u00f3n de la violencia sexual infantil, ordenado por el Poder Judicial de la Federaci\u00f3n.","og_url":"https:\/\/arjenoticias.com.mx\/?p=5771","article_published_time":"2025-10-07T22:15:11+00:00","author":"Teresa Sep\u00falveda Elizondo","twitter_card":"summary_large_image","twitter_misc":{"Escrito por":"Teresa Sep\u00falveda Elizondo","Tiempo de lectura":"4 minutos"},"schema":{"@context":"https:\/\/schema.org","@graph":[{"@type":"Article","@id":"https:\/\/arjenoticias.com.mx\/?p=5771#article","isPartOf":{"@id":"https:\/\/arjenoticias.com.mx\/?p=5771"},"author":{"name":"Teresa Sep\u00falveda Elizondo","@id":"https:\/\/arjenoticias.com.mx\/#\/schema\/person\/da5b96cdb3d0ca850682c4c74f9888d1"},"headline":"Secretar\u00eda de Educaci\u00f3n debe informar sobre resultados de prevenci\u00f3n: Perla Villarreal","datePublished":"2025-10-07T22:15:11+00:00","mainEntityOfPage":{"@id":"https:\/\/arjenoticias.com.mx\/?p=5771"},"wordCount":811,"publisher":{"@id":"https:\/\/arjenoticias.com.mx\/#organization"},"image":{"@id":"https:\/\/arjenoticias.com.mx\/?p=5771#primaryimage"},"thumbnailUrl":"","articleSection":["Ciudad"],"inLanguage":"es"},{"@type":"WebPage","@id":"https:\/\/arjenoticias.com.mx\/?p=5771","url":"https:\/\/arjenoticias.com.mx\/?p=5771","name":"Secretar\u00eda de Educaci\u00f3n debe informar sobre resultados de prevenci\u00f3n: Perla Villarreal -","isPartOf":{"@id":"https:\/\/arjenoticias.com.mx\/#website"},"primaryImageOfPage":{"@id":"https:\/\/arjenoticias.com.mx\/?p=5771#primaryimage"},"image":{"@id":"https:\/\/arjenoticias.com.mx\/?p=5771#primaryimage"},"thumbnailUrl":"","datePublished":"2025-10-07T22:15:11+00:00","description":"En el documento le\u00eddo en tribuna, la presidenta de la Comisi\u00f3n de Educaci\u00f3n exigi\u00f3 que se den a conocer los resultados obtenidos y los avances en la elaboraci\u00f3n del protocolo estatal de prevenci\u00f3n, atenci\u00f3n y sanci\u00f3n de la violencia sexual infantil, ordenado por el Poder Judicial de la Federaci\u00f3n.","breadcrumb":{"@id":"https:\/\/arjenoticias.com.mx\/?p=5771#breadcrumb"},"inLanguage":"es","potentialAction":[{"@type":"ReadAction","target":["https:\/\/arjenoticias.com.mx\/?p=5771"]}]},{"@type":"ImageObject","inLanguage":"es","@id":"https:\/\/arjenoticias.com.mx\/?p=5771#primaryimage","url":"","contentUrl":""},{"@type":"BreadcrumbList","@id":"https:\/\/arjenoticias.com.mx\/?p=5771#breadcrumb","itemListElement":[{"@type":"ListItem","position":1,"name":"Inicio","item":"https:\/\/arjenoticias.com.mx\/"},{"@type":"ListItem","position":2,"name":"Secretar\u00eda de Educaci\u00f3n debe informar sobre resultados de prevenci\u00f3n: Perla Villarreal"}]},{"@type":"WebSite","@id":"https:\/\/arjenoticias.com.mx\/#website","url":"https:\/\/arjenoticias.com.mx\/","name":"arjenoticias.com.mx","description":"","publisher":{"@id":"https:\/\/arjenoticias.com.mx\/#organization"},"potentialAction":[{"@type":"SearchAction","target":{"@type":"EntryPoint","urlTemplate":"https:\/\/arjenoticias.com.mx\/?s={search_term_string}"},"query-input":{"@type":"PropertyValueSpecification","valueRequired":true,"valueName":"search_term_string"}}],"inLanguage":"es"},{"@type":"Organization","@id":"https:\/\/arjenoticias.com.mx\/#organization","name":"Arj\u00e9 de M\u00e9xico Noticias","url":"https:\/\/arjenoticias.com.mx\/","logo":{"@type":"ImageObject","inLanguage":"es","@id":"https:\/\/arjenoticias.com.mx\/#\/schema\/logo\/image\/","url":"https:\/\/arjenoticias.com.mx\/wp-content\/uploads\/2025\/07\/cropped-logo-scaled-1.png","contentUrl":"https:\/\/arjenoticias.com.mx\/wp-content\/uploads\/2025\/07\/cropped-logo-scaled-1.png","width":2558,"height":558,"caption":"Arj\u00e9 de M\u00e9xico Noticias"},"image":{"@id":"https:\/\/arjenoticias.com.mx\/#\/schema\/logo\/image\/"}},{"@type":"Person","@id":"https:\/\/arjenoticias.com.mx\/#\/schema\/person\/da5b96cdb3d0ca850682c4c74f9888d1","name":"Teresa Sep\u00falveda Elizondo","image":{"@type":"ImageObject","inLanguage":"es","@id":"https:\/\/secure.gravatar.com\/avatar\/d028fefd8eb201705a23e8ddfe978fbf484e56c5190e4b37aa46229a4d471d39?s=96&d=mm&r=g","url":"https:\/\/secure.gravatar.com\/avatar\/d028fefd8eb201705a23e8ddfe978fbf484e56c5190e4b37aa46229a4d471d39?s=96&d=mm&r=g","contentUrl":"https:\/\/secure.gravatar.com\/avatar\/d028fefd8eb201705a23e8ddfe978fbf484e56c5190e4b37aa46229a4d471d39?s=96&d=mm&r=g","caption":"Teresa Sep\u00falveda Elizondo"},"url":"https:\/\/arjenoticias.com.mx\/?author=67"}]}},"_links":{"self":[{"href":"https:\/\/arjenoticias.com.mx\/index.php?rest_route=\/wp\/v2\/posts\/5771","targetHints":{"allow":["GET"]}}],"collection":[{"href":"https:\/\/arjenoticias.com.mx\/index.php?rest_route=\/wp\/v2\/posts"}],"about":[{"href":"https:\/\/arjenoticias.com.mx\/index.php?rest_route=\/wp\/v2\/types\/post"}],"author":[{"embeddable":true,"href":"https:\/\/arjenoticias.com.mx\/index.php?rest_route=\/wp\/v2\/users\/67"}],"replies":[{"embeddable":true,"href":"https:\/\/arjenoticias.com.mx\/index.php?rest_route=%2Fwp%2Fv2%2Fcomments&post=5771"}],"version-history":[{"count":0,"href":"https:\/\/arjenoticias.com.mx\/index.php?rest_route=\/wp\/v2\/posts\/5771\/revisions"}],"wp:attachment":[{"href":"https:\/\/arjenoticias.com.mx\/index.php?rest_route=%2Fwp%2Fv2%2Fmedia&parent=5771"}],"wp:term":[{"taxonomy":"category","embeddable":true,"href":"https:\/\/arjenoticias.com.mx\/index.php?rest_route=%2Fwp%2Fv2%2Fcategories&post=5771"},{"taxonomy":"post_tag","embeddable":true,"href":"https:\/\/arjenoticias.com.mx\/index.php?rest_route=%2Fwp%2Fv2%2Ftags&post=5771"}],"curies":[{"name":"wp","href":"https:\/\/api.w.org\/{rel}","templated":true}]}}