{"id":5676,"date":"2025-10-06T11:07:56","date_gmt":"2025-10-06T17:07:56","guid":{"rendered":"https:\/\/arjenoticias.com\/?p=5676"},"modified":"2025-10-06T11:07:56","modified_gmt":"2025-10-06T17:07:56","slug":"por-que-no-reaccionamos-los-mexicanos","status":"publish","type":"post","link":"https:\/\/arjenoticias.com.mx\/?p=5676","title":{"rendered":"\u00bfPor qu\u00e9 no reaccionamos los mexicanos?"},"content":{"rendered":"\n<p class=\"wp-block-paragraph\">El pa\u00eds va dirigi\u00e9ndose a una vor\u00e1gine descendiente francamente en picada, hemos perdido m\u00faltiples derechos; ya no tenemos a un Poder Judicial que nos proteja de los abusos del poder ni de las injusticias que se generan con la convivencia social; nuestra econom\u00eda no crece, se pierden empleos, inversiones y muchas oportunidades para aprovechar lo positivo que tiene nuestro pa\u00eds en materia econ\u00f3mica y de posici\u00f3n geogr\u00e1fica ante el entorno global disruptivo en el que vivimos.<\/p>\n\n\n\n<p class=\"wp-block-paragraph\">Tenemos a una oposici\u00f3n de p\u00e9sima calidad y una ciudadan\u00eda generalmente pasmada, esperando \u201c\u00e9l a ver qu\u00e9 pasa\u201d.<\/p>\n\n\n\n<p class=\"wp-block-paragraph\">Nos encontramos en una especie de cueva con una gran bomba que tiene un cron\u00f3metro hacien- do tick, tick, pero no lo desactivamos ni corremos fuera de la cueva.<\/p>\n\n\n\n<p class=\"wp-block-paragraph\">Hay esperanzas bananas de que \u201clos gringos nos van a salvar\u201d, pero lo que la gente no sabe es de que siempre que los gringos han intervenido en nuestra vida pol\u00edtica nos ha ido peor.<\/p>\n\n\n\n<p class=\"wp-block-paragraph\">Estimo que cuando estalle esa bomba la mayor\u00eda de los mexicanos se quedar\u00e1n sin el chivo b\u00e1sico y entonces se generar\u00e1 dentro de Morena la crisis pol\u00edtica necesaria, habr\u00e1 elecciones truqueadas y ah\u00ed se generar\u00e1n las protestas en las calles, empezando la verdadera crisis pol\u00edtica de pron\u00f3stico reservado.<\/p>\n\n\n\n<p class=\"wp-block-paragraph\">\u00bfDebemos esperar a que esto suceda o debemos ya organizarnos para estructurar una oposici\u00f3n responsable?Debemos de inmediato salirnos de la cueva de la bomba para estructurar la resistencia verdadera, primeramente,<\/p>\n\n\n\n<p class=\"wp-block-paragraph\">enfoc\u00e1ndonos a que haya costos sociales directos en contra de los de legisladores que le dicen s\u00ed a todo a la Presidente. No es posible que contin\u00faen destruyendo el pa\u00eds y viviendo tan campante sin ninguna consecuencia.<\/p>\n\n\n\n<p class=\"wp-block-paragraph\">Mientras no empecemos a hacer acciones de inmediato ese pron\u00f3stico reservado ser\u00e1 m\u00e1s severo y los mexicanos sufriremos al m\u00e1ximo.<\/p>\n","protected":false},"excerpt":{"rendered":"<p>El pa\u00eds va dirigi\u00e9ndose a una vor\u00e1gine descendiente francamente en picada, hemos perdido m\u00faltiples derechos;&#8230;<\/p>\n","protected":false},"author":85,"featured_media":5732,"comment_status":"closed","ping_status":"closed","sticky":false,"template":"","format":"standard","meta":{"footnotes":""},"categories":[12],"tags":[],"class_list":["post-5676","post","type-post","status-publish","format-standard","has-post-thumbnail","hentry","category-opinion"],"yoast_head":"<!-- This site is optimized with the Yoast SEO plugin v28.4 - https:\/\/yoast.com\/product\/yoast-seo-wordpress\/ -->\n<title>\u00bfPor qu\u00e9 no reaccionamos los mexicanos? -<\/title>\n<meta name=\"robots\" content=\"index, follow, max-snippet:-1, max-image-preview:large, max-video-preview:-1\" \/>\n<link rel=\"canonical\" href=\"https:\/\/arjenoticias.com.mx\/?p=5676\" \/>\n<meta property=\"og:locale\" content=\"es_MX\" \/>\n<meta property=\"og:type\" content=\"article\" \/>\n<meta property=\"og:title\" content=\"\u00bfPor qu\u00e9 no reaccionamos los mexicanos? -\" \/>\n<meta property=\"og:description\" content=\"El pa\u00eds va dirigi\u00e9ndose a una vor\u00e1gine descendiente francamente en picada, hemos perdido m\u00faltiples derechos;...\" \/>\n<meta property=\"og:url\" content=\"https:\/\/arjenoticias.com.mx\/?p=5676\" \/>\n<meta property=\"article:published_time\" content=\"2025-10-06T17:07:56+00:00\" \/>\n<meta name=\"author\" content=\"Carlos Fernando Angulo Parra\" \/>\n<meta name=\"twitter:card\" content=\"summary_large_image\" \/>\n<meta name=\"twitter:label1\" content=\"Escrito por\" \/>\n\t<meta name=\"twitter:data1\" content=\"Carlos Fernando Angulo Parra\" \/>\n\t<meta name=\"twitter:label2\" content=\"Tiempo de lectura\" \/>\n\t<meta name=\"twitter:data2\" content=\"2 minutos\" \/>\n<script type=\"application\/ld+json\" class=\"yoast-schema-graph\">{\"@context\":\"https:\\\/\\\/schema.org\",\"@graph\":[{\"@type\":\"Article\",\"@id\":\"https:\\\/\\\/arjenoticias.com.mx\\\/?p=5676#article\",\"isPartOf\":{\"@id\":\"https:\\\/\\\/arjenoticias.com.mx\\\/?p=5676\"},\"author\":{\"name\":\"Carlos Fernando Angulo Parra\",\"@id\":\"https:\\\/\\\/arjenoticias.com.mx\\\/#\\\/schema\\\/person\\\/7cf85107cd016c7470ee0a74d076b2d4\"},\"headline\":\"\u00bfPor qu\u00e9 no reaccionamos los mexicanos?\",\"datePublished\":\"2025-10-06T17:07:56+00:00\",\"mainEntityOfPage\":{\"@id\":\"https:\\\/\\\/arjenoticias.com.mx\\\/?p=5676\"},\"wordCount\":328,\"publisher\":{\"@id\":\"https:\\\/\\\/arjenoticias.com.mx\\\/#organization\"},\"image\":{\"@id\":\"https:\\\/\\\/arjenoticias.com.mx\\\/?p=5676#primaryimage\"},\"thumbnailUrl\":\"\",\"articleSection\":[\"Opini\u00f3n\"],\"inLanguage\":\"es\"},{\"@type\":\"WebPage\",\"@id\":\"https:\\\/\\\/arjenoticias.com.mx\\\/?p=5676\",\"url\":\"https:\\\/\\\/arjenoticias.com.mx\\\/?p=5676\",\"name\":\"\u00bfPor qu\u00e9 no reaccionamos los mexicanos? -\",\"isPartOf\":{\"@id\":\"https:\\\/\\\/arjenoticias.com.mx\\\/#website\"},\"primaryImageOfPage\":{\"@id\":\"https:\\\/\\\/arjenoticias.com.mx\\\/?p=5676#primaryimage\"},\"image\":{\"@id\":\"https:\\\/\\\/arjenoticias.com.mx\\\/?p=5676#primaryimage\"},\"thumbnailUrl\":\"\",\"datePublished\":\"2025-10-06T17:07:56+00:00\",\"breadcrumb\":{\"@id\":\"https:\\\/\\\/arjenoticias.com.mx\\\/?p=5676#breadcrumb\"},\"inLanguage\":\"es\",\"potentialAction\":[{\"@type\":\"ReadAction\",\"target\":[\"https:\\\/\\\/arjenoticias.com.mx\\\/?p=5676\"]}]},{\"@type\":\"ImageObject\",\"inLanguage\":\"es\",\"@id\":\"https:\\\/\\\/arjenoticias.com.mx\\\/?p=5676#primaryimage\",\"url\":\"\",\"contentUrl\":\"\"},{\"@type\":\"BreadcrumbList\",\"@id\":\"https:\\\/\\\/arjenoticias.com.mx\\\/?p=5676#breadcrumb\",\"itemListElement\":[{\"@type\":\"ListItem\",\"position\":1,\"name\":\"Inicio\",\"item\":\"https:\\\/\\\/arjenoticias.com.mx\\\/\"},{\"@type\":\"ListItem\",\"position\":2,\"name\":\"\u00bfPor qu\u00e9 no reaccionamos los mexicanos?\"}]},{\"@type\":\"WebSite\",\"@id\":\"https:\\\/\\\/arjenoticias.com.mx\\\/#website\",\"url\":\"https:\\\/\\\/arjenoticias.com.mx\\\/\",\"name\":\"arjenoticias.com.mx\",\"description\":\"\",\"publisher\":{\"@id\":\"https:\\\/\\\/arjenoticias.com.mx\\\/#organization\"},\"potentialAction\":[{\"@type\":\"SearchAction\",\"target\":{\"@type\":\"EntryPoint\",\"urlTemplate\":\"https:\\\/\\\/arjenoticias.com.mx\\\/?s={search_term_string}\"},\"query-input\":{\"@type\":\"PropertyValueSpecification\",\"valueRequired\":true,\"valueName\":\"search_term_string\"}}],\"inLanguage\":\"es\"},{\"@type\":\"Organization\",\"@id\":\"https:\\\/\\\/arjenoticias.com.mx\\\/#organization\",\"name\":\"Arj\u00e9 de M\u00e9xico Noticias\",\"url\":\"https:\\\/\\\/arjenoticias.com.mx\\\/\",\"logo\":{\"@type\":\"ImageObject\",\"inLanguage\":\"es\",\"@id\":\"https:\\\/\\\/arjenoticias.com.mx\\\/#\\\/schema\\\/logo\\\/image\\\/\",\"url\":\"https:\\\/\\\/arjenoticias.com.mx\\\/wp-content\\\/uploads\\\/2025\\\/07\\\/cropped-logo-scaled-1.png\",\"contentUrl\":\"https:\\\/\\\/arjenoticias.com.mx\\\/wp-content\\\/uploads\\\/2025\\\/07\\\/cropped-logo-scaled-1.png\",\"width\":2558,\"height\":558,\"caption\":\"Arj\u00e9 de M\u00e9xico Noticias\"},\"image\":{\"@id\":\"https:\\\/\\\/arjenoticias.com.mx\\\/#\\\/schema\\\/logo\\\/image\\\/\"}},{\"@type\":\"Person\",\"@id\":\"https:\\\/\\\/arjenoticias.com.mx\\\/#\\\/schema\\\/person\\\/7cf85107cd016c7470ee0a74d076b2d4\",\"name\":\"Carlos Fernando Angulo Parra\",\"image\":{\"@type\":\"ImageObject\",\"inLanguage\":\"es\",\"@id\":\"https:\\\/\\\/secure.gravatar.com\\\/avatar\\\/7ed0bfe4780c6a70e37a228f84cbb9c7016007d7a5f73e0b55338e243b44eff8?s=96&d=mm&r=g\",\"url\":\"https:\\\/\\\/secure.gravatar.com\\\/avatar\\\/7ed0bfe4780c6a70e37a228f84cbb9c7016007d7a5f73e0b55338e243b44eff8?s=96&d=mm&r=g\",\"contentUrl\":\"https:\\\/\\\/secure.gravatar.com\\\/avatar\\\/7ed0bfe4780c6a70e37a228f84cbb9c7016007d7a5f73e0b55338e243b44eff8?s=96&d=mm&r=g\",\"caption\":\"Carlos Fernando Angulo Parra\"},\"url\":\"https:\\\/\\\/arjenoticias.com.mx\\\/?author=85\"}]}<\/script>\n<!-- \/ Yoast SEO plugin. -->","yoast_head_json":{"title":"\u00bfPor qu\u00e9 no reaccionamos los mexicanos? -","robots":{"index":"index","follow":"follow","max-snippet":"max-snippet:-1","max-image-preview":"max-image-preview:large","max-video-preview":"max-video-preview:-1"},"canonical":"https:\/\/arjenoticias.com.mx\/?p=5676","og_locale":"es_MX","og_type":"article","og_title":"\u00bfPor qu\u00e9 no reaccionamos los mexicanos? -","og_description":"El pa\u00eds va dirigi\u00e9ndose a una vor\u00e1gine descendiente francamente en picada, hemos perdido m\u00faltiples derechos;...","og_url":"https:\/\/arjenoticias.com.mx\/?p=5676","article_published_time":"2025-10-06T17:07:56+00:00","author":"Carlos Fernando Angulo Parra","twitter_card":"summary_large_image","twitter_misc":{"Escrito por":"Carlos Fernando Angulo Parra","Tiempo de lectura":"2 minutos"},"schema":{"@context":"https:\/\/schema.org","@graph":[{"@type":"Article","@id":"https:\/\/arjenoticias.com.mx\/?p=5676#article","isPartOf":{"@id":"https:\/\/arjenoticias.com.mx\/?p=5676"},"author":{"name":"Carlos Fernando Angulo Parra","@id":"https:\/\/arjenoticias.com.mx\/#\/schema\/person\/7cf85107cd016c7470ee0a74d076b2d4"},"headline":"\u00bfPor qu\u00e9 no reaccionamos los mexicanos?","datePublished":"2025-10-06T17:07:56+00:00","mainEntityOfPage":{"@id":"https:\/\/arjenoticias.com.mx\/?p=5676"},"wordCount":328,"publisher":{"@id":"https:\/\/arjenoticias.com.mx\/#organization"},"image":{"@id":"https:\/\/arjenoticias.com.mx\/?p=5676#primaryimage"},"thumbnailUrl":"","articleSection":["Opini\u00f3n"],"inLanguage":"es"},{"@type":"WebPage","@id":"https:\/\/arjenoticias.com.mx\/?p=5676","url":"https:\/\/arjenoticias.com.mx\/?p=5676","name":"\u00bfPor qu\u00e9 no reaccionamos los mexicanos? -","isPartOf":{"@id":"https:\/\/arjenoticias.com.mx\/#website"},"primaryImageOfPage":{"@id":"https:\/\/arjenoticias.com.mx\/?p=5676#primaryimage"},"image":{"@id":"https:\/\/arjenoticias.com.mx\/?p=5676#primaryimage"},"thumbnailUrl":"","datePublished":"2025-10-06T17:07:56+00:00","breadcrumb":{"@id":"https:\/\/arjenoticias.com.mx\/?p=5676#breadcrumb"},"inLanguage":"es","potentialAction":[{"@type":"ReadAction","target":["https:\/\/arjenoticias.com.mx\/?p=5676"]}]},{"@type":"ImageObject","inLanguage":"es","@id":"https:\/\/arjenoticias.com.mx\/?p=5676#primaryimage","url":"","contentUrl":""},{"@type":"BreadcrumbList","@id":"https:\/\/arjenoticias.com.mx\/?p=5676#breadcrumb","itemListElement":[{"@type":"ListItem","position":1,"name":"Inicio","item":"https:\/\/arjenoticias.com.mx\/"},{"@type":"ListItem","position":2,"name":"\u00bfPor qu\u00e9 no reaccionamos los mexicanos?"}]},{"@type":"WebSite","@id":"https:\/\/arjenoticias.com.mx\/#website","url":"https:\/\/arjenoticias.com.mx\/","name":"arjenoticias.com.mx","description":"","publisher":{"@id":"https:\/\/arjenoticias.com.mx\/#organization"},"potentialAction":[{"@type":"SearchAction","target":{"@type":"EntryPoint","urlTemplate":"https:\/\/arjenoticias.com.mx\/?s={search_term_string}"},"query-input":{"@type":"PropertyValueSpecification","valueRequired":true,"valueName":"search_term_string"}}],"inLanguage":"es"},{"@type":"Organization","@id":"https:\/\/arjenoticias.com.mx\/#organization","name":"Arj\u00e9 de M\u00e9xico Noticias","url":"https:\/\/arjenoticias.com.mx\/","logo":{"@type":"ImageObject","inLanguage":"es","@id":"https:\/\/arjenoticias.com.mx\/#\/schema\/logo\/image\/","url":"https:\/\/arjenoticias.com.mx\/wp-content\/uploads\/2025\/07\/cropped-logo-scaled-1.png","contentUrl":"https:\/\/arjenoticias.com.mx\/wp-content\/uploads\/2025\/07\/cropped-logo-scaled-1.png","width":2558,"height":558,"caption":"Arj\u00e9 de M\u00e9xico Noticias"},"image":{"@id":"https:\/\/arjenoticias.com.mx\/#\/schema\/logo\/image\/"}},{"@type":"Person","@id":"https:\/\/arjenoticias.com.mx\/#\/schema\/person\/7cf85107cd016c7470ee0a74d076b2d4","name":"Carlos Fernando Angulo Parra","image":{"@type":"ImageObject","inLanguage":"es","@id":"https:\/\/secure.gravatar.com\/avatar\/7ed0bfe4780c6a70e37a228f84cbb9c7016007d7a5f73e0b55338e243b44eff8?s=96&d=mm&r=g","url":"https:\/\/secure.gravatar.com\/avatar\/7ed0bfe4780c6a70e37a228f84cbb9c7016007d7a5f73e0b55338e243b44eff8?s=96&d=mm&r=g","contentUrl":"https:\/\/secure.gravatar.com\/avatar\/7ed0bfe4780c6a70e37a228f84cbb9c7016007d7a5f73e0b55338e243b44eff8?s=96&d=mm&r=g","caption":"Carlos Fernando Angulo Parra"},"url":"https:\/\/arjenoticias.com.mx\/?author=85"}]}},"_links":{"self":[{"href":"https:\/\/arjenoticias.com.mx\/index.php?rest_route=\/wp\/v2\/posts\/5676","targetHints":{"allow":["GET"]}}],"collection":[{"href":"https:\/\/arjenoticias.com.mx\/index.php?rest_route=\/wp\/v2\/posts"}],"about":[{"href":"https:\/\/arjenoticias.com.mx\/index.php?rest_route=\/wp\/v2\/types\/post"}],"author":[{"embeddable":true,"href":"https:\/\/arjenoticias.com.mx\/index.php?rest_route=\/wp\/v2\/users\/85"}],"replies":[{"embeddable":true,"href":"https:\/\/arjenoticias.com.mx\/index.php?rest_route=%2Fwp%2Fv2%2Fcomments&post=5676"}],"version-history":[{"count":0,"href":"https:\/\/arjenoticias.com.mx\/index.php?rest_route=\/wp\/v2\/posts\/5676\/revisions"}],"wp:attachment":[{"href":"https:\/\/arjenoticias.com.mx\/index.php?rest_route=%2Fwp%2Fv2%2Fmedia&parent=5676"}],"wp:term":[{"taxonomy":"category","embeddable":true,"href":"https:\/\/arjenoticias.com.mx\/index.php?rest_route=%2Fwp%2Fv2%2Fcategories&post=5676"},{"taxonomy":"post_tag","embeddable":true,"href":"https:\/\/arjenoticias.com.mx\/index.php?rest_route=%2Fwp%2Fv2%2Ftags&post=5676"}],"curies":[{"name":"wp","href":"https:\/\/api.w.org\/{rel}","templated":true}]}}