{"id":5601,"date":"2025-10-02T19:06:51","date_gmt":"2025-10-03T01:06:51","guid":{"rendered":"https:\/\/arjenoticias.com\/?p=5601"},"modified":"2025-10-02T19:06:51","modified_gmt":"2025-10-03T01:06:51","slug":"gobierno-sabe-quien-esta-detras-del-vandalismo-en-la-marcha-del-2-de-octubre","status":"publish","type":"post","link":"https:\/\/arjenoticias.com.mx\/?p=5601","title":{"rendered":"Gobierno sabe qui\u00e9n est\u00e1 detr\u00e1s del vandalismo en la marcha del 2 de octubre"},"content":{"rendered":"\n<figure class=\"wp-block-embed is-type-video is-provider-youtube wp-block-embed-youtube wp-embed-aspect-16-9 wp-has-aspect-ratio\"><div class=\"wp-block-embed__wrapper\">\n<iframe title=\"Entrevista con Federico Berrueto\" width=\"640\" height=\"360\" src=\"https:\/\/www.youtube.com\/embed\/1mHVrGl5wyc?feature=oembed\" frameborder=\"0\" allow=\"accelerometer; autoplay; clipboard-write; encrypted-media; gyroscope; picture-in-picture; web-share\" referrerpolicy=\"strict-origin-when-cross-origin\" allowfullscreen><\/iframe>\n<\/div><\/figure>\n\n\n\n<h2 class=\"wp-block-heading\">Es imposible que el gobierno de la ciudad de M\u00e9xico y autoridades federales no conozcan quienes est\u00e1n detr\u00e1s de los actos vand\u00e1licos en las marchas que se llevan a cabo en la capital de nuestro pa\u00eds, no solo la del 2 de octubre, la marcha de los 43 de Ayotzinapa y muchas m\u00e1s. La tecnolog\u00eda con que se cuenta en la actualidad es de tal cobertura que ellos saben quienes son, tienen rostro, nombre y apellido dice Federico Berrueto.<\/h2>\n\n\n\n<p class=\"wp-block-paragraph\"><br>La pregunta seria; porque no act\u00faan en consecuencia, Berrueto contesta: \u201chay una intenci\u00f3n de desvirtuar el origen de la verdad hist\u00f3rica, es decir, por un lado, no desean recordar las razones que dieron origen a dicho movimiento, as\u00ed como al dram\u00e1tico desenlace de la noche de Tlatelolco, los actores involucrados de la izquierda, del mismo gobierno y a fuerzas del orden civil involucradas, entonces toman el camino del manique\u00edsmo para desvirtuar los hechos y una forma de ocultarlo, es a trav\u00e9s de las notas period\u00edsticas que reflejan el vandalismo, saqueo y violencia. Vivimos en el pa\u00eds de la impunidad, que esconde la corrupci\u00f3n, la violencia, el enga\u00f1o y la verdad\u201d<\/p>\n\n\n\n<p class=\"wp-block-paragraph\"><br>Te invito a ver y escuchar la entrevista con Berrueto, contiene tal informaci\u00f3n que es imperdible<\/p>\n\n\n\n<p class=\"wp-block-paragraph\"><br>Ir\u00e1 viniendo, iremos viendo como los medios de comunicaci\u00f3n y las redes dar\u00e1n relevancia al vandalismo y poco o nada mencionaran de la esencia del 2 de octubre y la masacre que se vivi\u00f3.<\/p>\n","protected":false},"excerpt":{"rendered":"<p>Es imposible que el gobierno de la ciudad de M\u00e9xico y autoridades federales no conozcan&#8230;<\/p>\n","protected":false},"author":68,"featured_media":5602,"comment_status":"closed","ping_status":"closed","sticky":false,"template":"","format":"standard","meta":{"footnotes":""},"categories":[12],"tags":[60],"class_list":["post-5601","post","type-post","status-publish","format-standard","has-post-thumbnail","hentry","category-opinion","tag-2-de-octubre-no-se-olvida-por-el-vandalismo"],"yoast_head":"<!-- This site is optimized with the Yoast SEO plugin v28.4 - https:\/\/yoast.com\/product\/yoast-seo-wordpress\/ -->\n<title>Gobierno sabe qui\u00e9n est\u00e1 detr\u00e1s del vandalismo en la marcha del 2 de octubre -<\/title>\n<meta name=\"description\" content=\"La tecnolog\u00eda con que se cuenta en la actualidad es de tal cobertura que ellos saben quienes son los anarquistas violentos\" \/>\n<meta name=\"robots\" content=\"index, follow, max-snippet:-1, max-image-preview:large, max-video-preview:-1\" \/>\n<link rel=\"canonical\" href=\"https:\/\/arjenoticias.com.mx\/?p=5601\" \/>\n<meta property=\"og:locale\" content=\"es_MX\" \/>\n<meta property=\"og:type\" content=\"article\" \/>\n<meta property=\"og:title\" content=\"Gobierno sabe qui\u00e9n est\u00e1 detr\u00e1s del vandalismo en la marcha del 2 de octubre -\" \/>\n<meta property=\"og:description\" content=\"La tecnolog\u00eda con que se cuenta en la actualidad es de tal cobertura que ellos saben quienes son los anarquistas violentos\" \/>\n<meta property=\"og:url\" content=\"https:\/\/arjenoticias.com.mx\/?p=5601\" \/>\n<meta property=\"article:published_time\" content=\"2025-10-03T01:06:51+00:00\" \/>\n<meta name=\"author\" content=\"Ra\u00fal Monter Ortega\" \/>\n<meta name=\"twitter:card\" content=\"summary_large_image\" \/>\n<meta name=\"twitter:label1\" content=\"Escrito por\" \/>\n\t<meta name=\"twitter:data1\" content=\"Ra\u00fal Monter Ortega\" \/>\n\t<meta name=\"twitter:label2\" content=\"Tiempo de lectura\" \/>\n\t<meta name=\"twitter:data2\" content=\"2 minutos\" \/>\n<script type=\"application\/ld+json\" class=\"yoast-schema-graph\">{\"@context\":\"https:\\\/\\\/schema.org\",\"@graph\":[{\"@type\":\"Article\",\"@id\":\"https:\\\/\\\/arjenoticias.com.mx\\\/?p=5601#article\",\"isPartOf\":{\"@id\":\"https:\\\/\\\/arjenoticias.com.mx\\\/?p=5601\"},\"author\":{\"name\":\"Ra\u00fal Monter Ortega\",\"@id\":\"https:\\\/\\\/arjenoticias.com.mx\\\/#\\\/schema\\\/person\\\/f48bc28476b38490cbe82bd109c72b24\"},\"headline\":\"Gobierno sabe qui\u00e9n est\u00e1 detr\u00e1s del vandalismo en la marcha del 2 de octubre\",\"datePublished\":\"2025-10-03T01:06:51+00:00\",\"mainEntityOfPage\":{\"@id\":\"https:\\\/\\\/arjenoticias.com.mx\\\/?p=5601\"},\"wordCount\":276,\"publisher\":{\"@id\":\"https:\\\/\\\/arjenoticias.com.mx\\\/#organization\"},\"image\":{\"@id\":\"https:\\\/\\\/arjenoticias.com.mx\\\/?p=5601#primaryimage\"},\"thumbnailUrl\":\"\",\"keywords\":[\"2 de octubre no se olvida por el vandalismo\"],\"articleSection\":[\"Opini\u00f3n\"],\"inLanguage\":\"es\"},{\"@type\":\"WebPage\",\"@id\":\"https:\\\/\\\/arjenoticias.com.mx\\\/?p=5601\",\"url\":\"https:\\\/\\\/arjenoticias.com.mx\\\/?p=5601\",\"name\":\"Gobierno sabe qui\u00e9n est\u00e1 detr\u00e1s del vandalismo en la marcha del 2 de octubre -\",\"isPartOf\":{\"@id\":\"https:\\\/\\\/arjenoticias.com.mx\\\/#website\"},\"primaryImageOfPage\":{\"@id\":\"https:\\\/\\\/arjenoticias.com.mx\\\/?p=5601#primaryimage\"},\"image\":{\"@id\":\"https:\\\/\\\/arjenoticias.com.mx\\\/?p=5601#primaryimage\"},\"thumbnailUrl\":\"\",\"datePublished\":\"2025-10-03T01:06:51+00:00\",\"description\":\"La tecnolog\u00eda con que se cuenta en la actualidad es de tal cobertura que ellos saben quienes son los anarquistas violentos\",\"breadcrumb\":{\"@id\":\"https:\\\/\\\/arjenoticias.com.mx\\\/?p=5601#breadcrumb\"},\"inLanguage\":\"es\",\"potentialAction\":[{\"@type\":\"ReadAction\",\"target\":[\"https:\\\/\\\/arjenoticias.com.mx\\\/?p=5601\"]}]},{\"@type\":\"ImageObject\",\"inLanguage\":\"es\",\"@id\":\"https:\\\/\\\/arjenoticias.com.mx\\\/?p=5601#primaryimage\",\"url\":\"\",\"contentUrl\":\"\"},{\"@type\":\"BreadcrumbList\",\"@id\":\"https:\\\/\\\/arjenoticias.com.mx\\\/?p=5601#breadcrumb\",\"itemListElement\":[{\"@type\":\"ListItem\",\"position\":1,\"name\":\"Inicio\",\"item\":\"https:\\\/\\\/arjenoticias.com.mx\\\/\"},{\"@type\":\"ListItem\",\"position\":2,\"name\":\"Gobierno sabe qui\u00e9n est\u00e1 detr\u00e1s del vandalismo en la marcha del 2 de octubre\"}]},{\"@type\":\"WebSite\",\"@id\":\"https:\\\/\\\/arjenoticias.com.mx\\\/#website\",\"url\":\"https:\\\/\\\/arjenoticias.com.mx\\\/\",\"name\":\"arjenoticias.com.mx\",\"description\":\"\",\"publisher\":{\"@id\":\"https:\\\/\\\/arjenoticias.com.mx\\\/#organization\"},\"potentialAction\":[{\"@type\":\"SearchAction\",\"target\":{\"@type\":\"EntryPoint\",\"urlTemplate\":\"https:\\\/\\\/arjenoticias.com.mx\\\/?s={search_term_string}\"},\"query-input\":{\"@type\":\"PropertyValueSpecification\",\"valueRequired\":true,\"valueName\":\"search_term_string\"}}],\"inLanguage\":\"es\"},{\"@type\":\"Organization\",\"@id\":\"https:\\\/\\\/arjenoticias.com.mx\\\/#organization\",\"name\":\"Arj\u00e9 de M\u00e9xico Noticias\",\"url\":\"https:\\\/\\\/arjenoticias.com.mx\\\/\",\"logo\":{\"@type\":\"ImageObject\",\"inLanguage\":\"es\",\"@id\":\"https:\\\/\\\/arjenoticias.com.mx\\\/#\\\/schema\\\/logo\\\/image\\\/\",\"url\":\"https:\\\/\\\/arjenoticias.com.mx\\\/wp-content\\\/uploads\\\/2025\\\/07\\\/cropped-logo-scaled-1.png\",\"contentUrl\":\"https:\\\/\\\/arjenoticias.com.mx\\\/wp-content\\\/uploads\\\/2025\\\/07\\\/cropped-logo-scaled-1.png\",\"width\":2558,\"height\":558,\"caption\":\"Arj\u00e9 de M\u00e9xico Noticias\"},\"image\":{\"@id\":\"https:\\\/\\\/arjenoticias.com.mx\\\/#\\\/schema\\\/logo\\\/image\\\/\"}},{\"@type\":\"Person\",\"@id\":\"https:\\\/\\\/arjenoticias.com.mx\\\/#\\\/schema\\\/person\\\/f48bc28476b38490cbe82bd109c72b24\",\"name\":\"Ra\u00fal Monter Ortega\",\"image\":{\"@type\":\"ImageObject\",\"inLanguage\":\"es\",\"@id\":\"https:\\\/\\\/secure.gravatar.com\\\/avatar\\\/1616403283ceadc5d9a2d98c21703f217676e6be6595972f5d3d26ff78793f9d?s=96&d=mm&r=g\",\"url\":\"https:\\\/\\\/secure.gravatar.com\\\/avatar\\\/1616403283ceadc5d9a2d98c21703f217676e6be6595972f5d3d26ff78793f9d?s=96&d=mm&r=g\",\"contentUrl\":\"https:\\\/\\\/secure.gravatar.com\\\/avatar\\\/1616403283ceadc5d9a2d98c21703f217676e6be6595972f5d3d26ff78793f9d?s=96&d=mm&r=g\",\"caption\":\"Ra\u00fal Monter Ortega\"},\"url\":\"https:\\\/\\\/arjenoticias.com.mx\\\/?author=68\"}]}<\/script>\n<!-- \/ Yoast SEO plugin. -->","yoast_head_json":{"title":"Gobierno sabe qui\u00e9n est\u00e1 detr\u00e1s del vandalismo en la marcha del 2 de octubre -","description":"La tecnolog\u00eda con que se cuenta en la actualidad es de tal cobertura que ellos saben quienes son los anarquistas violentos","robots":{"index":"index","follow":"follow","max-snippet":"max-snippet:-1","max-image-preview":"max-image-preview:large","max-video-preview":"max-video-preview:-1"},"canonical":"https:\/\/arjenoticias.com.mx\/?p=5601","og_locale":"es_MX","og_type":"article","og_title":"Gobierno sabe qui\u00e9n est\u00e1 detr\u00e1s del vandalismo en la marcha del 2 de octubre -","og_description":"La tecnolog\u00eda con que se cuenta en la actualidad es de tal cobertura que ellos saben quienes son los anarquistas violentos","og_url":"https:\/\/arjenoticias.com.mx\/?p=5601","article_published_time":"2025-10-03T01:06:51+00:00","author":"Ra\u00fal Monter Ortega","twitter_card":"summary_large_image","twitter_misc":{"Escrito por":"Ra\u00fal Monter Ortega","Tiempo de lectura":"2 minutos"},"schema":{"@context":"https:\/\/schema.org","@graph":[{"@type":"Article","@id":"https:\/\/arjenoticias.com.mx\/?p=5601#article","isPartOf":{"@id":"https:\/\/arjenoticias.com.mx\/?p=5601"},"author":{"name":"Ra\u00fal Monter Ortega","@id":"https:\/\/arjenoticias.com.mx\/#\/schema\/person\/f48bc28476b38490cbe82bd109c72b24"},"headline":"Gobierno sabe qui\u00e9n est\u00e1 detr\u00e1s del vandalismo en la marcha del 2 de octubre","datePublished":"2025-10-03T01:06:51+00:00","mainEntityOfPage":{"@id":"https:\/\/arjenoticias.com.mx\/?p=5601"},"wordCount":276,"publisher":{"@id":"https:\/\/arjenoticias.com.mx\/#organization"},"image":{"@id":"https:\/\/arjenoticias.com.mx\/?p=5601#primaryimage"},"thumbnailUrl":"","keywords":["2 de octubre no se olvida por el vandalismo"],"articleSection":["Opini\u00f3n"],"inLanguage":"es"},{"@type":"WebPage","@id":"https:\/\/arjenoticias.com.mx\/?p=5601","url":"https:\/\/arjenoticias.com.mx\/?p=5601","name":"Gobierno sabe qui\u00e9n est\u00e1 detr\u00e1s del vandalismo en la marcha del 2 de octubre -","isPartOf":{"@id":"https:\/\/arjenoticias.com.mx\/#website"},"primaryImageOfPage":{"@id":"https:\/\/arjenoticias.com.mx\/?p=5601#primaryimage"},"image":{"@id":"https:\/\/arjenoticias.com.mx\/?p=5601#primaryimage"},"thumbnailUrl":"","datePublished":"2025-10-03T01:06:51+00:00","description":"La tecnolog\u00eda con que se cuenta en la actualidad es de tal cobertura que ellos saben quienes son los anarquistas violentos","breadcrumb":{"@id":"https:\/\/arjenoticias.com.mx\/?p=5601#breadcrumb"},"inLanguage":"es","potentialAction":[{"@type":"ReadAction","target":["https:\/\/arjenoticias.com.mx\/?p=5601"]}]},{"@type":"ImageObject","inLanguage":"es","@id":"https:\/\/arjenoticias.com.mx\/?p=5601#primaryimage","url":"","contentUrl":""},{"@type":"BreadcrumbList","@id":"https:\/\/arjenoticias.com.mx\/?p=5601#breadcrumb","itemListElement":[{"@type":"ListItem","position":1,"name":"Inicio","item":"https:\/\/arjenoticias.com.mx\/"},{"@type":"ListItem","position":2,"name":"Gobierno sabe qui\u00e9n est\u00e1 detr\u00e1s del vandalismo en la marcha del 2 de octubre"}]},{"@type":"WebSite","@id":"https:\/\/arjenoticias.com.mx\/#website","url":"https:\/\/arjenoticias.com.mx\/","name":"arjenoticias.com.mx","description":"","publisher":{"@id":"https:\/\/arjenoticias.com.mx\/#organization"},"potentialAction":[{"@type":"SearchAction","target":{"@type":"EntryPoint","urlTemplate":"https:\/\/arjenoticias.com.mx\/?s={search_term_string}"},"query-input":{"@type":"PropertyValueSpecification","valueRequired":true,"valueName":"search_term_string"}}],"inLanguage":"es"},{"@type":"Organization","@id":"https:\/\/arjenoticias.com.mx\/#organization","name":"Arj\u00e9 de M\u00e9xico Noticias","url":"https:\/\/arjenoticias.com.mx\/","logo":{"@type":"ImageObject","inLanguage":"es","@id":"https:\/\/arjenoticias.com.mx\/#\/schema\/logo\/image\/","url":"https:\/\/arjenoticias.com.mx\/wp-content\/uploads\/2025\/07\/cropped-logo-scaled-1.png","contentUrl":"https:\/\/arjenoticias.com.mx\/wp-content\/uploads\/2025\/07\/cropped-logo-scaled-1.png","width":2558,"height":558,"caption":"Arj\u00e9 de M\u00e9xico Noticias"},"image":{"@id":"https:\/\/arjenoticias.com.mx\/#\/schema\/logo\/image\/"}},{"@type":"Person","@id":"https:\/\/arjenoticias.com.mx\/#\/schema\/person\/f48bc28476b38490cbe82bd109c72b24","name":"Ra\u00fal Monter Ortega","image":{"@type":"ImageObject","inLanguage":"es","@id":"https:\/\/secure.gravatar.com\/avatar\/1616403283ceadc5d9a2d98c21703f217676e6be6595972f5d3d26ff78793f9d?s=96&d=mm&r=g","url":"https:\/\/secure.gravatar.com\/avatar\/1616403283ceadc5d9a2d98c21703f217676e6be6595972f5d3d26ff78793f9d?s=96&d=mm&r=g","contentUrl":"https:\/\/secure.gravatar.com\/avatar\/1616403283ceadc5d9a2d98c21703f217676e6be6595972f5d3d26ff78793f9d?s=96&d=mm&r=g","caption":"Ra\u00fal Monter Ortega"},"url":"https:\/\/arjenoticias.com.mx\/?author=68"}]}},"_links":{"self":[{"href":"https:\/\/arjenoticias.com.mx\/index.php?rest_route=\/wp\/v2\/posts\/5601","targetHints":{"allow":["GET"]}}],"collection":[{"href":"https:\/\/arjenoticias.com.mx\/index.php?rest_route=\/wp\/v2\/posts"}],"about":[{"href":"https:\/\/arjenoticias.com.mx\/index.php?rest_route=\/wp\/v2\/types\/post"}],"author":[{"embeddable":true,"href":"https:\/\/arjenoticias.com.mx\/index.php?rest_route=\/wp\/v2\/users\/68"}],"replies":[{"embeddable":true,"href":"https:\/\/arjenoticias.com.mx\/index.php?rest_route=%2Fwp%2Fv2%2Fcomments&post=5601"}],"version-history":[{"count":0,"href":"https:\/\/arjenoticias.com.mx\/index.php?rest_route=\/wp\/v2\/posts\/5601\/revisions"}],"wp:attachment":[{"href":"https:\/\/arjenoticias.com.mx\/index.php?rest_route=%2Fwp%2Fv2%2Fmedia&parent=5601"}],"wp:term":[{"taxonomy":"category","embeddable":true,"href":"https:\/\/arjenoticias.com.mx\/index.php?rest_route=%2Fwp%2Fv2%2Fcategories&post=5601"},{"taxonomy":"post_tag","embeddable":true,"href":"https:\/\/arjenoticias.com.mx\/index.php?rest_route=%2Fwp%2Fv2%2Ftags&post=5601"}],"curies":[{"name":"wp","href":"https:\/\/api.w.org\/{rel}","templated":true}]}}