{"id":5597,"date":"2025-10-02T12:59:16","date_gmt":"2025-10-02T18:59:16","guid":{"rendered":"https:\/\/arjenoticias.com\/?p=5597"},"modified":"2025-10-02T12:59:16","modified_gmt":"2025-10-02T18:59:16","slug":"propuesta-de-diputados-del-pan-es-para-permitir-que-los-medicamentos-sean-deducibles-de-gastos-medicos","status":"publish","type":"post","link":"https:\/\/arjenoticias.com.mx\/?p=5597","title":{"rendered":"Propuesta de diputados del PAN es para permitir que los medicamentos sean deducibles de gastos m\u00e9dicos"},"content":{"rendered":"\n<h2 class=\"wp-block-heading\"><strong>PAN propone que sean deducibles de impuestos los medicamentos que se compran en las farmacias y establecimientos, de cara al paquete econ\u00f3mico de 2026.<\/strong><\/h2>\n\n\n\n<p class=\"wp-block-paragraph\"> Dice <strong> \u00c9ctor Jaime Ram\u00edrez Barba, diputado federal del PAN y secretario de la Comisi\u00f3n de Salud.<\/strong><\/p>\n\n\n\n<p class=\"wp-block-paragraph\"><strong>Actualmente el Reglamento de la Ley del Impuesto sobre la Renta \u00fanicamente permite deducir medicamentos <\/strong><strong>adquiridos en hospitales, dejando fuera otros gastos que realizan las familias en el cuidado de su salud.<\/strong><\/p>\n\n\n\n<ul class=\"wp-block-list\">\n<li><strong>Que solamente los medicamentos incluidos en las facturas hospitalarias sean deducibles, es un trato desigual, que perjudica a los que menos tienen, ya que no todas las personas requieren o tienen acceso a tratamiento hospitalario para obtener sus medicamentos.<\/strong><\/li>\n<\/ul>\n\n\n\n<ul class=\"wp-block-list\">\n<li><strong>Ante el desabasto medicamentos, los ciudadanos se ven obligados a comprar en el sector privado a precios m\u00e1s altos. Permitir la deducci\u00f3n de estos gastos ayudar\u00e1 a aliviar el impacto econ\u00f3mico en las familias y garantizar\u00e1 un acceso m\u00e1s equitativo a los tratamientos: \u00c9ctor Jaime Ram\u00edrez Barba, diputado federal del PAN y secretario de la Comisi\u00f3n de Salud.<\/strong><\/li>\n<\/ul>\n\n\n\n<p class=\"wp-block-paragraph\"><\/p>\n\n\n\n<p class=\"wp-block-paragraph\">El persistente desabasto de medicamentos en M\u00e9xico sigue siendo una crisis profunda: seg\u00fan la &#8220;Radiograf\u00eda del Desabasto de Medicamentos en M\u00e9xico 2023&#8221; del Colectivo Cero Desabasto, en 2023 se registraron 7,503,818 recetas no surtidas a nivel nacional, una cifra que, aunque disminuy\u00f3 notablemente de los 17 millones de 2022 y los m\u00e1s de 27 millones de 2021, sigue siendo terrible.<\/p>\n\n\n\n<p class=\"wp-block-paragraph\">El problema se concentra en las principales instituciones: el Instituto Mexicano del Seguro Social (IMSS) no logr\u00f3 surtir efectivamente 5.1 millones de recetas en 2023, una mejora respecto a los 9 millones de 2022, pero que a\u00fan evidencia la magnitud del problema, el cual escal\u00f3 desde 2018 y alcanz\u00f3 su pico en 2021 con m\u00e1s de 22 millones de recetas sin surtir en el IMSS.<\/p>\n\n\n\n<p class=\"wp-block-paragraph\">A esto se suman las 850,061 recetas no atendidas por el ISSSTE y las 160,946 del IMSS-Bienestar. Este d\u00e9ficit obliga a las familias a costear los tratamientos por su cuenta, lo cual impacta severamente sus finanzas: el gasto de bolsillo en salud es de $6,421 en 2024, y el 38.3% de ese monto se destina a la compra de medicinas.<\/p>\n\n\n\n<p class=\"wp-block-paragraph\">Un agravante adicional es la falta de posibilidad de deducci\u00f3n de estos gastos, ya que la legislaci\u00f3n fiscal \u00fanicamente permite deducir medicamentos adquiridos en hospitales. Ya que, mientras que el Art\u00edculo 151 de la Ley del ISR permite deducciones por gastos m\u00e9dicos, su Reglamento (Art\u00edculo 264) especifica que solo medicamentos de facturas hospitalarias son deducibles, excluyendo as\u00ed a los adquiridos en farmacias.<\/p>\n\n\n\n<p class=\"wp-block-paragraph\">Esta exclusi\u00f3n perjudica a ciudadanos que, sin necesidad de hospitalizaci\u00f3n, enfrentan elevados costos de medicamentos para tratamientos de enfermedades. En un contexto de escasez, el acceso desigual a tratamientos esenciales se intensifica. Permitir la deducci\u00f3n de estos gastos no solo aliviar\u00eda la carga econ\u00f3mica sobre las familias, sino que tambi\u00e9n asegurar\u00eda un acceso m\u00e1s equitativo a la salud.<\/p>\n\n\n\n<p class=\"wp-block-paragraph\">La propuesta de los diputados del PAN es modificar la Ley del Impuesto Sobre la Renta (ISR) para permitir que los medicamentos comprados en farmacias y otros establecimientos del sector salud sean deducibles de gastos m\u00e9dicos para personas f\u00edsicas en M\u00e9xico. En muchos pa\u00edses, esta pr\u00e1ctica ha demostrado ser efectiva en aliviar la carga financiera de los ciudadanos sin afectar significativamente los ingresos fiscales.<\/p>\n\n\n\n<p class=\"wp-block-paragraph\">Mejorar el acceso a medicamentos mediante incentivos fiscales puede tener un impacto positivo en la salud p\u00fablica. Un mejor acceso promover\u00eda la adherencia a tratamientos, reduciendo complicaciones de salud y costos a largo plazo, adem\u00e1s de fomentar la formalidad y responsabilidad fiscal al incentivar la solicitud y conservaci\u00f3n de facturas.<\/p>\n\n\n\n<p class=\"wp-block-paragraph\">Un cambio en esta legislaci\u00f3n beneficiar\u00eda especialmente a las familias de ingresos medios y bajos. Proponemos, por ende, la adopci\u00f3n de estas modificaciones como una medida urgente para proteger la salud y bienestar de nuestra poblaci\u00f3n.<\/p>\n","protected":false},"excerpt":{"rendered":"<p>PAN propone que sean deducibles de impuestos los medicamentos que se compran en las farmacias&#8230;<\/p>\n","protected":false},"author":82,"featured_media":5598,"comment_status":"closed","ping_status":"closed","sticky":false,"template":"","format":"standard","meta":{"footnotes":""},"categories":[12,14],"tags":[575],"class_list":["post-5597","post","type-post","status-publish","format-standard","has-post-thumbnail","hentry","category-opinion","category-salud","tag-deducir-de-impuestos-medicinas-para-paliar-falta-de-medicamentos"],"yoast_head":"<!-- This site is optimized with the Yoast SEO plugin v28.4 - https:\/\/yoast.com\/product\/yoast-seo-wordpress\/ -->\n<title>Propuesta de diputados del PAN es para permitir que los medicamentos sean deducibles de gastos m\u00e9dicos -<\/title>\n<meta name=\"description\" content=\"El problema se concentra en las principales instituciones: el Instituto Mexicano del Seguro Social (IMSS) no logr\u00f3 surtir efectivamente 5.1 millones de recetas en 2023,\" \/>\n<meta name=\"robots\" content=\"index, follow, max-snippet:-1, max-image-preview:large, max-video-preview:-1\" \/>\n<link rel=\"canonical\" href=\"https:\/\/arjenoticias.com.mx\/?p=5597\" \/>\n<meta property=\"og:locale\" content=\"es_MX\" \/>\n<meta property=\"og:type\" content=\"article\" \/>\n<meta property=\"og:title\" content=\"Propuesta de diputados del PAN es para permitir que los medicamentos sean deducibles de gastos m\u00e9dicos -\" \/>\n<meta property=\"og:description\" content=\"El problema se concentra en las principales instituciones: el Instituto Mexicano del Seguro Social (IMSS) no logr\u00f3 surtir efectivamente 5.1 millones de recetas en 2023,\" \/>\n<meta property=\"og:url\" content=\"https:\/\/arjenoticias.com.mx\/?p=5597\" \/>\n<meta property=\"article:published_time\" content=\"2025-10-02T18:59:16+00:00\" \/>\n<meta name=\"author\" content=\"\u00c9ctor Jaime Ram\u00edrez Barba\" \/>\n<meta name=\"twitter:card\" content=\"summary_large_image\" \/>\n<meta name=\"twitter:label1\" content=\"Escrito por\" \/>\n\t<meta name=\"twitter:data1\" content=\"\u00c9ctor Jaime Ram\u00edrez Barba\" \/>\n\t<meta name=\"twitter:label2\" content=\"Tiempo de lectura\" \/>\n\t<meta name=\"twitter:data2\" content=\"4 minutos\" \/>\n<script type=\"application\/ld+json\" class=\"yoast-schema-graph\">{\"@context\":\"https:\\\/\\\/schema.org\",\"@graph\":[{\"@type\":\"Article\",\"@id\":\"https:\\\/\\\/arjenoticias.com.mx\\\/?p=5597#article\",\"isPartOf\":{\"@id\":\"https:\\\/\\\/arjenoticias.com.mx\\\/?p=5597\"},\"author\":{\"name\":\"\u00c9ctor Jaime Ram\u00edrez Barba\",\"@id\":\"https:\\\/\\\/arjenoticias.com.mx\\\/#\\\/schema\\\/person\\\/f5b5959b9ff21ef2898206bff32b3ada\"},\"headline\":\"Propuesta de diputados del PAN es para permitir que los medicamentos sean deducibles de gastos m\u00e9dicos\",\"datePublished\":\"2025-10-02T18:59:16+00:00\",\"mainEntityOfPage\":{\"@id\":\"https:\\\/\\\/arjenoticias.com.mx\\\/?p=5597\"},\"wordCount\":662,\"publisher\":{\"@id\":\"https:\\\/\\\/arjenoticias.com.mx\\\/#organization\"},\"image\":{\"@id\":\"https:\\\/\\\/arjenoticias.com.mx\\\/?p=5597#primaryimage\"},\"thumbnailUrl\":\"\",\"keywords\":[\"Deducir de impuestos medicinas para paliar falta de medicamentos\"],\"articleSection\":[\"Opini\u00f3n\",\"Salud\"],\"inLanguage\":\"es\"},{\"@type\":\"WebPage\",\"@id\":\"https:\\\/\\\/arjenoticias.com.mx\\\/?p=5597\",\"url\":\"https:\\\/\\\/arjenoticias.com.mx\\\/?p=5597\",\"name\":\"Propuesta de diputados del PAN es para permitir que los medicamentos sean deducibles de gastos m\u00e9dicos -\",\"isPartOf\":{\"@id\":\"https:\\\/\\\/arjenoticias.com.mx\\\/#website\"},\"primaryImageOfPage\":{\"@id\":\"https:\\\/\\\/arjenoticias.com.mx\\\/?p=5597#primaryimage\"},\"image\":{\"@id\":\"https:\\\/\\\/arjenoticias.com.mx\\\/?p=5597#primaryimage\"},\"thumbnailUrl\":\"\",\"datePublished\":\"2025-10-02T18:59:16+00:00\",\"description\":\"El problema se concentra en las principales instituciones: el Instituto Mexicano del Seguro Social (IMSS) no logr\u00f3 surtir efectivamente 5.1 millones de recetas en 2023,\",\"breadcrumb\":{\"@id\":\"https:\\\/\\\/arjenoticias.com.mx\\\/?p=5597#breadcrumb\"},\"inLanguage\":\"es\",\"potentialAction\":[{\"@type\":\"ReadAction\",\"target\":[\"https:\\\/\\\/arjenoticias.com.mx\\\/?p=5597\"]}]},{\"@type\":\"ImageObject\",\"inLanguage\":\"es\",\"@id\":\"https:\\\/\\\/arjenoticias.com.mx\\\/?p=5597#primaryimage\",\"url\":\"\",\"contentUrl\":\"\"},{\"@type\":\"BreadcrumbList\",\"@id\":\"https:\\\/\\\/arjenoticias.com.mx\\\/?p=5597#breadcrumb\",\"itemListElement\":[{\"@type\":\"ListItem\",\"position\":1,\"name\":\"Inicio\",\"item\":\"https:\\\/\\\/arjenoticias.com.mx\\\/\"},{\"@type\":\"ListItem\",\"position\":2,\"name\":\"Propuesta de diputados del PAN es para permitir que los medicamentos sean deducibles de gastos m\u00e9dicos\"}]},{\"@type\":\"WebSite\",\"@id\":\"https:\\\/\\\/arjenoticias.com.mx\\\/#website\",\"url\":\"https:\\\/\\\/arjenoticias.com.mx\\\/\",\"name\":\"arjenoticias.com.mx\",\"description\":\"\",\"publisher\":{\"@id\":\"https:\\\/\\\/arjenoticias.com.mx\\\/#organization\"},\"potentialAction\":[{\"@type\":\"SearchAction\",\"target\":{\"@type\":\"EntryPoint\",\"urlTemplate\":\"https:\\\/\\\/arjenoticias.com.mx\\\/?s={search_term_string}\"},\"query-input\":{\"@type\":\"PropertyValueSpecification\",\"valueRequired\":true,\"valueName\":\"search_term_string\"}}],\"inLanguage\":\"es\"},{\"@type\":\"Organization\",\"@id\":\"https:\\\/\\\/arjenoticias.com.mx\\\/#organization\",\"name\":\"Arj\u00e9 de M\u00e9xico Noticias\",\"url\":\"https:\\\/\\\/arjenoticias.com.mx\\\/\",\"logo\":{\"@type\":\"ImageObject\",\"inLanguage\":\"es\",\"@id\":\"https:\\\/\\\/arjenoticias.com.mx\\\/#\\\/schema\\\/logo\\\/image\\\/\",\"url\":\"https:\\\/\\\/arjenoticias.com.mx\\\/wp-content\\\/uploads\\\/2025\\\/07\\\/cropped-logo-scaled-1.png\",\"contentUrl\":\"https:\\\/\\\/arjenoticias.com.mx\\\/wp-content\\\/uploads\\\/2025\\\/07\\\/cropped-logo-scaled-1.png\",\"width\":2558,\"height\":558,\"caption\":\"Arj\u00e9 de M\u00e9xico Noticias\"},\"image\":{\"@id\":\"https:\\\/\\\/arjenoticias.com.mx\\\/#\\\/schema\\\/logo\\\/image\\\/\"}},{\"@type\":\"Person\",\"@id\":\"https:\\\/\\\/arjenoticias.com.mx\\\/#\\\/schema\\\/person\\\/f5b5959b9ff21ef2898206bff32b3ada\",\"name\":\"\u00c9ctor Jaime Ram\u00edrez Barba\",\"image\":{\"@type\":\"ImageObject\",\"inLanguage\":\"es\",\"@id\":\"https:\\\/\\\/secure.gravatar.com\\\/avatar\\\/65b1d1a969019200bb5e053668c2c2ed6da28a39bdd212471195336215b64c5e?s=96&d=mm&r=g\",\"url\":\"https:\\\/\\\/secure.gravatar.com\\\/avatar\\\/65b1d1a969019200bb5e053668c2c2ed6da28a39bdd212471195336215b64c5e?s=96&d=mm&r=g\",\"contentUrl\":\"https:\\\/\\\/secure.gravatar.com\\\/avatar\\\/65b1d1a969019200bb5e053668c2c2ed6da28a39bdd212471195336215b64c5e?s=96&d=mm&r=g\",\"caption\":\"\u00c9ctor Jaime Ram\u00edrez Barba\"},\"url\":\"https:\\\/\\\/arjenoticias.com.mx\\\/?author=82\"}]}<\/script>\n<!-- \/ Yoast SEO plugin. -->","yoast_head_json":{"title":"Propuesta de diputados del PAN es para permitir que los medicamentos sean deducibles de gastos m\u00e9dicos -","description":"El problema se concentra en las principales instituciones: el Instituto Mexicano del Seguro Social (IMSS) no logr\u00f3 surtir efectivamente 5.1 millones de recetas en 2023,","robots":{"index":"index","follow":"follow","max-snippet":"max-snippet:-1","max-image-preview":"max-image-preview:large","max-video-preview":"max-video-preview:-1"},"canonical":"https:\/\/arjenoticias.com.mx\/?p=5597","og_locale":"es_MX","og_type":"article","og_title":"Propuesta de diputados del PAN es para permitir que los medicamentos sean deducibles de gastos m\u00e9dicos -","og_description":"El problema se concentra en las principales instituciones: el Instituto Mexicano del Seguro Social (IMSS) no logr\u00f3 surtir efectivamente 5.1 millones de recetas en 2023,","og_url":"https:\/\/arjenoticias.com.mx\/?p=5597","article_published_time":"2025-10-02T18:59:16+00:00","author":"\u00c9ctor Jaime Ram\u00edrez Barba","twitter_card":"summary_large_image","twitter_misc":{"Escrito por":"\u00c9ctor Jaime Ram\u00edrez Barba","Tiempo de lectura":"4 minutos"},"schema":{"@context":"https:\/\/schema.org","@graph":[{"@type":"Article","@id":"https:\/\/arjenoticias.com.mx\/?p=5597#article","isPartOf":{"@id":"https:\/\/arjenoticias.com.mx\/?p=5597"},"author":{"name":"\u00c9ctor Jaime Ram\u00edrez Barba","@id":"https:\/\/arjenoticias.com.mx\/#\/schema\/person\/f5b5959b9ff21ef2898206bff32b3ada"},"headline":"Propuesta de diputados del PAN es para permitir que los medicamentos sean deducibles de gastos m\u00e9dicos","datePublished":"2025-10-02T18:59:16+00:00","mainEntityOfPage":{"@id":"https:\/\/arjenoticias.com.mx\/?p=5597"},"wordCount":662,"publisher":{"@id":"https:\/\/arjenoticias.com.mx\/#organization"},"image":{"@id":"https:\/\/arjenoticias.com.mx\/?p=5597#primaryimage"},"thumbnailUrl":"","keywords":["Deducir de impuestos medicinas para paliar falta de medicamentos"],"articleSection":["Opini\u00f3n","Salud"],"inLanguage":"es"},{"@type":"WebPage","@id":"https:\/\/arjenoticias.com.mx\/?p=5597","url":"https:\/\/arjenoticias.com.mx\/?p=5597","name":"Propuesta de diputados del PAN es para permitir que los medicamentos sean deducibles de gastos m\u00e9dicos -","isPartOf":{"@id":"https:\/\/arjenoticias.com.mx\/#website"},"primaryImageOfPage":{"@id":"https:\/\/arjenoticias.com.mx\/?p=5597#primaryimage"},"image":{"@id":"https:\/\/arjenoticias.com.mx\/?p=5597#primaryimage"},"thumbnailUrl":"","datePublished":"2025-10-02T18:59:16+00:00","description":"El problema se concentra en las principales instituciones: el Instituto Mexicano del Seguro Social (IMSS) no logr\u00f3 surtir efectivamente 5.1 millones de recetas en 2023,","breadcrumb":{"@id":"https:\/\/arjenoticias.com.mx\/?p=5597#breadcrumb"},"inLanguage":"es","potentialAction":[{"@type":"ReadAction","target":["https:\/\/arjenoticias.com.mx\/?p=5597"]}]},{"@type":"ImageObject","inLanguage":"es","@id":"https:\/\/arjenoticias.com.mx\/?p=5597#primaryimage","url":"","contentUrl":""},{"@type":"BreadcrumbList","@id":"https:\/\/arjenoticias.com.mx\/?p=5597#breadcrumb","itemListElement":[{"@type":"ListItem","position":1,"name":"Inicio","item":"https:\/\/arjenoticias.com.mx\/"},{"@type":"ListItem","position":2,"name":"Propuesta de diputados del PAN es para permitir que los medicamentos sean deducibles de gastos m\u00e9dicos"}]},{"@type":"WebSite","@id":"https:\/\/arjenoticias.com.mx\/#website","url":"https:\/\/arjenoticias.com.mx\/","name":"arjenoticias.com.mx","description":"","publisher":{"@id":"https:\/\/arjenoticias.com.mx\/#organization"},"potentialAction":[{"@type":"SearchAction","target":{"@type":"EntryPoint","urlTemplate":"https:\/\/arjenoticias.com.mx\/?s={search_term_string}"},"query-input":{"@type":"PropertyValueSpecification","valueRequired":true,"valueName":"search_term_string"}}],"inLanguage":"es"},{"@type":"Organization","@id":"https:\/\/arjenoticias.com.mx\/#organization","name":"Arj\u00e9 de M\u00e9xico Noticias","url":"https:\/\/arjenoticias.com.mx\/","logo":{"@type":"ImageObject","inLanguage":"es","@id":"https:\/\/arjenoticias.com.mx\/#\/schema\/logo\/image\/","url":"https:\/\/arjenoticias.com.mx\/wp-content\/uploads\/2025\/07\/cropped-logo-scaled-1.png","contentUrl":"https:\/\/arjenoticias.com.mx\/wp-content\/uploads\/2025\/07\/cropped-logo-scaled-1.png","width":2558,"height":558,"caption":"Arj\u00e9 de M\u00e9xico Noticias"},"image":{"@id":"https:\/\/arjenoticias.com.mx\/#\/schema\/logo\/image\/"}},{"@type":"Person","@id":"https:\/\/arjenoticias.com.mx\/#\/schema\/person\/f5b5959b9ff21ef2898206bff32b3ada","name":"\u00c9ctor Jaime Ram\u00edrez Barba","image":{"@type":"ImageObject","inLanguage":"es","@id":"https:\/\/secure.gravatar.com\/avatar\/65b1d1a969019200bb5e053668c2c2ed6da28a39bdd212471195336215b64c5e?s=96&d=mm&r=g","url":"https:\/\/secure.gravatar.com\/avatar\/65b1d1a969019200bb5e053668c2c2ed6da28a39bdd212471195336215b64c5e?s=96&d=mm&r=g","contentUrl":"https:\/\/secure.gravatar.com\/avatar\/65b1d1a969019200bb5e053668c2c2ed6da28a39bdd212471195336215b64c5e?s=96&d=mm&r=g","caption":"\u00c9ctor Jaime Ram\u00edrez Barba"},"url":"https:\/\/arjenoticias.com.mx\/?author=82"}]}},"_links":{"self":[{"href":"https:\/\/arjenoticias.com.mx\/index.php?rest_route=\/wp\/v2\/posts\/5597","targetHints":{"allow":["GET"]}}],"collection":[{"href":"https:\/\/arjenoticias.com.mx\/index.php?rest_route=\/wp\/v2\/posts"}],"about":[{"href":"https:\/\/arjenoticias.com.mx\/index.php?rest_route=\/wp\/v2\/types\/post"}],"author":[{"embeddable":true,"href":"https:\/\/arjenoticias.com.mx\/index.php?rest_route=\/wp\/v2\/users\/82"}],"replies":[{"embeddable":true,"href":"https:\/\/arjenoticias.com.mx\/index.php?rest_route=%2Fwp%2Fv2%2Fcomments&post=5597"}],"version-history":[{"count":0,"href":"https:\/\/arjenoticias.com.mx\/index.php?rest_route=\/wp\/v2\/posts\/5597\/revisions"}],"wp:attachment":[{"href":"https:\/\/arjenoticias.com.mx\/index.php?rest_route=%2Fwp%2Fv2%2Fmedia&parent=5597"}],"wp:term":[{"taxonomy":"category","embeddable":true,"href":"https:\/\/arjenoticias.com.mx\/index.php?rest_route=%2Fwp%2Fv2%2Fcategories&post=5597"},{"taxonomy":"post_tag","embeddable":true,"href":"https:\/\/arjenoticias.com.mx\/index.php?rest_route=%2Fwp%2Fv2%2Ftags&post=5597"}],"curies":[{"name":"wp","href":"https:\/\/api.w.org\/{rel}","templated":true}]}}