{"id":5593,"date":"2025-10-02T12:38:48","date_gmt":"2025-10-02T18:38:48","guid":{"rendered":"https:\/\/arjenoticias.com\/?p=5593"},"modified":"2025-10-02T12:38:48","modified_gmt":"2025-10-02T18:38:48","slug":"una-liberacion-que-conmovio-al-mundo","status":"publish","type":"post","link":"https:\/\/arjenoticias.com.mx\/?p=5593","title":{"rendered":"Una liberaci\u00f3n que conmovi\u00f3 al mundo"},"content":{"rendered":"\n<p class=\"wp-block-paragraph\">La primat\u00f3loga brit\u00e1nica Jane Goodall falleci\u00f3 este mi\u00e9rcoles a los 91 a\u00f1os de edad. A pesar de que nunca lleg\u00f3 a cursar estudios universitarios en el campo de la etolog\u00eda,  hizo importantes descubrimientos sobre los chimpanc\u00e9s salvajes que acabaron fascinando al mundo. <\/p>\n\n\n\n<p class=\"wp-block-paragraph\">Lo anterior deriv\u00f3 en que, a\u00f1os m\u00e1s tarde, fuera admitida en el programa de doctorado de la Universidad de Cambridge, convirti\u00e9ndose as\u00ed en una de las pocas personas en la historia en recibir un doctorado sin haber completado previamente estudios de grado. <\/p>\n\n\n\n<p class=\"wp-block-paragraph\">Jane Goodall naci\u00f3 el 3 de abril de 1934 en\u00a0<strong>Londres\u00a0<\/strong>en el seno de una familia de clase media, cri\u00e1ndose en la posguerra en la casa familiar de\u00a0<strong>Bournemouth<\/strong>, en el sur de Inglaterra. All\u00ed vivi\u00f3 su infancia y juventud, rodeada de animales y so\u00f1ando con escribir sobre los animales en \u00c1frica. <\/p>\n\n\n\n<p class=\"wp-block-paragraph\">A los 23 a\u00f1os comenz\u00f3 a hacer realidad su sue\u00f1o viajando a Kenia, donde trabaj\u00f3 con el famoso antrop\u00f3logo\u00a0<strong>Louis Leakey<\/strong>, hasta que \u00e9ste la envi\u00f3 en 1960 a\u00a0<strong>Gombe<\/strong>, Tanzania, con la arriesgada misi\u00f3n de investigar por primera vez a los\u00a0<strong>chimpanc\u00e9s salvajes<\/strong>\u00a0de la zona.\u00a0Con la sola compa\u00f1\u00eda de\u00a0su madre y un cocinero, plant\u00f3 su tienda en la selva y comenz\u00f3\u00a0su\u00a0<a href=\"https:\/\/janegoodall.es\/es\/gombe50.html\">proyecto de investigaci\u00f3n<\/a>\u00a0que durar\u00eda en teor\u00eda\u00a0seis meses, y que contin\u00faa en el presente tras m\u00e1s de seis\u00a0d\u00e9cadas, de la mano de investigadores y asistentes del IJG.<\/p>\n\n\n\n<p class=\"wp-block-paragraph\">En el seno del Instituto Jane Goodall (IJG), el caso de <strong>Wounda<\/strong> se ha convertido en un referente de la compasi\u00f3n, la ciencia y la rehabilitaci\u00f3n animal. Gracias a los cuidados profesionales y la dedicaci\u00f3n de su equipo, este chimpanc\u00e9 logr\u00f3 no solo sobrevivir a una situaci\u00f3n l\u00edmite sino transformarse en l\u00edder y madre, simbolizando el poder de la acci\u00f3n humana cuando se sustenta en la \u00e9tica y la ciencia.<\/p>\n\n\n\n<p class=\"wp-block-paragraph\"><strong>El rescate de Wounda fue una operaci\u00f3n dram\u00e1tica. Rescatada del tr\u00e1fico ilegal en la Rep\u00fablica del Congo, esta chimpanc\u00e9 sufri\u00f3 una desnutrici\u00f3n severa, que le hizo perder la mitad de su peso y pr\u00e1cticamente la masa muscular. Las condiciones eran tan cr\u00edticas que los cuidadores del IJG bautizaron su situaci\u00f3n con su nombre: \u201cWounda\u201d, que significa \u201ccerca de la muerte\u201d.<\/strong><\/p>\n\n\n\n<figure class=\"wp-block-embed is-type-rich is-provider-twitter wp-block-embed-twitter\"><div class=\"wp-block-embed__wrapper\">\n<blockquote class=\"twitter-tweet\" data-width=\"550\" data-dnt=\"true\"><p lang=\"es\" dir=\"ltr\">Un abrazo lleno de amor y agradecimiento que har\u00eda estremecer al mundo.<br>La maravillosa historia de <a href=\"https:\/\/twitter.com\/hashtag\/JaneGoodall?src=hash&amp;ref_src=twsrc%5Etfw\">#JaneGoodall<\/a>  y Wounda que revive con la muerte de la et\u00f3loga brit\u00e1nica. <a href=\"https:\/\/t.co\/VQUyXnxL1j\">pic.twitter.com\/VQUyXnxL1j<\/a><\/p>&mdash; Arj\u00e9 Noticias (@ArjeNoticias) <a href=\"https:\/\/twitter.com\/ArjeNoticias\/status\/1973818718724775950?ref_src=twsrc%5Etfw\">October 2, 2025<\/a><\/blockquote><script async src=\"https:\/\/platform.twitter.com\/widgets.js\" charset=\"utf-8\"><\/script>\n<\/div><\/figure>\n\n\n\n\n\n<p class=\"wp-block-paragraph\">Bajo la direcci\u00f3n de la <strong>Dra. Rebeca Atencia<\/strong>, el equipo del IJG decidi\u00f3 intervenir con una medida extraordinaria: una <strong>transfusi\u00f3n de sangre de chimpanc\u00e9 a chimpanc\u00e9<\/strong>, en lo que podr\u00eda haber sido la primera de este tipo en \u00c1frica. Gracias a esa intervenci\u00f3n vital, Wounda comenz\u00f3 su proceso de recuperaci\u00f3n.<\/p>\n\n\n\n\n\n<p class=\"wp-block-paragraph\">Una vez que su estado mejor\u00f3, Wounda fue trasladada a la isla protegida de <strong>Tchindzoulou<\/strong>, dentro del complejo de rehabilitaci\u00f3n de <strong>Tchimpounga<\/strong> del IJG. All\u00ed, comenz\u00f3 una nueva vida en semilibertad junto a otros chimpanc\u00e9s rescatados. <\/p>\n\n\n\n<pre class=\"wp-block-verse\">El momento de su liberaci\u00f3n fue captado en un abrazo al que Jane Goodall asisti\u00f3, emocionando a miles de seguidores del instituto. Ese abrazo se ha convertido en una imagen simb\u00f3lica: la conexi\u00f3n entre seres humanos y animales, m\u00e1s all\u00e1 del lenguaje.<\/pre>\n\n\n\n<figure class=\"wp-block-image size-full\"><img decoding=\"async\" src=\"https:\/\/arjenoticias.com.mx\/wp-content\/uploads\/2025\/10\/goodall10_714x4801.jpg\" alt=\"\" class=\"wp-image-5594\"\/><\/figure>\n\n\n\n<h3 class=\"wp-block-heading\">L\u00edder, madre y testimonio de esperanza<\/h3>\n\n\n\n<p class=\"wp-block-paragraph\">Hoy, Wounda ostenta el rol de <strong>hembra alfa<\/strong> en su grupo en la isla Tchindzoulou. Es tambi\u00e9n la madre cari\u00f1osa de su hijo, al que llamaron <strong>Hope<\/strong> (Esperanza). Su adaptaci\u00f3n a la vida comunitaria es contundente: interacciones sociales, gestos de confianza y lazos afectivos se entretejen diariamente en esa peque\u00f1a comunidad rescatada. <\/p>\n\n\n\n<p class=\"wp-block-paragraph\">El IJG se\u00f1ala claramente que no avala el contacto directo o el \u201cmascotismo\u201d con chimpanc\u00e9s salvajes; los animales que aparecen bajo su cuidado son hu\u00e9rfanos rescatados que viven en entornos controlados. <\/p>\n\n\n\n<h3 class=\"wp-block-heading\">El reflejo de un legado<\/h3>\n\n\n\n<p class=\"wp-block-paragraph\">La historia de Wounda resuena con fuerza en la misi\u00f3n de Jane Goodall. Representa lo que Goodall predic\u00f3 durante d\u00e9cadas: la capacidad humana de intervenir para restaurar dignidad a quienes la han perdido, de rehabilitar m\u00e1s que explotar, y de inspirar esperanza incluso en los momentos m\u00e1s oscuros.<\/p>\n\n\n\n<p class=\"wp-block-paragraph\">La lecci\u00f3n es clara: cada criatura salvada, cada rehabilitaci\u00f3n exitosa, cada v\u00ednculo restaurado, forma parte del tejido de un cambio m\u00e1s amplio. Wounda, con su vida transformada, es un testimonio vivo de ese principio.<\/p>\n","protected":false},"excerpt":{"rendered":"<p>La primat\u00f3loga brit\u00e1nica Jane Goodall falleci\u00f3 este mi\u00e9rcoles a los 91 a\u00f1os de edad. A&#8230;<\/p>\n","protected":false},"author":67,"featured_media":5595,"comment_status":"closed","ping_status":"closed","sticky":false,"template":"","format":"standard","meta":{"footnotes":""},"categories":[5],"tags":[],"class_list":["post-5593","post","type-post","status-publish","format-standard","has-post-thumbnail","hentry","category-cultura"],"yoast_head":"<!-- This site is optimized with the Yoast SEO plugin v28.4 - https:\/\/yoast.com\/product\/yoast-seo-wordpress\/ -->\n<title>Una liberaci\u00f3n que conmovi\u00f3 al mundo -<\/title>\n<meta name=\"description\" content=\"El momento de su liberaci\u00f3n fue captado en un abrazo al que Jane Goodall asisti\u00f3, emocionando a miles de seguidores del instituto. Ese abrazo se ha convertido en una imagen simb\u00f3lica: la conexi\u00f3n entre seres humanos y animales, m\u00e1s all\u00e1 del lenguaje.\" \/>\n<meta name=\"robots\" content=\"index, follow, max-snippet:-1, max-image-preview:large, max-video-preview:-1\" \/>\n<link rel=\"canonical\" href=\"https:\/\/arjenoticias.com.mx\/?p=5593\" \/>\n<meta property=\"og:locale\" content=\"es_MX\" \/>\n<meta property=\"og:type\" content=\"article\" \/>\n<meta property=\"og:title\" content=\"Una liberaci\u00f3n que conmovi\u00f3 al mundo -\" \/>\n<meta property=\"og:description\" content=\"El momento de su liberaci\u00f3n fue captado en un abrazo al que Jane Goodall asisti\u00f3, emocionando a miles de seguidores del instituto. Ese abrazo se ha convertido en una imagen simb\u00f3lica: la conexi\u00f3n entre seres humanos y animales, m\u00e1s all\u00e1 del lenguaje.\" \/>\n<meta property=\"og:url\" content=\"https:\/\/arjenoticias.com.mx\/?p=5593\" \/>\n<meta property=\"article:published_time\" content=\"2025-10-02T18:38:48+00:00\" \/>\n<meta name=\"author\" content=\"Teresa Sep\u00falveda Elizondo\" \/>\n<meta name=\"twitter:card\" content=\"summary_large_image\" \/>\n<meta name=\"twitter:label1\" content=\"Escrito por\" \/>\n\t<meta name=\"twitter:data1\" content=\"Teresa Sep\u00falveda Elizondo\" \/>\n\t<meta name=\"twitter:label2\" content=\"Tiempo de lectura\" \/>\n\t<meta name=\"twitter:data2\" content=\"4 minutos\" \/>\n<script type=\"application\/ld+json\" class=\"yoast-schema-graph\">{\"@context\":\"https:\\\/\\\/schema.org\",\"@graph\":[{\"@type\":\"Article\",\"@id\":\"https:\\\/\\\/arjenoticias.com.mx\\\/?p=5593#article\",\"isPartOf\":{\"@id\":\"https:\\\/\\\/arjenoticias.com.mx\\\/?p=5593\"},\"author\":{\"name\":\"Teresa Sep\u00falveda Elizondo\",\"@id\":\"https:\\\/\\\/arjenoticias.com.mx\\\/#\\\/schema\\\/person\\\/da5b96cdb3d0ca850682c4c74f9888d1\"},\"headline\":\"Una liberaci\u00f3n que conmovi\u00f3 al mundo\",\"datePublished\":\"2025-10-02T18:38:48+00:00\",\"mainEntityOfPage\":{\"@id\":\"https:\\\/\\\/arjenoticias.com.mx\\\/?p=5593\"},\"wordCount\":692,\"publisher\":{\"@id\":\"https:\\\/\\\/arjenoticias.com.mx\\\/#organization\"},\"image\":{\"@id\":\"https:\\\/\\\/arjenoticias.com.mx\\\/?p=5593#primaryimage\"},\"thumbnailUrl\":\"\",\"articleSection\":[\"Cultura y Entretenimiento\"],\"inLanguage\":\"es\"},{\"@type\":\"WebPage\",\"@id\":\"https:\\\/\\\/arjenoticias.com.mx\\\/?p=5593\",\"url\":\"https:\\\/\\\/arjenoticias.com.mx\\\/?p=5593\",\"name\":\"Una liberaci\u00f3n que conmovi\u00f3 al mundo -\",\"isPartOf\":{\"@id\":\"https:\\\/\\\/arjenoticias.com.mx\\\/#website\"},\"primaryImageOfPage\":{\"@id\":\"https:\\\/\\\/arjenoticias.com.mx\\\/?p=5593#primaryimage\"},\"image\":{\"@id\":\"https:\\\/\\\/arjenoticias.com.mx\\\/?p=5593#primaryimage\"},\"thumbnailUrl\":\"\",\"datePublished\":\"2025-10-02T18:38:48+00:00\",\"description\":\"El momento de su liberaci\u00f3n fue captado en un abrazo al que Jane Goodall asisti\u00f3, emocionando a miles de seguidores del instituto. Ese abrazo se ha convertido en una imagen simb\u00f3lica: la conexi\u00f3n entre seres humanos y animales, m\u00e1s all\u00e1 del lenguaje.\",\"breadcrumb\":{\"@id\":\"https:\\\/\\\/arjenoticias.com.mx\\\/?p=5593#breadcrumb\"},\"inLanguage\":\"es\",\"potentialAction\":[{\"@type\":\"ReadAction\",\"target\":[\"https:\\\/\\\/arjenoticias.com.mx\\\/?p=5593\"]}]},{\"@type\":\"ImageObject\",\"inLanguage\":\"es\",\"@id\":\"https:\\\/\\\/arjenoticias.com.mx\\\/?p=5593#primaryimage\",\"url\":\"\",\"contentUrl\":\"\"},{\"@type\":\"BreadcrumbList\",\"@id\":\"https:\\\/\\\/arjenoticias.com.mx\\\/?p=5593#breadcrumb\",\"itemListElement\":[{\"@type\":\"ListItem\",\"position\":1,\"name\":\"Inicio\",\"item\":\"https:\\\/\\\/arjenoticias.com.mx\\\/\"},{\"@type\":\"ListItem\",\"position\":2,\"name\":\"Una liberaci\u00f3n que conmovi\u00f3 al mundo\"}]},{\"@type\":\"WebSite\",\"@id\":\"https:\\\/\\\/arjenoticias.com.mx\\\/#website\",\"url\":\"https:\\\/\\\/arjenoticias.com.mx\\\/\",\"name\":\"arjenoticias.com.mx\",\"description\":\"\",\"publisher\":{\"@id\":\"https:\\\/\\\/arjenoticias.com.mx\\\/#organization\"},\"potentialAction\":[{\"@type\":\"SearchAction\",\"target\":{\"@type\":\"EntryPoint\",\"urlTemplate\":\"https:\\\/\\\/arjenoticias.com.mx\\\/?s={search_term_string}\"},\"query-input\":{\"@type\":\"PropertyValueSpecification\",\"valueRequired\":true,\"valueName\":\"search_term_string\"}}],\"inLanguage\":\"es\"},{\"@type\":\"Organization\",\"@id\":\"https:\\\/\\\/arjenoticias.com.mx\\\/#organization\",\"name\":\"Arj\u00e9 de M\u00e9xico Noticias\",\"url\":\"https:\\\/\\\/arjenoticias.com.mx\\\/\",\"logo\":{\"@type\":\"ImageObject\",\"inLanguage\":\"es\",\"@id\":\"https:\\\/\\\/arjenoticias.com.mx\\\/#\\\/schema\\\/logo\\\/image\\\/\",\"url\":\"https:\\\/\\\/arjenoticias.com.mx\\\/wp-content\\\/uploads\\\/2025\\\/07\\\/cropped-logo-scaled-1.png\",\"contentUrl\":\"https:\\\/\\\/arjenoticias.com.mx\\\/wp-content\\\/uploads\\\/2025\\\/07\\\/cropped-logo-scaled-1.png\",\"width\":2558,\"height\":558,\"caption\":\"Arj\u00e9 de M\u00e9xico Noticias\"},\"image\":{\"@id\":\"https:\\\/\\\/arjenoticias.com.mx\\\/#\\\/schema\\\/logo\\\/image\\\/\"}},{\"@type\":\"Person\",\"@id\":\"https:\\\/\\\/arjenoticias.com.mx\\\/#\\\/schema\\\/person\\\/da5b96cdb3d0ca850682c4c74f9888d1\",\"name\":\"Teresa Sep\u00falveda Elizondo\",\"image\":{\"@type\":\"ImageObject\",\"inLanguage\":\"es\",\"@id\":\"https:\\\/\\\/secure.gravatar.com\\\/avatar\\\/d028fefd8eb201705a23e8ddfe978fbf484e56c5190e4b37aa46229a4d471d39?s=96&d=mm&r=g\",\"url\":\"https:\\\/\\\/secure.gravatar.com\\\/avatar\\\/d028fefd8eb201705a23e8ddfe978fbf484e56c5190e4b37aa46229a4d471d39?s=96&d=mm&r=g\",\"contentUrl\":\"https:\\\/\\\/secure.gravatar.com\\\/avatar\\\/d028fefd8eb201705a23e8ddfe978fbf484e56c5190e4b37aa46229a4d471d39?s=96&d=mm&r=g\",\"caption\":\"Teresa Sep\u00falveda Elizondo\"},\"url\":\"https:\\\/\\\/arjenoticias.com.mx\\\/?author=67\"}]}<\/script>\n<!-- \/ Yoast SEO plugin. -->","yoast_head_json":{"title":"Una liberaci\u00f3n que conmovi\u00f3 al mundo -","description":"El momento de su liberaci\u00f3n fue captado en un abrazo al que Jane Goodall asisti\u00f3, emocionando a miles de seguidores del instituto. Ese abrazo se ha convertido en una imagen simb\u00f3lica: la conexi\u00f3n entre seres humanos y animales, m\u00e1s all\u00e1 del lenguaje.","robots":{"index":"index","follow":"follow","max-snippet":"max-snippet:-1","max-image-preview":"max-image-preview:large","max-video-preview":"max-video-preview:-1"},"canonical":"https:\/\/arjenoticias.com.mx\/?p=5593","og_locale":"es_MX","og_type":"article","og_title":"Una liberaci\u00f3n que conmovi\u00f3 al mundo -","og_description":"El momento de su liberaci\u00f3n fue captado en un abrazo al que Jane Goodall asisti\u00f3, emocionando a miles de seguidores del instituto. Ese abrazo se ha convertido en una imagen simb\u00f3lica: la conexi\u00f3n entre seres humanos y animales, m\u00e1s all\u00e1 del lenguaje.","og_url":"https:\/\/arjenoticias.com.mx\/?p=5593","article_published_time":"2025-10-02T18:38:48+00:00","author":"Teresa Sep\u00falveda Elizondo","twitter_card":"summary_large_image","twitter_misc":{"Escrito por":"Teresa Sep\u00falveda Elizondo","Tiempo de lectura":"4 minutos"},"schema":{"@context":"https:\/\/schema.org","@graph":[{"@type":"Article","@id":"https:\/\/arjenoticias.com.mx\/?p=5593#article","isPartOf":{"@id":"https:\/\/arjenoticias.com.mx\/?p=5593"},"author":{"name":"Teresa Sep\u00falveda Elizondo","@id":"https:\/\/arjenoticias.com.mx\/#\/schema\/person\/da5b96cdb3d0ca850682c4c74f9888d1"},"headline":"Una liberaci\u00f3n que conmovi\u00f3 al mundo","datePublished":"2025-10-02T18:38:48+00:00","mainEntityOfPage":{"@id":"https:\/\/arjenoticias.com.mx\/?p=5593"},"wordCount":692,"publisher":{"@id":"https:\/\/arjenoticias.com.mx\/#organization"},"image":{"@id":"https:\/\/arjenoticias.com.mx\/?p=5593#primaryimage"},"thumbnailUrl":"","articleSection":["Cultura y Entretenimiento"],"inLanguage":"es"},{"@type":"WebPage","@id":"https:\/\/arjenoticias.com.mx\/?p=5593","url":"https:\/\/arjenoticias.com.mx\/?p=5593","name":"Una liberaci\u00f3n que conmovi\u00f3 al mundo -","isPartOf":{"@id":"https:\/\/arjenoticias.com.mx\/#website"},"primaryImageOfPage":{"@id":"https:\/\/arjenoticias.com.mx\/?p=5593#primaryimage"},"image":{"@id":"https:\/\/arjenoticias.com.mx\/?p=5593#primaryimage"},"thumbnailUrl":"","datePublished":"2025-10-02T18:38:48+00:00","description":"El momento de su liberaci\u00f3n fue captado en un abrazo al que Jane Goodall asisti\u00f3, emocionando a miles de seguidores del instituto. Ese abrazo se ha convertido en una imagen simb\u00f3lica: la conexi\u00f3n entre seres humanos y animales, m\u00e1s all\u00e1 del lenguaje.","breadcrumb":{"@id":"https:\/\/arjenoticias.com.mx\/?p=5593#breadcrumb"},"inLanguage":"es","potentialAction":[{"@type":"ReadAction","target":["https:\/\/arjenoticias.com.mx\/?p=5593"]}]},{"@type":"ImageObject","inLanguage":"es","@id":"https:\/\/arjenoticias.com.mx\/?p=5593#primaryimage","url":"","contentUrl":""},{"@type":"BreadcrumbList","@id":"https:\/\/arjenoticias.com.mx\/?p=5593#breadcrumb","itemListElement":[{"@type":"ListItem","position":1,"name":"Inicio","item":"https:\/\/arjenoticias.com.mx\/"},{"@type":"ListItem","position":2,"name":"Una liberaci\u00f3n que conmovi\u00f3 al mundo"}]},{"@type":"WebSite","@id":"https:\/\/arjenoticias.com.mx\/#website","url":"https:\/\/arjenoticias.com.mx\/","name":"arjenoticias.com.mx","description":"","publisher":{"@id":"https:\/\/arjenoticias.com.mx\/#organization"},"potentialAction":[{"@type":"SearchAction","target":{"@type":"EntryPoint","urlTemplate":"https:\/\/arjenoticias.com.mx\/?s={search_term_string}"},"query-input":{"@type":"PropertyValueSpecification","valueRequired":true,"valueName":"search_term_string"}}],"inLanguage":"es"},{"@type":"Organization","@id":"https:\/\/arjenoticias.com.mx\/#organization","name":"Arj\u00e9 de M\u00e9xico Noticias","url":"https:\/\/arjenoticias.com.mx\/","logo":{"@type":"ImageObject","inLanguage":"es","@id":"https:\/\/arjenoticias.com.mx\/#\/schema\/logo\/image\/","url":"https:\/\/arjenoticias.com.mx\/wp-content\/uploads\/2025\/07\/cropped-logo-scaled-1.png","contentUrl":"https:\/\/arjenoticias.com.mx\/wp-content\/uploads\/2025\/07\/cropped-logo-scaled-1.png","width":2558,"height":558,"caption":"Arj\u00e9 de M\u00e9xico Noticias"},"image":{"@id":"https:\/\/arjenoticias.com.mx\/#\/schema\/logo\/image\/"}},{"@type":"Person","@id":"https:\/\/arjenoticias.com.mx\/#\/schema\/person\/da5b96cdb3d0ca850682c4c74f9888d1","name":"Teresa Sep\u00falveda Elizondo","image":{"@type":"ImageObject","inLanguage":"es","@id":"https:\/\/secure.gravatar.com\/avatar\/d028fefd8eb201705a23e8ddfe978fbf484e56c5190e4b37aa46229a4d471d39?s=96&d=mm&r=g","url":"https:\/\/secure.gravatar.com\/avatar\/d028fefd8eb201705a23e8ddfe978fbf484e56c5190e4b37aa46229a4d471d39?s=96&d=mm&r=g","contentUrl":"https:\/\/secure.gravatar.com\/avatar\/d028fefd8eb201705a23e8ddfe978fbf484e56c5190e4b37aa46229a4d471d39?s=96&d=mm&r=g","caption":"Teresa Sep\u00falveda Elizondo"},"url":"https:\/\/arjenoticias.com.mx\/?author=67"}]}},"_links":{"self":[{"href":"https:\/\/arjenoticias.com.mx\/index.php?rest_route=\/wp\/v2\/posts\/5593","targetHints":{"allow":["GET"]}}],"collection":[{"href":"https:\/\/arjenoticias.com.mx\/index.php?rest_route=\/wp\/v2\/posts"}],"about":[{"href":"https:\/\/arjenoticias.com.mx\/index.php?rest_route=\/wp\/v2\/types\/post"}],"author":[{"embeddable":true,"href":"https:\/\/arjenoticias.com.mx\/index.php?rest_route=\/wp\/v2\/users\/67"}],"replies":[{"embeddable":true,"href":"https:\/\/arjenoticias.com.mx\/index.php?rest_route=%2Fwp%2Fv2%2Fcomments&post=5593"}],"version-history":[{"count":0,"href":"https:\/\/arjenoticias.com.mx\/index.php?rest_route=\/wp\/v2\/posts\/5593\/revisions"}],"wp:attachment":[{"href":"https:\/\/arjenoticias.com.mx\/index.php?rest_route=%2Fwp%2Fv2%2Fmedia&parent=5593"}],"wp:term":[{"taxonomy":"category","embeddable":true,"href":"https:\/\/arjenoticias.com.mx\/index.php?rest_route=%2Fwp%2Fv2%2Fcategories&post=5593"},{"taxonomy":"post_tag","embeddable":true,"href":"https:\/\/arjenoticias.com.mx\/index.php?rest_route=%2Fwp%2Fv2%2Ftags&post=5593"}],"curies":[{"name":"wp","href":"https:\/\/api.w.org\/{rel}","templated":true}]}}