{"id":5546,"date":"2025-10-01T12:35:34","date_gmt":"2025-10-01T18:35:34","guid":{"rendered":"https:\/\/arjenoticias.com\/?p=5546"},"modified":"2025-10-01T12:35:34","modified_gmt":"2025-10-01T18:35:34","slug":"el-lavado-de-manos-gubernamental","status":"publish","type":"post","link":"https:\/\/arjenoticias.com.mx\/?p=5546","title":{"rendered":"El &#8220;Lavado de Manos&#8221; gubernamental"},"content":{"rendered":"\n<p class=\"wp-block-paragraph\">Dr Ector Jaime Ramirez Barba. <\/p>\n\n\n\n<h2 class=\"wp-block-heading\">&#8220;Cuando el Poder evade su responsabilidad&#8221;<\/h2>\n\n\n\n<p class=\"wp-block-paragraph\">La exhibici\u00f3n p\u00fablica de las 34 empresas farmac\u00e9uticas &#8220;incumplidas&#8221; en la ma\u00f1anera presidencial del 23 de septiembre representa un ejercicio contempor\u00e1neo de lo que, hace dos mil a\u00f1os, Poncio Pilatos ejecut\u00f3 frente a la multitud: lavarse las manos p\u00fablicamente para evadir responsabilidad ante una tragedia que ten\u00eda el poder de prevenir.<\/p>\n\n\n\n<p class=\"wp-block-paragraph\">La Analog\u00eda Perfecta: Poder, Responsabilidad y Evasi\u00f3n. Poncio Pilatos, gobernador romano de Judea, enfrent\u00f3 una decisi\u00f3n que cambiar\u00eda la historia. Ten\u00eda la autoridad absoluta para liberar a Jes\u00fas, sab\u00eda que era inocente (&#8220;no hallo en \u00e9l ning\u00fan delito&#8221;), pero eligi\u00f3 ceder ante la presi\u00f3n pol\u00edtica del &#8220;pueblo&#8221;. Su respuesta fue emblem\u00e1tica: se lav\u00f3 las manos p\u00fablicamente declarando &#8220;inocente soy yo de la sangre de este justo; all\u00e1 vosotros&#8221; (Mateo 27:24).<\/p>\n\n\n\n<p class=\"wp-block-paragraph\">Dos milenios despu\u00e9s, el gobierno federal mexicano replica exactamente la misma estrategia ante el desabasto de medicamentos que afecta a millones de pacientes. Tiene el poder absoluto para resolver la crisis \u2014controla presupuestos, define pol\u00edticas, maneja las compras consolidadas\u2014 pero en lugar de asumir responsabilidad por las decisiones que causaron el caos, exhibe p\u00fablicamente a las empresas farmac\u00e9uticas como \u00fanicos culpables.<\/p>\n\n\n\n<p class=\"wp-block-paragraph\">Las Decisiones que Crearon la Crisis. Al igual que Pilatos sab\u00eda exactamente las consecuencias de su decisi\u00f3n, el gobierno federal conoc\u00eda perfectamente los riesgos de desmantelar el sistema de abasto farmac\u00e9utico. Las decisiones fueron deliberadas y documentadas:<\/p>\n\n\n\n<ul class=\"wp-block-list\">\n<li>Eliminaci\u00f3n del Seguro Popular (2019): Dej\u00f3 sin cobertura a 44.5 millones de personas en 2024, sin tener un sistema de reemplazo funcionando.<\/li>\n\n\n\n<li>Destrucci\u00f3n de las compras consolidadas del IMSS: Un sistema que funcionaba &#8220;con razonable eficiencia&#8221; fue desmantelado sin evidencia de corrupci\u00f3n, solo con acusaciones nunca probadas.<\/li>\n\n\n\n<li>Creaci\u00f3n de m\u00faltiples dependencias fracasadas: Oficial\u00eda Mayor, UNOPS, Insabi, Birmex, &#8220;Megafarmacia&#8221; \u2014cada cambio gener\u00f3 m\u00e1s caos y menos medicamentos para los pacientes. Ahora ser\u00e1 la Secretaria de Salud la rsponsable seg\u00fan la iniciativa propuesta por el ejecutivo federal y que se cocinar\u00e1 en modo express en el congreso.<\/li>\n\n\n\n<li>Adjudicaci\u00f3n a empresas sin capacidad: Otorgar contratos millonarios a empresas extranjeras bas\u00e1ndose solo en &#8220;precios irrisorios&#8221; sin verificar capacidad real de cumplimiento.<\/li>\n<\/ul>\n\n\n\n<p class=\"wp-block-paragraph\">El Espect\u00e1culo del &#8220;Lavado de Manos&#8221;. La ma\u00f1anera del 23 de septiembre fue una escenificaci\u00f3n moderna del lavado de manos pil\u00e1tico. Eduardo Clark exhibi\u00f3 meticulosamente a 34 empresas con porcentajes de incumplimiento, desde Bioxintegral (100%) hasta Pisa (16.8%), mientras la presidenta Sheinbaum declaraba amenazadoramente que ser\u00edan &#8220;inhabilitadas&#8221; y enfrentar\u00edan &#8220;denuncias penales&#8221;.<\/p>\n\n\n\n<p class=\"wp-block-paragraph\">Pero \u00bfd\u00f3nde estaba la reflexi\u00f3n gubernamental sobre sus propias decisiones? \u00bfD\u00f3nde el reconocimiento de que muchas de estas empresas fueron seleccionadas por criterios gubernamentales deficientes? \u00bfD\u00f3nde la explicaci\u00f3n de por qu\u00e9 se deben m\u00e1s de 14,000 millones de pesos (algunas fuentes citan 40 mil millones de pesos) a la industria farmac\u00e9utica establecida mientras se exhibe a empresas improvisadas?<\/p>\n\n\n\n<p class=\"wp-block-paragraph\">Como Pilatos, el gobierno se presenta como v\u00edctima de las circunstancias: &#8220;nosotros queremos el 100% de abasto, pero estas empresas incumplidas no nos dejan&#8221;. Es la misma l\u00f3gica: &#8220;yo quer\u00eda salvar al inocente, pero la multitud no me dej\u00f3&#8221;.<\/p>\n\n\n\n<p class=\"wp-block-paragraph\">Las Consecuencias de Evadir Responsabilidad. Pilatos crey\u00f3 que lav\u00e1ndose las manos p\u00fablicamente se librar\u00eda de la responsabilidad hist\u00f3rica. La historia lo juzg\u00f3 diferente: su nombre qued\u00f3 asociado para siempre con la injusticia y la cobard\u00eda moral. Su lavado de manos no lo exoner\u00f3; lo conden\u00f3.<\/p>\n\n\n\n<p class=\"wp-block-paragraph\">En el caso del desabasto farmac\u00e9utico, la evasi\u00f3n gubernamental tiene consecuencias igual de graves. Mientras el gobierno &#8220;exhibe&#8221; empresas incumplidas, los pacientes siguen muriendo por falta de medicamentos que deber\u00edan estar disponibles. Los 44.5 millones de mexicanos sin acceso a servicios de salud (comparado con 20.1 millones en 2018) y los 857 759 hogares que cayeron en pobreza por motivos de salud en 2024 son el testigo hist\u00f3rico de este fracaso.<\/p>\n\n\n\n<p class=\"wp-block-paragraph\">La Diferencia Moral Fundamental. Hay una diferencia crucial entre Pilatos y el gobierno actual: Pilatos al menos reconoci\u00f3 impl\u00edcitamente su responsabilidad al lavarse las manos. Su gesto admit\u00eda que ten\u00eda el poder de cambiar el resultado. El gobierno federal, en cambio, act\u00faa como si fuera completamente ajeno al problema, como si el desabasto fuera un fen\u00f3meno natural inevitable.<\/p>\n\n\n\n<p class=\"wp-block-paragraph\">Maribel Ram\u00edrez Coronel lo documenta demoledoramente: L\u00f3pez Obrador prometi\u00f3 en 2019 que M\u00e9xico tendr\u00eda &#8220;un mejor sistema de salud que Dinamarca&#8221;. El resultado fue exactamente lo contrario: m\u00e1s personas sin acceso a salud, menos medicamentos disponibles, mayor sufrimiento para los m\u00e1s vulnerables.<\/p>\n\n\n\n<p class=\"wp-block-paragraph\">La responsabilidad ineludible. El poder conlleva responsabilidad, y esa responsabilidad no se puede transferir mediante espect\u00e1culos p\u00fablicos de se\u00f1alamiento. Las empresas farmac\u00e9uticas incumplidas deben responder por sus contratos, pero eso no exonera al gobierno de responder por: 1) Sus decisiones de contrataci\u00f3n: \u00bfPor qu\u00e9 adjudicar a empresas sin capacidad comprobada? 2) Sus adeudos masivos desde 2019 a la fecha: \u00bfC\u00f3mo pretender cumplimiento sin pagar lo ya entregado. 3) Su dise\u00f1o institucional: \u00bfPor qu\u00e9 crear un sistema m\u00e1s ineficiente que el anterior?<\/p>\n\n\n\n<p class=\"wp-block-paragraph\">La Historia como Juez. Como Poncio Pilatos descubri\u00f3 demasiado tarde, la historia no acepta el lavado de manos como exoneraci\u00f3n. Los gobiernos que evaden responsabilidad ante tragedias que pudieron prevenir quedan marcados por esa cobard\u00eda moral.<\/p>\n\n\n\n<p class=\"wp-block-paragraph\">El exhibicionismo de empresas farmac\u00e9uticas en ma\u00f1aneras presidenciales no salvar\u00e1 vidas de pacientes oncol\u00f3gicos sin quimioterapia. No resolver\u00e1 la crisis que el propio gobierno cre\u00f3 con sus decisiones. Solo servir\u00e1 como evidencia hist\u00f3rica de que, cuando tuvo el poder para actuar correctamente, prefiri\u00f3 lavarse las manos p\u00fablicamente.<\/p>\n\n\n\n<p class=\"wp-block-paragraph\">La diferencia es que Pilatos no ten\u00eda Twitter para exhibir a los centuriones que ejecutaron sus \u00f3rdenes. El resultado moral es id\u00e9ntico: la responsabilidad del poder no se transfiere; se asume o se evade, pero siempre se juzga.<\/p>\n","protected":false},"excerpt":{"rendered":"<p>Dr Ector Jaime Ramirez Barba. &#8220;Cuando el Poder evade su responsabilidad&#8221; La exhibici\u00f3n p\u00fablica de&#8230;<\/p>\n","protected":false},"author":82,"featured_media":5549,"comment_status":"closed","ping_status":"closed","sticky":false,"template":"","format":"standard","meta":{"footnotes":""},"categories":[12,14],"tags":[],"class_list":["post-5546","post","type-post","status-publish","format-standard","has-post-thumbnail","hentry","category-opinion","category-salud"],"yoast_head":"<!-- This site is optimized with the Yoast SEO plugin v28.4 - https:\/\/yoast.com\/product\/yoast-seo-wordpress\/ -->\n<title>El &quot;Lavado de Manos&quot; gubernamental -<\/title>\n<meta name=\"description\" content=\"L\u00f3pez Obrador prometi\u00f3 en 2019 que M\u00e9xico tendr\u00eda &quot;un mejor sistema de salud que Dinamarca&quot; minti\u00f3\" \/>\n<meta name=\"robots\" content=\"index, follow, max-snippet:-1, max-image-preview:large, max-video-preview:-1\" \/>\n<link rel=\"canonical\" href=\"https:\/\/arjenoticias.com.mx\/?p=5546\" \/>\n<meta property=\"og:locale\" content=\"es_MX\" \/>\n<meta property=\"og:type\" content=\"article\" \/>\n<meta property=\"og:title\" content=\"El &quot;Lavado de Manos&quot; gubernamental -\" \/>\n<meta property=\"og:description\" content=\"L\u00f3pez Obrador prometi\u00f3 en 2019 que M\u00e9xico tendr\u00eda &quot;un mejor sistema de salud que Dinamarca&quot; minti\u00f3\" \/>\n<meta property=\"og:url\" content=\"https:\/\/arjenoticias.com.mx\/?p=5546\" \/>\n<meta property=\"article:published_time\" content=\"2025-10-01T18:35:34+00:00\" \/>\n<meta name=\"author\" content=\"\u00c9ctor Jaime Ram\u00edrez Barba\" \/>\n<meta name=\"twitter:card\" content=\"summary_large_image\" \/>\n<meta name=\"twitter:label1\" content=\"Escrito por\" \/>\n\t<meta name=\"twitter:data1\" content=\"\u00c9ctor Jaime Ram\u00edrez Barba\" \/>\n\t<meta name=\"twitter:label2\" content=\"Tiempo de lectura\" \/>\n\t<meta name=\"twitter:data2\" content=\"5 minutos\" \/>\n<script type=\"application\/ld+json\" class=\"yoast-schema-graph\">{\"@context\":\"https:\\\/\\\/schema.org\",\"@graph\":[{\"@type\":\"Article\",\"@id\":\"https:\\\/\\\/arjenoticias.com.mx\\\/?p=5546#article\",\"isPartOf\":{\"@id\":\"https:\\\/\\\/arjenoticias.com.mx\\\/?p=5546\"},\"author\":{\"name\":\"\u00c9ctor Jaime Ram\u00edrez Barba\",\"@id\":\"https:\\\/\\\/arjenoticias.com.mx\\\/#\\\/schema\\\/person\\\/f5b5959b9ff21ef2898206bff32b3ada\"},\"headline\":\"El &#8220;Lavado de Manos&#8221; gubernamental\",\"datePublished\":\"2025-10-01T18:35:34+00:00\",\"mainEntityOfPage\":{\"@id\":\"https:\\\/\\\/arjenoticias.com.mx\\\/?p=5546\"},\"wordCount\":985,\"publisher\":{\"@id\":\"https:\\\/\\\/arjenoticias.com.mx\\\/#organization\"},\"image\":{\"@id\":\"https:\\\/\\\/arjenoticias.com.mx\\\/?p=5546#primaryimage\"},\"thumbnailUrl\":\"\",\"articleSection\":[\"Opini\u00f3n\",\"Salud\"],\"inLanguage\":\"es\"},{\"@type\":\"WebPage\",\"@id\":\"https:\\\/\\\/arjenoticias.com.mx\\\/?p=5546\",\"url\":\"https:\\\/\\\/arjenoticias.com.mx\\\/?p=5546\",\"name\":\"El \\\"Lavado de Manos\\\" gubernamental -\",\"isPartOf\":{\"@id\":\"https:\\\/\\\/arjenoticias.com.mx\\\/#website\"},\"primaryImageOfPage\":{\"@id\":\"https:\\\/\\\/arjenoticias.com.mx\\\/?p=5546#primaryimage\"},\"image\":{\"@id\":\"https:\\\/\\\/arjenoticias.com.mx\\\/?p=5546#primaryimage\"},\"thumbnailUrl\":\"\",\"datePublished\":\"2025-10-01T18:35:34+00:00\",\"description\":\"L\u00f3pez Obrador prometi\u00f3 en 2019 que M\u00e9xico tendr\u00eda \\\"un mejor sistema de salud que Dinamarca\\\" minti\u00f3\",\"breadcrumb\":{\"@id\":\"https:\\\/\\\/arjenoticias.com.mx\\\/?p=5546#breadcrumb\"},\"inLanguage\":\"es\",\"potentialAction\":[{\"@type\":\"ReadAction\",\"target\":[\"https:\\\/\\\/arjenoticias.com.mx\\\/?p=5546\"]}]},{\"@type\":\"ImageObject\",\"inLanguage\":\"es\",\"@id\":\"https:\\\/\\\/arjenoticias.com.mx\\\/?p=5546#primaryimage\",\"url\":\"\",\"contentUrl\":\"\"},{\"@type\":\"BreadcrumbList\",\"@id\":\"https:\\\/\\\/arjenoticias.com.mx\\\/?p=5546#breadcrumb\",\"itemListElement\":[{\"@type\":\"ListItem\",\"position\":1,\"name\":\"Inicio\",\"item\":\"https:\\\/\\\/arjenoticias.com.mx\\\/\"},{\"@type\":\"ListItem\",\"position\":2,\"name\":\"El &#8220;Lavado de Manos&#8221; gubernamental\"}]},{\"@type\":\"WebSite\",\"@id\":\"https:\\\/\\\/arjenoticias.com.mx\\\/#website\",\"url\":\"https:\\\/\\\/arjenoticias.com.mx\\\/\",\"name\":\"arjenoticias.com.mx\",\"description\":\"\",\"publisher\":{\"@id\":\"https:\\\/\\\/arjenoticias.com.mx\\\/#organization\"},\"potentialAction\":[{\"@type\":\"SearchAction\",\"target\":{\"@type\":\"EntryPoint\",\"urlTemplate\":\"https:\\\/\\\/arjenoticias.com.mx\\\/?s={search_term_string}\"},\"query-input\":{\"@type\":\"PropertyValueSpecification\",\"valueRequired\":true,\"valueName\":\"search_term_string\"}}],\"inLanguage\":\"es\"},{\"@type\":\"Organization\",\"@id\":\"https:\\\/\\\/arjenoticias.com.mx\\\/#organization\",\"name\":\"Arj\u00e9 de M\u00e9xico Noticias\",\"url\":\"https:\\\/\\\/arjenoticias.com.mx\\\/\",\"logo\":{\"@type\":\"ImageObject\",\"inLanguage\":\"es\",\"@id\":\"https:\\\/\\\/arjenoticias.com.mx\\\/#\\\/schema\\\/logo\\\/image\\\/\",\"url\":\"https:\\\/\\\/arjenoticias.com.mx\\\/wp-content\\\/uploads\\\/2025\\\/07\\\/cropped-logo-scaled-1.png\",\"contentUrl\":\"https:\\\/\\\/arjenoticias.com.mx\\\/wp-content\\\/uploads\\\/2025\\\/07\\\/cropped-logo-scaled-1.png\",\"width\":2558,\"height\":558,\"caption\":\"Arj\u00e9 de M\u00e9xico Noticias\"},\"image\":{\"@id\":\"https:\\\/\\\/arjenoticias.com.mx\\\/#\\\/schema\\\/logo\\\/image\\\/\"}},{\"@type\":\"Person\",\"@id\":\"https:\\\/\\\/arjenoticias.com.mx\\\/#\\\/schema\\\/person\\\/f5b5959b9ff21ef2898206bff32b3ada\",\"name\":\"\u00c9ctor Jaime Ram\u00edrez Barba\",\"image\":{\"@type\":\"ImageObject\",\"inLanguage\":\"es\",\"@id\":\"https:\\\/\\\/secure.gravatar.com\\\/avatar\\\/65b1d1a969019200bb5e053668c2c2ed6da28a39bdd212471195336215b64c5e?s=96&d=mm&r=g\",\"url\":\"https:\\\/\\\/secure.gravatar.com\\\/avatar\\\/65b1d1a969019200bb5e053668c2c2ed6da28a39bdd212471195336215b64c5e?s=96&d=mm&r=g\",\"contentUrl\":\"https:\\\/\\\/secure.gravatar.com\\\/avatar\\\/65b1d1a969019200bb5e053668c2c2ed6da28a39bdd212471195336215b64c5e?s=96&d=mm&r=g\",\"caption\":\"\u00c9ctor Jaime Ram\u00edrez Barba\"},\"url\":\"https:\\\/\\\/arjenoticias.com.mx\\\/?author=82\"}]}<\/script>\n<!-- \/ Yoast SEO plugin. -->","yoast_head_json":{"title":"El \"Lavado de Manos\" gubernamental -","description":"L\u00f3pez Obrador prometi\u00f3 en 2019 que M\u00e9xico tendr\u00eda \"un mejor sistema de salud que Dinamarca\" minti\u00f3","robots":{"index":"index","follow":"follow","max-snippet":"max-snippet:-1","max-image-preview":"max-image-preview:large","max-video-preview":"max-video-preview:-1"},"canonical":"https:\/\/arjenoticias.com.mx\/?p=5546","og_locale":"es_MX","og_type":"article","og_title":"El \"Lavado de Manos\" gubernamental -","og_description":"L\u00f3pez Obrador prometi\u00f3 en 2019 que M\u00e9xico tendr\u00eda \"un mejor sistema de salud que Dinamarca\" minti\u00f3","og_url":"https:\/\/arjenoticias.com.mx\/?p=5546","article_published_time":"2025-10-01T18:35:34+00:00","author":"\u00c9ctor Jaime Ram\u00edrez Barba","twitter_card":"summary_large_image","twitter_misc":{"Escrito por":"\u00c9ctor Jaime Ram\u00edrez Barba","Tiempo de lectura":"5 minutos"},"schema":{"@context":"https:\/\/schema.org","@graph":[{"@type":"Article","@id":"https:\/\/arjenoticias.com.mx\/?p=5546#article","isPartOf":{"@id":"https:\/\/arjenoticias.com.mx\/?p=5546"},"author":{"name":"\u00c9ctor Jaime Ram\u00edrez Barba","@id":"https:\/\/arjenoticias.com.mx\/#\/schema\/person\/f5b5959b9ff21ef2898206bff32b3ada"},"headline":"El &#8220;Lavado de Manos&#8221; gubernamental","datePublished":"2025-10-01T18:35:34+00:00","mainEntityOfPage":{"@id":"https:\/\/arjenoticias.com.mx\/?p=5546"},"wordCount":985,"publisher":{"@id":"https:\/\/arjenoticias.com.mx\/#organization"},"image":{"@id":"https:\/\/arjenoticias.com.mx\/?p=5546#primaryimage"},"thumbnailUrl":"","articleSection":["Opini\u00f3n","Salud"],"inLanguage":"es"},{"@type":"WebPage","@id":"https:\/\/arjenoticias.com.mx\/?p=5546","url":"https:\/\/arjenoticias.com.mx\/?p=5546","name":"El \"Lavado de Manos\" gubernamental -","isPartOf":{"@id":"https:\/\/arjenoticias.com.mx\/#website"},"primaryImageOfPage":{"@id":"https:\/\/arjenoticias.com.mx\/?p=5546#primaryimage"},"image":{"@id":"https:\/\/arjenoticias.com.mx\/?p=5546#primaryimage"},"thumbnailUrl":"","datePublished":"2025-10-01T18:35:34+00:00","description":"L\u00f3pez Obrador prometi\u00f3 en 2019 que M\u00e9xico tendr\u00eda \"un mejor sistema de salud que Dinamarca\" minti\u00f3","breadcrumb":{"@id":"https:\/\/arjenoticias.com.mx\/?p=5546#breadcrumb"},"inLanguage":"es","potentialAction":[{"@type":"ReadAction","target":["https:\/\/arjenoticias.com.mx\/?p=5546"]}]},{"@type":"ImageObject","inLanguage":"es","@id":"https:\/\/arjenoticias.com.mx\/?p=5546#primaryimage","url":"","contentUrl":""},{"@type":"BreadcrumbList","@id":"https:\/\/arjenoticias.com.mx\/?p=5546#breadcrumb","itemListElement":[{"@type":"ListItem","position":1,"name":"Inicio","item":"https:\/\/arjenoticias.com.mx\/"},{"@type":"ListItem","position":2,"name":"El &#8220;Lavado de Manos&#8221; gubernamental"}]},{"@type":"WebSite","@id":"https:\/\/arjenoticias.com.mx\/#website","url":"https:\/\/arjenoticias.com.mx\/","name":"arjenoticias.com.mx","description":"","publisher":{"@id":"https:\/\/arjenoticias.com.mx\/#organization"},"potentialAction":[{"@type":"SearchAction","target":{"@type":"EntryPoint","urlTemplate":"https:\/\/arjenoticias.com.mx\/?s={search_term_string}"},"query-input":{"@type":"PropertyValueSpecification","valueRequired":true,"valueName":"search_term_string"}}],"inLanguage":"es"},{"@type":"Organization","@id":"https:\/\/arjenoticias.com.mx\/#organization","name":"Arj\u00e9 de M\u00e9xico Noticias","url":"https:\/\/arjenoticias.com.mx\/","logo":{"@type":"ImageObject","inLanguage":"es","@id":"https:\/\/arjenoticias.com.mx\/#\/schema\/logo\/image\/","url":"https:\/\/arjenoticias.com.mx\/wp-content\/uploads\/2025\/07\/cropped-logo-scaled-1.png","contentUrl":"https:\/\/arjenoticias.com.mx\/wp-content\/uploads\/2025\/07\/cropped-logo-scaled-1.png","width":2558,"height":558,"caption":"Arj\u00e9 de M\u00e9xico Noticias"},"image":{"@id":"https:\/\/arjenoticias.com.mx\/#\/schema\/logo\/image\/"}},{"@type":"Person","@id":"https:\/\/arjenoticias.com.mx\/#\/schema\/person\/f5b5959b9ff21ef2898206bff32b3ada","name":"\u00c9ctor Jaime Ram\u00edrez Barba","image":{"@type":"ImageObject","inLanguage":"es","@id":"https:\/\/secure.gravatar.com\/avatar\/65b1d1a969019200bb5e053668c2c2ed6da28a39bdd212471195336215b64c5e?s=96&d=mm&r=g","url":"https:\/\/secure.gravatar.com\/avatar\/65b1d1a969019200bb5e053668c2c2ed6da28a39bdd212471195336215b64c5e?s=96&d=mm&r=g","contentUrl":"https:\/\/secure.gravatar.com\/avatar\/65b1d1a969019200bb5e053668c2c2ed6da28a39bdd212471195336215b64c5e?s=96&d=mm&r=g","caption":"\u00c9ctor Jaime Ram\u00edrez Barba"},"url":"https:\/\/arjenoticias.com.mx\/?author=82"}]}},"_links":{"self":[{"href":"https:\/\/arjenoticias.com.mx\/index.php?rest_route=\/wp\/v2\/posts\/5546","targetHints":{"allow":["GET"]}}],"collection":[{"href":"https:\/\/arjenoticias.com.mx\/index.php?rest_route=\/wp\/v2\/posts"}],"about":[{"href":"https:\/\/arjenoticias.com.mx\/index.php?rest_route=\/wp\/v2\/types\/post"}],"author":[{"embeddable":true,"href":"https:\/\/arjenoticias.com.mx\/index.php?rest_route=\/wp\/v2\/users\/82"}],"replies":[{"embeddable":true,"href":"https:\/\/arjenoticias.com.mx\/index.php?rest_route=%2Fwp%2Fv2%2Fcomments&post=5546"}],"version-history":[{"count":0,"href":"https:\/\/arjenoticias.com.mx\/index.php?rest_route=\/wp\/v2\/posts\/5546\/revisions"}],"wp:attachment":[{"href":"https:\/\/arjenoticias.com.mx\/index.php?rest_route=%2Fwp%2Fv2%2Fmedia&parent=5546"}],"wp:term":[{"taxonomy":"category","embeddable":true,"href":"https:\/\/arjenoticias.com.mx\/index.php?rest_route=%2Fwp%2Fv2%2Fcategories&post=5546"},{"taxonomy":"post_tag","embeddable":true,"href":"https:\/\/arjenoticias.com.mx\/index.php?rest_route=%2Fwp%2Fv2%2Ftags&post=5546"}],"curies":[{"name":"wp","href":"https:\/\/api.w.org\/{rel}","templated":true}]}}