{"id":5376,"date":"2025-09-27T13:46:53","date_gmt":"2025-09-27T19:46:53","guid":{"rendered":"https:\/\/arjenoticias.com\/?p=5376"},"modified":"2025-09-27T13:46:53","modified_gmt":"2025-09-27T19:46:53","slug":"trump-es-un-terrorista-de-estado-solo-falta-tipificarlo-en-la-ley","status":"publish","type":"post","link":"https:\/\/arjenoticias.com.mx\/?p=5376","title":{"rendered":"Trump es un terrorista de Estado solo falta tipificarlo en la ley"},"content":{"rendered":"\n<h3 class=\"wp-block-heading\">\u00bfQu\u00e9 es terrorismo seg\u00fan la ley?<\/h3>\n\n\n\n<p class=\"wp-block-paragraph\">Hay dos referencias importantes:<\/p>\n\n\n\n<ol class=\"wp-block-list\">\n<li><strong>EE.UU. (C\u00f3digo 18 U.S.C. \u00a7 2331)<\/strong>\n<ul class=\"wp-block-list\">\n<li><em>Terrorismo dom\u00e9stico<\/em>: actos peligrosos para la vida humana que violen leyes criminales, que parecen estar destinados a intimidar o coaccionar a una poblaci\u00f3n civil, influir en pol\u00edticas gubernamentales por intimidaci\u00f3n o coerci\u00f3n, o afectar la conducta de un gobierno mediante destrucci\u00f3n, asesinato o secuestro.<\/li>\n<\/ul>\n<\/li>\n\n\n\n<li><strong>ONU y derecho internacional<\/strong>\n<ul class=\"wp-block-list\">\n<li>Uso de la violencia o amenazas de violencia contra civiles para generar miedo, con fines pol\u00edticos, ideol\u00f3gicos o religiosos.<\/li>\n<\/ul>\n<\/li>\n<\/ol>\n\n\n\n<h3 class=\"wp-block-heading\">En el&nbsp;<strong>derecho internacional<\/strong><\/h3>\n\n\n\n<p class=\"wp-block-paragraph\">El concepto&nbsp;<strong>\u201cterrorismo de Estado\u201d<\/strong>&nbsp;se usa mucho en ciencias pol\u00edticas, periodismo y activismo, pero&nbsp;<strong>no est\u00e1 tipificado de forma clara y universal en tratados internacionales<\/strong>.<\/p>\n\n\n\n<ul class=\"wp-block-list\">\n<li>La&nbsp;<strong>ONU<\/strong>&nbsp;evita usar ese t\u00e9rmino de manera oficial, porque los Estados miembros no se ponen de acuerdo: algunos quieren que se reconozca, otros temen que pueda usarse en su contra.<\/li>\n\n\n\n<li>Lo que&nbsp;<strong>s\u00ed<\/strong>&nbsp;est\u00e1 regulado:\n<ul class=\"wp-block-list\">\n<li><strong>Cr\u00edmenes de lesa humanidad<\/strong>&nbsp;(Estatuto de Roma, Corte Penal Internacional).<\/li>\n\n\n\n<li><strong>Cr\u00edmenes de guerra<\/strong>&nbsp;(Convenciones de Ginebra).<\/li>\n\n\n\n<li><strong>Violaciones sistem\u00e1ticas a los derechos humanos<\/strong>&nbsp;(tratados de DD.HH.).<br>En esos marcos, pr\u00e1cticas como represi\u00f3n violenta, desapariciones, torturas, ejecuciones extrajudiciales o persecuci\u00f3n pol\u00edtica&nbsp;<strong>pueden encajar jur\u00eddicamente<\/strong>, aunque no bajo la etiqueta \u201cterrorismo de Estado\u201d.<\/li>\n<\/ul>\n<\/li>\n<\/ul>\n\n\n\n<h3 class=\"wp-block-heading\">2. En el&nbsp;<strong>derecho comparado (pa\u00edses concretos)<\/strong><\/h3>\n\n\n\n<p class=\"wp-block-paragraph\">Algunos pa\u00edses s\u00ed han&nbsp;<strong>reconocido y tipificado<\/strong>&nbsp;la figura en su historia:<\/p>\n\n\n\n<ul class=\"wp-block-list\">\n<li><strong>Argentina y Chile<\/strong>&nbsp;(y otros pa\u00edses del Cono Sur) reconocieron en sus informes de comisiones de la verdad que durante las dictaduras militares hubo&nbsp;<em>terrorismo de Estado<\/em>&nbsp;(ej. Argentina: CONADEP, informe&nbsp;<em>Nunca M\u00e1s<\/em>).<\/li>\n\n\n\n<li>En esas experiencias, el t\u00e9rmino se us\u00f3 para describir el&nbsp;<strong>uso del aparato estatal para sembrar terror en la poblaci\u00f3n<\/strong>&nbsp;y destruir opositores.<\/li>\n<\/ul>\n\n\n\n<h3 class=\"wp-block-heading\">3. En&nbsp;<strong>EE.UU.<\/strong><\/h3>\n\n\n\n<ul class=\"wp-block-list\">\n<li>El c\u00f3digo federal tipifica&nbsp;<em>terrorismo internacional<\/em>&nbsp;y&nbsp;<em>terrorismo dom\u00e9stico<\/em>&nbsp;(18 U.S.C. \u00a7 2331).<\/li>\n\n\n\n<li>Pero no existe una categor\u00eda espec\u00edfica de&nbsp;<em>\u201cterrorismo de Estado\u201d<\/em>&nbsp;cuando el perpetrador es el propio gobierno, pero el hecho de que no est\u00e9 tipificado, no significa que no exista, puesto que las acciones y dichos del Presidente de los EEUU, Donald Trump son evidentemente violentas e intimidatorias.<\/li>\n\n\n\n<li>Si un gobierno de EE.UU. desplegara violencia sistem\u00e1tica contra civiles, jur\u00eddicamente se calificar\u00eda como&nbsp;<strong>abuso de poder, violaciones de derechos civiles, cr\u00edmenes de lesa humanidad o cr\u00edmenes de guerra<\/strong>, seg\u00fan el caso. Pero seamos honestos, tenemos que llamarlo ya por su nombre TERRORISMO DE ESTADO.<\/li>\n<\/ul>\n\n\n\n<hr class=\"wp-block-separator has-alpha-channel-opacity\"\/>\n\n\n\n<p class=\"wp-block-paragraph\">En resumen:<\/p>\n\n\n\n<ul class=\"wp-block-list\">\n<li><strong>Pol\u00edticamente<\/strong>&nbsp;el t\u00e9rmino&nbsp;<em>terrorismo de Estado<\/em>&nbsp;existe y est\u00e1 muy documentado.<\/li>\n\n\n\n<li><strong>Jur\u00eddicamente internacionalmente<\/strong>&nbsp;no hay una tipificaci\u00f3n espec\u00edfica. Se encuadra m\u00e1s bien en&nbsp;<strong>cr\u00edmenes de lesa humanidad<\/strong>&nbsp;o&nbsp;<strong>violaciones de derechos humanos<\/strong>.<\/li>\n\n\n\n<li><strong>Algunos pa\u00edses (ej. Argentina)<\/strong>&nbsp;lo han reconocido expl\u00edcitamente como categor\u00eda hist\u00f3rica y pol\u00edtica, aunque no como figura penal aut\u00f3noma universal. <\/li>\n<\/ul>\n\n\n\n<h3 class=\"wp-block-heading\">Elementos del perfil de Trump<\/h3>\n\n\n\n<h3 class=\"wp-block-heading\">Clave<\/h3>\n\n\n\n<p class=\"wp-block-paragraph\">Un&nbsp;<strong>terrorista cl\u00e1sico<\/strong>&nbsp;suele actuar fuera del Estado. Trump, en cambio,&nbsp;<strong>usa el poder del Estado y su influencia pol\u00edtica<\/strong> para impulsar conductas de intimidaci\u00f3n desde el Estado. <\/p>\n\n\n\n<hr class=\"wp-block-separator has-alpha-channel-opacity\"\/>\n\n\n\n<p class=\"wp-block-paragraph\">El perfil de Trump&nbsp;<strong>encaja en el concepto de terrorismo<\/strong>&nbsp;porque emplea el miedo, la violencia y la intimidaci\u00f3n con fines pol\u00edticos. Desde la m\u00e1s alta esfera de poder Trump ejerce el&nbsp;<strong>terrorismo de Estado<\/strong>.<\/p>\n\n\n\n<h3 class=\"wp-block-heading\">Derechos que est\u00e1 violando:<\/h3>\n\n\n\n<ol class=\"wp-block-list\">\n<li><strong>Derecho a la integridad f\u00edsica y a no ser sometido a tortura o tratos crueles, inhumanos o degradantes<\/strong>\n<ul class=\"wp-block-list\">\n<li>Garantizado por la&nbsp;<strong>Constituci\u00f3n de EE.UU. (8\u00aa Enmienda)<\/strong>&nbsp;y por tratados internacionales como la&nbsp;<strong>Convenci\u00f3n contra la Tortura<\/strong>.<\/li>\n<\/ul>\n<\/li>\n\n\n\n<li><strong>Derecho al debido proceso<\/strong>\n<ul class=\"wp-block-list\">\n<li>Protegido por la&nbsp;<strong>5\u00aa Enmienda<\/strong>&nbsp;(nadie puede ser privado de libertad o derechos sin un proceso justo).<\/li>\n\n\n\n<li>Incluye la posibilidad de presentar su caso ante un juez de inmigraci\u00f3n.<\/li>\n<\/ul>\n<\/li>\n\n\n\n<li><strong>Derecho a igual protecci\u00f3n bajo la ley<\/strong>\n<ul class=\"wp-block-list\">\n<li>La&nbsp;<strong>14\u00aa Enmienda<\/strong>&nbsp;establece que todas las personas en territorio estadounidense (no solo ciudadanos) tienen protecci\u00f3n contra abusos gubernamentales. <\/li>\n<\/ul>\n<\/li>\n\n\n\n<li><strong>Derecho a solicitar asilo<\/strong>\n<ul class=\"wp-block-list\">\n<li>Reconocido en la&nbsp;<strong>Convenci\u00f3n sobre Refugiados de 1951<\/strong>&nbsp;y en la ley estadounidense (<strong>Refugee Act de 1980<\/strong>).<\/li>\n\n\n\n<li>Amenazar o golpear a migrantes que buscan asilo impide el acceso a este derecho.<\/li>\n<\/ul>\n<\/li>\n\n\n\n<li><strong>Derecho a la libertad de expresi\u00f3n y a la defensa propia<\/strong>\n<ul class=\"wp-block-list\">\n<li>La&nbsp;<strong>1\u00aa Enmienda<\/strong>&nbsp;protege la posibilidad de denunciar abusos.<\/li>\n\n\n\n<li>Criminalizar la defensa personal contra agresiones oficiales implicar\u00eda un uso autoritario de la fuerza.<\/li>\n<\/ul>\n<\/li>\n\n\n\n<li><strong>Prohibici\u00f3n del uso excesivo de la fuerza por agentes del Estado<\/strong>\n<ul class=\"wp-block-list\">\n<li>Bajo la jurisprudencia de la&nbsp;<strong>Corte Suprema (caso Graham v. Connor, 1989)<\/strong>, la fuerza policial debe ser &#8220;razonable&#8221; y proporcional. Golpes a migrantes indefensos no cumplen con ese est\u00e1ndar.<\/li>\n<\/ul>\n<\/li>\n<\/ol>\n\n\n\n<figure class=\"wp-block-embed is-type-rich is-provider-twitter wp-block-embed-twitter\"><div class=\"wp-block-embed__wrapper\">\n<blockquote class=\"twitter-tweet\" data-width=\"550\" data-dnt=\"true\"><p lang=\"en\" dir=\"ltr\">WATCH: Illegal alien desperately holds onto to his wife and kids as they resist his arrest by masked ICE agents outside immigration courts in NYC <br><br>Agents are able to wrestle him away and escort him down the stairs to a processing center on another floor <a href=\"https:\/\/t.co\/KyNz7eYQ5a\">pic.twitter.com\/KyNz7eYQ5a<\/a><\/p>&mdash; Elaad Eliahu (@elaadeliahu) <a href=\"https:\/\/twitter.com\/elaadeliahu\/status\/1971231120462430500?ref_src=twsrc%5Etfw\">September 25, 2025<\/a><\/blockquote><script async src=\"https:\/\/platform.twitter.com\/widgets.js\" charset=\"utf-8\"><\/script>\n<\/div><\/figure>\n\n\n\n<hr class=\"wp-block-separator has-alpha-channel-opacity\"\/>\n\n\n\n<p class=\"wp-block-paragraph\">Trump viola derechos humanos fundamentales (vida, integridad, debido proceso, asilo) y garant\u00edas constitucionales b\u00e1sicas. Tales actos son considerados como&nbsp;<strong>abuso de poder, violaciones de derechos civiles e incluso cr\u00edmenes bajo el derecho internacional<\/strong>.<\/p>\n\n\n\n<figure class=\"wp-block-embed is-type-rich is-provider-twitter wp-block-embed-twitter\"><div class=\"wp-block-embed__wrapper\">\n<blockquote class=\"twitter-tweet\" data-width=\"550\" data-dnt=\"true\"><p lang=\"en\" dir=\"ltr\">Under President Trump\u2019s leadership, there is ZERO TOLERANCE for political violence and domestic terrorism. <br><br>I am deploying federal agents to <a href=\"https:\/\/twitter.com\/ICEgov?ref_src=twsrc%5Etfw\">@ICEgov<\/a> facilities around the country. If you so much as touch one of our federal officers, you will go to prison. <a href=\"https:\/\/t.co\/TSa5sQQORU\">pic.twitter.com\/TSa5sQQORU<\/a><\/p>&mdash; Attorney General Pamela Bondi (@AGPamBondi) <a href=\"https:\/\/twitter.com\/AGPamBondi\/status\/1971991013007950212?ref_src=twsrc%5Etfw\">September 27, 2025<\/a><\/blockquote><script async src=\"https:\/\/platform.twitter.com\/widgets.js\" charset=\"utf-8\"><\/script>\n<\/div><\/figure>\n\n\n\n<figure class=\"wp-block-table\"><table class=\"has-fixed-layout\"><thead><tr><th>Fecha \/ a\u00f1o<\/th><th>Declaraci\u00f3n \/ contexto<\/th><th>Comentario sobre intimidaci\u00f3n u odio<\/th><\/tr><\/thead><\/table><\/figure>\n\n\n\n<figure class=\"wp-block-table\"><table class=\"has-fixed-layout\"><tbody><tr><td><strong>6 de enero de 2021<\/strong><\/td><td>Durante el mitin \u201cSave America\u201d, Trump dijo \u201cwe will never concede\u201d (\u201cnunca nos rendiremos\u201d) y alent\u00f3 al p\u00fablico a \u201cmarchar al Capitolio\u201d.<\/td><td>Ese discurso, junto con \u201cGet smart Republicans. FIGHT\u201d en Twitter esa ma\u00f1ana, fue visto como incitaci\u00f3n a la movilizaci\u00f3n agresiva.&nbsp;<\/td><\/tr><\/tbody><\/table><\/figure>\n\n\n\n<figure class=\"wp-block-table\"><table class=\"has-fixed-layout\"><tbody><tr><td><strong>24 de marzo de 2023<\/strong><\/td><td>En su plataforma Truth Social, Trump advirti\u00f3 que podr\u00eda haber \u201cdeath &amp; destruction\u201d (muerte y destrucci\u00f3n) si era acusado, acompa\u00f1ado por una imagen amenazante con un bate de b\u00e9isbol frente al fiscal Alvin Bragg.<\/td><td>Esta publicaci\u00f3n fue interpretada como un acto directo de intimidaci\u00f3n hacia un funcionario legal.&nbsp;<\/td><\/tr><\/tbody><\/table><\/figure>\n\n\n\n<figure class=\"wp-block-table\"><table class=\"has-fixed-layout\"><tbody><tr><td><strong>22 de septiembre de 2023<\/strong><\/td><td>Trump, en Truth Social, acus\u00f3 al General Mark Milley de \u201ctraici\u00f3n\u201d por haber comunicado con su contraparte en China al final de su mandato.&nbsp;<\/td><td>Calificar de \u201ctraidor\u201d a un miembro de las fuerzas armadas es un lenguaje altamente beligerante.&nbsp;<\/td><\/tr><\/tbody><\/table><\/figure>\n\n\n\n<figure class=\"wp-block-table\"><table class=\"has-fixed-layout\"><tbody><tr><td><strong>17 de septiembre de 2025<\/strong><\/td><td>Trump dijo que probablemente ir\u00eda tras el periodista Jonathan Karl y la cadena ABC por lo que \u00e9l llam\u00f3 \u201codio\u201d en sus reportes.<\/td><td>Amenazar con represalias contra periodistas por cobertura cr\u00edtica tiene claras implicaciones de intimidaci\u00f3n.<\/td><\/tr><\/tbody><\/table><\/figure>\n\n\n\n<figure class=\"wp-block-table\"><table class=\"has-fixed-layout\"><tbody><tr><td><strong>23 de septiembre de 2025<\/strong><\/td><td>En su intervenci\u00f3n ante la ONU, Trump dijo que los pa\u00edses deben \u201ccerrar fronteras\u201d y \u201cexpulsar forasteros\u201d, acusando a los migrantes de estar destruyendo naciones.&nbsp;<\/td><td>Ese discurso incluy\u00f3 lenguaje nacionalista agresivo y acusaciones contra migrantes como si fuesen una amenaza colectiva.&nbsp;<\/td><\/tr><\/tbody><\/table><\/figure>\n\n\n\n<figure class=\"wp-block-table\"><table class=\"has-fixed-layout\"><tbody><tr><td><strong>17 de septiembre de 2025<\/strong>&nbsp;(otro fragmento)<\/td><td>En una entrevista fuera de la Casa Blanca, Trump sostuvo: \u201cYo deber\u00eda ir tras gente como t\u00fa [el periodista]\u2026 tal vez tengan que ir tras ti\u201d.&nbsp;<\/td><td>Frase con tono directo de amenaza personal contra un reportero.&nbsp;<\/td><\/tr><\/tbody><\/table><\/figure>\n\n\n\n<figure class=\"wp-block-table\"><table class=\"has-fixed-layout\"><tbody><tr><td><strong>Varios momentos (no siempre con fecha precisa)<\/strong><\/td><td>Trump ha definido partidos o grupos opositores como \u201cla fiesta del odio, del mal, de Satan\u00e1s\u201d, y dicho que las ciudades controladas por dem\u00f3cratas son \u201cinfiernos\u201d, \u201ccampos de muerte\u201d.&nbsp;<\/td><td>Ese tipo de descalificaciones repetidas contribuyen a polarizaci\u00f3n y odio.&nbsp;<\/td><\/tr><\/tbody><\/table><\/figure>\n\n\n\n<p class=\"wp-block-paragraph\">Trump es un terrorista de Estado, solo falta tipificarlo en la ley, los organismos internacionales tendr\u00e1n que tener mucho cuidado, pues se ve que es muy peligroso desde su esfera de poder.<\/p>\n","protected":false},"excerpt":{"rendered":"<p>\u00bfQu\u00e9 es terrorismo seg\u00fan la ley? Hay dos referencias importantes: En el&nbsp;derecho internacional El concepto&nbsp;\u201cterrorismo&#8230;<\/p>\n","protected":false},"author":67,"featured_media":0,"comment_status":"closed","ping_status":"closed","sticky":false,"template":"","format":"standard","meta":{"footnotes":""},"categories":[12],"tags":[],"class_list":["post-5376","post","type-post","status-publish","format-standard","hentry","category-opinion"],"yoast_head":"<!-- This site is optimized with the Yoast SEO plugin v28.4 - https:\/\/yoast.com\/product\/yoast-seo-wordpress\/ -->\n<title>Trump es un terrorista de Estado solo falta tipificarlo en la ley -<\/title>\n<meta name=\"description\" content=\"Trump viola derechos humanos fundamentales (vida, integridad, debido proceso, asilo) y garant\u00edas constitucionales b\u00e1sicas. Tales actos son considerados como\u00a0abuso de poder, violaciones de derechos civiles e incluso cr\u00edmenes bajo el derecho internacional.\" \/>\n<meta name=\"robots\" content=\"index, follow, max-snippet:-1, max-image-preview:large, max-video-preview:-1\" \/>\n<link rel=\"canonical\" href=\"https:\/\/arjenoticias.com.mx\/?p=5376\" \/>\n<meta property=\"og:locale\" content=\"es_MX\" \/>\n<meta property=\"og:type\" content=\"article\" \/>\n<meta property=\"og:title\" content=\"Trump es un terrorista de Estado solo falta tipificarlo en la ley -\" \/>\n<meta property=\"og:description\" content=\"Trump viola derechos humanos fundamentales (vida, integridad, debido proceso, asilo) y garant\u00edas constitucionales b\u00e1sicas. Tales actos son considerados como\u00a0abuso de poder, violaciones de derechos civiles e incluso cr\u00edmenes bajo el derecho internacional.\" \/>\n<meta property=\"og:url\" content=\"https:\/\/arjenoticias.com.mx\/?p=5376\" \/>\n<meta property=\"article:published_time\" content=\"2025-09-27T19:46:53+00:00\" \/>\n<meta name=\"author\" content=\"Teresa Sep\u00falveda Elizondo\" \/>\n<meta name=\"twitter:card\" content=\"summary_large_image\" \/>\n<meta name=\"twitter:label1\" content=\"Escrito por\" \/>\n\t<meta name=\"twitter:data1\" content=\"Teresa Sep\u00falveda Elizondo\" \/>\n\t<meta name=\"twitter:label2\" content=\"Tiempo de lectura\" \/>\n\t<meta name=\"twitter:data2\" content=\"6 minutos\" \/>\n<script type=\"application\/ld+json\" class=\"yoast-schema-graph\">{\"@context\":\"https:\\\/\\\/schema.org\",\"@graph\":[{\"@type\":\"Article\",\"@id\":\"https:\\\/\\\/arjenoticias.com.mx\\\/?p=5376#article\",\"isPartOf\":{\"@id\":\"https:\\\/\\\/arjenoticias.com.mx\\\/?p=5376\"},\"author\":{\"name\":\"Teresa Sep\u00falveda Elizondo\",\"@id\":\"https:\\\/\\\/arjenoticias.com.mx\\\/#\\\/schema\\\/person\\\/da5b96cdb3d0ca850682c4c74f9888d1\"},\"headline\":\"Trump es un terrorista de Estado solo falta tipificarlo en la ley\",\"datePublished\":\"2025-09-27T19:46:53+00:00\",\"mainEntityOfPage\":{\"@id\":\"https:\\\/\\\/arjenoticias.com.mx\\\/?p=5376\"},\"wordCount\":1272,\"publisher\":{\"@id\":\"https:\\\/\\\/arjenoticias.com.mx\\\/#organization\"},\"articleSection\":[\"Opini\u00f3n\"],\"inLanguage\":\"es\"},{\"@type\":\"WebPage\",\"@id\":\"https:\\\/\\\/arjenoticias.com.mx\\\/?p=5376\",\"url\":\"https:\\\/\\\/arjenoticias.com.mx\\\/?p=5376\",\"name\":\"Trump es un terrorista de Estado solo falta tipificarlo en la ley -\",\"isPartOf\":{\"@id\":\"https:\\\/\\\/arjenoticias.com.mx\\\/#website\"},\"datePublished\":\"2025-09-27T19:46:53+00:00\",\"description\":\"Trump viola derechos humanos fundamentales (vida, integridad, debido proceso, asilo) y garant\u00edas constitucionales b\u00e1sicas. Tales actos son considerados como\u00a0abuso de poder, violaciones de derechos civiles e incluso cr\u00edmenes bajo el derecho internacional.\",\"breadcrumb\":{\"@id\":\"https:\\\/\\\/arjenoticias.com.mx\\\/?p=5376#breadcrumb\"},\"inLanguage\":\"es\",\"potentialAction\":[{\"@type\":\"ReadAction\",\"target\":[\"https:\\\/\\\/arjenoticias.com.mx\\\/?p=5376\"]}]},{\"@type\":\"BreadcrumbList\",\"@id\":\"https:\\\/\\\/arjenoticias.com.mx\\\/?p=5376#breadcrumb\",\"itemListElement\":[{\"@type\":\"ListItem\",\"position\":1,\"name\":\"Inicio\",\"item\":\"https:\\\/\\\/arjenoticias.com.mx\\\/\"},{\"@type\":\"ListItem\",\"position\":2,\"name\":\"Trump es un terrorista de Estado solo falta tipificarlo en la ley\"}]},{\"@type\":\"WebSite\",\"@id\":\"https:\\\/\\\/arjenoticias.com.mx\\\/#website\",\"url\":\"https:\\\/\\\/arjenoticias.com.mx\\\/\",\"name\":\"arjenoticias.com.mx\",\"description\":\"\",\"publisher\":{\"@id\":\"https:\\\/\\\/arjenoticias.com.mx\\\/#organization\"},\"potentialAction\":[{\"@type\":\"SearchAction\",\"target\":{\"@type\":\"EntryPoint\",\"urlTemplate\":\"https:\\\/\\\/arjenoticias.com.mx\\\/?s={search_term_string}\"},\"query-input\":{\"@type\":\"PropertyValueSpecification\",\"valueRequired\":true,\"valueName\":\"search_term_string\"}}],\"inLanguage\":\"es\"},{\"@type\":\"Organization\",\"@id\":\"https:\\\/\\\/arjenoticias.com.mx\\\/#organization\",\"name\":\"Arj\u00e9 de M\u00e9xico Noticias\",\"url\":\"https:\\\/\\\/arjenoticias.com.mx\\\/\",\"logo\":{\"@type\":\"ImageObject\",\"inLanguage\":\"es\",\"@id\":\"https:\\\/\\\/arjenoticias.com.mx\\\/#\\\/schema\\\/logo\\\/image\\\/\",\"url\":\"https:\\\/\\\/arjenoticias.com.mx\\\/wp-content\\\/uploads\\\/2025\\\/07\\\/cropped-logo-scaled-1.png\",\"contentUrl\":\"https:\\\/\\\/arjenoticias.com.mx\\\/wp-content\\\/uploads\\\/2025\\\/07\\\/cropped-logo-scaled-1.png\",\"width\":2558,\"height\":558,\"caption\":\"Arj\u00e9 de M\u00e9xico Noticias\"},\"image\":{\"@id\":\"https:\\\/\\\/arjenoticias.com.mx\\\/#\\\/schema\\\/logo\\\/image\\\/\"}},{\"@type\":\"Person\",\"@id\":\"https:\\\/\\\/arjenoticias.com.mx\\\/#\\\/schema\\\/person\\\/da5b96cdb3d0ca850682c4c74f9888d1\",\"name\":\"Teresa Sep\u00falveda Elizondo\",\"image\":{\"@type\":\"ImageObject\",\"inLanguage\":\"es\",\"@id\":\"https:\\\/\\\/secure.gravatar.com\\\/avatar\\\/d028fefd8eb201705a23e8ddfe978fbf484e56c5190e4b37aa46229a4d471d39?s=96&d=mm&r=g\",\"url\":\"https:\\\/\\\/secure.gravatar.com\\\/avatar\\\/d028fefd8eb201705a23e8ddfe978fbf484e56c5190e4b37aa46229a4d471d39?s=96&d=mm&r=g\",\"contentUrl\":\"https:\\\/\\\/secure.gravatar.com\\\/avatar\\\/d028fefd8eb201705a23e8ddfe978fbf484e56c5190e4b37aa46229a4d471d39?s=96&d=mm&r=g\",\"caption\":\"Teresa Sep\u00falveda Elizondo\"},\"url\":\"https:\\\/\\\/arjenoticias.com.mx\\\/?author=67\"}]}<\/script>\n<!-- \/ Yoast SEO plugin. -->","yoast_head_json":{"title":"Trump es un terrorista de Estado solo falta tipificarlo en la ley -","description":"Trump viola derechos humanos fundamentales (vida, integridad, debido proceso, asilo) y garant\u00edas constitucionales b\u00e1sicas. Tales actos son considerados como\u00a0abuso de poder, violaciones de derechos civiles e incluso cr\u00edmenes bajo el derecho internacional.","robots":{"index":"index","follow":"follow","max-snippet":"max-snippet:-1","max-image-preview":"max-image-preview:large","max-video-preview":"max-video-preview:-1"},"canonical":"https:\/\/arjenoticias.com.mx\/?p=5376","og_locale":"es_MX","og_type":"article","og_title":"Trump es un terrorista de Estado solo falta tipificarlo en la ley -","og_description":"Trump viola derechos humanos fundamentales (vida, integridad, debido proceso, asilo) y garant\u00edas constitucionales b\u00e1sicas. Tales actos son considerados como\u00a0abuso de poder, violaciones de derechos civiles e incluso cr\u00edmenes bajo el derecho internacional.","og_url":"https:\/\/arjenoticias.com.mx\/?p=5376","article_published_time":"2025-09-27T19:46:53+00:00","author":"Teresa Sep\u00falveda Elizondo","twitter_card":"summary_large_image","twitter_misc":{"Escrito por":"Teresa Sep\u00falveda Elizondo","Tiempo de lectura":"6 minutos"},"schema":{"@context":"https:\/\/schema.org","@graph":[{"@type":"Article","@id":"https:\/\/arjenoticias.com.mx\/?p=5376#article","isPartOf":{"@id":"https:\/\/arjenoticias.com.mx\/?p=5376"},"author":{"name":"Teresa Sep\u00falveda Elizondo","@id":"https:\/\/arjenoticias.com.mx\/#\/schema\/person\/da5b96cdb3d0ca850682c4c74f9888d1"},"headline":"Trump es un terrorista de Estado solo falta tipificarlo en la ley","datePublished":"2025-09-27T19:46:53+00:00","mainEntityOfPage":{"@id":"https:\/\/arjenoticias.com.mx\/?p=5376"},"wordCount":1272,"publisher":{"@id":"https:\/\/arjenoticias.com.mx\/#organization"},"articleSection":["Opini\u00f3n"],"inLanguage":"es"},{"@type":"WebPage","@id":"https:\/\/arjenoticias.com.mx\/?p=5376","url":"https:\/\/arjenoticias.com.mx\/?p=5376","name":"Trump es un terrorista de Estado solo falta tipificarlo en la ley -","isPartOf":{"@id":"https:\/\/arjenoticias.com.mx\/#website"},"datePublished":"2025-09-27T19:46:53+00:00","description":"Trump viola derechos humanos fundamentales (vida, integridad, debido proceso, asilo) y garant\u00edas constitucionales b\u00e1sicas. Tales actos son considerados como\u00a0abuso de poder, violaciones de derechos civiles e incluso cr\u00edmenes bajo el derecho internacional.","breadcrumb":{"@id":"https:\/\/arjenoticias.com.mx\/?p=5376#breadcrumb"},"inLanguage":"es","potentialAction":[{"@type":"ReadAction","target":["https:\/\/arjenoticias.com.mx\/?p=5376"]}]},{"@type":"BreadcrumbList","@id":"https:\/\/arjenoticias.com.mx\/?p=5376#breadcrumb","itemListElement":[{"@type":"ListItem","position":1,"name":"Inicio","item":"https:\/\/arjenoticias.com.mx\/"},{"@type":"ListItem","position":2,"name":"Trump es un terrorista de Estado solo falta tipificarlo en la ley"}]},{"@type":"WebSite","@id":"https:\/\/arjenoticias.com.mx\/#website","url":"https:\/\/arjenoticias.com.mx\/","name":"arjenoticias.com.mx","description":"","publisher":{"@id":"https:\/\/arjenoticias.com.mx\/#organization"},"potentialAction":[{"@type":"SearchAction","target":{"@type":"EntryPoint","urlTemplate":"https:\/\/arjenoticias.com.mx\/?s={search_term_string}"},"query-input":{"@type":"PropertyValueSpecification","valueRequired":true,"valueName":"search_term_string"}}],"inLanguage":"es"},{"@type":"Organization","@id":"https:\/\/arjenoticias.com.mx\/#organization","name":"Arj\u00e9 de M\u00e9xico Noticias","url":"https:\/\/arjenoticias.com.mx\/","logo":{"@type":"ImageObject","inLanguage":"es","@id":"https:\/\/arjenoticias.com.mx\/#\/schema\/logo\/image\/","url":"https:\/\/arjenoticias.com.mx\/wp-content\/uploads\/2025\/07\/cropped-logo-scaled-1.png","contentUrl":"https:\/\/arjenoticias.com.mx\/wp-content\/uploads\/2025\/07\/cropped-logo-scaled-1.png","width":2558,"height":558,"caption":"Arj\u00e9 de M\u00e9xico Noticias"},"image":{"@id":"https:\/\/arjenoticias.com.mx\/#\/schema\/logo\/image\/"}},{"@type":"Person","@id":"https:\/\/arjenoticias.com.mx\/#\/schema\/person\/da5b96cdb3d0ca850682c4c74f9888d1","name":"Teresa Sep\u00falveda Elizondo","image":{"@type":"ImageObject","inLanguage":"es","@id":"https:\/\/secure.gravatar.com\/avatar\/d028fefd8eb201705a23e8ddfe978fbf484e56c5190e4b37aa46229a4d471d39?s=96&d=mm&r=g","url":"https:\/\/secure.gravatar.com\/avatar\/d028fefd8eb201705a23e8ddfe978fbf484e56c5190e4b37aa46229a4d471d39?s=96&d=mm&r=g","contentUrl":"https:\/\/secure.gravatar.com\/avatar\/d028fefd8eb201705a23e8ddfe978fbf484e56c5190e4b37aa46229a4d471d39?s=96&d=mm&r=g","caption":"Teresa Sep\u00falveda Elizondo"},"url":"https:\/\/arjenoticias.com.mx\/?author=67"}]}},"_links":{"self":[{"href":"https:\/\/arjenoticias.com.mx\/index.php?rest_route=\/wp\/v2\/posts\/5376","targetHints":{"allow":["GET"]}}],"collection":[{"href":"https:\/\/arjenoticias.com.mx\/index.php?rest_route=\/wp\/v2\/posts"}],"about":[{"href":"https:\/\/arjenoticias.com.mx\/index.php?rest_route=\/wp\/v2\/types\/post"}],"author":[{"embeddable":true,"href":"https:\/\/arjenoticias.com.mx\/index.php?rest_route=\/wp\/v2\/users\/67"}],"replies":[{"embeddable":true,"href":"https:\/\/arjenoticias.com.mx\/index.php?rest_route=%2Fwp%2Fv2%2Fcomments&post=5376"}],"version-history":[{"count":0,"href":"https:\/\/arjenoticias.com.mx\/index.php?rest_route=\/wp\/v2\/posts\/5376\/revisions"}],"wp:attachment":[{"href":"https:\/\/arjenoticias.com.mx\/index.php?rest_route=%2Fwp%2Fv2%2Fmedia&parent=5376"}],"wp:term":[{"taxonomy":"category","embeddable":true,"href":"https:\/\/arjenoticias.com.mx\/index.php?rest_route=%2Fwp%2Fv2%2Fcategories&post=5376"},{"taxonomy":"post_tag","embeddable":true,"href":"https:\/\/arjenoticias.com.mx\/index.php?rest_route=%2Fwp%2Fv2%2Ftags&post=5376"}],"curies":[{"name":"wp","href":"https:\/\/api.w.org\/{rel}","templated":true}]}}