{"id":5369,"date":"2025-09-26T13:50:08","date_gmt":"2025-09-26T19:50:08","guid":{"rendered":"https:\/\/arjenoticias.com\/?p=5369"},"modified":"2025-09-26T13:50:08","modified_gmt":"2025-09-26T19:50:08","slug":"ayotzinapa-impunidad-producto-del-amasiato-poder-politico-ejercito-y-delincuencial","status":"publish","type":"post","link":"https:\/\/arjenoticias.com.mx\/?p=5369","title":{"rendered":"Ayotzinapa impunidad producto del amasiato poder pol\u00edtico, ejercito y delincuencia"},"content":{"rendered":"\n<figure class=\"wp-block-embed is-type-video is-provider-youtube wp-block-embed-youtube wp-embed-aspect-16-9 wp-has-aspect-ratio\"><div class=\"wp-block-embed__wrapper\">\n<iframe title=\"Entrevista con Ernesto Cerda\" width=\"640\" height=\"360\" src=\"https:\/\/www.youtube.com\/embed\/wjzVeDVBUpE?feature=oembed\" frameborder=\"0\" allow=\"accelerometer; autoplay; clipboard-write; encrypted-media; gyroscope; picture-in-picture; web-share\" referrerpolicy=\"strict-origin-when-cross-origin\" allowfullscreen><\/iframe>\n<\/div><\/figure>\n\n\n\n<p class=\"wp-block-paragraph\">Ernesto Cerda<\/p>\n\n\n\n<p class=\"wp-block-paragraph\">Hace 11 a\u00f1os se cometi\u00f3 unos de los cr\u00edmenes masivos m\u00e1s dram\u00e1ticos en nuestro pais, el asesinato de 43 estudiantes de la Escuela Normal Rural \u201cRa\u00fal Isidro Burgos\u201d ubicada en Ayotzinapa, Guerrero<br>Ernesto Cerda dice:<\/p>\n\n\n\n<blockquote class=\"wp-block-quote is-layout-flow wp-block-quote-is-layout-flow\">\n<p class=\"wp-block-paragraph\"> \u201cLos terribles hechos fueron durante el sexenio de un gobierno neoliberal, encabezado por el presidente Enrique Pe\u00f1a Nieto, dando inicio al proceso de investigaci\u00f3n, arrestos y esclarecimiento de los cr\u00edmenes. Por supuesto, los padres de familia de los j\u00f3venes, levantaron la voz en\u00e9rgicamente, pero termino la administraci\u00f3n de Pe\u00f1a Nieto, sigui\u00f3 la de L\u00f3pez Obrador y prometi\u00f3 que su gobierno iba a esclarecer todos los hechos de esta atrocidad\u201d.<\/p>\n<\/blockquote>\n\n\n\n<p class=\"wp-block-paragraph\">Cerda: contin\u00faa diciendo: \u201cempieza el gobierno de Sheinbaum, quien tambi\u00e9n se compromete a que se haga justicia, sin embargo, no ha pasado nada. \u00bfPor qu\u00e9? Pues la historia de la humanidad nos ha mostrado que en este tipo de cr\u00edmenes donde est\u00e1n involucrados actores de los tres niveles de gobierno, las fuerzas armadas y el crimen organizado, se protegen entre si y nunca se aplica la justicia, no hay diferencia entre un gobierno neoliberal y de izquierda. <\/p>\n\n\n\n<p class=\"wp-block-paragraph\">Como ejemplo, menciono la masacre de Tlatelolco y la Matanza del Jueves de Corpus (tambi\u00e9n conocida como, la masacre de Corpus Christi o El Halconazo), donde nunca hubo aplicaci\u00f3n de la justicia\u201d.<\/p>\n\n\n\n<p class=\"wp-block-paragraph\"><strong>Te invito a ver y escuchar la entrevista con Ernesto Cerda, para comprender esta hip\u00f3tesis.<\/strong><br>Ir\u00e1 viniendo, iremos viendo, como concluye este triste capitulo de Ayotzinapa, si se confirma la hip\u00f3tesis de Cerda o al fin se acaba con este amasiato del poder pol\u00edtico, fuerzas armadas y crimen organizado.<\/p>\n\n\n\n<p class=\"wp-block-paragraph\"><\/p>\n","protected":false},"excerpt":{"rendered":"<p>Ernesto Cerda Hace 11 a\u00f1os se cometi\u00f3 unos de los cr\u00edmenes masivos m\u00e1s dram\u00e1ticos en&#8230;<\/p>\n","protected":false},"author":68,"featured_media":5371,"comment_status":"closed","ping_status":"closed","sticky":false,"template":"","format":"standard","meta":{"footnotes":""},"categories":[8,13],"tags":[],"class_list":["post-5369","post","type-post","status-publish","format-standard","has-post-thumbnail","hentry","category-los-poetas","category-politica"],"yoast_head":"<!-- This site is optimized with the Yoast SEO plugin v28.4 - https:\/\/yoast.com\/product\/yoast-seo-wordpress\/ -->\n<title>Ayotzinapa impunidad producto del amasiato poder pol\u00edtico, ejercito y delincuencia -<\/title>\n<meta name=\"description\" content=\"Ayotzinapa impunidad producto del amasiato poder pol\u00edtico, ejercito y delincuencial\" \/>\n<meta name=\"robots\" content=\"index, follow, max-snippet:-1, max-image-preview:large, max-video-preview:-1\" \/>\n<link rel=\"canonical\" href=\"https:\/\/arjenoticias.com.mx\/?p=5369\" \/>\n<meta property=\"og:locale\" content=\"es_MX\" \/>\n<meta property=\"og:type\" content=\"article\" \/>\n<meta property=\"og:title\" content=\"Ayotzinapa impunidad producto del amasiato poder pol\u00edtico, ejercito y delincuencia -\" \/>\n<meta property=\"og:description\" content=\"Ayotzinapa impunidad producto del amasiato poder pol\u00edtico, ejercito y delincuencial\" \/>\n<meta property=\"og:url\" content=\"https:\/\/arjenoticias.com.mx\/?p=5369\" \/>\n<meta property=\"article:published_time\" content=\"2025-09-26T19:50:08+00:00\" \/>\n<meta name=\"author\" content=\"Ra\u00fal Monter Ortega\" \/>\n<meta name=\"twitter:card\" content=\"summary_large_image\" \/>\n<meta name=\"twitter:label1\" content=\"Escrito por\" \/>\n\t<meta name=\"twitter:data1\" content=\"Ra\u00fal Monter Ortega\" \/>\n\t<meta name=\"twitter:label2\" content=\"Tiempo de lectura\" \/>\n\t<meta name=\"twitter:data2\" content=\"2 minutos\" \/>\n<script type=\"application\/ld+json\" class=\"yoast-schema-graph\">{\"@context\":\"https:\\\/\\\/schema.org\",\"@graph\":[{\"@type\":\"Article\",\"@id\":\"https:\\\/\\\/arjenoticias.com.mx\\\/?p=5369#article\",\"isPartOf\":{\"@id\":\"https:\\\/\\\/arjenoticias.com.mx\\\/?p=5369\"},\"author\":{\"name\":\"Ra\u00fal Monter Ortega\",\"@id\":\"https:\\\/\\\/arjenoticias.com.mx\\\/#\\\/schema\\\/person\\\/f48bc28476b38490cbe82bd109c72b24\"},\"headline\":\"Ayotzinapa impunidad producto del amasiato poder pol\u00edtico, ejercito y delincuencia\",\"datePublished\":\"2025-09-26T19:50:08+00:00\",\"mainEntityOfPage\":{\"@id\":\"https:\\\/\\\/arjenoticias.com.mx\\\/?p=5369\"},\"wordCount\":298,\"publisher\":{\"@id\":\"https:\\\/\\\/arjenoticias.com.mx\\\/#organization\"},\"image\":{\"@id\":\"https:\\\/\\\/arjenoticias.com.mx\\\/?p=5369#primaryimage\"},\"thumbnailUrl\":\"\",\"articleSection\":[\"Los poetas\",\"Pol\u00edtica\"],\"inLanguage\":\"es\"},{\"@type\":\"WebPage\",\"@id\":\"https:\\\/\\\/arjenoticias.com.mx\\\/?p=5369\",\"url\":\"https:\\\/\\\/arjenoticias.com.mx\\\/?p=5369\",\"name\":\"Ayotzinapa impunidad producto del amasiato poder pol\u00edtico, ejercito y delincuencia -\",\"isPartOf\":{\"@id\":\"https:\\\/\\\/arjenoticias.com.mx\\\/#website\"},\"primaryImageOfPage\":{\"@id\":\"https:\\\/\\\/arjenoticias.com.mx\\\/?p=5369#primaryimage\"},\"image\":{\"@id\":\"https:\\\/\\\/arjenoticias.com.mx\\\/?p=5369#primaryimage\"},\"thumbnailUrl\":\"\",\"datePublished\":\"2025-09-26T19:50:08+00:00\",\"description\":\"Ayotzinapa impunidad producto del amasiato poder pol\u00edtico, ejercito y delincuencial\",\"breadcrumb\":{\"@id\":\"https:\\\/\\\/arjenoticias.com.mx\\\/?p=5369#breadcrumb\"},\"inLanguage\":\"es\",\"potentialAction\":[{\"@type\":\"ReadAction\",\"target\":[\"https:\\\/\\\/arjenoticias.com.mx\\\/?p=5369\"]}]},{\"@type\":\"ImageObject\",\"inLanguage\":\"es\",\"@id\":\"https:\\\/\\\/arjenoticias.com.mx\\\/?p=5369#primaryimage\",\"url\":\"\",\"contentUrl\":\"\"},{\"@type\":\"BreadcrumbList\",\"@id\":\"https:\\\/\\\/arjenoticias.com.mx\\\/?p=5369#breadcrumb\",\"itemListElement\":[{\"@type\":\"ListItem\",\"position\":1,\"name\":\"Inicio\",\"item\":\"https:\\\/\\\/arjenoticias.com.mx\\\/\"},{\"@type\":\"ListItem\",\"position\":2,\"name\":\"Ayotzinapa impunidad producto del amasiato poder pol\u00edtico, ejercito y delincuencia\"}]},{\"@type\":\"WebSite\",\"@id\":\"https:\\\/\\\/arjenoticias.com.mx\\\/#website\",\"url\":\"https:\\\/\\\/arjenoticias.com.mx\\\/\",\"name\":\"arjenoticias.com.mx\",\"description\":\"\",\"publisher\":{\"@id\":\"https:\\\/\\\/arjenoticias.com.mx\\\/#organization\"},\"potentialAction\":[{\"@type\":\"SearchAction\",\"target\":{\"@type\":\"EntryPoint\",\"urlTemplate\":\"https:\\\/\\\/arjenoticias.com.mx\\\/?s={search_term_string}\"},\"query-input\":{\"@type\":\"PropertyValueSpecification\",\"valueRequired\":true,\"valueName\":\"search_term_string\"}}],\"inLanguage\":\"es\"},{\"@type\":\"Organization\",\"@id\":\"https:\\\/\\\/arjenoticias.com.mx\\\/#organization\",\"name\":\"Arj\u00e9 de M\u00e9xico Noticias\",\"url\":\"https:\\\/\\\/arjenoticias.com.mx\\\/\",\"logo\":{\"@type\":\"ImageObject\",\"inLanguage\":\"es\",\"@id\":\"https:\\\/\\\/arjenoticias.com.mx\\\/#\\\/schema\\\/logo\\\/image\\\/\",\"url\":\"https:\\\/\\\/arjenoticias.com.mx\\\/wp-content\\\/uploads\\\/2025\\\/07\\\/cropped-logo-scaled-1.png\",\"contentUrl\":\"https:\\\/\\\/arjenoticias.com.mx\\\/wp-content\\\/uploads\\\/2025\\\/07\\\/cropped-logo-scaled-1.png\",\"width\":2558,\"height\":558,\"caption\":\"Arj\u00e9 de M\u00e9xico Noticias\"},\"image\":{\"@id\":\"https:\\\/\\\/arjenoticias.com.mx\\\/#\\\/schema\\\/logo\\\/image\\\/\"}},{\"@type\":\"Person\",\"@id\":\"https:\\\/\\\/arjenoticias.com.mx\\\/#\\\/schema\\\/person\\\/f48bc28476b38490cbe82bd109c72b24\",\"name\":\"Ra\u00fal Monter Ortega\",\"image\":{\"@type\":\"ImageObject\",\"inLanguage\":\"es\",\"@id\":\"https:\\\/\\\/secure.gravatar.com\\\/avatar\\\/1616403283ceadc5d9a2d98c21703f217676e6be6595972f5d3d26ff78793f9d?s=96&d=mm&r=g\",\"url\":\"https:\\\/\\\/secure.gravatar.com\\\/avatar\\\/1616403283ceadc5d9a2d98c21703f217676e6be6595972f5d3d26ff78793f9d?s=96&d=mm&r=g\",\"contentUrl\":\"https:\\\/\\\/secure.gravatar.com\\\/avatar\\\/1616403283ceadc5d9a2d98c21703f217676e6be6595972f5d3d26ff78793f9d?s=96&d=mm&r=g\",\"caption\":\"Ra\u00fal Monter Ortega\"},\"url\":\"https:\\\/\\\/arjenoticias.com.mx\\\/?author=68\"}]}<\/script>\n<!-- \/ Yoast SEO plugin. -->","yoast_head_json":{"title":"Ayotzinapa impunidad producto del amasiato poder pol\u00edtico, ejercito y delincuencia -","description":"Ayotzinapa impunidad producto del amasiato poder pol\u00edtico, ejercito y delincuencial","robots":{"index":"index","follow":"follow","max-snippet":"max-snippet:-1","max-image-preview":"max-image-preview:large","max-video-preview":"max-video-preview:-1"},"canonical":"https:\/\/arjenoticias.com.mx\/?p=5369","og_locale":"es_MX","og_type":"article","og_title":"Ayotzinapa impunidad producto del amasiato poder pol\u00edtico, ejercito y delincuencia -","og_description":"Ayotzinapa impunidad producto del amasiato poder pol\u00edtico, ejercito y delincuencial","og_url":"https:\/\/arjenoticias.com.mx\/?p=5369","article_published_time":"2025-09-26T19:50:08+00:00","author":"Ra\u00fal Monter Ortega","twitter_card":"summary_large_image","twitter_misc":{"Escrito por":"Ra\u00fal Monter Ortega","Tiempo de lectura":"2 minutos"},"schema":{"@context":"https:\/\/schema.org","@graph":[{"@type":"Article","@id":"https:\/\/arjenoticias.com.mx\/?p=5369#article","isPartOf":{"@id":"https:\/\/arjenoticias.com.mx\/?p=5369"},"author":{"name":"Ra\u00fal Monter Ortega","@id":"https:\/\/arjenoticias.com.mx\/#\/schema\/person\/f48bc28476b38490cbe82bd109c72b24"},"headline":"Ayotzinapa impunidad producto del amasiato poder pol\u00edtico, ejercito y delincuencia","datePublished":"2025-09-26T19:50:08+00:00","mainEntityOfPage":{"@id":"https:\/\/arjenoticias.com.mx\/?p=5369"},"wordCount":298,"publisher":{"@id":"https:\/\/arjenoticias.com.mx\/#organization"},"image":{"@id":"https:\/\/arjenoticias.com.mx\/?p=5369#primaryimage"},"thumbnailUrl":"","articleSection":["Los poetas","Pol\u00edtica"],"inLanguage":"es"},{"@type":"WebPage","@id":"https:\/\/arjenoticias.com.mx\/?p=5369","url":"https:\/\/arjenoticias.com.mx\/?p=5369","name":"Ayotzinapa impunidad producto del amasiato poder pol\u00edtico, ejercito y delincuencia -","isPartOf":{"@id":"https:\/\/arjenoticias.com.mx\/#website"},"primaryImageOfPage":{"@id":"https:\/\/arjenoticias.com.mx\/?p=5369#primaryimage"},"image":{"@id":"https:\/\/arjenoticias.com.mx\/?p=5369#primaryimage"},"thumbnailUrl":"","datePublished":"2025-09-26T19:50:08+00:00","description":"Ayotzinapa impunidad producto del amasiato poder pol\u00edtico, ejercito y delincuencial","breadcrumb":{"@id":"https:\/\/arjenoticias.com.mx\/?p=5369#breadcrumb"},"inLanguage":"es","potentialAction":[{"@type":"ReadAction","target":["https:\/\/arjenoticias.com.mx\/?p=5369"]}]},{"@type":"ImageObject","inLanguage":"es","@id":"https:\/\/arjenoticias.com.mx\/?p=5369#primaryimage","url":"","contentUrl":""},{"@type":"BreadcrumbList","@id":"https:\/\/arjenoticias.com.mx\/?p=5369#breadcrumb","itemListElement":[{"@type":"ListItem","position":1,"name":"Inicio","item":"https:\/\/arjenoticias.com.mx\/"},{"@type":"ListItem","position":2,"name":"Ayotzinapa impunidad producto del amasiato poder pol\u00edtico, ejercito y delincuencia"}]},{"@type":"WebSite","@id":"https:\/\/arjenoticias.com.mx\/#website","url":"https:\/\/arjenoticias.com.mx\/","name":"arjenoticias.com.mx","description":"","publisher":{"@id":"https:\/\/arjenoticias.com.mx\/#organization"},"potentialAction":[{"@type":"SearchAction","target":{"@type":"EntryPoint","urlTemplate":"https:\/\/arjenoticias.com.mx\/?s={search_term_string}"},"query-input":{"@type":"PropertyValueSpecification","valueRequired":true,"valueName":"search_term_string"}}],"inLanguage":"es"},{"@type":"Organization","@id":"https:\/\/arjenoticias.com.mx\/#organization","name":"Arj\u00e9 de M\u00e9xico Noticias","url":"https:\/\/arjenoticias.com.mx\/","logo":{"@type":"ImageObject","inLanguage":"es","@id":"https:\/\/arjenoticias.com.mx\/#\/schema\/logo\/image\/","url":"https:\/\/arjenoticias.com.mx\/wp-content\/uploads\/2025\/07\/cropped-logo-scaled-1.png","contentUrl":"https:\/\/arjenoticias.com.mx\/wp-content\/uploads\/2025\/07\/cropped-logo-scaled-1.png","width":2558,"height":558,"caption":"Arj\u00e9 de M\u00e9xico Noticias"},"image":{"@id":"https:\/\/arjenoticias.com.mx\/#\/schema\/logo\/image\/"}},{"@type":"Person","@id":"https:\/\/arjenoticias.com.mx\/#\/schema\/person\/f48bc28476b38490cbe82bd109c72b24","name":"Ra\u00fal Monter Ortega","image":{"@type":"ImageObject","inLanguage":"es","@id":"https:\/\/secure.gravatar.com\/avatar\/1616403283ceadc5d9a2d98c21703f217676e6be6595972f5d3d26ff78793f9d?s=96&d=mm&r=g","url":"https:\/\/secure.gravatar.com\/avatar\/1616403283ceadc5d9a2d98c21703f217676e6be6595972f5d3d26ff78793f9d?s=96&d=mm&r=g","contentUrl":"https:\/\/secure.gravatar.com\/avatar\/1616403283ceadc5d9a2d98c21703f217676e6be6595972f5d3d26ff78793f9d?s=96&d=mm&r=g","caption":"Ra\u00fal Monter Ortega"},"url":"https:\/\/arjenoticias.com.mx\/?author=68"}]}},"_links":{"self":[{"href":"https:\/\/arjenoticias.com.mx\/index.php?rest_route=\/wp\/v2\/posts\/5369","targetHints":{"allow":["GET"]}}],"collection":[{"href":"https:\/\/arjenoticias.com.mx\/index.php?rest_route=\/wp\/v2\/posts"}],"about":[{"href":"https:\/\/arjenoticias.com.mx\/index.php?rest_route=\/wp\/v2\/types\/post"}],"author":[{"embeddable":true,"href":"https:\/\/arjenoticias.com.mx\/index.php?rest_route=\/wp\/v2\/users\/68"}],"replies":[{"embeddable":true,"href":"https:\/\/arjenoticias.com.mx\/index.php?rest_route=%2Fwp%2Fv2%2Fcomments&post=5369"}],"version-history":[{"count":0,"href":"https:\/\/arjenoticias.com.mx\/index.php?rest_route=\/wp\/v2\/posts\/5369\/revisions"}],"wp:attachment":[{"href":"https:\/\/arjenoticias.com.mx\/index.php?rest_route=%2Fwp%2Fv2%2Fmedia&parent=5369"}],"wp:term":[{"taxonomy":"category","embeddable":true,"href":"https:\/\/arjenoticias.com.mx\/index.php?rest_route=%2Fwp%2Fv2%2Fcategories&post=5369"},{"taxonomy":"post_tag","embeddable":true,"href":"https:\/\/arjenoticias.com.mx\/index.php?rest_route=%2Fwp%2Fv2%2Ftags&post=5369"}],"curies":[{"name":"wp","href":"https:\/\/api.w.org\/{rel}","templated":true}]}}