{"id":5266,"date":"2025-09-24T13:24:48","date_gmt":"2025-09-24T19:24:48","guid":{"rendered":"https:\/\/arjenoticias.com\/?p=5266"},"modified":"2025-09-24T13:24:48","modified_gmt":"2025-09-24T19:24:48","slug":"bienvenido-el-hermoso-otono","status":"publish","type":"post","link":"https:\/\/arjenoticias.com.mx\/?p=5266","title":{"rendered":"Bienvenido el hermoso oto\u00f1o"},"content":{"rendered":"\n<p class=\"wp-block-paragraph\">El oto\u00f1o inicia debido al movimiento de traslaci\u00f3n de la Tierra y la inclinaci\u00f3n de su eje, lo que provoca cambios en la distribuci\u00f3n de la luz solar durante esta estaci\u00f3n. En el hemisferio norte, el oto\u00f1o comienza alrededor del 22 o 23 de septiembre y termina el 21 o 22 de diciembre, dando paso al invierno y la hermosa temporada de la Navidad.<\/p>\n\n\n\n<p class=\"wp-block-paragraph\">Caracter\u00edsticas del Oto\u00f1o:<\/p>\n\n\n\n<ul class=\"wp-block-list\">\n<li>Colores vibrantes: Los \u00e1rboles cambian sus hojas verdes por tonos c\u00e1lidos como el rojo, naranja y amarillo, creando un espect\u00e1culo visual impresionante.<\/li>\n\n\n\n<li>Temperaturas frescas: Las temperaturas comienzan a descender gradualmente, creando un clima fresco y agradable.<\/li>\n\n\n\n<li>Cosecha de frutos y vegetales: El oto\u00f1o es la \u00e9poca de la cosecha, cuando los agricultores recolectan frutos y vegetales como manzanas, calabazas, uvas y peras.<\/li>\n\n\n\n<li>Atm\u00f3sfera melanc\u00f3lica: La naturaleza se prepara para el invierno, las hojas caen de los \u00e1rboles y el paisaje se vuelve m\u00e1s silencioso y tranquilo.<\/li>\n\n\n\n<li>Renovaci\u00f3n y transformaci\u00f3n: El oto\u00f1o es una \u00e9poca de cambio y renovaci\u00f3n, donde la naturaleza se adapta a las condiciones invernales.<\/li>\n\n\n\n<li>D\u00edas m\u00e1s cortos: Las horas de luz disminuyen, dando paso a noches m\u00e1s largas.<\/li>\n\n\n\n<li>Clima variable: El clima durante el oto\u00f1o es variable, con d\u00edas que pueden ser c\u00e1lidos y soleados, seguidos de noches frescas.<\/li>\n<\/ul>\n\n\n\n<p class=\"wp-block-paragraph\">Actividades t\u00edpicas del oto\u00f1o:<\/p>\n\n\n\n<ul class=\"wp-block-list\">\n<li>Caminatas por el bosque: Disfrutar de la naturaleza y los colores del oto\u00f1o.<\/li>\n\n\n\n<li>Recolecci\u00f3n de frutas: Recoger frutas y vegetales de temporada.<\/li>\n\n\n\n<li>Paseos en bicicleta: Disfrutar del clima fresco y agradable.<\/li>\n\n\n\n<li>Fogatas al aire libre: Reunirse con amigos y familiares en torno a una fogata.<br>Disfrutar de intensas platicas con tu pareja, acompa\u00f1adas de una deliciosa copa de vino o taza humeante de caf\u00e9 o t\u00e9.<\/li>\n<\/ul>\n","protected":false},"excerpt":{"rendered":"<p>El oto\u00f1o inicia debido al movimiento de traslaci\u00f3n de la Tierra y la inclinaci\u00f3n de&#8230;<\/p>\n","protected":false},"author":68,"featured_media":5278,"comment_status":"closed","ping_status":"closed","sticky":false,"template":"","format":"standard","meta":{"footnotes":""},"categories":[5],"tags":[2772],"class_list":["post-5266","post","type-post","status-publish","format-standard","has-post-thumbnail","hentry","category-cultura","tag-viva-el-otono-en-monterrey"],"yoast_head":"<!-- This site is optimized with the Yoast SEO plugin v28.4 - https:\/\/yoast.com\/product\/yoast-seo-wordpress\/ -->\n<title>Bienvenido el hermoso oto\u00f1o -<\/title>\n<meta name=\"description\" content=\"Fogatas al aire libre con amigos y familiares alrededor de una fogata\" \/>\n<meta name=\"robots\" content=\"index, follow, max-snippet:-1, max-image-preview:large, max-video-preview:-1\" \/>\n<link rel=\"canonical\" href=\"https:\/\/arjenoticias.com.mx\/?p=5266\" \/>\n<meta property=\"og:locale\" content=\"es_MX\" \/>\n<meta property=\"og:type\" content=\"article\" \/>\n<meta property=\"og:title\" content=\"Bienvenido el hermoso oto\u00f1o -\" \/>\n<meta property=\"og:description\" content=\"Fogatas al aire libre con amigos y familiares alrededor de una fogata\" \/>\n<meta property=\"og:url\" content=\"https:\/\/arjenoticias.com.mx\/?p=5266\" \/>\n<meta property=\"article:published_time\" content=\"2025-09-24T19:24:48+00:00\" \/>\n<meta name=\"author\" content=\"Ra\u00fal Monter Ortega\" \/>\n<meta name=\"twitter:card\" content=\"summary_large_image\" \/>\n<meta name=\"twitter:label1\" content=\"Escrito por\" \/>\n\t<meta name=\"twitter:data1\" content=\"Ra\u00fal Monter Ortega\" \/>\n\t<meta name=\"twitter:label2\" content=\"Tiempo de lectura\" \/>\n\t<meta name=\"twitter:data2\" content=\"2 minutos\" \/>\n<script type=\"application\/ld+json\" class=\"yoast-schema-graph\">{\"@context\":\"https:\\\/\\\/schema.org\",\"@graph\":[{\"@type\":\"Article\",\"@id\":\"https:\\\/\\\/arjenoticias.com.mx\\\/?p=5266#article\",\"isPartOf\":{\"@id\":\"https:\\\/\\\/arjenoticias.com.mx\\\/?p=5266\"},\"author\":{\"name\":\"Ra\u00fal Monter Ortega\",\"@id\":\"https:\\\/\\\/arjenoticias.com.mx\\\/#\\\/schema\\\/person\\\/f48bc28476b38490cbe82bd109c72b24\"},\"headline\":\"Bienvenido el hermoso oto\u00f1o\",\"datePublished\":\"2025-09-24T19:24:48+00:00\",\"mainEntityOfPage\":{\"@id\":\"https:\\\/\\\/arjenoticias.com.mx\\\/?p=5266\"},\"wordCount\":309,\"publisher\":{\"@id\":\"https:\\\/\\\/arjenoticias.com.mx\\\/#organization\"},\"image\":{\"@id\":\"https:\\\/\\\/arjenoticias.com.mx\\\/?p=5266#primaryimage\"},\"thumbnailUrl\":\"\",\"keywords\":[\"Viva el oto\u00f1o en Monterrey\"],\"articleSection\":[\"Cultura y Entretenimiento\"],\"inLanguage\":\"es\"},{\"@type\":\"WebPage\",\"@id\":\"https:\\\/\\\/arjenoticias.com.mx\\\/?p=5266\",\"url\":\"https:\\\/\\\/arjenoticias.com.mx\\\/?p=5266\",\"name\":\"Bienvenido el hermoso oto\u00f1o -\",\"isPartOf\":{\"@id\":\"https:\\\/\\\/arjenoticias.com.mx\\\/#website\"},\"primaryImageOfPage\":{\"@id\":\"https:\\\/\\\/arjenoticias.com.mx\\\/?p=5266#primaryimage\"},\"image\":{\"@id\":\"https:\\\/\\\/arjenoticias.com.mx\\\/?p=5266#primaryimage\"},\"thumbnailUrl\":\"\",\"datePublished\":\"2025-09-24T19:24:48+00:00\",\"description\":\"Fogatas al aire libre con amigos y familiares alrededor de una fogata\",\"breadcrumb\":{\"@id\":\"https:\\\/\\\/arjenoticias.com.mx\\\/?p=5266#breadcrumb\"},\"inLanguage\":\"es\",\"potentialAction\":[{\"@type\":\"ReadAction\",\"target\":[\"https:\\\/\\\/arjenoticias.com.mx\\\/?p=5266\"]}]},{\"@type\":\"ImageObject\",\"inLanguage\":\"es\",\"@id\":\"https:\\\/\\\/arjenoticias.com.mx\\\/?p=5266#primaryimage\",\"url\":\"\",\"contentUrl\":\"\"},{\"@type\":\"BreadcrumbList\",\"@id\":\"https:\\\/\\\/arjenoticias.com.mx\\\/?p=5266#breadcrumb\",\"itemListElement\":[{\"@type\":\"ListItem\",\"position\":1,\"name\":\"Inicio\",\"item\":\"https:\\\/\\\/arjenoticias.com.mx\\\/\"},{\"@type\":\"ListItem\",\"position\":2,\"name\":\"Bienvenido el hermoso oto\u00f1o\"}]},{\"@type\":\"WebSite\",\"@id\":\"https:\\\/\\\/arjenoticias.com.mx\\\/#website\",\"url\":\"https:\\\/\\\/arjenoticias.com.mx\\\/\",\"name\":\"arjenoticias.com.mx\",\"description\":\"\",\"publisher\":{\"@id\":\"https:\\\/\\\/arjenoticias.com.mx\\\/#organization\"},\"potentialAction\":[{\"@type\":\"SearchAction\",\"target\":{\"@type\":\"EntryPoint\",\"urlTemplate\":\"https:\\\/\\\/arjenoticias.com.mx\\\/?s={search_term_string}\"},\"query-input\":{\"@type\":\"PropertyValueSpecification\",\"valueRequired\":true,\"valueName\":\"search_term_string\"}}],\"inLanguage\":\"es\"},{\"@type\":\"Organization\",\"@id\":\"https:\\\/\\\/arjenoticias.com.mx\\\/#organization\",\"name\":\"Arj\u00e9 de M\u00e9xico Noticias\",\"url\":\"https:\\\/\\\/arjenoticias.com.mx\\\/\",\"logo\":{\"@type\":\"ImageObject\",\"inLanguage\":\"es\",\"@id\":\"https:\\\/\\\/arjenoticias.com.mx\\\/#\\\/schema\\\/logo\\\/image\\\/\",\"url\":\"https:\\\/\\\/arjenoticias.com.mx\\\/wp-content\\\/uploads\\\/2025\\\/07\\\/cropped-logo-scaled-1.png\",\"contentUrl\":\"https:\\\/\\\/arjenoticias.com.mx\\\/wp-content\\\/uploads\\\/2025\\\/07\\\/cropped-logo-scaled-1.png\",\"width\":2558,\"height\":558,\"caption\":\"Arj\u00e9 de M\u00e9xico Noticias\"},\"image\":{\"@id\":\"https:\\\/\\\/arjenoticias.com.mx\\\/#\\\/schema\\\/logo\\\/image\\\/\"}},{\"@type\":\"Person\",\"@id\":\"https:\\\/\\\/arjenoticias.com.mx\\\/#\\\/schema\\\/person\\\/f48bc28476b38490cbe82bd109c72b24\",\"name\":\"Ra\u00fal Monter Ortega\",\"image\":{\"@type\":\"ImageObject\",\"inLanguage\":\"es\",\"@id\":\"https:\\\/\\\/secure.gravatar.com\\\/avatar\\\/1616403283ceadc5d9a2d98c21703f217676e6be6595972f5d3d26ff78793f9d?s=96&d=mm&r=g\",\"url\":\"https:\\\/\\\/secure.gravatar.com\\\/avatar\\\/1616403283ceadc5d9a2d98c21703f217676e6be6595972f5d3d26ff78793f9d?s=96&d=mm&r=g\",\"contentUrl\":\"https:\\\/\\\/secure.gravatar.com\\\/avatar\\\/1616403283ceadc5d9a2d98c21703f217676e6be6595972f5d3d26ff78793f9d?s=96&d=mm&r=g\",\"caption\":\"Ra\u00fal Monter Ortega\"},\"url\":\"https:\\\/\\\/arjenoticias.com.mx\\\/?author=68\"}]}<\/script>\n<!-- \/ Yoast SEO plugin. -->","yoast_head_json":{"title":"Bienvenido el hermoso oto\u00f1o -","description":"Fogatas al aire libre con amigos y familiares alrededor de una fogata","robots":{"index":"index","follow":"follow","max-snippet":"max-snippet:-1","max-image-preview":"max-image-preview:large","max-video-preview":"max-video-preview:-1"},"canonical":"https:\/\/arjenoticias.com.mx\/?p=5266","og_locale":"es_MX","og_type":"article","og_title":"Bienvenido el hermoso oto\u00f1o -","og_description":"Fogatas al aire libre con amigos y familiares alrededor de una fogata","og_url":"https:\/\/arjenoticias.com.mx\/?p=5266","article_published_time":"2025-09-24T19:24:48+00:00","author":"Ra\u00fal Monter Ortega","twitter_card":"summary_large_image","twitter_misc":{"Escrito por":"Ra\u00fal Monter Ortega","Tiempo de lectura":"2 minutos"},"schema":{"@context":"https:\/\/schema.org","@graph":[{"@type":"Article","@id":"https:\/\/arjenoticias.com.mx\/?p=5266#article","isPartOf":{"@id":"https:\/\/arjenoticias.com.mx\/?p=5266"},"author":{"name":"Ra\u00fal Monter Ortega","@id":"https:\/\/arjenoticias.com.mx\/#\/schema\/person\/f48bc28476b38490cbe82bd109c72b24"},"headline":"Bienvenido el hermoso oto\u00f1o","datePublished":"2025-09-24T19:24:48+00:00","mainEntityOfPage":{"@id":"https:\/\/arjenoticias.com.mx\/?p=5266"},"wordCount":309,"publisher":{"@id":"https:\/\/arjenoticias.com.mx\/#organization"},"image":{"@id":"https:\/\/arjenoticias.com.mx\/?p=5266#primaryimage"},"thumbnailUrl":"","keywords":["Viva el oto\u00f1o en Monterrey"],"articleSection":["Cultura y Entretenimiento"],"inLanguage":"es"},{"@type":"WebPage","@id":"https:\/\/arjenoticias.com.mx\/?p=5266","url":"https:\/\/arjenoticias.com.mx\/?p=5266","name":"Bienvenido el hermoso oto\u00f1o -","isPartOf":{"@id":"https:\/\/arjenoticias.com.mx\/#website"},"primaryImageOfPage":{"@id":"https:\/\/arjenoticias.com.mx\/?p=5266#primaryimage"},"image":{"@id":"https:\/\/arjenoticias.com.mx\/?p=5266#primaryimage"},"thumbnailUrl":"","datePublished":"2025-09-24T19:24:48+00:00","description":"Fogatas al aire libre con amigos y familiares alrededor de una fogata","breadcrumb":{"@id":"https:\/\/arjenoticias.com.mx\/?p=5266#breadcrumb"},"inLanguage":"es","potentialAction":[{"@type":"ReadAction","target":["https:\/\/arjenoticias.com.mx\/?p=5266"]}]},{"@type":"ImageObject","inLanguage":"es","@id":"https:\/\/arjenoticias.com.mx\/?p=5266#primaryimage","url":"","contentUrl":""},{"@type":"BreadcrumbList","@id":"https:\/\/arjenoticias.com.mx\/?p=5266#breadcrumb","itemListElement":[{"@type":"ListItem","position":1,"name":"Inicio","item":"https:\/\/arjenoticias.com.mx\/"},{"@type":"ListItem","position":2,"name":"Bienvenido el hermoso oto\u00f1o"}]},{"@type":"WebSite","@id":"https:\/\/arjenoticias.com.mx\/#website","url":"https:\/\/arjenoticias.com.mx\/","name":"arjenoticias.com.mx","description":"","publisher":{"@id":"https:\/\/arjenoticias.com.mx\/#organization"},"potentialAction":[{"@type":"SearchAction","target":{"@type":"EntryPoint","urlTemplate":"https:\/\/arjenoticias.com.mx\/?s={search_term_string}"},"query-input":{"@type":"PropertyValueSpecification","valueRequired":true,"valueName":"search_term_string"}}],"inLanguage":"es"},{"@type":"Organization","@id":"https:\/\/arjenoticias.com.mx\/#organization","name":"Arj\u00e9 de M\u00e9xico Noticias","url":"https:\/\/arjenoticias.com.mx\/","logo":{"@type":"ImageObject","inLanguage":"es","@id":"https:\/\/arjenoticias.com.mx\/#\/schema\/logo\/image\/","url":"https:\/\/arjenoticias.com.mx\/wp-content\/uploads\/2025\/07\/cropped-logo-scaled-1.png","contentUrl":"https:\/\/arjenoticias.com.mx\/wp-content\/uploads\/2025\/07\/cropped-logo-scaled-1.png","width":2558,"height":558,"caption":"Arj\u00e9 de M\u00e9xico Noticias"},"image":{"@id":"https:\/\/arjenoticias.com.mx\/#\/schema\/logo\/image\/"}},{"@type":"Person","@id":"https:\/\/arjenoticias.com.mx\/#\/schema\/person\/f48bc28476b38490cbe82bd109c72b24","name":"Ra\u00fal Monter Ortega","image":{"@type":"ImageObject","inLanguage":"es","@id":"https:\/\/secure.gravatar.com\/avatar\/1616403283ceadc5d9a2d98c21703f217676e6be6595972f5d3d26ff78793f9d?s=96&d=mm&r=g","url":"https:\/\/secure.gravatar.com\/avatar\/1616403283ceadc5d9a2d98c21703f217676e6be6595972f5d3d26ff78793f9d?s=96&d=mm&r=g","contentUrl":"https:\/\/secure.gravatar.com\/avatar\/1616403283ceadc5d9a2d98c21703f217676e6be6595972f5d3d26ff78793f9d?s=96&d=mm&r=g","caption":"Ra\u00fal Monter Ortega"},"url":"https:\/\/arjenoticias.com.mx\/?author=68"}]}},"_links":{"self":[{"href":"https:\/\/arjenoticias.com.mx\/index.php?rest_route=\/wp\/v2\/posts\/5266","targetHints":{"allow":["GET"]}}],"collection":[{"href":"https:\/\/arjenoticias.com.mx\/index.php?rest_route=\/wp\/v2\/posts"}],"about":[{"href":"https:\/\/arjenoticias.com.mx\/index.php?rest_route=\/wp\/v2\/types\/post"}],"author":[{"embeddable":true,"href":"https:\/\/arjenoticias.com.mx\/index.php?rest_route=\/wp\/v2\/users\/68"}],"replies":[{"embeddable":true,"href":"https:\/\/arjenoticias.com.mx\/index.php?rest_route=%2Fwp%2Fv2%2Fcomments&post=5266"}],"version-history":[{"count":0,"href":"https:\/\/arjenoticias.com.mx\/index.php?rest_route=\/wp\/v2\/posts\/5266\/revisions"}],"wp:attachment":[{"href":"https:\/\/arjenoticias.com.mx\/index.php?rest_route=%2Fwp%2Fv2%2Fmedia&parent=5266"}],"wp:term":[{"taxonomy":"category","embeddable":true,"href":"https:\/\/arjenoticias.com.mx\/index.php?rest_route=%2Fwp%2Fv2%2Fcategories&post=5266"},{"taxonomy":"post_tag","embeddable":true,"href":"https:\/\/arjenoticias.com.mx\/index.php?rest_route=%2Fwp%2Fv2%2Ftags&post=5266"}],"curies":[{"name":"wp","href":"https:\/\/api.w.org\/{rel}","templated":true}]}}