{"id":5186,"date":"2025-09-23T10:48:32","date_gmt":"2025-09-23T16:48:32","guid":{"rendered":"https:\/\/arjenoticias.com\/?p=5186"},"modified":"2025-09-23T10:48:33","modified_gmt":"2025-09-23T16:48:33","slug":"en-el-filo","status":"publish","type":"post","link":"https:\/\/arjenoticias.com.mx\/opinion\/en-el-filo\/","title":{"rendered":"En el filo"},"content":{"rendered":"\n<h2 class=\"wp-block-heading\">El mapa de rendiciones de cuentas y exigencias<br>Es momento de dise\u00f1ar el mapa de las presiones, concesiones y exigencias posibles hasta el t\u00e9rmino de este gobierno<\/h2>\n\n\n\n<p class=\"wp-block-paragraph\">En este d\u00eda de la Independencia nacional, y dado el contexto internacional, veamos porqu\u00e9 independencia y soberan\u00eda son conceptos relacionados, pero diferentes. Es com\u00fan pensar que son lo mismo, pero no es as\u00ed. La independencia es la condici\u00f3n de no estar subordinado a otra naci\u00f3n. Se puede decir que se es independiente o no se es independiente. No hay matices ni sutilezas. Es una relaci\u00f3n con el exterior.<\/p>\n\n\n\n<p class=\"wp-block-paragraph\">La soberan\u00eda es, en cambio, un tema de la condici\u00f3n interna de una naci\u00f3n. Tiene todo que ver con el poder, la toma de decisiones y la autoridad interna de la naci\u00f3n. \u00bfQui\u00e9n o qui\u00e9nes deciden el rumbo a seguir por un determinado periodo de tiempo?<\/p>\n\n\n\n<p class=\"wp-block-paragraph\">Es tambi\u00e9n cierto que, para ser soberano y poder tomar decisiones con la potestad de un pueblo, primero el pa\u00eds tiene que ser independiente. Ser independiente responde a la pregunta \u00bfde qui\u00e9n no dependemos?, mientras ser soberano atiende la pregunta de \u00bfqui\u00e9n manda aqu\u00ed?<\/p>\n\n\n\n<p class=\"wp-block-paragraph\">Esta reflexi\u00f3n importa debido a la discusi\u00f3n, enrarecida y politizada, sobre el estado actual que guarda la relaci\u00f3n de M\u00e9xico con EU, y viceversa. En la compleja e inevitable interrelaci\u00f3n entre dos naciones vecinas, como las nuestras, donde ninguno cuestiona la independencia del otro, s\u00ed existen criterios diferenciados sobre c\u00f3mo administrar la soberan\u00eda de las decisiones. Y esos distintos criterios son fuente de conflictos diplom\u00e1ticos y pol\u00edticos continuados. El tel\u00f3n de fondo de la relaci\u00f3n bilateral es la globalizaci\u00f3n como hecho, y la profunda integraci\u00f3n econ\u00f3mica m\u00e1s espec\u00edficamente. La globalizaci\u00f3n hace que nuestras naciones hayan firmado convenios internacionales que nos comprometen a conducirnos de cierta manera, y con ciertas pol\u00edticas, dentro y fuera de nuestras fronteras nacionales. En materias tan diversas como leyes mar\u00edtimas, aguas, ganado, epidemias, medio ambiente, v\u00edas a\u00e9reas, pesca, pol\u00edticas fiscales e impositivas, sistemas de correos, tipo de electricidad, tipos de gasolinas en uso, derechos humanos. La lista de los compromisos \u201csoberanos\u201d que ha aceptado M\u00e9xico respetar en sus largos a\u00f1os de existencia es interminable<\/p>\n\n\n\n<p class=\"wp-block-paragraph\">El T-MEC define la relaci\u00f3n jur\u00eddica, econ\u00f3mica, pol\u00edtica y social de M\u00e9xico con EU, por la integraci\u00f3n econ\u00f3mica y social tan profunda existente entre ambas naciones. Y esa integraci\u00f3n implica, desde la \u00f3ptica estadunidense, atender las preocupaciones sobre seguridad y migraci\u00f3n, mientras que a M\u00e9xico le preocupa el trato hacia nuestros conciudadanos que viven en aquel pa\u00eds y que suman m\u00e1s de 10 millones de personas, entre legales e indocumentados, adem\u00e1s de los aranceles indebidos impuestos por Washington. M\u00e9xico es un pa\u00eds independiente, pero est\u00e1 en la necesidad y obligaci\u00f3n de cambiar, casi d\u00eda con d\u00eda, su definici\u00f3n de los l\u00edmites de la \u201csoberan\u00eda\u201d, dada la relaci\u00f3n fluctuante y cambiante entre los dos pa\u00edses. No hay subordinaci\u00f3n, y ambas naciones presionan al otro con los instrumentos a su disposici\u00f3n.<\/p>\n\n\n\n<p class=\"wp-block-paragraph\">Reconocer que EU posee un instrumental de presi\u00f3n m\u00e1s potente que el mexicano no implica un acto de subordinaci\u00f3n, pero requiere una respuesta estrat\u00e9gica. Es necesario reconocer los l\u00edmites de cada acci\u00f3n y las posibilidades de avance o retroceso de las iniciativas tomadas por el gobierno mexicano.<\/p>\n\n\n\n<p class=\"wp-block-paragraph\">En materia de seguridad vienen presiones extraordinarias de EU y ser\u00e1 inevitable ceder a algunas demandas estadunidenses. Igualmente suceder\u00e1 en materia de las llamadas \u201cbarreras no-arancelarias\u201d y la revisi\u00f3n del T-MEC. Ante ello, M\u00e9xico deber\u00e1 exigir un trato migratorio preferencial para nuestros conciudadanos, parecido a la pol\u00edtica aplicada anteriormente a los cubanos llegados a EU y la estricta aplicaci\u00f3n del T-MEC, sin aranceles que buscan intimidar.<\/p>\n\n\n\n<p class=\"wp-block-paragraph\">\u00bfA M\u00e9xico qu\u00e9 le importa m\u00e1s: proteger a sus pol\u00edticos convertidos en narcos o proteger a sus ciudadanos migrantes en EU? De la respuesta depender\u00e1 el \u00e9xito o fracaso en la defensa de las posturas mexicanas.<\/p>\n\n\n\n<p class=\"wp-block-paragraph\">As\u00ed se encuentra el estado real de la soberan\u00eda mexicana en septiembre de 2025. Es momento de dise\u00f1ar el mapa de las presiones, concesiones y exigencias posibles hasta el t\u00e9rmino de este gobierno. \u00bfQu\u00e9 dar y qu\u00e9 exigir, hoy y hasta el 2030?<\/p>\n","protected":false},"excerpt":{"rendered":"<p>El mapa de rendiciones de cuentas y exigenciasEs momento de dise\u00f1ar el mapa de las&#8230;<\/p>\n","protected":false},"author":22,"featured_media":5190,"comment_status":"closed","ping_status":"closed","sticky":false,"template":"","format":"standard","meta":{"footnotes":""},"categories":[59],"tags":[],"class_list":["post-5186","post","type-post","status-publish","format-standard","has-post-thumbnail","hentry","category-opinion"],"yoast_head":"<!-- This site is optimized with the Yoast SEO plugin v28.4 - https:\/\/yoast.com\/product\/yoast-seo-wordpress\/ -->\n<title>En el filo -<\/title>\n<meta name=\"description\" content=\"As\u00ed se encuentra el estado real de la soberan\u00eda mexicana en septiembre de 2025. Es momento de dise\u00f1ar el mapa de las presiones, concesiones y exigencias posibles hasta el t\u00e9rmino de este gobierno. \u00bfQu\u00e9 dar y qu\u00e9 exigir, hoy y hasta el 2030?\" \/>\n<meta name=\"robots\" content=\"index, follow, max-snippet:-1, max-image-preview:large, max-video-preview:-1\" \/>\n<link rel=\"canonical\" href=\"https:\/\/arjenoticias.com.mx\/opinion\/en-el-filo\/\" \/>\n<meta property=\"og:locale\" content=\"es_ES\" \/>\n<meta property=\"og:type\" content=\"article\" \/>\n<meta property=\"og:title\" content=\"En el filo -\" \/>\n<meta property=\"og:description\" content=\"As\u00ed se encuentra el estado real de la soberan\u00eda mexicana en septiembre de 2025. Es momento de dise\u00f1ar el mapa de las presiones, concesiones y exigencias posibles hasta el t\u00e9rmino de este gobierno. \u00bfQu\u00e9 dar y qu\u00e9 exigir, hoy y hasta el 2030?\" \/>\n<meta property=\"og:url\" content=\"https:\/\/arjenoticias.com.mx\/opinion\/en-el-filo\/\" \/>\n<meta property=\"article:publisher\" content=\"https:\/\/www.facebook.com\/ArjeNoticiasMX\" \/>\n<meta property=\"article:published_time\" content=\"2025-09-23T16:48:32+00:00\" \/>\n<meta property=\"article:modified_time\" content=\"2025-09-23T16:48:33+00:00\" \/>\n<meta property=\"og:image\" content=\"https:\/\/arjenoticias.com.mx\/wp-content\/uploads\/2025\/09\/RENDICION_DE_CUENTAS.png\" \/>\n\t<meta property=\"og:image:width\" content=\"486\" \/>\n\t<meta property=\"og:image:height\" content=\"270\" \/>\n\t<meta property=\"og:image:type\" content=\"image\/png\" \/>\n<meta name=\"author\" content=\"Ricardo Pascoe\" \/>\n<meta name=\"twitter:card\" content=\"summary_large_image\" \/>\n<meta name=\"twitter:creator\" content=\"@ArjeNoticias\" \/>\n<meta name=\"twitter:site\" content=\"@ArjeNoticias\" \/>\n<meta name=\"twitter:label1\" content=\"Escrito por\" \/>\n\t<meta name=\"twitter:data1\" content=\"Ricardo Pascoe\" \/>\n\t<meta name=\"twitter:label2\" content=\"Tiempo de lectura\" \/>\n\t<meta name=\"twitter:data2\" content=\"4 minutos\" \/>\n<script type=\"application\/ld+json\" class=\"yoast-schema-graph\">{\"@context\":\"https:\\\/\\\/schema.org\",\"@graph\":[{\"@type\":\"Article\",\"@id\":\"https:\\\/\\\/arjenoticias.com.mx\\\/opinion\\\/en-el-filo\\\/#article\",\"isPartOf\":{\"@id\":\"https:\\\/\\\/arjenoticias.com.mx\\\/opinion\\\/en-el-filo\\\/\"},\"author\":{\"name\":\"Ricardo Pascoe\",\"@id\":\"https:\\\/\\\/arjenoticias.com.mx\\\/#\\\/schema\\\/person\\\/125c4855191a193f02927b913b7705bc\"},\"headline\":\"En el filo\",\"datePublished\":\"2025-09-23T16:48:32+00:00\",\"dateModified\":\"2025-09-23T16:48:33+00:00\",\"mainEntityOfPage\":{\"@id\":\"https:\\\/\\\/arjenoticias.com.mx\\\/opinion\\\/en-el-filo\\\/\"},\"wordCount\":756,\"publisher\":{\"@id\":\"https:\\\/\\\/arjenoticias.com.mx\\\/#organization\"},\"image\":{\"@id\":\"https:\\\/\\\/arjenoticias.com.mx\\\/opinion\\\/en-el-filo\\\/#primaryimage\"},\"thumbnailUrl\":\"https:\\\/\\\/arjenoticias.com.mx\\\/wp-content\\\/uploads\\\/2025\\\/09\\\/RENDICION_DE_CUENTAS.png\",\"articleSection\":[\"Opini\u00f3n\"],\"inLanguage\":\"es\"},{\"@type\":\"WebPage\",\"@id\":\"https:\\\/\\\/arjenoticias.com.mx\\\/opinion\\\/en-el-filo\\\/\",\"url\":\"https:\\\/\\\/arjenoticias.com.mx\\\/opinion\\\/en-el-filo\\\/\",\"name\":\"En el filo -\",\"isPartOf\":{\"@id\":\"https:\\\/\\\/arjenoticias.com.mx\\\/#website\"},\"primaryImageOfPage\":{\"@id\":\"https:\\\/\\\/arjenoticias.com.mx\\\/opinion\\\/en-el-filo\\\/#primaryimage\"},\"image\":{\"@id\":\"https:\\\/\\\/arjenoticias.com.mx\\\/opinion\\\/en-el-filo\\\/#primaryimage\"},\"thumbnailUrl\":\"https:\\\/\\\/arjenoticias.com.mx\\\/wp-content\\\/uploads\\\/2025\\\/09\\\/RENDICION_DE_CUENTAS.png\",\"datePublished\":\"2025-09-23T16:48:32+00:00\",\"dateModified\":\"2025-09-23T16:48:33+00:00\",\"description\":\"As\u00ed se encuentra el estado real de la soberan\u00eda mexicana en septiembre de 2025. Es momento de dise\u00f1ar el mapa de las presiones, concesiones y exigencias posibles hasta el t\u00e9rmino de este gobierno. \u00bfQu\u00e9 dar y qu\u00e9 exigir, hoy y hasta el 2030?\",\"breadcrumb\":{\"@id\":\"https:\\\/\\\/arjenoticias.com.mx\\\/opinion\\\/en-el-filo\\\/#breadcrumb\"},\"inLanguage\":\"es\",\"potentialAction\":[{\"@type\":\"ReadAction\",\"target\":[\"https:\\\/\\\/arjenoticias.com.mx\\\/opinion\\\/en-el-filo\\\/\"]}]},{\"@type\":\"ImageObject\",\"inLanguage\":\"es\",\"@id\":\"https:\\\/\\\/arjenoticias.com.mx\\\/opinion\\\/en-el-filo\\\/#primaryimage\",\"url\":\"https:\\\/\\\/arjenoticias.com.mx\\\/wp-content\\\/uploads\\\/2025\\\/09\\\/RENDICION_DE_CUENTAS.png\",\"contentUrl\":\"https:\\\/\\\/arjenoticias.com.mx\\\/wp-content\\\/uploads\\\/2025\\\/09\\\/RENDICION_DE_CUENTAS.png\",\"width\":486,\"height\":270,\"caption\":\"\u00bfA M\u00e9xico qu\u00e9 le importa m\u00e1s: proteger a sus pol\u00edticos convertidos en narcos o proteger a sus ciudadanos migrantes en EU?\"},{\"@type\":\"BreadcrumbList\",\"@id\":\"https:\\\/\\\/arjenoticias.com.mx\\\/opinion\\\/en-el-filo\\\/#breadcrumb\",\"itemListElement\":[{\"@type\":\"ListItem\",\"position\":1,\"name\":\"Portada\",\"item\":\"https:\\\/\\\/arjenoticias.com.mx\\\/\"},{\"@type\":\"ListItem\",\"position\":2,\"name\":\"En el filo\"}]},{\"@type\":\"WebSite\",\"@id\":\"https:\\\/\\\/arjenoticias.com.mx\\\/#website\",\"url\":\"https:\\\/\\\/arjenoticias.com.mx\\\/\",\"name\":\"Arj\u00e9 M\u00e9xico\",\"description\":\"\",\"publisher\":{\"@id\":\"https:\\\/\\\/arjenoticias.com.mx\\\/#organization\"},\"potentialAction\":[{\"@type\":\"SearchAction\",\"target\":{\"@type\":\"EntryPoint\",\"urlTemplate\":\"https:\\\/\\\/arjenoticias.com.mx\\\/?s={search_term_string}\"},\"query-input\":{\"@type\":\"PropertyValueSpecification\",\"valueRequired\":true,\"valueName\":\"search_term_string\"}}],\"inLanguage\":\"es\"},{\"@type\":\"Organization\",\"@id\":\"https:\\\/\\\/arjenoticias.com.mx\\\/#organization\",\"name\":\"Arj\u00e9 M\u00e9xico\",\"url\":\"https:\\\/\\\/arjenoticias.com.mx\\\/\",\"logo\":{\"@type\":\"ImageObject\",\"inLanguage\":\"es\",\"@id\":\"https:\\\/\\\/arjenoticias.com.mx\\\/#\\\/schema\\\/logo\\\/image\\\/\",\"url\":\"https:\\\/\\\/arjenoticias.com\\\/wp-content\\\/uploads\\\/2026\\\/04\\\/cropped-cropped-logo-inverted-1-scaled-1.png\",\"contentUrl\":\"https:\\\/\\\/arjenoticias.com\\\/wp-content\\\/uploads\\\/2026\\\/04\\\/cropped-cropped-logo-inverted-1-scaled-1.png\",\"width\":2556,\"height\":549,\"caption\":\"Arj\u00e9 M\u00e9xico\"},\"image\":{\"@id\":\"https:\\\/\\\/arjenoticias.com.mx\\\/#\\\/schema\\\/logo\\\/image\\\/\"},\"sameAs\":[\"https:\\\/\\\/www.facebook.com\\\/ArjeNoticiasMX\",\"https:\\\/\\\/x.com\\\/ArjeNoticias\"]},{\"@type\":\"Person\",\"@id\":\"https:\\\/\\\/arjenoticias.com.mx\\\/#\\\/schema\\\/person\\\/125c4855191a193f02927b913b7705bc\",\"name\":\"Ricardo Pascoe\",\"image\":{\"@type\":\"ImageObject\",\"inLanguage\":\"es\",\"@id\":\"https:\\\/\\\/arjenoticias.com\\\/wp-content\\\/uploads\\\/2026\\\/04\\\/Ricardo-Pascoe1-96x96.png\",\"url\":\"https:\\\/\\\/arjenoticias.com\\\/wp-content\\\/uploads\\\/2026\\\/04\\\/Ricardo-Pascoe1-96x96.png\",\"contentUrl\":\"https:\\\/\\\/arjenoticias.com\\\/wp-content\\\/uploads\\\/2026\\\/04\\\/Ricardo-Pascoe1-96x96.png\",\"caption\":\"Ricardo Pascoe\"},\"description\":\"Pol\u00edtico mexicano, analista e ide\u00f3logo de izquierda. Fue miembro fundador del Partido Revolucionario de los Trabajadores, diputado federal y embajador.\",\"url\":\"https:\\\/\\\/arjenoticias.com.mx\\\/author\\\/ricardo-pascoe\\\/\"}]}<\/script>\n<!-- \/ Yoast SEO plugin. -->","yoast_head_json":{"title":"En el filo -","description":"As\u00ed se encuentra el estado real de la soberan\u00eda mexicana en septiembre de 2025. Es momento de dise\u00f1ar el mapa de las presiones, concesiones y exigencias posibles hasta el t\u00e9rmino de este gobierno. \u00bfQu\u00e9 dar y qu\u00e9 exigir, hoy y hasta el 2030?","robots":{"index":"index","follow":"follow","max-snippet":"max-snippet:-1","max-image-preview":"max-image-preview:large","max-video-preview":"max-video-preview:-1"},"canonical":"https:\/\/arjenoticias.com.mx\/opinion\/en-el-filo\/","og_locale":"es_ES","og_type":"article","og_title":"En el filo -","og_description":"As\u00ed se encuentra el estado real de la soberan\u00eda mexicana en septiembre de 2025. Es momento de dise\u00f1ar el mapa de las presiones, concesiones y exigencias posibles hasta el t\u00e9rmino de este gobierno. \u00bfQu\u00e9 dar y qu\u00e9 exigir, hoy y hasta el 2030?","og_url":"https:\/\/arjenoticias.com.mx\/opinion\/en-el-filo\/","article_publisher":"https:\/\/www.facebook.com\/ArjeNoticiasMX","article_published_time":"2025-09-23T16:48:32+00:00","article_modified_time":"2025-09-23T16:48:33+00:00","og_image":[{"width":486,"height":270,"url":"https:\/\/arjenoticias.com.mx\/wp-content\/uploads\/2025\/09\/RENDICION_DE_CUENTAS.png","type":"image\/png"}],"author":"Ricardo Pascoe","twitter_card":"summary_large_image","twitter_creator":"@ArjeNoticias","twitter_site":"@ArjeNoticias","twitter_misc":{"Escrito por":"Ricardo Pascoe","Tiempo de lectura":"4 minutos"},"schema":{"@context":"https:\/\/schema.org","@graph":[{"@type":"Article","@id":"https:\/\/arjenoticias.com.mx\/opinion\/en-el-filo\/#article","isPartOf":{"@id":"https:\/\/arjenoticias.com.mx\/opinion\/en-el-filo\/"},"author":{"name":"Ricardo Pascoe","@id":"https:\/\/arjenoticias.com.mx\/#\/schema\/person\/125c4855191a193f02927b913b7705bc"},"headline":"En el filo","datePublished":"2025-09-23T16:48:32+00:00","dateModified":"2025-09-23T16:48:33+00:00","mainEntityOfPage":{"@id":"https:\/\/arjenoticias.com.mx\/opinion\/en-el-filo\/"},"wordCount":756,"publisher":{"@id":"https:\/\/arjenoticias.com.mx\/#organization"},"image":{"@id":"https:\/\/arjenoticias.com.mx\/opinion\/en-el-filo\/#primaryimage"},"thumbnailUrl":"https:\/\/arjenoticias.com.mx\/wp-content\/uploads\/2025\/09\/RENDICION_DE_CUENTAS.png","articleSection":["Opini\u00f3n"],"inLanguage":"es"},{"@type":"WebPage","@id":"https:\/\/arjenoticias.com.mx\/opinion\/en-el-filo\/","url":"https:\/\/arjenoticias.com.mx\/opinion\/en-el-filo\/","name":"En el filo -","isPartOf":{"@id":"https:\/\/arjenoticias.com.mx\/#website"},"primaryImageOfPage":{"@id":"https:\/\/arjenoticias.com.mx\/opinion\/en-el-filo\/#primaryimage"},"image":{"@id":"https:\/\/arjenoticias.com.mx\/opinion\/en-el-filo\/#primaryimage"},"thumbnailUrl":"https:\/\/arjenoticias.com.mx\/wp-content\/uploads\/2025\/09\/RENDICION_DE_CUENTAS.png","datePublished":"2025-09-23T16:48:32+00:00","dateModified":"2025-09-23T16:48:33+00:00","description":"As\u00ed se encuentra el estado real de la soberan\u00eda mexicana en septiembre de 2025. Es momento de dise\u00f1ar el mapa de las presiones, concesiones y exigencias posibles hasta el t\u00e9rmino de este gobierno. \u00bfQu\u00e9 dar y qu\u00e9 exigir, hoy y hasta el 2030?","breadcrumb":{"@id":"https:\/\/arjenoticias.com.mx\/opinion\/en-el-filo\/#breadcrumb"},"inLanguage":"es","potentialAction":[{"@type":"ReadAction","target":["https:\/\/arjenoticias.com.mx\/opinion\/en-el-filo\/"]}]},{"@type":"ImageObject","inLanguage":"es","@id":"https:\/\/arjenoticias.com.mx\/opinion\/en-el-filo\/#primaryimage","url":"https:\/\/arjenoticias.com.mx\/wp-content\/uploads\/2025\/09\/RENDICION_DE_CUENTAS.png","contentUrl":"https:\/\/arjenoticias.com.mx\/wp-content\/uploads\/2025\/09\/RENDICION_DE_CUENTAS.png","width":486,"height":270,"caption":"\u00bfA M\u00e9xico qu\u00e9 le importa m\u00e1s: proteger a sus pol\u00edticos convertidos en narcos o proteger a sus ciudadanos migrantes en EU?"},{"@type":"BreadcrumbList","@id":"https:\/\/arjenoticias.com.mx\/opinion\/en-el-filo\/#breadcrumb","itemListElement":[{"@type":"ListItem","position":1,"name":"Portada","item":"https:\/\/arjenoticias.com.mx\/"},{"@type":"ListItem","position":2,"name":"En el filo"}]},{"@type":"WebSite","@id":"https:\/\/arjenoticias.com.mx\/#website","url":"https:\/\/arjenoticias.com.mx\/","name":"Arj\u00e9 M\u00e9xico","description":"","publisher":{"@id":"https:\/\/arjenoticias.com.mx\/#organization"},"potentialAction":[{"@type":"SearchAction","target":{"@type":"EntryPoint","urlTemplate":"https:\/\/arjenoticias.com.mx\/?s={search_term_string}"},"query-input":{"@type":"PropertyValueSpecification","valueRequired":true,"valueName":"search_term_string"}}],"inLanguage":"es"},{"@type":"Organization","@id":"https:\/\/arjenoticias.com.mx\/#organization","name":"Arj\u00e9 M\u00e9xico","url":"https:\/\/arjenoticias.com.mx\/","logo":{"@type":"ImageObject","inLanguage":"es","@id":"https:\/\/arjenoticias.com.mx\/#\/schema\/logo\/image\/","url":"https:\/\/arjenoticias.com\/wp-content\/uploads\/2026\/04\/cropped-cropped-logo-inverted-1-scaled-1.png","contentUrl":"https:\/\/arjenoticias.com\/wp-content\/uploads\/2026\/04\/cropped-cropped-logo-inverted-1-scaled-1.png","width":2556,"height":549,"caption":"Arj\u00e9 M\u00e9xico"},"image":{"@id":"https:\/\/arjenoticias.com.mx\/#\/schema\/logo\/image\/"},"sameAs":["https:\/\/www.facebook.com\/ArjeNoticiasMX","https:\/\/x.com\/ArjeNoticias"]},{"@type":"Person","@id":"https:\/\/arjenoticias.com.mx\/#\/schema\/person\/125c4855191a193f02927b913b7705bc","name":"Ricardo Pascoe","image":{"@type":"ImageObject","inLanguage":"es","@id":"https:\/\/arjenoticias.com\/wp-content\/uploads\/2026\/04\/Ricardo-Pascoe1-96x96.png","url":"https:\/\/arjenoticias.com\/wp-content\/uploads\/2026\/04\/Ricardo-Pascoe1-96x96.png","contentUrl":"https:\/\/arjenoticias.com\/wp-content\/uploads\/2026\/04\/Ricardo-Pascoe1-96x96.png","caption":"Ricardo Pascoe"},"description":"Pol\u00edtico mexicano, analista e ide\u00f3logo de izquierda. Fue miembro fundador del Partido Revolucionario de los Trabajadores, diputado federal y embajador.","url":"https:\/\/arjenoticias.com.mx\/author\/ricardo-pascoe\/"}]}},"featured_image_urls":{"full":["https:\/\/arjenoticias.com.mx\/wp-content\/uploads\/2025\/09\/RENDICION_DE_CUENTAS.png",486,270,false],"thumbnail":["https:\/\/arjenoticias.com.mx\/wp-content\/uploads\/2025\/09\/RENDICION_DE_CUENTAS-150x150.png",150,150,true],"medium":["https:\/\/arjenoticias.com.mx\/wp-content\/uploads\/2025\/09\/RENDICION_DE_CUENTAS-300x167.png",300,167,true],"medium_large":["https:\/\/arjenoticias.com.mx\/wp-content\/uploads\/2025\/09\/RENDICION_DE_CUENTAS.png",486,270,false],"large":["https:\/\/arjenoticias.com.mx\/wp-content\/uploads\/2025\/09\/RENDICION_DE_CUENTAS.png",486,270,false],"1536x1536":["https:\/\/arjenoticias.com.mx\/wp-content\/uploads\/2025\/09\/RENDICION_DE_CUENTAS.png",486,270,false],"2048x2048":["https:\/\/arjenoticias.com.mx\/wp-content\/uploads\/2025\/09\/RENDICION_DE_CUENTAS.png",486,270,false],"covernews-featured":["https:\/\/arjenoticias.com.mx\/wp-content\/uploads\/2025\/09\/RENDICION_DE_CUENTAS.png",486,270,false],"covernews-medium":["https:\/\/arjenoticias.com.mx\/wp-content\/uploads\/2025\/09\/RENDICION_DE_CUENTAS.png",486,270,false]},"author_info":{"info":["Ricardo Pascoe"]},"category_info":"<a href=\"https:\/\/arjenoticias.com.mx\/category\/opinion\/\" rel=\"category tag\">Opini\u00f3n<\/a>","tag_info":"Opini\u00f3n","comment_count":"0","_links":{"self":[{"href":"https:\/\/arjenoticias.com.mx\/wp-json\/wp\/v2\/posts\/5186","targetHints":{"allow":["GET"]}}],"collection":[{"href":"https:\/\/arjenoticias.com.mx\/wp-json\/wp\/v2\/posts"}],"about":[{"href":"https:\/\/arjenoticias.com.mx\/wp-json\/wp\/v2\/types\/post"}],"author":[{"embeddable":true,"href":"https:\/\/arjenoticias.com.mx\/wp-json\/wp\/v2\/users\/22"}],"replies":[{"embeddable":true,"href":"https:\/\/arjenoticias.com.mx\/wp-json\/wp\/v2\/comments?post=5186"}],"version-history":[{"count":1,"href":"https:\/\/arjenoticias.com.mx\/wp-json\/wp\/v2\/posts\/5186\/revisions"}],"predecessor-version":[{"id":5191,"href":"https:\/\/arjenoticias.com.mx\/wp-json\/wp\/v2\/posts\/5186\/revisions\/5191"}],"wp:featuredmedia":[{"embeddable":true,"href":"https:\/\/arjenoticias.com.mx\/wp-json\/wp\/v2\/media\/5190"}],"wp:attachment":[{"href":"https:\/\/arjenoticias.com.mx\/wp-json\/wp\/v2\/media?parent=5186"}],"wp:term":[{"taxonomy":"category","embeddable":true,"href":"https:\/\/arjenoticias.com.mx\/wp-json\/wp\/v2\/categories?post=5186"},{"taxonomy":"post_tag","embeddable":true,"href":"https:\/\/arjenoticias.com.mx\/wp-json\/wp\/v2\/tags?post=5186"}],"curies":[{"name":"wp","href":"https:\/\/api.w.org\/{rel}","templated":true}]}}