{"id":5106,"date":"2025-09-22T10:40:49","date_gmt":"2025-09-22T16:40:49","guid":{"rendered":"https:\/\/arjenoticias.com\/?p=5106"},"modified":"2025-09-22T10:40:50","modified_gmt":"2025-09-22T16:40:50","slug":"baches-que-rompen-mas-que-el-asfalto","status":"publish","type":"post","link":"https:\/\/arjenoticias.com.mx\/opinion\/baches-que-rompen-mas-que-el-asfalto\/","title":{"rendered":"BACHES QUE ROMPEN M\u00c1S QUE EL ASFALTO"},"content":{"rendered":"\n<p class=\"wp-block-paragraph\">Alejandra Reyes Shields (Editorialista invitada)<\/p>\n\n\n\n<p class=\"wp-block-paragraph\">La Ciudad de M\u00e9xico, con sus calles hist\u00f3ricas y avenidas modernas, se ha vuelto un escenario en el que la improvisaci\u00f3n y la negligencia parecen dominar m\u00e1s que la planificaci\u00f3n y el cuidado ciudadano. El reciente socav\u00f3n que atrap\u00f3 a un cami\u00f3n en Iztapalapa no es un hecho aislado, sino consecuencia de a\u00f1os de descuido, falta de mantenimiento y decisiones pol\u00edticas que priorizan la propaganda sobre el bien com\u00fan de quienes habitamos la CDMX.<\/p>\n\n\n\n<p class=\"wp-block-paragraph\">Los baches no solo son grietas en el pavimento; son grietas en la confianza de los ciudadanos hacia sus autoridades. Cada calle da\u00f1ada, cada vialidad olvidada, evidencia un patr\u00f3n de gesti\u00f3n ineficaz, en el que se prometen soluciones r\u00e1pidas, pero se ignoran los problemas estructurales. El socav\u00f3n en Iztapalapa es un recordatorio de que los ciudadanos pagamos las consecuencias de la improvisaci\u00f3n: da\u00f1os a veh\u00edculos, riesgos para la seguridad y, en algunos casos, tragedias que podr\u00edan haberse evitado.<\/p>\n\n\n\n<p class=\"wp-block-paragraph\">Desde un enfoque humanista, cada bache es tambi\u00e9n una met\u00e1fora de la desigualdad urbana. Las colonias y avenidas m\u00e1s transitadas, donde viven quienes dependen del transporte p\u00fablico y de su coche para trabajar, siguen siendo las m\u00e1s afectadas. Mientras tanto, las acciones del gobierno parecen enfocarse m\u00e1s en la imagen que en la realidad, priorizan la foto en lugar de hacer su tra- bajo y hacer una reparaci\u00f3n urgente a las calles que transitamos d\u00eda a d\u00eda. La CDMX merece m\u00e1s, merece calles seguras, no promesas fotog\u00e9nicas.<\/p>\n\n\n\n<p class=\"wp-block-paragraph\">El problema es coyuntural, pero refleja un patr\u00f3n de a\u00f1os: la gesti\u00f3n actual, marcada por la transformaci\u00f3n de cuarta, ha demostrado un enfoque cortoplacista, sin visi\u00f3n integral. La falta de inversi\u00f3n en infraestructura y la atenci\u00f3n tard\u00eda a emergencias urbanas deteriora la calidad de vida de millones de capitalinos. La seguridad vial y el respeto a la vida de las personas deben estar por encima de la narrativa pol\u00edtica.<\/p>\n\n\n\n<p class=\"wp-block-paragraph\">La percepci\u00f3n de abandono afecta la vida cotidiana: padres que llevan a sus hijos a la escuela, trabajadores que dependen del transporte y adultos mayores que cruzan calles llenas de baches se enfrentan a riesgos constantes. La negligencia gubernamental se convierte as\u00ed en un problema social y humano, que trasciende el asfalto y toca di- rectamente la seguridad de los ciudadanos. Cada socav\u00f3n, cada bache, es una oportunidad para reflexionar sobre la ciudad que queremos: una ciudad funcional, segura y moderna, no un escaparate de parches temporales.<\/p>\n\n\n\n<p class=\"wp-block-paragraph\">Que el cami\u00f3n atrapado en Iztapalapa nos recuerde que no podemos normalizar la negligencia. La Ciudad de M\u00e9xico tiene potencial para ser una metr\u00f3poli ordenada y segura, pero eso requiere voluntad pol\u00edtica, planificaci\u00f3n y respeto por quienes vivimos aqu\u00ed. Los baches no son solo un problema de infraestructura; son un reflejo de c\u00f3mo se gobierna y de lo que se valora realmente. La ciudadan\u00eda merece un gobierno que act\u00fae con responsabilidad y vea m\u00e1s all\u00e1 de la foto del d\u00eda, para garantizar calles seguras hoy y en el futuro. LA CDMX merece m\u00e1s.<\/p>\n","protected":false},"excerpt":{"rendered":"<p>Alejandra Reyes Shields (Editorialista invitada) La Ciudad de M\u00e9xico, con sus calles hist\u00f3ricas y avenidas&#8230;<\/p>\n","protected":false},"author":8,"featured_media":5107,"comment_status":"closed","ping_status":"closed","sticky":false,"template":"","format":"standard","meta":{"footnotes":""},"categories":[59],"tags":[],"class_list":["post-5106","post","type-post","status-publish","format-standard","has-post-thumbnail","hentry","category-opinion"],"yoast_head":"<!-- This site is optimized with the Yoast SEO plugin v28.4 - https:\/\/yoast.com\/product\/yoast-seo-wordpress\/ -->\n<title>BACHES QUE ROMPEN M\u00c1S QUE EL ASFALTO -<\/title>\n<meta name=\"description\" content=\"la gesti\u00f3n actual, marcada por la transformaci\u00f3n de cuarta, ha demostrado un enfoque cortoplacista, sin visi\u00f3n integral\" \/>\n<meta name=\"robots\" content=\"index, follow, max-snippet:-1, max-image-preview:large, max-video-preview:-1\" \/>\n<link rel=\"canonical\" href=\"https:\/\/arjenoticias.com.mx\/opinion\/baches-que-rompen-mas-que-el-asfalto\/\" \/>\n<meta property=\"og:locale\" content=\"es_ES\" \/>\n<meta property=\"og:type\" content=\"article\" \/>\n<meta property=\"og:title\" content=\"BACHES QUE ROMPEN M\u00c1S QUE EL ASFALTO -\" \/>\n<meta property=\"og:description\" content=\"la gesti\u00f3n actual, marcada por la transformaci\u00f3n de cuarta, ha demostrado un enfoque cortoplacista, sin visi\u00f3n integral\" \/>\n<meta property=\"og:url\" content=\"https:\/\/arjenoticias.com.mx\/opinion\/baches-que-rompen-mas-que-el-asfalto\/\" \/>\n<meta property=\"article:publisher\" content=\"https:\/\/www.facebook.com\/ArjeNoticiasMX\" \/>\n<meta property=\"article:published_time\" content=\"2025-09-22T16:40:49+00:00\" \/>\n<meta property=\"article:modified_time\" content=\"2025-09-22T16:40:50+00:00\" \/>\n<meta property=\"og:image\" content=\"https:\/\/arjenoticias.com.mx\/wp-content\/uploads\/2025\/09\/DesigualdadurbanaCdmx.webp\" \/>\n\t<meta property=\"og:image:width\" content=\"474\" \/>\n\t<meta property=\"og:image:height\" content=\"257\" \/>\n\t<meta property=\"og:image:type\" content=\"image\/webp\" \/>\n<meta name=\"author\" content=\"Ra\u00fal Monter Ortega\" \/>\n<meta name=\"twitter:card\" content=\"summary_large_image\" \/>\n<meta name=\"twitter:creator\" content=\"@ArjeNoticias\" \/>\n<meta name=\"twitter:site\" content=\"@ArjeNoticias\" \/>\n<meta name=\"twitter:label1\" content=\"Escrito por\" \/>\n\t<meta name=\"twitter:data1\" content=\"Ra\u00fal Monter Ortega\" \/>\n\t<meta name=\"twitter:label2\" content=\"Tiempo de lectura\" \/>\n\t<meta name=\"twitter:data2\" content=\"3 minutos\" \/>\n<script type=\"application\/ld+json\" class=\"yoast-schema-graph\">{\"@context\":\"https:\\\/\\\/schema.org\",\"@graph\":[{\"@type\":\"Article\",\"@id\":\"https:\\\/\\\/arjenoticias.com.mx\\\/opinion\\\/baches-que-rompen-mas-que-el-asfalto\\\/#article\",\"isPartOf\":{\"@id\":\"https:\\\/\\\/arjenoticias.com.mx\\\/opinion\\\/baches-que-rompen-mas-que-el-asfalto\\\/\"},\"author\":{\"name\":\"Ra\u00fal Monter Ortega\",\"@id\":\"https:\\\/\\\/arjenoticias.com.mx\\\/#\\\/schema\\\/person\\\/ea4e505f8f8f30d5745f4a0712a580d8\"},\"headline\":\"BACHES QUE ROMPEN M\u00c1S QUE EL ASFALTO\",\"datePublished\":\"2025-09-22T16:40:49+00:00\",\"dateModified\":\"2025-09-22T16:40:50+00:00\",\"mainEntityOfPage\":{\"@id\":\"https:\\\/\\\/arjenoticias.com.mx\\\/opinion\\\/baches-que-rompen-mas-que-el-asfalto\\\/\"},\"wordCount\":553,\"publisher\":{\"@id\":\"https:\\\/\\\/arjenoticias.com.mx\\\/#organization\"},\"image\":{\"@id\":\"https:\\\/\\\/arjenoticias.com.mx\\\/opinion\\\/baches-que-rompen-mas-que-el-asfalto\\\/#primaryimage\"},\"thumbnailUrl\":\"https:\\\/\\\/arjenoticias.com.mx\\\/wp-content\\\/uploads\\\/2025\\\/09\\\/DesigualdadurbanaCdmx.webp\",\"articleSection\":[\"Opini\u00f3n\"],\"inLanguage\":\"es\"},{\"@type\":\"WebPage\",\"@id\":\"https:\\\/\\\/arjenoticias.com.mx\\\/opinion\\\/baches-que-rompen-mas-que-el-asfalto\\\/\",\"url\":\"https:\\\/\\\/arjenoticias.com.mx\\\/opinion\\\/baches-que-rompen-mas-que-el-asfalto\\\/\",\"name\":\"BACHES QUE ROMPEN M\u00c1S QUE EL ASFALTO -\",\"isPartOf\":{\"@id\":\"https:\\\/\\\/arjenoticias.com.mx\\\/#website\"},\"primaryImageOfPage\":{\"@id\":\"https:\\\/\\\/arjenoticias.com.mx\\\/opinion\\\/baches-que-rompen-mas-que-el-asfalto\\\/#primaryimage\"},\"image\":{\"@id\":\"https:\\\/\\\/arjenoticias.com.mx\\\/opinion\\\/baches-que-rompen-mas-que-el-asfalto\\\/#primaryimage\"},\"thumbnailUrl\":\"https:\\\/\\\/arjenoticias.com.mx\\\/wp-content\\\/uploads\\\/2025\\\/09\\\/DesigualdadurbanaCdmx.webp\",\"datePublished\":\"2025-09-22T16:40:49+00:00\",\"dateModified\":\"2025-09-22T16:40:50+00:00\",\"description\":\"la gesti\u00f3n actual, marcada por la transformaci\u00f3n de cuarta, ha demostrado un enfoque cortoplacista, sin visi\u00f3n integral\",\"breadcrumb\":{\"@id\":\"https:\\\/\\\/arjenoticias.com.mx\\\/opinion\\\/baches-que-rompen-mas-que-el-asfalto\\\/#breadcrumb\"},\"inLanguage\":\"es\",\"potentialAction\":[{\"@type\":\"ReadAction\",\"target\":[\"https:\\\/\\\/arjenoticias.com.mx\\\/opinion\\\/baches-que-rompen-mas-que-el-asfalto\\\/\"]}]},{\"@type\":\"ImageObject\",\"inLanguage\":\"es\",\"@id\":\"https:\\\/\\\/arjenoticias.com.mx\\\/opinion\\\/baches-que-rompen-mas-que-el-asfalto\\\/#primaryimage\",\"url\":\"https:\\\/\\\/arjenoticias.com.mx\\\/wp-content\\\/uploads\\\/2025\\\/09\\\/DesigualdadurbanaCdmx.webp\",\"contentUrl\":\"https:\\\/\\\/arjenoticias.com.mx\\\/wp-content\\\/uploads\\\/2025\\\/09\\\/DesigualdadurbanaCdmx.webp\",\"width\":474,\"height\":257,\"caption\":\"La percepci\u00f3n de abandono afecta la vida cotidiana en CDMX\"},{\"@type\":\"BreadcrumbList\",\"@id\":\"https:\\\/\\\/arjenoticias.com.mx\\\/opinion\\\/baches-que-rompen-mas-que-el-asfalto\\\/#breadcrumb\",\"itemListElement\":[{\"@type\":\"ListItem\",\"position\":1,\"name\":\"Portada\",\"item\":\"https:\\\/\\\/arjenoticias.com.mx\\\/\"},{\"@type\":\"ListItem\",\"position\":2,\"name\":\"BACHES QUE ROMPEN M\u00c1S QUE EL ASFALTO\"}]},{\"@type\":\"WebSite\",\"@id\":\"https:\\\/\\\/arjenoticias.com.mx\\\/#website\",\"url\":\"https:\\\/\\\/arjenoticias.com.mx\\\/\",\"name\":\"Arj\u00e9 M\u00e9xico\",\"description\":\"\",\"publisher\":{\"@id\":\"https:\\\/\\\/arjenoticias.com.mx\\\/#organization\"},\"potentialAction\":[{\"@type\":\"SearchAction\",\"target\":{\"@type\":\"EntryPoint\",\"urlTemplate\":\"https:\\\/\\\/arjenoticias.com.mx\\\/?s={search_term_string}\"},\"query-input\":{\"@type\":\"PropertyValueSpecification\",\"valueRequired\":true,\"valueName\":\"search_term_string\"}}],\"inLanguage\":\"es\"},{\"@type\":\"Organization\",\"@id\":\"https:\\\/\\\/arjenoticias.com.mx\\\/#organization\",\"name\":\"Arj\u00e9 M\u00e9xico\",\"url\":\"https:\\\/\\\/arjenoticias.com.mx\\\/\",\"logo\":{\"@type\":\"ImageObject\",\"inLanguage\":\"es\",\"@id\":\"https:\\\/\\\/arjenoticias.com.mx\\\/#\\\/schema\\\/logo\\\/image\\\/\",\"url\":\"https:\\\/\\\/arjenoticias.com\\\/wp-content\\\/uploads\\\/2026\\\/04\\\/cropped-cropped-logo-inverted-1-scaled-1.png\",\"contentUrl\":\"https:\\\/\\\/arjenoticias.com\\\/wp-content\\\/uploads\\\/2026\\\/04\\\/cropped-cropped-logo-inverted-1-scaled-1.png\",\"width\":2556,\"height\":549,\"caption\":\"Arj\u00e9 M\u00e9xico\"},\"image\":{\"@id\":\"https:\\\/\\\/arjenoticias.com.mx\\\/#\\\/schema\\\/logo\\\/image\\\/\"},\"sameAs\":[\"https:\\\/\\\/www.facebook.com\\\/ArjeNoticiasMX\",\"https:\\\/\\\/x.com\\\/ArjeNoticias\"]},{\"@type\":\"Person\",\"@id\":\"https:\\\/\\\/arjenoticias.com.mx\\\/#\\\/schema\\\/person\\\/ea4e505f8f8f30d5745f4a0712a580d8\",\"name\":\"Ra\u00fal Monter Ortega\",\"image\":{\"@type\":\"ImageObject\",\"inLanguage\":\"es\",\"@id\":\"https:\\\/\\\/arjenoticias.com\\\/wp-content\\\/uploads\\\/2026\\\/04\\\/RAUL-MONTER-96x96.png\",\"url\":\"https:\\\/\\\/arjenoticias.com\\\/wp-content\\\/uploads\\\/2026\\\/04\\\/RAUL-MONTER-96x96.png\",\"contentUrl\":\"https:\\\/\\\/arjenoticias.com\\\/wp-content\\\/uploads\\\/2026\\\/04\\\/RAUL-MONTER-96x96.png\",\"caption\":\"Ra\u00fal Monter Ortega\"},\"description\":\"Editorialista, observador y activista. Promotor de las libertades constitucionales de los mexicanos. Catedr\u00e1tico y vicerrector de ESPE.\",\"url\":\"https:\\\/\\\/arjenoticias.com.mx\\\/author\\\/raul-monter-ortega\\\/\"}]}<\/script>\n<!-- \/ Yoast SEO plugin. -->","yoast_head_json":{"title":"BACHES QUE ROMPEN M\u00c1S QUE EL ASFALTO -","description":"la gesti\u00f3n actual, marcada por la transformaci\u00f3n de cuarta, ha demostrado un enfoque cortoplacista, sin visi\u00f3n integral","robots":{"index":"index","follow":"follow","max-snippet":"max-snippet:-1","max-image-preview":"max-image-preview:large","max-video-preview":"max-video-preview:-1"},"canonical":"https:\/\/arjenoticias.com.mx\/opinion\/baches-que-rompen-mas-que-el-asfalto\/","og_locale":"es_ES","og_type":"article","og_title":"BACHES QUE ROMPEN M\u00c1S QUE EL ASFALTO -","og_description":"la gesti\u00f3n actual, marcada por la transformaci\u00f3n de cuarta, ha demostrado un enfoque cortoplacista, sin visi\u00f3n integral","og_url":"https:\/\/arjenoticias.com.mx\/opinion\/baches-que-rompen-mas-que-el-asfalto\/","article_publisher":"https:\/\/www.facebook.com\/ArjeNoticiasMX","article_published_time":"2025-09-22T16:40:49+00:00","article_modified_time":"2025-09-22T16:40:50+00:00","og_image":[{"width":474,"height":257,"url":"https:\/\/arjenoticias.com.mx\/wp-content\/uploads\/2025\/09\/DesigualdadurbanaCdmx.webp","type":"image\/webp"}],"author":"Ra\u00fal Monter Ortega","twitter_card":"summary_large_image","twitter_creator":"@ArjeNoticias","twitter_site":"@ArjeNoticias","twitter_misc":{"Escrito por":"Ra\u00fal Monter Ortega","Tiempo de lectura":"3 minutos"},"schema":{"@context":"https:\/\/schema.org","@graph":[{"@type":"Article","@id":"https:\/\/arjenoticias.com.mx\/opinion\/baches-que-rompen-mas-que-el-asfalto\/#article","isPartOf":{"@id":"https:\/\/arjenoticias.com.mx\/opinion\/baches-que-rompen-mas-que-el-asfalto\/"},"author":{"name":"Ra\u00fal Monter Ortega","@id":"https:\/\/arjenoticias.com.mx\/#\/schema\/person\/ea4e505f8f8f30d5745f4a0712a580d8"},"headline":"BACHES QUE ROMPEN M\u00c1S QUE EL ASFALTO","datePublished":"2025-09-22T16:40:49+00:00","dateModified":"2025-09-22T16:40:50+00:00","mainEntityOfPage":{"@id":"https:\/\/arjenoticias.com.mx\/opinion\/baches-que-rompen-mas-que-el-asfalto\/"},"wordCount":553,"publisher":{"@id":"https:\/\/arjenoticias.com.mx\/#organization"},"image":{"@id":"https:\/\/arjenoticias.com.mx\/opinion\/baches-que-rompen-mas-que-el-asfalto\/#primaryimage"},"thumbnailUrl":"https:\/\/arjenoticias.com.mx\/wp-content\/uploads\/2025\/09\/DesigualdadurbanaCdmx.webp","articleSection":["Opini\u00f3n"],"inLanguage":"es"},{"@type":"WebPage","@id":"https:\/\/arjenoticias.com.mx\/opinion\/baches-que-rompen-mas-que-el-asfalto\/","url":"https:\/\/arjenoticias.com.mx\/opinion\/baches-que-rompen-mas-que-el-asfalto\/","name":"BACHES QUE ROMPEN M\u00c1S QUE EL ASFALTO -","isPartOf":{"@id":"https:\/\/arjenoticias.com.mx\/#website"},"primaryImageOfPage":{"@id":"https:\/\/arjenoticias.com.mx\/opinion\/baches-que-rompen-mas-que-el-asfalto\/#primaryimage"},"image":{"@id":"https:\/\/arjenoticias.com.mx\/opinion\/baches-que-rompen-mas-que-el-asfalto\/#primaryimage"},"thumbnailUrl":"https:\/\/arjenoticias.com.mx\/wp-content\/uploads\/2025\/09\/DesigualdadurbanaCdmx.webp","datePublished":"2025-09-22T16:40:49+00:00","dateModified":"2025-09-22T16:40:50+00:00","description":"la gesti\u00f3n actual, marcada por la transformaci\u00f3n de cuarta, ha demostrado un enfoque cortoplacista, sin visi\u00f3n integral","breadcrumb":{"@id":"https:\/\/arjenoticias.com.mx\/opinion\/baches-que-rompen-mas-que-el-asfalto\/#breadcrumb"},"inLanguage":"es","potentialAction":[{"@type":"ReadAction","target":["https:\/\/arjenoticias.com.mx\/opinion\/baches-que-rompen-mas-que-el-asfalto\/"]}]},{"@type":"ImageObject","inLanguage":"es","@id":"https:\/\/arjenoticias.com.mx\/opinion\/baches-que-rompen-mas-que-el-asfalto\/#primaryimage","url":"https:\/\/arjenoticias.com.mx\/wp-content\/uploads\/2025\/09\/DesigualdadurbanaCdmx.webp","contentUrl":"https:\/\/arjenoticias.com.mx\/wp-content\/uploads\/2025\/09\/DesigualdadurbanaCdmx.webp","width":474,"height":257,"caption":"La percepci\u00f3n de abandono afecta la vida cotidiana en CDMX"},{"@type":"BreadcrumbList","@id":"https:\/\/arjenoticias.com.mx\/opinion\/baches-que-rompen-mas-que-el-asfalto\/#breadcrumb","itemListElement":[{"@type":"ListItem","position":1,"name":"Portada","item":"https:\/\/arjenoticias.com.mx\/"},{"@type":"ListItem","position":2,"name":"BACHES QUE ROMPEN M\u00c1S QUE EL ASFALTO"}]},{"@type":"WebSite","@id":"https:\/\/arjenoticias.com.mx\/#website","url":"https:\/\/arjenoticias.com.mx\/","name":"Arj\u00e9 M\u00e9xico","description":"","publisher":{"@id":"https:\/\/arjenoticias.com.mx\/#organization"},"potentialAction":[{"@type":"SearchAction","target":{"@type":"EntryPoint","urlTemplate":"https:\/\/arjenoticias.com.mx\/?s={search_term_string}"},"query-input":{"@type":"PropertyValueSpecification","valueRequired":true,"valueName":"search_term_string"}}],"inLanguage":"es"},{"@type":"Organization","@id":"https:\/\/arjenoticias.com.mx\/#organization","name":"Arj\u00e9 M\u00e9xico","url":"https:\/\/arjenoticias.com.mx\/","logo":{"@type":"ImageObject","inLanguage":"es","@id":"https:\/\/arjenoticias.com.mx\/#\/schema\/logo\/image\/","url":"https:\/\/arjenoticias.com\/wp-content\/uploads\/2026\/04\/cropped-cropped-logo-inverted-1-scaled-1.png","contentUrl":"https:\/\/arjenoticias.com\/wp-content\/uploads\/2026\/04\/cropped-cropped-logo-inverted-1-scaled-1.png","width":2556,"height":549,"caption":"Arj\u00e9 M\u00e9xico"},"image":{"@id":"https:\/\/arjenoticias.com.mx\/#\/schema\/logo\/image\/"},"sameAs":["https:\/\/www.facebook.com\/ArjeNoticiasMX","https:\/\/x.com\/ArjeNoticias"]},{"@type":"Person","@id":"https:\/\/arjenoticias.com.mx\/#\/schema\/person\/ea4e505f8f8f30d5745f4a0712a580d8","name":"Ra\u00fal Monter Ortega","image":{"@type":"ImageObject","inLanguage":"es","@id":"https:\/\/arjenoticias.com\/wp-content\/uploads\/2026\/04\/RAUL-MONTER-96x96.png","url":"https:\/\/arjenoticias.com\/wp-content\/uploads\/2026\/04\/RAUL-MONTER-96x96.png","contentUrl":"https:\/\/arjenoticias.com\/wp-content\/uploads\/2026\/04\/RAUL-MONTER-96x96.png","caption":"Ra\u00fal Monter Ortega"},"description":"Editorialista, observador y activista. Promotor de las libertades constitucionales de los mexicanos. Catedr\u00e1tico y vicerrector de ESPE.","url":"https:\/\/arjenoticias.com.mx\/author\/raul-monter-ortega\/"}]}},"featured_image_urls":{"full":["https:\/\/arjenoticias.com.mx\/wp-content\/uploads\/2025\/09\/DesigualdadurbanaCdmx.webp",474,257,false],"thumbnail":["https:\/\/arjenoticias.com.mx\/wp-content\/uploads\/2025\/09\/DesigualdadurbanaCdmx-150x150.webp",150,150,true],"medium":["https:\/\/arjenoticias.com.mx\/wp-content\/uploads\/2025\/09\/DesigualdadurbanaCdmx-300x163.webp",300,163,true],"medium_large":["https:\/\/arjenoticias.com.mx\/wp-content\/uploads\/2025\/09\/DesigualdadurbanaCdmx.webp",474,257,false],"large":["https:\/\/arjenoticias.com.mx\/wp-content\/uploads\/2025\/09\/DesigualdadurbanaCdmx.webp",474,257,false],"1536x1536":["https:\/\/arjenoticias.com.mx\/wp-content\/uploads\/2025\/09\/DesigualdadurbanaCdmx.webp",474,257,false],"2048x2048":["https:\/\/arjenoticias.com.mx\/wp-content\/uploads\/2025\/09\/DesigualdadurbanaCdmx.webp",474,257,false],"covernews-featured":["https:\/\/arjenoticias.com.mx\/wp-content\/uploads\/2025\/09\/DesigualdadurbanaCdmx.webp",474,257,false],"covernews-medium":["https:\/\/arjenoticias.com.mx\/wp-content\/uploads\/2025\/09\/DesigualdadurbanaCdmx.webp",474,257,false]},"author_info":{"info":["Ra\u00fal Monter Ortega"]},"category_info":"<a href=\"https:\/\/arjenoticias.com.mx\/category\/opinion\/\" rel=\"category tag\">Opini\u00f3n<\/a>","tag_info":"Opini\u00f3n","comment_count":"0","_links":{"self":[{"href":"https:\/\/arjenoticias.com.mx\/wp-json\/wp\/v2\/posts\/5106","targetHints":{"allow":["GET"]}}],"collection":[{"href":"https:\/\/arjenoticias.com.mx\/wp-json\/wp\/v2\/posts"}],"about":[{"href":"https:\/\/arjenoticias.com.mx\/wp-json\/wp\/v2\/types\/post"}],"author":[{"embeddable":true,"href":"https:\/\/arjenoticias.com.mx\/wp-json\/wp\/v2\/users\/8"}],"replies":[{"embeddable":true,"href":"https:\/\/arjenoticias.com.mx\/wp-json\/wp\/v2\/comments?post=5106"}],"version-history":[{"count":1,"href":"https:\/\/arjenoticias.com.mx\/wp-json\/wp\/v2\/posts\/5106\/revisions"}],"predecessor-version":[{"id":5108,"href":"https:\/\/arjenoticias.com.mx\/wp-json\/wp\/v2\/posts\/5106\/revisions\/5108"}],"wp:featuredmedia":[{"embeddable":true,"href":"https:\/\/arjenoticias.com.mx\/wp-json\/wp\/v2\/media\/5107"}],"wp:attachment":[{"href":"https:\/\/arjenoticias.com.mx\/wp-json\/wp\/v2\/media?parent=5106"}],"wp:term":[{"taxonomy":"category","embeddable":true,"href":"https:\/\/arjenoticias.com.mx\/wp-json\/wp\/v2\/categories?post=5106"},{"taxonomy":"post_tag","embeddable":true,"href":"https:\/\/arjenoticias.com.mx\/wp-json\/wp\/v2\/tags?post=5106"}],"curies":[{"name":"wp","href":"https:\/\/api.w.org\/{rel}","templated":true}]}}