{"id":5083,"date":"2025-09-21T13:26:42","date_gmt":"2025-09-21T19:26:42","guid":{"rendered":"https:\/\/arjenoticias.com\/?p=5083"},"modified":"2025-09-21T13:26:42","modified_gmt":"2025-09-21T19:26:42","slug":"septiembre-21-de-1846-dia-de-la-batalla-de-monterrey","status":"publish","type":"post","link":"https:\/\/arjenoticias.com.mx\/?p=5083","title":{"rendered":"Septiembre 21 de 1846: D\u00eda de la Batalla de Monterrey."},"content":{"rendered":"\n<p class=\"wp-block-paragraph\">En el marco de la Guerra de invasi\u00f3n norteamericana a M\u00e9xico, iniciada por el socarr\u00f3n presidente James Polk, quien la justific\u00f3 diciendo que en abril, una patrulla de exploraci\u00f3n con 63 hombres al mando de Seth Thornton fue emboscada por lanceros del general Anastacio Torrej\u00f3n. Su argumento -de Polk- era que el incidente sucedi\u00f3 en terrenos norteamericanos, siendo realmente mexicanos. Pero de all\u00ed se bas\u00f3, es decir, fue el pretexto para plantear al Congreso norteamericano que declarara la guerra a M\u00e9xico, con su discurso de \u201csangre estadounidense ha sido derramada en suelo estadounidense\u2026\u201d.<\/p>\n\n\n\n<p class=\"wp-block-paragraph\"> En realidad, Texas llegaba solamente hasta el r\u00edo Nueces, no hasta el R\u00edo Bravo, pero como Texas acababa de unir a EUA, los norteamericanos echaron a volar su ancestral plan expansionista contemplado en su famoso Destino Manifiesto, y el 13 de mayo, EUA declar\u00f3 la guerra a M\u00e9xico. Sin embargo, el general Zachary Taylor \u2013luego presidente de Estados Unidos- antes de esa declaratoria b\u00e9lica, ya hab\u00eda abierto fuego en contra de tropas mexicanas, al mando de Arista en Palo Alto y en la Resaca de la Palma o Resaca de Guerrero. As\u00ed que a M\u00e9xico no le qued\u00f3 otra alternativa que responder a esa declaratoria b\u00e9lica con otra similar el 23 de mayo.<br>En ese contexto, el 19 de septiembre llegaron tropas estadounidenses a las inmediaciones de Monterrey. Las primeras escaramuzas fueron el d\u00eda 20, y la Ciudad era resguardada por Pedro de Ampudia, militar de todas las confianzas de L\u00f3pez de Santa Anna. Las tropas mexicanas con 7 mil hombres, enfrentar\u00edan a las norteamericanas de 6 mil 647 hombres. En n\u00famero de efectivos no hab\u00eda diferencia, pero s\u00ed en el armamento y preparaci\u00f3n militar. Iniciaron las acciones un d\u00eda como hoy 21 de septiembre en dos frentes: al oriente de la Ciudad, Taylor, y al lado poniente el general William Worth. <\/p>\n\n\n\n<p class=\"wp-block-paragraph\">La ma\u00f1ana inici\u00f3 con el primer enfrentamiento de Worth contra la caballer\u00eda mexicana por el rumbo de San Jer\u00f3nimo. En la primera escaramuza del d\u00eda, 200 lanceros mexicanos al mando de Juan N. N\u00e1jera y Mariano Moret, se enfrentaron de poder a poder, echando en corrida a los norteamericanos, pero los mexicanos perdieron unos 30 soldados, entre ellos al propio coronel N\u00e1jera. Luego Worth termin\u00f3 dominando el poniente de la Ciudad quedando la defensa concentrada en el centro de la Ciudad, en Catedral. En el oriente, Taylor envi\u00f3 a 800 hombres pensando que ser\u00eda f\u00e1cil entrar a la Ciudad, pero la artiller\u00eda mexicana apostada en los fortines de La Tener\u00eda y Del Diablo causaron importantes bajas entre los norteamericanos. <\/p>\n\n\n\n<p class=\"wp-block-paragraph\">Hubieron de meterse por las calles angostas del centro oriente de Monterrey, siendo presa f\u00e1cil para los francotiradores nacionales que estaban alrededor de Tener\u00eda. El ataque norteamericano al Fort\u00edn de la Tener\u00eda fue costoso en vidas, pues los 350 hombres que la resguardaban a cargo de Jos\u00e9 Mar\u00eda Carrasco contuvieron por buen tiempo a los invasores. Todo iba bien para los nuestros en esas condiciones, pero Taylor envi\u00f3 refuerzos para salvar a los suyos que sobrevivieron al ataque mexicano.<br>Este d\u00eda 22 fue crucial, pues la estrategia militar, el armamento, y el profesionalismo de los soldados norteamericanos fueron determinantes para que durante ese d\u00eda los nacionales perdieran en varios frentes. En el Fort\u00edn de la Tener\u00eda ahora hay una plaza en honor de la Batalla de Monterrey. Regresando a lo sucedido, al ver que iba perdiendo la batalla, a pesar de que el n\u00famero de ca\u00eddos de un lado y otro era similar, casi 500 muertos por bando, el d\u00eda 23 de septiembre inesperadamente Ampudia capitul\u00f3 entregando la plaza a los norteamericanos, quienes se quedaron por un a\u00f1o y ocho meses gobernando a nuestro Estado, hasta que se llevaron por conducto del Tratado Guadalupe- Hidalgo, firmado en la capital mexicana, m\u00e1s de la mitad del territorio mexicano, comenz\u00f3 la evacuaci\u00f3n de sus tropas.<\/p>\n\n\n\n<p class=\"wp-block-paragraph\"> De ah\u00ed en adelante, ciertamente Monterrey ha tenido ciertos beneficios econ\u00f3micos por su cercan\u00eda a la frontera del Gran Imperio norteamericano, pero no pocas veces hemos recordado las palabras de Porfirio D\u00edaz: Pobre de M\u00e9xico, tan lejos de Dios y tan cerca de los\u00a0Estados\u00a0Unidos.<\/p>\n","protected":false},"excerpt":{"rendered":"<p>En el marco de la Guerra de invasi\u00f3n norteamericana a M\u00e9xico, iniciada por el socarr\u00f3n&#8230;<\/p>\n","protected":false},"author":103,"featured_media":5084,"comment_status":"closed","ping_status":"closed","sticky":false,"template":"","format":"standard","meta":{"footnotes":""},"categories":[12],"tags":[],"class_list":["post-5083","post","type-post","status-publish","format-standard","has-post-thumbnail","hentry","category-opinion"],"yoast_head":"<!-- This site is optimized with the Yoast SEO plugin v28.4 - https:\/\/yoast.com\/product\/yoast-seo-wordpress\/ -->\n<title>Septiembre 21 de 1846: D\u00eda de la Batalla de Monterrey. -<\/title>\n<meta name=\"description\" content=\"los norteamericanos se quedaron por un a\u00f1o y ocho meses gobernando a NL\" \/>\n<meta name=\"robots\" content=\"index, follow, max-snippet:-1, max-image-preview:large, max-video-preview:-1\" \/>\n<link rel=\"canonical\" href=\"https:\/\/arjenoticias.com.mx\/?p=5083\" \/>\n<meta property=\"og:locale\" content=\"es_MX\" \/>\n<meta property=\"og:type\" content=\"article\" \/>\n<meta property=\"og:title\" content=\"Septiembre 21 de 1846: D\u00eda de la Batalla de Monterrey. -\" \/>\n<meta property=\"og:description\" content=\"los norteamericanos se quedaron por un a\u00f1o y ocho meses gobernando a NL\" \/>\n<meta property=\"og:url\" content=\"https:\/\/arjenoticias.com.mx\/?p=5083\" \/>\n<meta property=\"article:published_time\" content=\"2025-09-21T19:26:42+00:00\" \/>\n<meta name=\"author\" content=\"Leopoldo Espinosa Benavides\" \/>\n<meta name=\"twitter:card\" content=\"summary_large_image\" \/>\n<meta name=\"twitter:label1\" content=\"Escrito por\" \/>\n\t<meta name=\"twitter:data1\" content=\"Leopoldo Espinosa Benavides\" \/>\n\t<meta name=\"twitter:label2\" content=\"Tiempo de lectura\" \/>\n\t<meta name=\"twitter:data2\" content=\"4 minutos\" \/>\n<script type=\"application\/ld+json\" class=\"yoast-schema-graph\">{\"@context\":\"https:\\\/\\\/schema.org\",\"@graph\":[{\"@type\":\"Article\",\"@id\":\"https:\\\/\\\/arjenoticias.com.mx\\\/?p=5083#article\",\"isPartOf\":{\"@id\":\"https:\\\/\\\/arjenoticias.com.mx\\\/?p=5083\"},\"author\":{\"name\":\"Leopoldo Espinosa Benavides\",\"@id\":\"https:\\\/\\\/arjenoticias.com.mx\\\/#\\\/schema\\\/person\\\/b22477254c5fe44bbc7e9bbb51432771\"},\"headline\":\"Septiembre 21 de 1846: D\u00eda de la Batalla de Monterrey.\",\"datePublished\":\"2025-09-21T19:26:42+00:00\",\"mainEntityOfPage\":{\"@id\":\"https:\\\/\\\/arjenoticias.com.mx\\\/?p=5083\"},\"wordCount\":725,\"publisher\":{\"@id\":\"https:\\\/\\\/arjenoticias.com.mx\\\/#organization\"},\"image\":{\"@id\":\"https:\\\/\\\/arjenoticias.com.mx\\\/?p=5083#primaryimage\"},\"thumbnailUrl\":\"\",\"articleSection\":[\"Opini\u00f3n\"],\"inLanguage\":\"es\"},{\"@type\":\"WebPage\",\"@id\":\"https:\\\/\\\/arjenoticias.com.mx\\\/?p=5083\",\"url\":\"https:\\\/\\\/arjenoticias.com.mx\\\/?p=5083\",\"name\":\"Septiembre 21 de 1846: D\u00eda de la Batalla de Monterrey. -\",\"isPartOf\":{\"@id\":\"https:\\\/\\\/arjenoticias.com.mx\\\/#website\"},\"primaryImageOfPage\":{\"@id\":\"https:\\\/\\\/arjenoticias.com.mx\\\/?p=5083#primaryimage\"},\"image\":{\"@id\":\"https:\\\/\\\/arjenoticias.com.mx\\\/?p=5083#primaryimage\"},\"thumbnailUrl\":\"\",\"datePublished\":\"2025-09-21T19:26:42+00:00\",\"description\":\"los norteamericanos se quedaron por un a\u00f1o y ocho meses gobernando a NL\",\"breadcrumb\":{\"@id\":\"https:\\\/\\\/arjenoticias.com.mx\\\/?p=5083#breadcrumb\"},\"inLanguage\":\"es\",\"potentialAction\":[{\"@type\":\"ReadAction\",\"target\":[\"https:\\\/\\\/arjenoticias.com.mx\\\/?p=5083\"]}]},{\"@type\":\"ImageObject\",\"inLanguage\":\"es\",\"@id\":\"https:\\\/\\\/arjenoticias.com.mx\\\/?p=5083#primaryimage\",\"url\":\"\",\"contentUrl\":\"\"},{\"@type\":\"BreadcrumbList\",\"@id\":\"https:\\\/\\\/arjenoticias.com.mx\\\/?p=5083#breadcrumb\",\"itemListElement\":[{\"@type\":\"ListItem\",\"position\":1,\"name\":\"Inicio\",\"item\":\"https:\\\/\\\/arjenoticias.com.mx\\\/\"},{\"@type\":\"ListItem\",\"position\":2,\"name\":\"Septiembre 21 de 1846: D\u00eda de la Batalla de Monterrey.\"}]},{\"@type\":\"WebSite\",\"@id\":\"https:\\\/\\\/arjenoticias.com.mx\\\/#website\",\"url\":\"https:\\\/\\\/arjenoticias.com.mx\\\/\",\"name\":\"arjenoticias.com.mx\",\"description\":\"\",\"publisher\":{\"@id\":\"https:\\\/\\\/arjenoticias.com.mx\\\/#organization\"},\"potentialAction\":[{\"@type\":\"SearchAction\",\"target\":{\"@type\":\"EntryPoint\",\"urlTemplate\":\"https:\\\/\\\/arjenoticias.com.mx\\\/?s={search_term_string}\"},\"query-input\":{\"@type\":\"PropertyValueSpecification\",\"valueRequired\":true,\"valueName\":\"search_term_string\"}}],\"inLanguage\":\"es\"},{\"@type\":\"Organization\",\"@id\":\"https:\\\/\\\/arjenoticias.com.mx\\\/#organization\",\"name\":\"Arj\u00e9 de M\u00e9xico Noticias\",\"url\":\"https:\\\/\\\/arjenoticias.com.mx\\\/\",\"logo\":{\"@type\":\"ImageObject\",\"inLanguage\":\"es\",\"@id\":\"https:\\\/\\\/arjenoticias.com.mx\\\/#\\\/schema\\\/logo\\\/image\\\/\",\"url\":\"https:\\\/\\\/arjenoticias.com.mx\\\/wp-content\\\/uploads\\\/2025\\\/07\\\/cropped-logo-scaled-1.png\",\"contentUrl\":\"https:\\\/\\\/arjenoticias.com.mx\\\/wp-content\\\/uploads\\\/2025\\\/07\\\/cropped-logo-scaled-1.png\",\"width\":2558,\"height\":558,\"caption\":\"Arj\u00e9 de M\u00e9xico Noticias\"},\"image\":{\"@id\":\"https:\\\/\\\/arjenoticias.com.mx\\\/#\\\/schema\\\/logo\\\/image\\\/\"}},{\"@type\":\"Person\",\"@id\":\"https:\\\/\\\/arjenoticias.com.mx\\\/#\\\/schema\\\/person\\\/b22477254c5fe44bbc7e9bbb51432771\",\"name\":\"Leopoldo Espinosa Benavides\",\"image\":{\"@type\":\"ImageObject\",\"inLanguage\":\"es\",\"@id\":\"https:\\\/\\\/secure.gravatar.com\\\/avatar\\\/138dd021239984aa31c4869255ae4b03e73edb0ecdca02ffde899a5db5e6bdb6?s=96&d=mm&r=g\",\"url\":\"https:\\\/\\\/secure.gravatar.com\\\/avatar\\\/138dd021239984aa31c4869255ae4b03e73edb0ecdca02ffde899a5db5e6bdb6?s=96&d=mm&r=g\",\"contentUrl\":\"https:\\\/\\\/secure.gravatar.com\\\/avatar\\\/138dd021239984aa31c4869255ae4b03e73edb0ecdca02ffde899a5db5e6bdb6?s=96&d=mm&r=g\",\"caption\":\"Leopoldo Espinosa Benavides\"},\"url\":\"https:\\\/\\\/arjenoticias.com.mx\\\/?author=103\"}]}<\/script>\n<!-- \/ Yoast SEO plugin. -->","yoast_head_json":{"title":"Septiembre 21 de 1846: D\u00eda de la Batalla de Monterrey. -","description":"los norteamericanos se quedaron por un a\u00f1o y ocho meses gobernando a NL","robots":{"index":"index","follow":"follow","max-snippet":"max-snippet:-1","max-image-preview":"max-image-preview:large","max-video-preview":"max-video-preview:-1"},"canonical":"https:\/\/arjenoticias.com.mx\/?p=5083","og_locale":"es_MX","og_type":"article","og_title":"Septiembre 21 de 1846: D\u00eda de la Batalla de Monterrey. -","og_description":"los norteamericanos se quedaron por un a\u00f1o y ocho meses gobernando a NL","og_url":"https:\/\/arjenoticias.com.mx\/?p=5083","article_published_time":"2025-09-21T19:26:42+00:00","author":"Leopoldo Espinosa Benavides","twitter_card":"summary_large_image","twitter_misc":{"Escrito por":"Leopoldo Espinosa Benavides","Tiempo de lectura":"4 minutos"},"schema":{"@context":"https:\/\/schema.org","@graph":[{"@type":"Article","@id":"https:\/\/arjenoticias.com.mx\/?p=5083#article","isPartOf":{"@id":"https:\/\/arjenoticias.com.mx\/?p=5083"},"author":{"name":"Leopoldo Espinosa Benavides","@id":"https:\/\/arjenoticias.com.mx\/#\/schema\/person\/b22477254c5fe44bbc7e9bbb51432771"},"headline":"Septiembre 21 de 1846: D\u00eda de la Batalla de Monterrey.","datePublished":"2025-09-21T19:26:42+00:00","mainEntityOfPage":{"@id":"https:\/\/arjenoticias.com.mx\/?p=5083"},"wordCount":725,"publisher":{"@id":"https:\/\/arjenoticias.com.mx\/#organization"},"image":{"@id":"https:\/\/arjenoticias.com.mx\/?p=5083#primaryimage"},"thumbnailUrl":"","articleSection":["Opini\u00f3n"],"inLanguage":"es"},{"@type":"WebPage","@id":"https:\/\/arjenoticias.com.mx\/?p=5083","url":"https:\/\/arjenoticias.com.mx\/?p=5083","name":"Septiembre 21 de 1846: D\u00eda de la Batalla de Monterrey. -","isPartOf":{"@id":"https:\/\/arjenoticias.com.mx\/#website"},"primaryImageOfPage":{"@id":"https:\/\/arjenoticias.com.mx\/?p=5083#primaryimage"},"image":{"@id":"https:\/\/arjenoticias.com.mx\/?p=5083#primaryimage"},"thumbnailUrl":"","datePublished":"2025-09-21T19:26:42+00:00","description":"los norteamericanos se quedaron por un a\u00f1o y ocho meses gobernando a NL","breadcrumb":{"@id":"https:\/\/arjenoticias.com.mx\/?p=5083#breadcrumb"},"inLanguage":"es","potentialAction":[{"@type":"ReadAction","target":["https:\/\/arjenoticias.com.mx\/?p=5083"]}]},{"@type":"ImageObject","inLanguage":"es","@id":"https:\/\/arjenoticias.com.mx\/?p=5083#primaryimage","url":"","contentUrl":""},{"@type":"BreadcrumbList","@id":"https:\/\/arjenoticias.com.mx\/?p=5083#breadcrumb","itemListElement":[{"@type":"ListItem","position":1,"name":"Inicio","item":"https:\/\/arjenoticias.com.mx\/"},{"@type":"ListItem","position":2,"name":"Septiembre 21 de 1846: D\u00eda de la Batalla de Monterrey."}]},{"@type":"WebSite","@id":"https:\/\/arjenoticias.com.mx\/#website","url":"https:\/\/arjenoticias.com.mx\/","name":"arjenoticias.com.mx","description":"","publisher":{"@id":"https:\/\/arjenoticias.com.mx\/#organization"},"potentialAction":[{"@type":"SearchAction","target":{"@type":"EntryPoint","urlTemplate":"https:\/\/arjenoticias.com.mx\/?s={search_term_string}"},"query-input":{"@type":"PropertyValueSpecification","valueRequired":true,"valueName":"search_term_string"}}],"inLanguage":"es"},{"@type":"Organization","@id":"https:\/\/arjenoticias.com.mx\/#organization","name":"Arj\u00e9 de M\u00e9xico Noticias","url":"https:\/\/arjenoticias.com.mx\/","logo":{"@type":"ImageObject","inLanguage":"es","@id":"https:\/\/arjenoticias.com.mx\/#\/schema\/logo\/image\/","url":"https:\/\/arjenoticias.com.mx\/wp-content\/uploads\/2025\/07\/cropped-logo-scaled-1.png","contentUrl":"https:\/\/arjenoticias.com.mx\/wp-content\/uploads\/2025\/07\/cropped-logo-scaled-1.png","width":2558,"height":558,"caption":"Arj\u00e9 de M\u00e9xico Noticias"},"image":{"@id":"https:\/\/arjenoticias.com.mx\/#\/schema\/logo\/image\/"}},{"@type":"Person","@id":"https:\/\/arjenoticias.com.mx\/#\/schema\/person\/b22477254c5fe44bbc7e9bbb51432771","name":"Leopoldo Espinosa Benavides","image":{"@type":"ImageObject","inLanguage":"es","@id":"https:\/\/secure.gravatar.com\/avatar\/138dd021239984aa31c4869255ae4b03e73edb0ecdca02ffde899a5db5e6bdb6?s=96&d=mm&r=g","url":"https:\/\/secure.gravatar.com\/avatar\/138dd021239984aa31c4869255ae4b03e73edb0ecdca02ffde899a5db5e6bdb6?s=96&d=mm&r=g","contentUrl":"https:\/\/secure.gravatar.com\/avatar\/138dd021239984aa31c4869255ae4b03e73edb0ecdca02ffde899a5db5e6bdb6?s=96&d=mm&r=g","caption":"Leopoldo Espinosa Benavides"},"url":"https:\/\/arjenoticias.com.mx\/?author=103"}]}},"_links":{"self":[{"href":"https:\/\/arjenoticias.com.mx\/index.php?rest_route=\/wp\/v2\/posts\/5083","targetHints":{"allow":["GET"]}}],"collection":[{"href":"https:\/\/arjenoticias.com.mx\/index.php?rest_route=\/wp\/v2\/posts"}],"about":[{"href":"https:\/\/arjenoticias.com.mx\/index.php?rest_route=\/wp\/v2\/types\/post"}],"author":[{"embeddable":true,"href":"https:\/\/arjenoticias.com.mx\/index.php?rest_route=\/wp\/v2\/users\/103"}],"replies":[{"embeddable":true,"href":"https:\/\/arjenoticias.com.mx\/index.php?rest_route=%2Fwp%2Fv2%2Fcomments&post=5083"}],"version-history":[{"count":0,"href":"https:\/\/arjenoticias.com.mx\/index.php?rest_route=\/wp\/v2\/posts\/5083\/revisions"}],"wp:attachment":[{"href":"https:\/\/arjenoticias.com.mx\/index.php?rest_route=%2Fwp%2Fv2%2Fmedia&parent=5083"}],"wp:term":[{"taxonomy":"category","embeddable":true,"href":"https:\/\/arjenoticias.com.mx\/index.php?rest_route=%2Fwp%2Fv2%2Fcategories&post=5083"},{"taxonomy":"post_tag","embeddable":true,"href":"https:\/\/arjenoticias.com.mx\/index.php?rest_route=%2Fwp%2Fv2%2Ftags&post=5083"}],"curies":[{"name":"wp","href":"https:\/\/api.w.org\/{rel}","templated":true}]}}